{"id":2794,"date":"2026-04-28T13:44:56","date_gmt":"2026-04-28T16:44:56","guid":{"rendered":"https:\/\/aehg-laplata.org.ar\/nueva\/?p=2794"},"modified":"2026-04-28T13:44:56","modified_gmt":"2026-04-28T16:44:56","slug":"la-aehg-la-plata-llevo-adelante-una-capacitacion-para-chascomus-y-saladillo","status":"publish","type":"post","link":"https:\/\/aehg-laplata.org.ar\/nueva\/la-aehg-la-plata-llevo-adelante-una-capacitacion-para-chascomus-y-saladillo\/","title":{"rendered":"La AEHG La Plata llev\u00f3 adelante una capacitaci\u00f3n para Chascom\u00fas y Saladillo"},"content":{"rendered":"<p>[vc_row][vc_column][vc_column_text]<\/p>\n<h3>La AEHG La Plata llev\u00f3 adelante una capacitaci\u00f3n para Chascom\u00fas y Saladillo<\/h3>\n<p>[\/vc_column_text][\/vc_column][\/vc_row][vc_row][vc_column css=&#8221;.vc_custom_1457772902902{margin-top: -10px !important;}&#8221;][vc_column_text]<em>M\u00e1s de 35 asistentes se capacitaron en herramientas digitales para potenciar la gesti\u00f3n y la comercializaci\u00f3n de sus establecimientos.<\/em>[\/vc_column_text][\/vc_column][\/vc_row][vc_row equal_height=&#8221;yes&#8221;][vc_column width=&#8221;1\/2&#8243;][vc_single_image image=&#8221;2795&#8243; img_size=&#8221;full&#8221; onclick=&#8221;link_image&#8221;][\/vc_column][vc_column width=&#8221;1\/2&#8243;][vc_single_image image=&#8221;2796&#8243; img_size=&#8221;full&#8221; onclick=&#8221;link_image&#8221;][\/vc_column][\/vc_row][vc_row][vc_column css=&#8221;.vc_custom_1457772902902{margin-top: -10px !important;}&#8221;][vc_column_text]La Asociaci\u00f3n Empresaria Hotelera, Gastron\u00f3mica y Pastelera de La Plata llev\u00f3 adelante la capacitaci\u00f3n virtual \u201cRedes, Marketing y WhatsApp Business\u201d, desarrollada a trav\u00e9s de la plataforma Meet, en conjunto con FEHGRA y los municipios de Chascom\u00fas y Saladillo.<\/p>\n<p>La actividad cont\u00f3 con la participaci\u00f3n de <strong>36 asistentes<\/strong> y estuvo a cargo del capacitador <strong>Gast\u00f3n \u00c1balos<\/strong>, quien brind\u00f3 herramientas pr\u00e1cticas orientadas a la gesti\u00f3n de redes sociales, estrategias de marketing digital, generaci\u00f3n de contenido, posicionamiento online, comunicaci\u00f3n efectiva con clientes y uso profesional de WhatsApp Business como canal de ventas y fidelizaci\u00f3n.<\/p>\n<p>El acto de apertura fue encabezado por el presidente de la Entidad, <strong>Claudio N. Aguilar<\/strong>, quien destac\u00f3 la importancia de la capacitaci\u00f3n como eje central para el fortalecimiento del sector, valor\u00f3 el compromiso de los participantes y puso a disposici\u00f3n los recursos institucionales para acompa\u00f1ar el desarrollo de los establecimientos.<\/p>\n<p>Asimismo, el intendente de Chascom\u00fas, <strong>Javier Gast\u00f3n<\/strong>, subray\u00f3 el rol de la articulaci\u00f3n p\u00fablico-privada como herramienta clave para el crecimiento de la actividad, mientras que la directora de Turismo de Saladillo, <strong>Leticia Col\u00e1s<\/strong>, acompa\u00f1\u00f3 la iniciativa en representaci\u00f3n de su municipio, reafirmando la importancia del trabajo conjunto en el territorio.<\/p>\n<p>Tambi\u00e9n particip\u00f3 la miembro de Comisi\u00f3n Directiva de la Entidad y representante regional, <strong>Mar\u00eda Celia Bareiro<\/strong>, quien acompa\u00f1\u00f3 el desarrollo de la jornada en el marco de las acciones que la instituci\u00f3n impulsa a nivel regional.<\/p>\n<p>En este sentido, la AEHG La Plata contin\u00faa consolidando una agenda de trabajo articulada con FEHGRA y los municipios de su zona de influencia, promoviendo la capacitaci\u00f3n para mejorar la competitividad del sector, fortalecer la gesti\u00f3n empresarial y acompa\u00f1ar el crecimiento del sector hotelero y gastron\u00f3mico.[\/vc_column_text][\/vc_column][\/vc_row]<\/p>\n","protected":false},"excerpt":{"rendered":"<p>[vc_row][vc_column][vc_column_text] La AEHG La Plata llev\u00f3 adelante una capacitaci\u00f3n para Chascom\u00fas y Saladillo [\/vc_column_text][\/vc_column][\/vc_row][vc_row][vc_column css=&#8221;.vc_custom_1457772902902{margin-top: -10px !important;}&#8221;][vc_column_text]M\u00e1s de 35 asistentes&#8230;<\/p>\n","protected":false},"author":1,"featured_media":2795,"comment_status":"closed","ping_status":"closed","sticky":false,"template":"","format":"standard","meta":[],"categories":[4],"tags":[],"yoast_head":"<!-- This site is optimized with the Yoast SEO plugin v17.2.1 - https:\/\/yoast.com\/wordpress\/plugins\/seo\/ -->\n<title>La AEHG La Plata llev\u00f3 adelante una capacitaci\u00f3n para Chascom\u00fas y Saladillo - AEHG La Plata<\/title>\n<meta name=\"robots\" content=\"index, follow, max-snippet:-1, max-image-preview:large, max-video-preview:-1\" \/>\n<link rel=\"canonical\" href=\"https:\/\/aehg-laplata.org.ar\/nueva\/la-aehg-la-plata-llevo-adelante-una-capacitacion-para-chascomus-y-saladillo\/\" \/>\n<meta property=\"og:locale\" content=\"es_ES\" \/>\n<meta property=\"og:type\" content=\"article\" \/>\n<meta property=\"og:title\" content=\"La AEHG La Plata llev\u00f3 adelante una capacitaci\u00f3n para Chascom\u00fas y Saladillo - AEHG La Plata\" \/>\n<meta property=\"og:description\" content=\"[vc_row][vc_column][vc_column_text] La AEHG La Plata llev\u00f3 adelante una capacitaci\u00f3n para Chascom\u00fas y Saladillo [\/vc_column_text][\/vc_column][\/vc_row][vc_row][vc_column css=&#8221;.vc_custom_1457772902902{margin-top: -10px !important;}&#8221;][vc_column_text]M\u00e1s de 35 asistentes...\" \/>\n<meta property=\"og:url\" content=\"https:\/\/aehg-laplata.org.ar\/nueva\/la-aehg-la-plata-llevo-adelante-una-capacitacion-para-chascomus-y-saladillo\/\" \/>\n<meta property=\"og:site_name\" content=\"AEHG La Plata\" \/>\n<meta property=\"article:publisher\" content=\"https:\/\/www.facebook.com\/AehgLaPlataOK\/\" \/>\n<meta property=\"article:published_time\" content=\"2026-04-28T16:44:56+00:00\" \/>\n<meta property=\"og:image\" content=\"https:\/\/aehg-laplata.org.ar\/nueva\/wp-content\/uploads\/La-AEHG-La-Plata-llevo-adelante-una-capacitacion-para-Chascomus-y-Saladillo-1.jpg\" \/>\n\t<meta property=\"og:image:width\" content=\"1250\" \/>\n\t<meta property=\"og:image:height\" content=\"800\" \/>\n<meta name=\"twitter:card\" content=\"summary_large_image\" \/>\n<meta name=\"twitter:label1\" content=\"Escrito por\" \/>\n\t<meta name=\"twitter:data1\" content=\"ftosti\" \/>\n\t<meta name=\"twitter:label2\" content=\"Tiempo de lectura\" \/>\n\t<meta name=\"twitter:data2\" content=\"2 minutos\" \/>\n<script type=\"application\/ld+json\" class=\"yoast-schema-graph\">{\"@context\":\"https:\/\/schema.org\",\"@graph\":[{\"@type\":\"WebSite\",\"@id\":\"https:\/\/aehg-laplata.org.ar\/nueva\/#website\",\"url\":\"https:\/\/aehg-laplata.org.ar\/nueva\/\",\"name\":\"AEHG La Plata\",\"description\":\"\",\"potentialAction\":[{\"@type\":\"SearchAction\",\"target\":{\"@type\":\"EntryPoint\",\"urlTemplate\":\"https:\/\/aehg-laplata.org.ar\/nueva\/?s={search_term_string}\"},\"query-input\":\"required name=search_term_string\"}],\"inLanguage\":\"es-AR\"},{\"@type\":\"ImageObject\",\"@id\":\"https:\/\/aehg-laplata.org.ar\/nueva\/la-aehg-la-plata-llevo-adelante-una-capacitacion-para-chascomus-y-saladillo\/#primaryimage\",\"inLanguage\":\"es-AR\",\"url\":\"https:\/\/aehg-laplata.org.ar\/nueva\/wp-content\/uploads\/La-AEHG-La-Plata-llevo-adelante-una-capacitacion-para-Chascomus-y-Saladillo-1.jpg\",\"contentUrl\":\"https:\/\/aehg-laplata.org.ar\/nueva\/wp-content\/uploads\/La-AEHG-La-Plata-llevo-adelante-una-capacitacion-para-Chascomus-y-Saladillo-1.jpg\",\"width\":1250,\"height\":800},{\"@type\":\"WebPage\",\"@id\":\"https:\/\/aehg-laplata.org.ar\/nueva\/la-aehg-la-plata-llevo-adelante-una-capacitacion-para-chascomus-y-saladillo\/#webpage\",\"url\":\"https:\/\/aehg-laplata.org.ar\/nueva\/la-aehg-la-plata-llevo-adelante-una-capacitacion-para-chascomus-y-saladillo\/\",\"name\":\"La AEHG La Plata llev\\u00f3 adelante una capacitaci\\u00f3n para Chascom\\u00fas y Saladillo - AEHG La Plata\",\"isPartOf\":{\"@id\":\"https:\/\/aehg-laplata.org.ar\/nueva\/#website\"},\"primaryImageOfPage\":{\"@id\":\"https:\/\/aehg-laplata.org.ar\/nueva\/la-aehg-la-plata-llevo-adelante-una-capacitacion-para-chascomus-y-saladillo\/#primaryimage\"},\"datePublished\":\"2026-04-28T16:44:56+00:00\",\"dateModified\":\"2026-04-28T16:44:56+00:00\",\"author\":{\"@id\":\"https:\/\/aehg-laplata.org.ar\/nueva\/#\/schema\/person\/7f7b2f53bda3353446a1e6bfb4837e14\"},\"breadcrumb\":{\"@id\":\"https:\/\/aehg-laplata.org.ar\/nueva\/la-aehg-la-plata-llevo-adelante-una-capacitacion-para-chascomus-y-saladillo\/#breadcrumb\"},\"inLanguage\":\"es-AR\",\"potentialAction\":[{\"@type\":\"ReadAction\",\"target\":[\"https:\/\/aehg-laplata.org.ar\/nueva\/la-aehg-la-plata-llevo-adelante-una-capacitacion-para-chascomus-y-saladillo\/\"]}]},{\"@type\":\"BreadcrumbList\",\"@id\":\"https:\/\/aehg-laplata.org.ar\/nueva\/la-aehg-la-plata-llevo-adelante-una-capacitacion-para-chascomus-y-saladillo\/#breadcrumb\",\"itemListElement\":[{\"@type\":\"ListItem\",\"position\":1,\"name\":\"Inicio\",\"item\":\"https:\/\/aehg-laplata.org.ar\/nueva\/\"},{\"@type\":\"ListItem\",\"position\":2,\"name\":\"La AEHG La Plata llev\\u00f3 adelante una capacitaci\\u00f3n para Chascom\\u00fas y Saladillo\"}]},{\"@type\":\"Person\",\"@id\":\"https:\/\/aehg-laplata.org.ar\/nueva\/#\/schema\/person\/7f7b2f53bda3353446a1e6bfb4837e14\",\"name\":\"ftosti\",\"image\":{\"@type\":\"ImageObject\",\"@id\":\"https:\/\/aehg-laplata.org.ar\/nueva\/#personlogo\",\"inLanguage\":\"es-AR\",\"url\":\"https:\/\/secure.gravatar.com\/avatar\/602f4beec51ba7ffdca86e4faf5d039c?s=96&d=mm&r=g\",\"contentUrl\":\"https:\/\/secure.gravatar.com\/avatar\/602f4beec51ba7ffdca86e4faf5d039c?s=96&d=mm&r=g\",\"caption\":\"ftosti\"},\"url\":\"https:\/\/aehg-laplata.org.ar\/nueva\/author\/ftosti\/\"}]}<\/script>\n<!-- \/ Yoast SEO plugin. -->","yoast_head_json":{"title":"La AEHG La Plata llev\u00f3 adelante una capacitaci\u00f3n para Chascom\u00fas y Saladillo - AEHG La Plata","robots":{"index":"index","follow":"follow","max-snippet":"max-snippet:-1","max-image-preview":"max-image-preview:large","max-video-preview":"max-video-preview:-1"},"canonical":"https:\/\/aehg-laplata.org.ar\/nueva\/la-aehg-la-plata-llevo-adelante-una-capacitacion-para-chascomus-y-saladillo\/","og_locale":"es_ES","og_type":"article","og_title":"La AEHG La Plata llev\u00f3 adelante una capacitaci\u00f3n para Chascom\u00fas y Saladillo - AEHG La Plata","og_description":"[vc_row][vc_column][vc_column_text] La AEHG La Plata llev\u00f3 adelante una capacitaci\u00f3n para Chascom\u00fas y Saladillo [\/vc_column_text][\/vc_column][\/vc_row][vc_row][vc_column css=&#8221;.vc_custom_1457772902902{margin-top: -10px !important;}&#8221;][vc_column_text]M\u00e1s de 35 asistentes...","og_url":"https:\/\/aehg-laplata.org.ar\/nueva\/la-aehg-la-plata-llevo-adelante-una-capacitacion-para-chascomus-y-saladillo\/","og_site_name":"AEHG La Plata","article_publisher":"https:\/\/www.facebook.com\/AehgLaPlataOK\/","article_published_time":"2026-04-28T16:44:56+00:00","og_image":[{"width":1250,"height":800,"url":"https:\/\/aehg-laplata.org.ar\/nueva\/wp-content\/uploads\/La-AEHG-La-Plata-llevo-adelante-una-capacitacion-para-Chascomus-y-Saladillo-1.jpg","path":"\/home\/c1070183\/public_html\/nueva\/wp-content\/uploads\/La-AEHG-La-Plata-llevo-adelante-una-capacitacion-para-Chascomus-y-Saladillo-1.jpg","size":"full","id":2795,"alt":"","pixels":1000000,"type":"image\/jpeg"}],"twitter_card":"summary_large_image","twitter_misc":{"Escrito por":"ftosti","Tiempo de lectura":"2 minutos"},"schema":{"@context":"https:\/\/schema.org","@graph":[{"@type":"WebSite","@id":"https:\/\/aehg-laplata.org.ar\/nueva\/#website","url":"https:\/\/aehg-laplata.org.ar\/nueva\/","name":"AEHG La Plata","description":"","potentialAction":[{"@type":"SearchAction","target":{"@type":"EntryPoint","urlTemplate":"https:\/\/aehg-laplata.org.ar\/nueva\/?s={search_term_string}"},"query-input":"required name=search_term_string"}],"inLanguage":"es-AR"},{"@type":"ImageObject","@id":"https:\/\/aehg-laplata.org.ar\/nueva\/la-aehg-la-plata-llevo-adelante-una-capacitacion-para-chascomus-y-saladillo\/#primaryimage","inLanguage":"es-AR","url":"https:\/\/aehg-laplata.org.ar\/nueva\/wp-content\/uploads\/La-AEHG-La-Plata-llevo-adelante-una-capacitacion-para-Chascomus-y-Saladillo-1.jpg","contentUrl":"https:\/\/aehg-laplata.org.ar\/nueva\/wp-content\/uploads\/La-AEHG-La-Plata-llevo-adelante-una-capacitacion-para-Chascomus-y-Saladillo-1.jpg","width":1250,"height":800},{"@type":"WebPage","@id":"https:\/\/aehg-laplata.org.ar\/nueva\/la-aehg-la-plata-llevo-adelante-una-capacitacion-para-chascomus-y-saladillo\/#webpage","url":"https:\/\/aehg-laplata.org.ar\/nueva\/la-aehg-la-plata-llevo-adelante-una-capacitacion-para-chascomus-y-saladillo\/","name":"La AEHG La Plata llev\u00f3 adelante una capacitaci\u00f3n para Chascom\u00fas y Saladillo - AEHG La Plata","isPartOf":{"@id":"https:\/\/aehg-laplata.org.ar\/nueva\/#website"},"primaryImageOfPage":{"@id":"https:\/\/aehg-laplata.org.ar\/nueva\/la-aehg-la-plata-llevo-adelante-una-capacitacion-para-chascomus-y-saladillo\/#primaryimage"},"datePublished":"2026-04-28T16:44:56+00:00","dateModified":"2026-04-28T16:44:56+00:00","author":{"@id":"https:\/\/aehg-laplata.org.ar\/nueva\/#\/schema\/person\/7f7b2f53bda3353446a1e6bfb4837e14"},"breadcrumb":{"@id":"https:\/\/aehg-laplata.org.ar\/nueva\/la-aehg-la-plata-llevo-adelante-una-capacitacion-para-chascomus-y-saladillo\/#breadcrumb"},"inLanguage":"es-AR","potentialAction":[{"@type":"ReadAction","target":["https:\/\/aehg-laplata.org.ar\/nueva\/la-aehg-la-plata-llevo-adelante-una-capacitacion-para-chascomus-y-saladillo\/"]}]},{"@type":"BreadcrumbList","@id":"https:\/\/aehg-laplata.org.ar\/nueva\/la-aehg-la-plata-llevo-adelante-una-capacitacion-para-chascomus-y-saladillo\/#breadcrumb","itemListElement":[{"@type":"ListItem","position":1,"name":"Inicio","item":"https:\/\/aehg-laplata.org.ar\/nueva\/"},{"@type":"ListItem","position":2,"name":"La AEHG La Plata llev\u00f3 adelante una capacitaci\u00f3n para Chascom\u00fas y Saladillo"}]},{"@type":"Person","@id":"https:\/\/aehg-laplata.org.ar\/nueva\/#\/schema\/person\/7f7b2f53bda3353446a1e6bfb4837e14","name":"ftosti","image":{"@type":"ImageObject","@id":"https:\/\/aehg-laplata.org.ar\/nueva\/#personlogo","inLanguage":"es-AR","url":"https:\/\/secure.gravatar.com\/avatar\/602f4beec51ba7ffdca86e4faf5d039c?s=96&d=mm&r=g","contentUrl":"https:\/\/secure.gravatar.com\/avatar\/602f4beec51ba7ffdca86e4faf5d039c?s=96&d=mm&r=g","caption":"ftosti"},"url":"https:\/\/aehg-laplata.org.ar\/nueva\/author\/ftosti\/"}]}},"_links":{"self":[{"href":"https:\/\/aehg-laplata.org.ar\/nueva\/wp-json\/wp\/v2\/posts\/2794"}],"collection":[{"href":"https:\/\/aehg-laplata.org.ar\/nueva\/wp-json\/wp\/v2\/posts"}],"about":[{"href":"https:\/\/aehg-laplata.org.ar\/nueva\/wp-json\/wp\/v2\/types\/post"}],"author":[{"embeddable":true,"href":"https:\/\/aehg-laplata.org.ar\/nueva\/wp-json\/wp\/v2\/users\/1"}],"replies":[{"embeddable":true,"href":"https:\/\/aehg-laplata.org.ar\/nueva\/wp-json\/wp\/v2\/comments?post=2794"}],"version-history":[{"count":1,"href":"https:\/\/aehg-laplata.org.ar\/nueva\/wp-json\/wp\/v2\/posts\/2794\/revisions"}],"predecessor-version":[{"id":2797,"href":"https:\/\/aehg-laplata.org.ar\/nueva\/wp-json\/wp\/v2\/posts\/2794\/revisions\/2797"}],"wp:featuredmedia":[{"embeddable":true,"href":"https:\/\/aehg-laplata.org.ar\/nueva\/wp-json\/wp\/v2\/media\/2795"}],"wp:attachment":[{"href":"https:\/\/aehg-laplata.org.ar\/nueva\/wp-json\/wp\/v2\/media?parent=2794"}],"wp:term":[{"taxonomy":"category","embeddable":true,"href":"https:\/\/aehg-laplata.org.ar\/nueva\/wp-json\/wp\/v2\/categories?post=2794"},{"taxonomy":"post_tag","embeddable":true,"href":"https:\/\/aehg-laplata.org.ar\/nueva\/wp-json\/wp\/v2\/tags?post=2794"}],"curies":[{"name":"wp","href":"https:\/\/api.w.org\/{rel}","templated":true}]}}