{"id":2792,"date":"2026-04-28T09:43:04","date_gmt":"2026-04-28T12:43:04","guid":{"rendered":"https:\/\/aehg-laplata.org.ar\/nueva\/?p=2792"},"modified":"2026-04-28T09:43:04","modified_gmt":"2026-04-28T12:43:04","slug":"la-aehg-la-plata-fortalece-el-desarrollo-turistico-gastronomico-en-mercedes-de-cara-a-sus-eventos-emblematicos","status":"publish","type":"post","link":"https:\/\/aehg-laplata.org.ar\/nueva\/la-aehg-la-plata-fortalece-el-desarrollo-turistico-gastronomico-en-mercedes-de-cara-a-sus-eventos-emblematicos\/","title":{"rendered":"La AEHG La Plata fortalece el desarrollo tur\u00edstico-gastron\u00f3mico en Mercedes de cara a sus eventos emblem\u00e1ticos"},"content":{"rendered":"<p>[vc_row][vc_column][vc_column_text]<\/p>\n<h3>La AEHG La Plata fortalece el desarrollo tur\u00edstico-gastron\u00f3mico en Mercedes de cara a sus eventos emblem\u00e1ticos<\/h3>\n<p>[\/vc_column_text][\/vc_column][\/vc_row][vc_row][vc_column css=&#8221;.vc_custom_1457772902902{margin-top: -10px !important;}&#8221;][vc_column_text]Con una mirada puesta en la identidad productiva y tur\u00edstica de cada destino, la Entidad impulsa acciones concretas que integran eventos tradicionales, capacitaci\u00f3n y articulaci\u00f3n con referentes locales.<\/p>\n<p>En el marco de su agenda territorial, el pasado 26 de abril el presidente de la Asociaci\u00f3n Empresaria Hotelera, Gastron\u00f3mica y Pastelera de La Plata y su Zona de Influencia, junto al miembro de Comisi\u00f3n Directiva Germ\u00e1n Aguilar, visit\u00f3 la ciudad de Mercedes, anticipando el calendario de celebraciones que posicionan a la localidad como un punto de referencia gastron\u00f3mico en la provincia.<\/p>\n<p>Durante la visita, mantuvieron un encuentro de trabajo con el empresario gastron\u00f3mico y referente local Domingo Silvano, en el que se analizaron l\u00edneas de acci\u00f3n vinculadas a la puesta en valor de dos de los eventos m\u00e1s representativos de la ciudad: la Fiesta de la Galleta de Campo y la Fiesta del Salame Quintero.<\/p>\n<p>El intercambio se centr\u00f3 en potenciar estos encuentros como herramientas de desarrollo tur\u00edstico y econ\u00f3mico, fortaleciendo la calidad de la oferta gastron\u00f3mica, la experiencia del visitante y la integraci\u00f3n del sector privado en cada instancia organizativa.<\/p>\n<p>En este sentido, se avanz\u00f3 en la proyecci\u00f3n de acciones complementarias que acompa\u00f1en estas festividades, incorporando propuestas de capacitaci\u00f3n orientadas a mejorar la competitividad del sector, profesionalizar los servicios y generar nuevas oportunidades para los establecimientos locales.<\/p>\n<p>La AEHG La Plata reafirma as\u00ed su rol activo en el territorio, promoviendo una agenda que vincula identidad, producci\u00f3n y formaci\u00f3n como ejes centrales para el crecimiento sostenido de la actividad hotelera y gastron\u00f3mica.[\/vc_column_text][\/vc_column][\/vc_row]<\/p>\n","protected":false},"excerpt":{"rendered":"<p>[vc_row][vc_column][vc_column_text] La AEHG La Plata fortalece el desarrollo tur\u00edstico-gastron\u00f3mico en Mercedes de cara a sus eventos emblem\u00e1ticos [\/vc_column_text][\/vc_column][\/vc_row][vc_row][vc_column css=&#8221;.vc_custom_1457772902902{margin-top: -10px&#8230;<\/p>\n","protected":false},"author":1,"featured_media":27,"comment_status":"closed","ping_status":"closed","sticky":false,"template":"","format":"standard","meta":[],"categories":[4],"tags":[],"yoast_head":"<!-- This site is optimized with the Yoast SEO plugin v17.2.1 - https:\/\/yoast.com\/wordpress\/plugins\/seo\/ -->\n<title>La AEHG La Plata fortalece el desarrollo tur\u00edstico-gastron\u00f3mico en Mercedes de cara a sus eventos emblem\u00e1ticos - AEHG La Plata<\/title>\n<meta name=\"robots\" content=\"index, follow, max-snippet:-1, max-image-preview:large, max-video-preview:-1\" \/>\n<link rel=\"canonical\" href=\"https:\/\/aehg-laplata.org.ar\/nueva\/la-aehg-la-plata-fortalece-el-desarrollo-turistico-gastronomico-en-mercedes-de-cara-a-sus-eventos-emblematicos\/\" \/>\n<meta property=\"og:locale\" content=\"es_ES\" \/>\n<meta property=\"og:type\" content=\"article\" \/>\n<meta property=\"og:title\" content=\"La AEHG La Plata fortalece el desarrollo tur\u00edstico-gastron\u00f3mico en Mercedes de cara a sus eventos emblem\u00e1ticos - AEHG La Plata\" \/>\n<meta property=\"og:description\" content=\"[vc_row][vc_column][vc_column_text] La AEHG La Plata fortalece el desarrollo tur\u00edstico-gastron\u00f3mico en Mercedes de cara a sus eventos emblem\u00e1ticos [\/vc_column_text][\/vc_column][\/vc_row][vc_row][vc_column css=&#8221;.vc_custom_1457772902902{margin-top: -10px...\" \/>\n<meta property=\"og:url\" content=\"https:\/\/aehg-laplata.org.ar\/nueva\/la-aehg-la-plata-fortalece-el-desarrollo-turistico-gastronomico-en-mercedes-de-cara-a-sus-eventos-emblematicos\/\" \/>\n<meta property=\"og:site_name\" content=\"AEHG La Plata\" \/>\n<meta property=\"article:publisher\" content=\"https:\/\/www.facebook.com\/AehgLaPlataOK\/\" \/>\n<meta property=\"article:published_time\" content=\"2026-04-28T12:43:04+00:00\" \/>\n<meta property=\"og:image\" content=\"https:\/\/aehg-laplata.org.ar\/nueva\/wp-content\/uploads\/aehg-logo-726x202-1.png\" \/>\n\t<meta property=\"og:image:width\" content=\"726\" \/>\n\t<meta property=\"og:image:height\" content=\"202\" \/>\n<meta name=\"twitter:card\" content=\"summary_large_image\" \/>\n<meta name=\"twitter:label1\" content=\"Escrito por\" \/>\n\t<meta name=\"twitter:data1\" content=\"ftosti\" \/>\n\t<meta name=\"twitter:label2\" content=\"Tiempo de lectura\" \/>\n\t<meta name=\"twitter:data2\" content=\"2 minutos\" \/>\n<script type=\"application\/ld+json\" class=\"yoast-schema-graph\">{\"@context\":\"https:\/\/schema.org\",\"@graph\":[{\"@type\":\"WebSite\",\"@id\":\"https:\/\/aehg-laplata.org.ar\/nueva\/#website\",\"url\":\"https:\/\/aehg-laplata.org.ar\/nueva\/\",\"name\":\"AEHG La Plata\",\"description\":\"\",\"potentialAction\":[{\"@type\":\"SearchAction\",\"target\":{\"@type\":\"EntryPoint\",\"urlTemplate\":\"https:\/\/aehg-laplata.org.ar\/nueva\/?s={search_term_string}\"},\"query-input\":\"required name=search_term_string\"}],\"inLanguage\":\"es-AR\"},{\"@type\":\"ImageObject\",\"@id\":\"https:\/\/aehg-laplata.org.ar\/nueva\/la-aehg-la-plata-fortalece-el-desarrollo-turistico-gastronomico-en-mercedes-de-cara-a-sus-eventos-emblematicos\/#primaryimage\",\"inLanguage\":\"es-AR\",\"url\":\"https:\/\/aehg-laplata.org.ar\/nueva\/wp-content\/uploads\/aehg-logo-726x202-1.png\",\"contentUrl\":\"https:\/\/aehg-laplata.org.ar\/nueva\/wp-content\/uploads\/aehg-logo-726x202-1.png\",\"width\":726,\"height\":202},{\"@type\":\"WebPage\",\"@id\":\"https:\/\/aehg-laplata.org.ar\/nueva\/la-aehg-la-plata-fortalece-el-desarrollo-turistico-gastronomico-en-mercedes-de-cara-a-sus-eventos-emblematicos\/#webpage\",\"url\":\"https:\/\/aehg-laplata.org.ar\/nueva\/la-aehg-la-plata-fortalece-el-desarrollo-turistico-gastronomico-en-mercedes-de-cara-a-sus-eventos-emblematicos\/\",\"name\":\"La AEHG La Plata fortalece el desarrollo tur\\u00edstico-gastron\\u00f3mico en Mercedes de cara a sus eventos emblem\\u00e1ticos - AEHG La Plata\",\"isPartOf\":{\"@id\":\"https:\/\/aehg-laplata.org.ar\/nueva\/#website\"},\"primaryImageOfPage\":{\"@id\":\"https:\/\/aehg-laplata.org.ar\/nueva\/la-aehg-la-plata-fortalece-el-desarrollo-turistico-gastronomico-en-mercedes-de-cara-a-sus-eventos-emblematicos\/#primaryimage\"},\"datePublished\":\"2026-04-28T12:43:04+00:00\",\"dateModified\":\"2026-04-28T12:43:04+00:00\",\"author\":{\"@id\":\"https:\/\/aehg-laplata.org.ar\/nueva\/#\/schema\/person\/7f7b2f53bda3353446a1e6bfb4837e14\"},\"breadcrumb\":{\"@id\":\"https:\/\/aehg-laplata.org.ar\/nueva\/la-aehg-la-plata-fortalece-el-desarrollo-turistico-gastronomico-en-mercedes-de-cara-a-sus-eventos-emblematicos\/#breadcrumb\"},\"inLanguage\":\"es-AR\",\"potentialAction\":[{\"@type\":\"ReadAction\",\"target\":[\"https:\/\/aehg-laplata.org.ar\/nueva\/la-aehg-la-plata-fortalece-el-desarrollo-turistico-gastronomico-en-mercedes-de-cara-a-sus-eventos-emblematicos\/\"]}]},{\"@type\":\"BreadcrumbList\",\"@id\":\"https:\/\/aehg-laplata.org.ar\/nueva\/la-aehg-la-plata-fortalece-el-desarrollo-turistico-gastronomico-en-mercedes-de-cara-a-sus-eventos-emblematicos\/#breadcrumb\",\"itemListElement\":[{\"@type\":\"ListItem\",\"position\":1,\"name\":\"Inicio\",\"item\":\"https:\/\/aehg-laplata.org.ar\/nueva\/\"},{\"@type\":\"ListItem\",\"position\":2,\"name\":\"La AEHG La Plata fortalece el desarrollo tur\\u00edstico-gastron\\u00f3mico en Mercedes de cara a sus eventos emblem\\u00e1ticos\"}]},{\"@type\":\"Person\",\"@id\":\"https:\/\/aehg-laplata.org.ar\/nueva\/#\/schema\/person\/7f7b2f53bda3353446a1e6bfb4837e14\",\"name\":\"ftosti\",\"image\":{\"@type\":\"ImageObject\",\"@id\":\"https:\/\/aehg-laplata.org.ar\/nueva\/#personlogo\",\"inLanguage\":\"es-AR\",\"url\":\"https:\/\/secure.gravatar.com\/avatar\/602f4beec51ba7ffdca86e4faf5d039c?s=96&d=mm&r=g\",\"contentUrl\":\"https:\/\/secure.gravatar.com\/avatar\/602f4beec51ba7ffdca86e4faf5d039c?s=96&d=mm&r=g\",\"caption\":\"ftosti\"},\"url\":\"https:\/\/aehg-laplata.org.ar\/nueva\/author\/ftosti\/\"}]}<\/script>\n<!-- \/ Yoast SEO plugin. -->","yoast_head_json":{"title":"La AEHG La Plata fortalece el desarrollo tur\u00edstico-gastron\u00f3mico en Mercedes de cara a sus eventos emblem\u00e1ticos - AEHG La Plata","robots":{"index":"index","follow":"follow","max-snippet":"max-snippet:-1","max-image-preview":"max-image-preview:large","max-video-preview":"max-video-preview:-1"},"canonical":"https:\/\/aehg-laplata.org.ar\/nueva\/la-aehg-la-plata-fortalece-el-desarrollo-turistico-gastronomico-en-mercedes-de-cara-a-sus-eventos-emblematicos\/","og_locale":"es_ES","og_type":"article","og_title":"La AEHG La Plata fortalece el desarrollo tur\u00edstico-gastron\u00f3mico en Mercedes de cara a sus eventos emblem\u00e1ticos - AEHG La Plata","og_description":"[vc_row][vc_column][vc_column_text] La AEHG La Plata fortalece el desarrollo tur\u00edstico-gastron\u00f3mico en Mercedes de cara a sus eventos emblem\u00e1ticos [\/vc_column_text][\/vc_column][\/vc_row][vc_row][vc_column css=&#8221;.vc_custom_1457772902902{margin-top: -10px...","og_url":"https:\/\/aehg-laplata.org.ar\/nueva\/la-aehg-la-plata-fortalece-el-desarrollo-turistico-gastronomico-en-mercedes-de-cara-a-sus-eventos-emblematicos\/","og_site_name":"AEHG La Plata","article_publisher":"https:\/\/www.facebook.com\/AehgLaPlataOK\/","article_published_time":"2026-04-28T12:43:04+00:00","og_image":[{"width":726,"height":202,"url":"https:\/\/aehg-laplata.org.ar\/nueva\/wp-content\/uploads\/aehg-logo-726x202-1.png","path":"\/home\/c1070183\/public_html\/nueva\/wp-content\/uploads\/aehg-logo-726x202-1.png","size":"full","id":27,"alt":"","pixels":146652,"type":"image\/png"}],"twitter_card":"summary_large_image","twitter_misc":{"Escrito por":"ftosti","Tiempo de lectura":"2 minutos"},"schema":{"@context":"https:\/\/schema.org","@graph":[{"@type":"WebSite","@id":"https:\/\/aehg-laplata.org.ar\/nueva\/#website","url":"https:\/\/aehg-laplata.org.ar\/nueva\/","name":"AEHG La Plata","description":"","potentialAction":[{"@type":"SearchAction","target":{"@type":"EntryPoint","urlTemplate":"https:\/\/aehg-laplata.org.ar\/nueva\/?s={search_term_string}"},"query-input":"required name=search_term_string"}],"inLanguage":"es-AR"},{"@type":"ImageObject","@id":"https:\/\/aehg-laplata.org.ar\/nueva\/la-aehg-la-plata-fortalece-el-desarrollo-turistico-gastronomico-en-mercedes-de-cara-a-sus-eventos-emblematicos\/#primaryimage","inLanguage":"es-AR","url":"https:\/\/aehg-laplata.org.ar\/nueva\/wp-content\/uploads\/aehg-logo-726x202-1.png","contentUrl":"https:\/\/aehg-laplata.org.ar\/nueva\/wp-content\/uploads\/aehg-logo-726x202-1.png","width":726,"height":202},{"@type":"WebPage","@id":"https:\/\/aehg-laplata.org.ar\/nueva\/la-aehg-la-plata-fortalece-el-desarrollo-turistico-gastronomico-en-mercedes-de-cara-a-sus-eventos-emblematicos\/#webpage","url":"https:\/\/aehg-laplata.org.ar\/nueva\/la-aehg-la-plata-fortalece-el-desarrollo-turistico-gastronomico-en-mercedes-de-cara-a-sus-eventos-emblematicos\/","name":"La AEHG La Plata fortalece el desarrollo tur\u00edstico-gastron\u00f3mico en Mercedes de cara a sus eventos emblem\u00e1ticos - AEHG La Plata","isPartOf":{"@id":"https:\/\/aehg-laplata.org.ar\/nueva\/#website"},"primaryImageOfPage":{"@id":"https:\/\/aehg-laplata.org.ar\/nueva\/la-aehg-la-plata-fortalece-el-desarrollo-turistico-gastronomico-en-mercedes-de-cara-a-sus-eventos-emblematicos\/#primaryimage"},"datePublished":"2026-04-28T12:43:04+00:00","dateModified":"2026-04-28T12:43:04+00:00","author":{"@id":"https:\/\/aehg-laplata.org.ar\/nueva\/#\/schema\/person\/7f7b2f53bda3353446a1e6bfb4837e14"},"breadcrumb":{"@id":"https:\/\/aehg-laplata.org.ar\/nueva\/la-aehg-la-plata-fortalece-el-desarrollo-turistico-gastronomico-en-mercedes-de-cara-a-sus-eventos-emblematicos\/#breadcrumb"},"inLanguage":"es-AR","potentialAction":[{"@type":"ReadAction","target":["https:\/\/aehg-laplata.org.ar\/nueva\/la-aehg-la-plata-fortalece-el-desarrollo-turistico-gastronomico-en-mercedes-de-cara-a-sus-eventos-emblematicos\/"]}]},{"@type":"BreadcrumbList","@id":"https:\/\/aehg-laplata.org.ar\/nueva\/la-aehg-la-plata-fortalece-el-desarrollo-turistico-gastronomico-en-mercedes-de-cara-a-sus-eventos-emblematicos\/#breadcrumb","itemListElement":[{"@type":"ListItem","position":1,"name":"Inicio","item":"https:\/\/aehg-laplata.org.ar\/nueva\/"},{"@type":"ListItem","position":2,"name":"La AEHG La Plata fortalece el desarrollo tur\u00edstico-gastron\u00f3mico en Mercedes de cara a sus eventos emblem\u00e1ticos"}]},{"@type":"Person","@id":"https:\/\/aehg-laplata.org.ar\/nueva\/#\/schema\/person\/7f7b2f53bda3353446a1e6bfb4837e14","name":"ftosti","image":{"@type":"ImageObject","@id":"https:\/\/aehg-laplata.org.ar\/nueva\/#personlogo","inLanguage":"es-AR","url":"https:\/\/secure.gravatar.com\/avatar\/602f4beec51ba7ffdca86e4faf5d039c?s=96&d=mm&r=g","contentUrl":"https:\/\/secure.gravatar.com\/avatar\/602f4beec51ba7ffdca86e4faf5d039c?s=96&d=mm&r=g","caption":"ftosti"},"url":"https:\/\/aehg-laplata.org.ar\/nueva\/author\/ftosti\/"}]}},"_links":{"self":[{"href":"https:\/\/aehg-laplata.org.ar\/nueva\/wp-json\/wp\/v2\/posts\/2792"}],"collection":[{"href":"https:\/\/aehg-laplata.org.ar\/nueva\/wp-json\/wp\/v2\/posts"}],"about":[{"href":"https:\/\/aehg-laplata.org.ar\/nueva\/wp-json\/wp\/v2\/types\/post"}],"author":[{"embeddable":true,"href":"https:\/\/aehg-laplata.org.ar\/nueva\/wp-json\/wp\/v2\/users\/1"}],"replies":[{"embeddable":true,"href":"https:\/\/aehg-laplata.org.ar\/nueva\/wp-json\/wp\/v2\/comments?post=2792"}],"version-history":[{"count":1,"href":"https:\/\/aehg-laplata.org.ar\/nueva\/wp-json\/wp\/v2\/posts\/2792\/revisions"}],"predecessor-version":[{"id":2793,"href":"https:\/\/aehg-laplata.org.ar\/nueva\/wp-json\/wp\/v2\/posts\/2792\/revisions\/2793"}],"wp:featuredmedia":[{"embeddable":true,"href":"https:\/\/aehg-laplata.org.ar\/nueva\/wp-json\/wp\/v2\/media\/27"}],"wp:attachment":[{"href":"https:\/\/aehg-laplata.org.ar\/nueva\/wp-json\/wp\/v2\/media?parent=2792"}],"wp:term":[{"taxonomy":"category","embeddable":true,"href":"https:\/\/aehg-laplata.org.ar\/nueva\/wp-json\/wp\/v2\/categories?post=2792"},{"taxonomy":"post_tag","embeddable":true,"href":"https:\/\/aehg-laplata.org.ar\/nueva\/wp-json\/wp\/v2\/tags?post=2792"}],"curies":[{"name":"wp","href":"https:\/\/api.w.org\/{rel}","templated":true}]}}