{"id":2789,"date":"2026-04-28T07:37:07","date_gmt":"2026-04-28T10:37:07","guid":{"rendered":"https:\/\/aehg-laplata.org.ar\/nueva\/?p=2789"},"modified":"2026-04-28T07:37:07","modified_gmt":"2026-04-28T10:37:07","slug":"la-aehg-la-plata-participo-de-la-reunion-regional-de-fehgra-en-mar-del-plata","status":"publish","type":"post","link":"https:\/\/aehg-laplata.org.ar\/nueva\/la-aehg-la-plata-participo-de-la-reunion-regional-de-fehgra-en-mar-del-plata\/","title":{"rendered":"La AEHG La Plata particip\u00f3 de la Reuni\u00f3n Regional de FEHGRA en Mar del Plata"},"content":{"rendered":"<p>[vc_row][vc_column][vc_column_text]<\/p>\n<h3>La AEHG La Plata particip\u00f3 de la Reuni\u00f3n Regional de FEHGRA en Mar del Plata<\/h3>\n<p>[\/vc_column_text][\/vc_column][\/vc_row][vc_row][vc_column css=&#8221;.vc_custom_1457772902902{margin-top: -10px !important;}&#8221;][vc_column_text]La Entidad contin\u00faa fortaleciendo su presencia institucional en la regi\u00f3n, participando activamente en espacios donde se definen lineamientos estrat\u00e9gicos para el desarrollo del sector hotelero y gastron\u00f3mico.[\/vc_column_text][\/vc_column][\/vc_row][vc_row equal_height=&#8221;yes&#8221;][vc_column][vc_single_image image=&#8221;2790&#8243; img_size=&#8221;full&#8221; onclick=&#8221;link_image&#8221;][\/vc_column][\/vc_row][vc_row][vc_column css=&#8221;.vc_custom_1457772902902{margin-top: -10px !important;}&#8221;][vc_column_text]La Federaci\u00f3n Empresaria Hotelera Gastron\u00f3mica de la Rep\u00fablica Argentina (FEHGRA) realiz\u00f3 el pasado 23 de abril una nueva reuni\u00f3n de trabajo de la Regi\u00f3n Provincia de Buenos Aires en la ciudad de Mar del Plata, organizada en conjunto con la Asociaci\u00f3n Empresaria Hotelera Gastron\u00f3mica de Mar del Plata y Zona de Influencia.<\/p>\n<p>En representaci\u00f3n de la AEHG La Plata participaron el miembro de Comisi\u00f3n Directiva, Dr. Mat\u00edas Barone, y el asesor institucional, Dr. Mario Colombini.<\/p>\n<p>El encuentro reuni\u00f3 a dirigentes del sector para abordar ejes prioritarios como la promoci\u00f3n tur\u00edstica, la pol\u00edtica tributaria y la formaci\u00f3n profesional, consolid\u00e1ndose como un \u00e1mbito clave para el an\u00e1lisis de la coyuntura y la generaci\u00f3n de propuestas orientadas a mejorar la competitividad de la actividad.<\/p>\n<p>La jornada fue encabezada por el vicepresidente 1\u00b0 de FEHGRA, Alejandro Papasidero Ricco, junto al coordinador regional y presidente de la entidad anfitriona, Hern\u00e1n Szkrohal, y cont\u00f3 con la participaci\u00f3n de la subsecretaria de Turismo bonaerense, Soledad Mart\u00ednez.<\/p>\n<p>Durante el encuentro se intercambiaron experiencias, se analizaron problem\u00e1ticas comunes y se avanz\u00f3 en la construcci\u00f3n de una agenda regional orientada al desarrollo sustentable del sector hotelero y gastron\u00f3mico.<\/p>\n<p>La Regi\u00f3n Provincia de Buenos Aires est\u00e1 integrada por entidades de Bah\u00eda Blanca, Jun\u00edn, La Plata, Partido de la Costa, Mar del Plata, Miramar, Necochea, Pinamar, San Clemente del Tuy\u00fa, ASEN, San Nicol\u00e1s, Tandil y Villa Gesell.[\/vc_column_text][\/vc_column][\/vc_row]<\/p>\n","protected":false},"excerpt":{"rendered":"<p>[vc_row][vc_column][vc_column_text] La AEHG La Plata particip\u00f3 de la Reuni\u00f3n Regional de FEHGRA en Mar del Plata [\/vc_column_text][\/vc_column][\/vc_row][vc_row][vc_column css=&#8221;.vc_custom_1457772902902{margin-top: -10px !important;}&#8221;][vc_column_text]La&#8230;<\/p>\n","protected":false},"author":1,"featured_media":2790,"comment_status":"closed","ping_status":"closed","sticky":false,"template":"","format":"standard","meta":[],"categories":[4],"tags":[],"yoast_head":"<!-- This site is optimized with the Yoast SEO plugin v17.2.1 - https:\/\/yoast.com\/wordpress\/plugins\/seo\/ -->\n<title>La AEHG La Plata particip\u00f3 de la Reuni\u00f3n Regional de FEHGRA en Mar del Plata - AEHG La Plata<\/title>\n<meta name=\"robots\" content=\"index, follow, max-snippet:-1, max-image-preview:large, max-video-preview:-1\" \/>\n<link rel=\"canonical\" href=\"https:\/\/aehg-laplata.org.ar\/nueva\/la-aehg-la-plata-participo-de-la-reunion-regional-de-fehgra-en-mar-del-plata\/\" \/>\n<meta property=\"og:locale\" content=\"es_ES\" \/>\n<meta property=\"og:type\" content=\"article\" \/>\n<meta property=\"og:title\" content=\"La AEHG La Plata particip\u00f3 de la Reuni\u00f3n Regional de FEHGRA en Mar del Plata - AEHG La Plata\" \/>\n<meta property=\"og:description\" content=\"[vc_row][vc_column][vc_column_text] La AEHG La Plata particip\u00f3 de la Reuni\u00f3n Regional de FEHGRA en Mar del Plata [\/vc_column_text][\/vc_column][\/vc_row][vc_row][vc_column css=&#8221;.vc_custom_1457772902902{margin-top: -10px !important;}&#8221;][vc_column_text]La...\" \/>\n<meta property=\"og:url\" content=\"https:\/\/aehg-laplata.org.ar\/nueva\/la-aehg-la-plata-participo-de-la-reunion-regional-de-fehgra-en-mar-del-plata\/\" \/>\n<meta property=\"og:site_name\" content=\"AEHG La Plata\" \/>\n<meta property=\"article:publisher\" content=\"https:\/\/www.facebook.com\/AehgLaPlataOK\/\" \/>\n<meta property=\"article:published_time\" content=\"2026-04-28T10:37:07+00:00\" \/>\n<meta property=\"og:image\" content=\"https:\/\/aehg-laplata.org.ar\/nueva\/wp-content\/uploads\/La-AEHG-La-Plata-participo-de-la-Reunion-Regional-de-FEHGRA-en-Mar-del-Plata.jpg\" \/>\n\t<meta property=\"og:image:width\" content=\"1318\" \/>\n\t<meta property=\"og:image:height\" content=\"800\" \/>\n<meta name=\"twitter:card\" content=\"summary_large_image\" \/>\n<meta name=\"twitter:label1\" content=\"Escrito por\" \/>\n\t<meta name=\"twitter:data1\" content=\"ftosti\" \/>\n\t<meta name=\"twitter:label2\" content=\"Tiempo de lectura\" \/>\n\t<meta name=\"twitter:data2\" content=\"2 minutos\" \/>\n<script type=\"application\/ld+json\" class=\"yoast-schema-graph\">{\"@context\":\"https:\/\/schema.org\",\"@graph\":[{\"@type\":\"WebSite\",\"@id\":\"https:\/\/aehg-laplata.org.ar\/nueva\/#website\",\"url\":\"https:\/\/aehg-laplata.org.ar\/nueva\/\",\"name\":\"AEHG La Plata\",\"description\":\"\",\"potentialAction\":[{\"@type\":\"SearchAction\",\"target\":{\"@type\":\"EntryPoint\",\"urlTemplate\":\"https:\/\/aehg-laplata.org.ar\/nueva\/?s={search_term_string}\"},\"query-input\":\"required name=search_term_string\"}],\"inLanguage\":\"es-AR\"},{\"@type\":\"ImageObject\",\"@id\":\"https:\/\/aehg-laplata.org.ar\/nueva\/la-aehg-la-plata-participo-de-la-reunion-regional-de-fehgra-en-mar-del-plata\/#primaryimage\",\"inLanguage\":\"es-AR\",\"url\":\"https:\/\/aehg-laplata.org.ar\/nueva\/wp-content\/uploads\/La-AEHG-La-Plata-participo-de-la-Reunion-Regional-de-FEHGRA-en-Mar-del-Plata.jpg\",\"contentUrl\":\"https:\/\/aehg-laplata.org.ar\/nueva\/wp-content\/uploads\/La-AEHG-La-Plata-participo-de-la-Reunion-Regional-de-FEHGRA-en-Mar-del-Plata.jpg\",\"width\":1318,\"height\":800},{\"@type\":\"WebPage\",\"@id\":\"https:\/\/aehg-laplata.org.ar\/nueva\/la-aehg-la-plata-participo-de-la-reunion-regional-de-fehgra-en-mar-del-plata\/#webpage\",\"url\":\"https:\/\/aehg-laplata.org.ar\/nueva\/la-aehg-la-plata-participo-de-la-reunion-regional-de-fehgra-en-mar-del-plata\/\",\"name\":\"La AEHG La Plata particip\\u00f3 de la Reuni\\u00f3n Regional de FEHGRA en Mar del Plata - AEHG La Plata\",\"isPartOf\":{\"@id\":\"https:\/\/aehg-laplata.org.ar\/nueva\/#website\"},\"primaryImageOfPage\":{\"@id\":\"https:\/\/aehg-laplata.org.ar\/nueva\/la-aehg-la-plata-participo-de-la-reunion-regional-de-fehgra-en-mar-del-plata\/#primaryimage\"},\"datePublished\":\"2026-04-28T10:37:07+00:00\",\"dateModified\":\"2026-04-28T10:37:07+00:00\",\"author\":{\"@id\":\"https:\/\/aehg-laplata.org.ar\/nueva\/#\/schema\/person\/7f7b2f53bda3353446a1e6bfb4837e14\"},\"breadcrumb\":{\"@id\":\"https:\/\/aehg-laplata.org.ar\/nueva\/la-aehg-la-plata-participo-de-la-reunion-regional-de-fehgra-en-mar-del-plata\/#breadcrumb\"},\"inLanguage\":\"es-AR\",\"potentialAction\":[{\"@type\":\"ReadAction\",\"target\":[\"https:\/\/aehg-laplata.org.ar\/nueva\/la-aehg-la-plata-participo-de-la-reunion-regional-de-fehgra-en-mar-del-plata\/\"]}]},{\"@type\":\"BreadcrumbList\",\"@id\":\"https:\/\/aehg-laplata.org.ar\/nueva\/la-aehg-la-plata-participo-de-la-reunion-regional-de-fehgra-en-mar-del-plata\/#breadcrumb\",\"itemListElement\":[{\"@type\":\"ListItem\",\"position\":1,\"name\":\"Inicio\",\"item\":\"https:\/\/aehg-laplata.org.ar\/nueva\/\"},{\"@type\":\"ListItem\",\"position\":2,\"name\":\"La AEHG La Plata particip\\u00f3 de la Reuni\\u00f3n Regional de FEHGRA en Mar del Plata\"}]},{\"@type\":\"Person\",\"@id\":\"https:\/\/aehg-laplata.org.ar\/nueva\/#\/schema\/person\/7f7b2f53bda3353446a1e6bfb4837e14\",\"name\":\"ftosti\",\"image\":{\"@type\":\"ImageObject\",\"@id\":\"https:\/\/aehg-laplata.org.ar\/nueva\/#personlogo\",\"inLanguage\":\"es-AR\",\"url\":\"https:\/\/secure.gravatar.com\/avatar\/602f4beec51ba7ffdca86e4faf5d039c?s=96&d=mm&r=g\",\"contentUrl\":\"https:\/\/secure.gravatar.com\/avatar\/602f4beec51ba7ffdca86e4faf5d039c?s=96&d=mm&r=g\",\"caption\":\"ftosti\"},\"url\":\"https:\/\/aehg-laplata.org.ar\/nueva\/author\/ftosti\/\"}]}<\/script>\n<!-- \/ Yoast SEO plugin. -->","yoast_head_json":{"title":"La AEHG La Plata particip\u00f3 de la Reuni\u00f3n Regional de FEHGRA en Mar del Plata - AEHG La Plata","robots":{"index":"index","follow":"follow","max-snippet":"max-snippet:-1","max-image-preview":"max-image-preview:large","max-video-preview":"max-video-preview:-1"},"canonical":"https:\/\/aehg-laplata.org.ar\/nueva\/la-aehg-la-plata-participo-de-la-reunion-regional-de-fehgra-en-mar-del-plata\/","og_locale":"es_ES","og_type":"article","og_title":"La AEHG La Plata particip\u00f3 de la Reuni\u00f3n Regional de FEHGRA en Mar del Plata - AEHG La Plata","og_description":"[vc_row][vc_column][vc_column_text] La AEHG La Plata particip\u00f3 de la Reuni\u00f3n Regional de FEHGRA en Mar del Plata [\/vc_column_text][\/vc_column][\/vc_row][vc_row][vc_column css=&#8221;.vc_custom_1457772902902{margin-top: -10px !important;}&#8221;][vc_column_text]La...","og_url":"https:\/\/aehg-laplata.org.ar\/nueva\/la-aehg-la-plata-participo-de-la-reunion-regional-de-fehgra-en-mar-del-plata\/","og_site_name":"AEHG La Plata","article_publisher":"https:\/\/www.facebook.com\/AehgLaPlataOK\/","article_published_time":"2026-04-28T10:37:07+00:00","og_image":[{"width":1318,"height":800,"url":"https:\/\/aehg-laplata.org.ar\/nueva\/wp-content\/uploads\/La-AEHG-La-Plata-participo-de-la-Reunion-Regional-de-FEHGRA-en-Mar-del-Plata.jpg","path":"\/home\/c1070183\/public_html\/nueva\/wp-content\/uploads\/La-AEHG-La-Plata-participo-de-la-Reunion-Regional-de-FEHGRA-en-Mar-del-Plata.jpg","size":"full","id":2790,"alt":"","pixels":1054400,"type":"image\/jpeg"}],"twitter_card":"summary_large_image","twitter_misc":{"Escrito por":"ftosti","Tiempo de lectura":"2 minutos"},"schema":{"@context":"https:\/\/schema.org","@graph":[{"@type":"WebSite","@id":"https:\/\/aehg-laplata.org.ar\/nueva\/#website","url":"https:\/\/aehg-laplata.org.ar\/nueva\/","name":"AEHG La Plata","description":"","potentialAction":[{"@type":"SearchAction","target":{"@type":"EntryPoint","urlTemplate":"https:\/\/aehg-laplata.org.ar\/nueva\/?s={search_term_string}"},"query-input":"required name=search_term_string"}],"inLanguage":"es-AR"},{"@type":"ImageObject","@id":"https:\/\/aehg-laplata.org.ar\/nueva\/la-aehg-la-plata-participo-de-la-reunion-regional-de-fehgra-en-mar-del-plata\/#primaryimage","inLanguage":"es-AR","url":"https:\/\/aehg-laplata.org.ar\/nueva\/wp-content\/uploads\/La-AEHG-La-Plata-participo-de-la-Reunion-Regional-de-FEHGRA-en-Mar-del-Plata.jpg","contentUrl":"https:\/\/aehg-laplata.org.ar\/nueva\/wp-content\/uploads\/La-AEHG-La-Plata-participo-de-la-Reunion-Regional-de-FEHGRA-en-Mar-del-Plata.jpg","width":1318,"height":800},{"@type":"WebPage","@id":"https:\/\/aehg-laplata.org.ar\/nueva\/la-aehg-la-plata-participo-de-la-reunion-regional-de-fehgra-en-mar-del-plata\/#webpage","url":"https:\/\/aehg-laplata.org.ar\/nueva\/la-aehg-la-plata-participo-de-la-reunion-regional-de-fehgra-en-mar-del-plata\/","name":"La AEHG La Plata particip\u00f3 de la Reuni\u00f3n Regional de FEHGRA en Mar del Plata - AEHG La Plata","isPartOf":{"@id":"https:\/\/aehg-laplata.org.ar\/nueva\/#website"},"primaryImageOfPage":{"@id":"https:\/\/aehg-laplata.org.ar\/nueva\/la-aehg-la-plata-participo-de-la-reunion-regional-de-fehgra-en-mar-del-plata\/#primaryimage"},"datePublished":"2026-04-28T10:37:07+00:00","dateModified":"2026-04-28T10:37:07+00:00","author":{"@id":"https:\/\/aehg-laplata.org.ar\/nueva\/#\/schema\/person\/7f7b2f53bda3353446a1e6bfb4837e14"},"breadcrumb":{"@id":"https:\/\/aehg-laplata.org.ar\/nueva\/la-aehg-la-plata-participo-de-la-reunion-regional-de-fehgra-en-mar-del-plata\/#breadcrumb"},"inLanguage":"es-AR","potentialAction":[{"@type":"ReadAction","target":["https:\/\/aehg-laplata.org.ar\/nueva\/la-aehg-la-plata-participo-de-la-reunion-regional-de-fehgra-en-mar-del-plata\/"]}]},{"@type":"BreadcrumbList","@id":"https:\/\/aehg-laplata.org.ar\/nueva\/la-aehg-la-plata-participo-de-la-reunion-regional-de-fehgra-en-mar-del-plata\/#breadcrumb","itemListElement":[{"@type":"ListItem","position":1,"name":"Inicio","item":"https:\/\/aehg-laplata.org.ar\/nueva\/"},{"@type":"ListItem","position":2,"name":"La AEHG La Plata particip\u00f3 de la Reuni\u00f3n Regional de FEHGRA en Mar del Plata"}]},{"@type":"Person","@id":"https:\/\/aehg-laplata.org.ar\/nueva\/#\/schema\/person\/7f7b2f53bda3353446a1e6bfb4837e14","name":"ftosti","image":{"@type":"ImageObject","@id":"https:\/\/aehg-laplata.org.ar\/nueva\/#personlogo","inLanguage":"es-AR","url":"https:\/\/secure.gravatar.com\/avatar\/602f4beec51ba7ffdca86e4faf5d039c?s=96&d=mm&r=g","contentUrl":"https:\/\/secure.gravatar.com\/avatar\/602f4beec51ba7ffdca86e4faf5d039c?s=96&d=mm&r=g","caption":"ftosti"},"url":"https:\/\/aehg-laplata.org.ar\/nueva\/author\/ftosti\/"}]}},"_links":{"self":[{"href":"https:\/\/aehg-laplata.org.ar\/nueva\/wp-json\/wp\/v2\/posts\/2789"}],"collection":[{"href":"https:\/\/aehg-laplata.org.ar\/nueva\/wp-json\/wp\/v2\/posts"}],"about":[{"href":"https:\/\/aehg-laplata.org.ar\/nueva\/wp-json\/wp\/v2\/types\/post"}],"author":[{"embeddable":true,"href":"https:\/\/aehg-laplata.org.ar\/nueva\/wp-json\/wp\/v2\/users\/1"}],"replies":[{"embeddable":true,"href":"https:\/\/aehg-laplata.org.ar\/nueva\/wp-json\/wp\/v2\/comments?post=2789"}],"version-history":[{"count":1,"href":"https:\/\/aehg-laplata.org.ar\/nueva\/wp-json\/wp\/v2\/posts\/2789\/revisions"}],"predecessor-version":[{"id":2791,"href":"https:\/\/aehg-laplata.org.ar\/nueva\/wp-json\/wp\/v2\/posts\/2789\/revisions\/2791"}],"wp:featuredmedia":[{"embeddable":true,"href":"https:\/\/aehg-laplata.org.ar\/nueva\/wp-json\/wp\/v2\/media\/2790"}],"wp:attachment":[{"href":"https:\/\/aehg-laplata.org.ar\/nueva\/wp-json\/wp\/v2\/media?parent=2789"}],"wp:term":[{"taxonomy":"category","embeddable":true,"href":"https:\/\/aehg-laplata.org.ar\/nueva\/wp-json\/wp\/v2\/categories?post=2789"},{"taxonomy":"post_tag","embeddable":true,"href":"https:\/\/aehg-laplata.org.ar\/nueva\/wp-json\/wp\/v2\/tags?post=2789"}],"curies":[{"name":"wp","href":"https:\/\/api.w.org\/{rel}","templated":true}]}}