{"id":2721,"date":"2026-03-05T08:24:23","date_gmt":"2026-03-05T11:24:23","guid":{"rendered":"https:\/\/aehg-laplata.org.ar\/nueva\/?p=2721"},"modified":"2026-03-05T08:26:08","modified_gmt":"2026-03-05T11:26:08","slug":"economia-circular-la-aehg-la-plata-participo-de-la-mesa-de-dialogo-provincial-sobre-el-tratamiento-del-aceite-vegetal-usado","status":"publish","type":"post","link":"https:\/\/aehg-laplata.org.ar\/nueva\/economia-circular-la-aehg-la-plata-participo-de-la-mesa-de-dialogo-provincial-sobre-el-tratamiento-del-aceite-vegetal-usado\/","title":{"rendered":"Econom\u00eda Circular: la AEHG La Plata particip\u00f3 de la mesa de di\u00e1logo provincial sobre el tratamiento del aceite vegetal usado"},"content":{"rendered":"<p>[vc_row][vc_column][vc_column_text]<\/p>\n<h3 class=\"entry-title\">Econom\u00eda Circular: la AEHG La Plata particip\u00f3 de la mesa de di\u00e1logo provincial sobre el tratamiento del aceite vegetal usado<\/h3>\n<p>[\/vc_column_text][\/vc_column][\/vc_row][vc_row][vc_column css=&#8221;.vc_custom_1457772902902{margin-top: -10px !important;}&#8221;][vc_column_text]<strong><em>La AEHG La Plata particip\u00f3 de la mesa de di\u00e1logo convocada por la Provincia de Buenos Aires en el marco de la Estrategia Provincial de Econom\u00eda Circular, donde se analiz\u00f3 la problem\u00e1tica del aceite vegetal usado.<\/em><\/strong>[\/vc_column_text][\/vc_column][\/vc_row][vc_row equal_height=&#8221;yes&#8221;][vc_column][vc_single_image image=&#8221;2722&#8243; img_size=&#8221;full&#8221; onclick=&#8221;link_image&#8221;][\/vc_column][\/vc_row][vc_row][vc_column css=&#8221;.vc_custom_1457772902902{margin-top: -10px !important;}&#8221;][vc_column_text]La Asociaci\u00f3n Empresaria Hotelera, Gastron\u00f3mica y Pastelera de La Plata y su Zona de Influencia (AEHG La Plata) particip\u00f3 de la Mesa de Di\u00e1logo convocada por el Ministerio de Ambiente y el Ministerio de Desarrollo Agrario de la Provincia de Buenos Aires en el marco del proceso de elaboraci\u00f3n de la Estrategia Provincial de Econom\u00eda Circular (EPEC).<\/p>\n<p>La iniciativa impulsada por el Gobierno bonaerense busca avanzar hacia un modelo productivo m\u00e1s sostenible, promoviendo la optimizaci\u00f3n de recursos, la reducci\u00f3n del impacto ambiental y el desarrollo de nuevos circuitos de valor que fortalezcan la competitividad regional y la generaci\u00f3n de empleo bajo est\u00e1ndares internacionales.<\/p>\n<p>El proyecto contempla cinco \u00e1reas estrat\u00e9gicas de trabajo: bienes de consumo, biomasa, construcci\u00f3n, envases y transporte, y convoca a empresas, PyMEs y organizaciones sectoriales a participar en la construcci\u00f3n de una hoja de ruta orientada a la econom\u00eda circular.<\/p>\n<p>La jornada cont\u00f3 con la participaci\u00f3n de Julia Mancini, directora de Planificaci\u00f3n de la Subsecretar\u00eda de Residuos S\u00f3lidos Urbanos y Econom\u00eda Circular de la Provincia de Buenos Aires, junto a representantes de la Federaci\u00f3n Argentina de Cartoneros, Carreros y Recicladores, la Universidad Tecnol\u00f3gica Nacional \u2013 Facultad Regional La Plata (UTN \u2013 FRLP) y la organizaci\u00f3n Ecora\u00edces, entre otros actores vinculados a la tem\u00e1tica.<\/p>\n<p>En este contexto, la AEHG La Plata particip\u00f3 del espacio de intercambio vinculado a la cadena de valor de la biomasa, donde se abord\u00f3 la problem\u00e1tica del Aceite Vegetal Usado (AVU), un tema de especial inter\u00e9s para el sector hotelero y gastron\u00f3mico por su impacto directo en la actividad.<\/p>\n<p>Durante la jornada se expuso la importancia de promover circuitos adecuados de recolecci\u00f3n y tratamiento de este residuo, evitando su descarte inadecuado o su reutilizaci\u00f3n ilegal, y favoreciendo su transformaci\u00f3n en biocombustible (biodiesel) dentro de un esquema de econom\u00eda circular.<\/p>\n<p>Asimismo, se destac\u00f3 el alcance del Plan Bio, un programa de adhesi\u00f3n voluntaria basado en la Resoluci\u00f3n 1\/09 que promueve el reciclado del aceite de cocina usado para convertirlo en energ\u00eda renovable, evitando que vuelva al circuito comercial de manera il\u00edcita.<\/p>\n<p>Desde la AEHG La Plata destacaron la importancia de estos espacios de di\u00e1logo y trabajo conjunto entre el sector p\u00fablico y privado, que permiten abordar problem\u00e1ticas que impactan directamente en la actividad hotelera y gastron\u00f3mica y promover pr\u00e1cticas sustentables y responsables con el ambiente y la salud p\u00fablica[\/vc_column_text][vc_gallery type=&#8221;image_grid&#8221; images=&#8221;2723,2724&#8243; img_size=&#8221;medium&#8221;][\/vc_column][\/vc_row]<\/p>\n","protected":false},"excerpt":{"rendered":"<p>[vc_row][vc_column][vc_column_text] Econom\u00eda Circular: la AEHG La Plata particip\u00f3 de la mesa de di\u00e1logo provincial sobre el tratamiento del aceite vegetal&#8230;<\/p>\n","protected":false},"author":1,"featured_media":2722,"comment_status":"closed","ping_status":"closed","sticky":false,"template":"","format":"standard","meta":[],"categories":[4],"tags":[],"yoast_head":"<!-- This site is optimized with the Yoast SEO plugin v17.2.1 - https:\/\/yoast.com\/wordpress\/plugins\/seo\/ -->\n<title>Econom\u00eda Circular: la AEHG La Plata particip\u00f3 de la mesa de di\u00e1logo provincial sobre el tratamiento del aceite vegetal usado - AEHG La Plata<\/title>\n<meta name=\"robots\" content=\"index, follow, max-snippet:-1, max-image-preview:large, max-video-preview:-1\" \/>\n<link rel=\"canonical\" href=\"https:\/\/aehg-laplata.org.ar\/nueva\/economia-circular-la-aehg-la-plata-participo-de-la-mesa-de-dialogo-provincial-sobre-el-tratamiento-del-aceite-vegetal-usado\/\" \/>\n<meta property=\"og:locale\" content=\"es_ES\" \/>\n<meta property=\"og:type\" content=\"article\" \/>\n<meta property=\"og:title\" content=\"Econom\u00eda Circular: la AEHG La Plata particip\u00f3 de la mesa de di\u00e1logo provincial sobre el tratamiento del aceite vegetal usado - AEHG La Plata\" \/>\n<meta property=\"og:description\" content=\"[vc_row][vc_column][vc_column_text] Econom\u00eda Circular: la AEHG La Plata particip\u00f3 de la mesa de di\u00e1logo provincial sobre el tratamiento del aceite vegetal...\" \/>\n<meta property=\"og:url\" content=\"https:\/\/aehg-laplata.org.ar\/nueva\/economia-circular-la-aehg-la-plata-participo-de-la-mesa-de-dialogo-provincial-sobre-el-tratamiento-del-aceite-vegetal-usado\/\" \/>\n<meta property=\"og:site_name\" content=\"AEHG La Plata\" \/>\n<meta property=\"article:publisher\" content=\"https:\/\/www.facebook.com\/AehgLaPlataOK\/\" \/>\n<meta property=\"article:published_time\" content=\"2026-03-05T11:24:23+00:00\" \/>\n<meta property=\"article:modified_time\" content=\"2026-03-05T11:26:08+00:00\" \/>\n<meta property=\"og:image\" content=\"https:\/\/aehg-laplata.org.ar\/nueva\/wp-content\/uploads\/3-34.jpg\" \/>\n\t<meta property=\"og:image:width\" content=\"1447\" \/>\n\t<meta property=\"og:image:height\" content=\"800\" \/>\n<meta name=\"twitter:card\" content=\"summary_large_image\" \/>\n<meta name=\"twitter:label1\" content=\"Escrito por\" \/>\n\t<meta name=\"twitter:data1\" content=\"ftosti\" \/>\n\t<meta name=\"twitter:label2\" content=\"Tiempo de lectura\" \/>\n\t<meta name=\"twitter:data2\" content=\"2 minutos\" \/>\n<script type=\"application\/ld+json\" class=\"yoast-schema-graph\">{\"@context\":\"https:\/\/schema.org\",\"@graph\":[{\"@type\":\"WebSite\",\"@id\":\"https:\/\/aehg-laplata.org.ar\/nueva\/#website\",\"url\":\"https:\/\/aehg-laplata.org.ar\/nueva\/\",\"name\":\"AEHG La Plata\",\"description\":\"\",\"potentialAction\":[{\"@type\":\"SearchAction\",\"target\":{\"@type\":\"EntryPoint\",\"urlTemplate\":\"https:\/\/aehg-laplata.org.ar\/nueva\/?s={search_term_string}\"},\"query-input\":\"required name=search_term_string\"}],\"inLanguage\":\"es-AR\"},{\"@type\":\"ImageObject\",\"@id\":\"https:\/\/aehg-laplata.org.ar\/nueva\/economia-circular-la-aehg-la-plata-participo-de-la-mesa-de-dialogo-provincial-sobre-el-tratamiento-del-aceite-vegetal-usado\/#primaryimage\",\"inLanguage\":\"es-AR\",\"url\":\"https:\/\/aehg-laplata.org.ar\/nueva\/wp-content\/uploads\/3-34.jpg\",\"contentUrl\":\"https:\/\/aehg-laplata.org.ar\/nueva\/wp-content\/uploads\/3-34.jpg\",\"width\":1447,\"height\":800},{\"@type\":\"WebPage\",\"@id\":\"https:\/\/aehg-laplata.org.ar\/nueva\/economia-circular-la-aehg-la-plata-participo-de-la-mesa-de-dialogo-provincial-sobre-el-tratamiento-del-aceite-vegetal-usado\/#webpage\",\"url\":\"https:\/\/aehg-laplata.org.ar\/nueva\/economia-circular-la-aehg-la-plata-participo-de-la-mesa-de-dialogo-provincial-sobre-el-tratamiento-del-aceite-vegetal-usado\/\",\"name\":\"Econom\\u00eda Circular: la AEHG La Plata particip\\u00f3 de la mesa de di\\u00e1logo provincial sobre el tratamiento del aceite vegetal usado - AEHG La Plata\",\"isPartOf\":{\"@id\":\"https:\/\/aehg-laplata.org.ar\/nueva\/#website\"},\"primaryImageOfPage\":{\"@id\":\"https:\/\/aehg-laplata.org.ar\/nueva\/economia-circular-la-aehg-la-plata-participo-de-la-mesa-de-dialogo-provincial-sobre-el-tratamiento-del-aceite-vegetal-usado\/#primaryimage\"},\"datePublished\":\"2026-03-05T11:24:23+00:00\",\"dateModified\":\"2026-03-05T11:26:08+00:00\",\"author\":{\"@id\":\"https:\/\/aehg-laplata.org.ar\/nueva\/#\/schema\/person\/7f7b2f53bda3353446a1e6bfb4837e14\"},\"breadcrumb\":{\"@id\":\"https:\/\/aehg-laplata.org.ar\/nueva\/economia-circular-la-aehg-la-plata-participo-de-la-mesa-de-dialogo-provincial-sobre-el-tratamiento-del-aceite-vegetal-usado\/#breadcrumb\"},\"inLanguage\":\"es-AR\",\"potentialAction\":[{\"@type\":\"ReadAction\",\"target\":[\"https:\/\/aehg-laplata.org.ar\/nueva\/economia-circular-la-aehg-la-plata-participo-de-la-mesa-de-dialogo-provincial-sobre-el-tratamiento-del-aceite-vegetal-usado\/\"]}]},{\"@type\":\"BreadcrumbList\",\"@id\":\"https:\/\/aehg-laplata.org.ar\/nueva\/economia-circular-la-aehg-la-plata-participo-de-la-mesa-de-dialogo-provincial-sobre-el-tratamiento-del-aceite-vegetal-usado\/#breadcrumb\",\"itemListElement\":[{\"@type\":\"ListItem\",\"position\":1,\"name\":\"Inicio\",\"item\":\"https:\/\/aehg-laplata.org.ar\/nueva\/\"},{\"@type\":\"ListItem\",\"position\":2,\"name\":\"Econom\\u00eda Circular: la AEHG La Plata particip\\u00f3 de la mesa de di\\u00e1logo provincial sobre el tratamiento del aceite vegetal usado\"}]},{\"@type\":\"Person\",\"@id\":\"https:\/\/aehg-laplata.org.ar\/nueva\/#\/schema\/person\/7f7b2f53bda3353446a1e6bfb4837e14\",\"name\":\"ftosti\",\"image\":{\"@type\":\"ImageObject\",\"@id\":\"https:\/\/aehg-laplata.org.ar\/nueva\/#personlogo\",\"inLanguage\":\"es-AR\",\"url\":\"https:\/\/secure.gravatar.com\/avatar\/602f4beec51ba7ffdca86e4faf5d039c?s=96&d=mm&r=g\",\"contentUrl\":\"https:\/\/secure.gravatar.com\/avatar\/602f4beec51ba7ffdca86e4faf5d039c?s=96&d=mm&r=g\",\"caption\":\"ftosti\"},\"url\":\"https:\/\/aehg-laplata.org.ar\/nueva\/author\/ftosti\/\"}]}<\/script>\n<!-- \/ Yoast SEO plugin. -->","yoast_head_json":{"title":"Econom\u00eda Circular: la AEHG La Plata particip\u00f3 de la mesa de di\u00e1logo provincial sobre el tratamiento del aceite vegetal usado - AEHG La Plata","robots":{"index":"index","follow":"follow","max-snippet":"max-snippet:-1","max-image-preview":"max-image-preview:large","max-video-preview":"max-video-preview:-1"},"canonical":"https:\/\/aehg-laplata.org.ar\/nueva\/economia-circular-la-aehg-la-plata-participo-de-la-mesa-de-dialogo-provincial-sobre-el-tratamiento-del-aceite-vegetal-usado\/","og_locale":"es_ES","og_type":"article","og_title":"Econom\u00eda Circular: la AEHG La Plata particip\u00f3 de la mesa de di\u00e1logo provincial sobre el tratamiento del aceite vegetal usado - AEHG La Plata","og_description":"[vc_row][vc_column][vc_column_text] Econom\u00eda Circular: la AEHG La Plata particip\u00f3 de la mesa de di\u00e1logo provincial sobre el tratamiento del aceite vegetal...","og_url":"https:\/\/aehg-laplata.org.ar\/nueva\/economia-circular-la-aehg-la-plata-participo-de-la-mesa-de-dialogo-provincial-sobre-el-tratamiento-del-aceite-vegetal-usado\/","og_site_name":"AEHG La Plata","article_publisher":"https:\/\/www.facebook.com\/AehgLaPlataOK\/","article_published_time":"2026-03-05T11:24:23+00:00","article_modified_time":"2026-03-05T11:26:08+00:00","og_image":[{"width":1447,"height":800,"url":"https:\/\/aehg-laplata.org.ar\/nueva\/wp-content\/uploads\/3-34.jpg","path":"\/home\/c1070183\/public_html\/nueva\/wp-content\/uploads\/3-34.jpg","size":"full","id":2722,"alt":"","pixels":1157600,"type":"image\/jpeg"}],"twitter_card":"summary_large_image","twitter_misc":{"Escrito por":"ftosti","Tiempo de lectura":"2 minutos"},"schema":{"@context":"https:\/\/schema.org","@graph":[{"@type":"WebSite","@id":"https:\/\/aehg-laplata.org.ar\/nueva\/#website","url":"https:\/\/aehg-laplata.org.ar\/nueva\/","name":"AEHG La Plata","description":"","potentialAction":[{"@type":"SearchAction","target":{"@type":"EntryPoint","urlTemplate":"https:\/\/aehg-laplata.org.ar\/nueva\/?s={search_term_string}"},"query-input":"required name=search_term_string"}],"inLanguage":"es-AR"},{"@type":"ImageObject","@id":"https:\/\/aehg-laplata.org.ar\/nueva\/economia-circular-la-aehg-la-plata-participo-de-la-mesa-de-dialogo-provincial-sobre-el-tratamiento-del-aceite-vegetal-usado\/#primaryimage","inLanguage":"es-AR","url":"https:\/\/aehg-laplata.org.ar\/nueva\/wp-content\/uploads\/3-34.jpg","contentUrl":"https:\/\/aehg-laplata.org.ar\/nueva\/wp-content\/uploads\/3-34.jpg","width":1447,"height":800},{"@type":"WebPage","@id":"https:\/\/aehg-laplata.org.ar\/nueva\/economia-circular-la-aehg-la-plata-participo-de-la-mesa-de-dialogo-provincial-sobre-el-tratamiento-del-aceite-vegetal-usado\/#webpage","url":"https:\/\/aehg-laplata.org.ar\/nueva\/economia-circular-la-aehg-la-plata-participo-de-la-mesa-de-dialogo-provincial-sobre-el-tratamiento-del-aceite-vegetal-usado\/","name":"Econom\u00eda Circular: la AEHG La Plata particip\u00f3 de la mesa de di\u00e1logo provincial sobre el tratamiento del aceite vegetal usado - AEHG La Plata","isPartOf":{"@id":"https:\/\/aehg-laplata.org.ar\/nueva\/#website"},"primaryImageOfPage":{"@id":"https:\/\/aehg-laplata.org.ar\/nueva\/economia-circular-la-aehg-la-plata-participo-de-la-mesa-de-dialogo-provincial-sobre-el-tratamiento-del-aceite-vegetal-usado\/#primaryimage"},"datePublished":"2026-03-05T11:24:23+00:00","dateModified":"2026-03-05T11:26:08+00:00","author":{"@id":"https:\/\/aehg-laplata.org.ar\/nueva\/#\/schema\/person\/7f7b2f53bda3353446a1e6bfb4837e14"},"breadcrumb":{"@id":"https:\/\/aehg-laplata.org.ar\/nueva\/economia-circular-la-aehg-la-plata-participo-de-la-mesa-de-dialogo-provincial-sobre-el-tratamiento-del-aceite-vegetal-usado\/#breadcrumb"},"inLanguage":"es-AR","potentialAction":[{"@type":"ReadAction","target":["https:\/\/aehg-laplata.org.ar\/nueva\/economia-circular-la-aehg-la-plata-participo-de-la-mesa-de-dialogo-provincial-sobre-el-tratamiento-del-aceite-vegetal-usado\/"]}]},{"@type":"BreadcrumbList","@id":"https:\/\/aehg-laplata.org.ar\/nueva\/economia-circular-la-aehg-la-plata-participo-de-la-mesa-de-dialogo-provincial-sobre-el-tratamiento-del-aceite-vegetal-usado\/#breadcrumb","itemListElement":[{"@type":"ListItem","position":1,"name":"Inicio","item":"https:\/\/aehg-laplata.org.ar\/nueva\/"},{"@type":"ListItem","position":2,"name":"Econom\u00eda Circular: la AEHG La Plata particip\u00f3 de la mesa de di\u00e1logo provincial sobre el tratamiento del aceite vegetal usado"}]},{"@type":"Person","@id":"https:\/\/aehg-laplata.org.ar\/nueva\/#\/schema\/person\/7f7b2f53bda3353446a1e6bfb4837e14","name":"ftosti","image":{"@type":"ImageObject","@id":"https:\/\/aehg-laplata.org.ar\/nueva\/#personlogo","inLanguage":"es-AR","url":"https:\/\/secure.gravatar.com\/avatar\/602f4beec51ba7ffdca86e4faf5d039c?s=96&d=mm&r=g","contentUrl":"https:\/\/secure.gravatar.com\/avatar\/602f4beec51ba7ffdca86e4faf5d039c?s=96&d=mm&r=g","caption":"ftosti"},"url":"https:\/\/aehg-laplata.org.ar\/nueva\/author\/ftosti\/"}]}},"_links":{"self":[{"href":"https:\/\/aehg-laplata.org.ar\/nueva\/wp-json\/wp\/v2\/posts\/2721"}],"collection":[{"href":"https:\/\/aehg-laplata.org.ar\/nueva\/wp-json\/wp\/v2\/posts"}],"about":[{"href":"https:\/\/aehg-laplata.org.ar\/nueva\/wp-json\/wp\/v2\/types\/post"}],"author":[{"embeddable":true,"href":"https:\/\/aehg-laplata.org.ar\/nueva\/wp-json\/wp\/v2\/users\/1"}],"replies":[{"embeddable":true,"href":"https:\/\/aehg-laplata.org.ar\/nueva\/wp-json\/wp\/v2\/comments?post=2721"}],"version-history":[{"count":2,"href":"https:\/\/aehg-laplata.org.ar\/nueva\/wp-json\/wp\/v2\/posts\/2721\/revisions"}],"predecessor-version":[{"id":2726,"href":"https:\/\/aehg-laplata.org.ar\/nueva\/wp-json\/wp\/v2\/posts\/2721\/revisions\/2726"}],"wp:featuredmedia":[{"embeddable":true,"href":"https:\/\/aehg-laplata.org.ar\/nueva\/wp-json\/wp\/v2\/media\/2722"}],"wp:attachment":[{"href":"https:\/\/aehg-laplata.org.ar\/nueva\/wp-json\/wp\/v2\/media?parent=2721"}],"wp:term":[{"taxonomy":"category","embeddable":true,"href":"https:\/\/aehg-laplata.org.ar\/nueva\/wp-json\/wp\/v2\/categories?post=2721"},{"taxonomy":"post_tag","embeddable":true,"href":"https:\/\/aehg-laplata.org.ar\/nueva\/wp-json\/wp\/v2\/tags?post=2721"}],"curies":[{"name":"wp","href":"https:\/\/api.w.org\/{rel}","templated":true}]}}