{"id":2717,"date":"2026-03-02T09:19:20","date_gmt":"2026-03-02T12:19:20","guid":{"rendered":"https:\/\/aehg-laplata.org.ar\/nueva\/?p=2717"},"modified":"2026-03-02T09:19:20","modified_gmt":"2026-03-02T12:19:20","slug":"zarate-suma-una-nueva-plaza-hotelera-orientada-al-publico-corporativo-y-empresarial","status":"publish","type":"post","link":"https:\/\/aehg-laplata.org.ar\/nueva\/zarate-suma-una-nueva-plaza-hotelera-orientada-al-publico-corporativo-y-empresarial\/","title":{"rendered":"Z\u00e1rate suma una nueva plaza hotelera orientada al p\u00fablico corporativo y empresarial"},"content":{"rendered":"<p>[vc_row][vc_column][vc_column_text]<\/p>\n<h3 class=\"entry-title\">Z\u00e1rate suma una nueva plaza hotelera orientada al p\u00fablico corporativo y empresarial<\/h3>\n<p>[\/vc_column_text][\/vc_column][\/vc_row][vc_row][vc_column css=&#8221;.vc_custom_1457772902902{margin-top: -10px !important;}&#8221;][vc_column_text]<em>La AEHG La Plata acompa\u00f1\u00f3 la inauguraci\u00f3n del Form Hotel Z\u00e1rate, ubicado en Ituzaing\u00f3 856.<\/em>[\/vc_column_text][\/vc_column][\/vc_row][vc_row equal_height=&#8221;yes&#8221;][vc_column][vc_single_image image=&#8221;2718&#8243; img_size=&#8221;full&#8221; onclick=&#8221;link_image&#8221;][\/vc_column][\/vc_row][vc_row][vc_column css=&#8221;.vc_custom_1457772902902{margin-top: -10px !important;}&#8221;][vc_column_text]La ciudad de Z\u00e1rate incorpora una nueva propuesta de alojamiento orientada al segmento corporativo y empresarial con la apertura del Form Hotel Z\u00e1rate, ubicado estrat\u00e9gicamente en Ituzaing\u00f3 856.<\/p>\n<p>La Asociaci\u00f3n Empresaria Hotelera, Gastron\u00f3mica y Pastelera de la Ciudad de La Plata y su Zona de Influencia (AEHG La Plata) estuvo presente en el acto inaugural del establecimiento, reafirmando su compromiso con el fortalecimiento y desarrollo del sector hotelero y gastron\u00f3mico.<\/p>\n<p>El establecimiento es propiedad del socio Marcelo El Shami, quien encabez\u00f3 el acto inaugural acompa\u00f1ado por autoridades, colegas y representantes del sector. La apertura del Form Hotel Z\u00e1rate suma una nueva propuesta de alojamiento orientada al p\u00fablico corporativo y empresarial, ampliando la oferta de servicios en la ciudad.<\/p>\n<p>En representaci\u00f3n de la AEHG La Plata asisti\u00f3 el miembro de Comisi\u00f3n Directiva Mart\u00edn Raina, quien hizo entrega de un obsequio institucional en nombre de la Entidad, celebrando esta nueva inversi\u00f3n y reafirmando el acompa\u00f1amiento permanente a sus asociados.<\/p>\n<p>Desde la AEHG La Plata expresamos nuestro reconocimiento y deseamos el mayor de los \u00e9xitos al equipo del Form Hotel Z\u00e1rate en esta etapa que comienza, confiando en que su propuesta contribuir\u00e1 al crecimiento y consolidaci\u00f3n del sector en la regi\u00f3n.[\/vc_column_text][\/vc_column][\/vc_row]<\/p>\n","protected":false},"excerpt":{"rendered":"<p>[vc_row][vc_column][vc_column_text] Z\u00e1rate suma una nueva plaza hotelera orientada al p\u00fablico corporativo y empresarial [\/vc_column_text][\/vc_column][\/vc_row][vc_row][vc_column css=&#8221;.vc_custom_1457772902902{margin-top: -10px !important;}&#8221;][vc_column_text]La AEHG La Plata&#8230;<\/p>\n","protected":false},"author":1,"featured_media":2718,"comment_status":"closed","ping_status":"closed","sticky":false,"template":"","format":"standard","meta":[],"categories":[4],"tags":[],"yoast_head":"<!-- This site is optimized with the Yoast SEO plugin v17.2.1 - https:\/\/yoast.com\/wordpress\/plugins\/seo\/ -->\n<title>Z\u00e1rate suma una nueva plaza hotelera orientada al p\u00fablico corporativo y empresarial - AEHG La Plata<\/title>\n<meta name=\"robots\" content=\"index, follow, max-snippet:-1, max-image-preview:large, max-video-preview:-1\" \/>\n<link rel=\"canonical\" href=\"https:\/\/aehg-laplata.org.ar\/nueva\/zarate-suma-una-nueva-plaza-hotelera-orientada-al-publico-corporativo-y-empresarial\/\" \/>\n<meta property=\"og:locale\" content=\"es_ES\" \/>\n<meta property=\"og:type\" content=\"article\" \/>\n<meta property=\"og:title\" content=\"Z\u00e1rate suma una nueva plaza hotelera orientada al p\u00fablico corporativo y empresarial - AEHG La Plata\" \/>\n<meta property=\"og:description\" content=\"[vc_row][vc_column][vc_column_text] Z\u00e1rate suma una nueva plaza hotelera orientada al p\u00fablico corporativo y empresarial [\/vc_column_text][\/vc_column][\/vc_row][vc_row][vc_column css=&#8221;.vc_custom_1457772902902{margin-top: -10px !important;}&#8221;][vc_column_text]La AEHG La Plata...\" \/>\n<meta property=\"og:url\" content=\"https:\/\/aehg-laplata.org.ar\/nueva\/zarate-suma-una-nueva-plaza-hotelera-orientada-al-publico-corporativo-y-empresarial\/\" \/>\n<meta property=\"og:site_name\" content=\"AEHG La Plata\" \/>\n<meta property=\"article:publisher\" content=\"https:\/\/www.facebook.com\/AehgLaPlataOK\/\" \/>\n<meta property=\"article:published_time\" content=\"2026-03-02T12:19:20+00:00\" \/>\n<meta property=\"og:image\" content=\"https:\/\/aehg-laplata.org.ar\/nueva\/wp-content\/uploads\/Zarate-suma-una-nueva-plaza-hotelera-orientada-al-publico-corporativo-y-empresarial.jpg\" \/>\n\t<meta property=\"og:image:width\" content=\"1055\" \/>\n\t<meta property=\"og:image:height\" content=\"800\" \/>\n<meta name=\"twitter:card\" content=\"summary_large_image\" \/>\n<meta name=\"twitter:label1\" content=\"Escrito por\" \/>\n\t<meta name=\"twitter:data1\" content=\"ftosti\" \/>\n\t<meta name=\"twitter:label2\" content=\"Tiempo de lectura\" \/>\n\t<meta name=\"twitter:data2\" content=\"2 minutos\" \/>\n<script type=\"application\/ld+json\" class=\"yoast-schema-graph\">{\"@context\":\"https:\/\/schema.org\",\"@graph\":[{\"@type\":\"WebSite\",\"@id\":\"https:\/\/aehg-laplata.org.ar\/nueva\/#website\",\"url\":\"https:\/\/aehg-laplata.org.ar\/nueva\/\",\"name\":\"AEHG La Plata\",\"description\":\"\",\"potentialAction\":[{\"@type\":\"SearchAction\",\"target\":{\"@type\":\"EntryPoint\",\"urlTemplate\":\"https:\/\/aehg-laplata.org.ar\/nueva\/?s={search_term_string}\"},\"query-input\":\"required name=search_term_string\"}],\"inLanguage\":\"es-AR\"},{\"@type\":\"ImageObject\",\"@id\":\"https:\/\/aehg-laplata.org.ar\/nueva\/zarate-suma-una-nueva-plaza-hotelera-orientada-al-publico-corporativo-y-empresarial\/#primaryimage\",\"inLanguage\":\"es-AR\",\"url\":\"https:\/\/aehg-laplata.org.ar\/nueva\/wp-content\/uploads\/Zarate-suma-una-nueva-plaza-hotelera-orientada-al-publico-corporativo-y-empresarial.jpg\",\"contentUrl\":\"https:\/\/aehg-laplata.org.ar\/nueva\/wp-content\/uploads\/Zarate-suma-una-nueva-plaza-hotelera-orientada-al-publico-corporativo-y-empresarial.jpg\",\"width\":1055,\"height\":800},{\"@type\":\"WebPage\",\"@id\":\"https:\/\/aehg-laplata.org.ar\/nueva\/zarate-suma-una-nueva-plaza-hotelera-orientada-al-publico-corporativo-y-empresarial\/#webpage\",\"url\":\"https:\/\/aehg-laplata.org.ar\/nueva\/zarate-suma-una-nueva-plaza-hotelera-orientada-al-publico-corporativo-y-empresarial\/\",\"name\":\"Z\\u00e1rate suma una nueva plaza hotelera orientada al p\\u00fablico corporativo y empresarial - AEHG La Plata\",\"isPartOf\":{\"@id\":\"https:\/\/aehg-laplata.org.ar\/nueva\/#website\"},\"primaryImageOfPage\":{\"@id\":\"https:\/\/aehg-laplata.org.ar\/nueva\/zarate-suma-una-nueva-plaza-hotelera-orientada-al-publico-corporativo-y-empresarial\/#primaryimage\"},\"datePublished\":\"2026-03-02T12:19:20+00:00\",\"dateModified\":\"2026-03-02T12:19:20+00:00\",\"author\":{\"@id\":\"https:\/\/aehg-laplata.org.ar\/nueva\/#\/schema\/person\/7f7b2f53bda3353446a1e6bfb4837e14\"},\"breadcrumb\":{\"@id\":\"https:\/\/aehg-laplata.org.ar\/nueva\/zarate-suma-una-nueva-plaza-hotelera-orientada-al-publico-corporativo-y-empresarial\/#breadcrumb\"},\"inLanguage\":\"es-AR\",\"potentialAction\":[{\"@type\":\"ReadAction\",\"target\":[\"https:\/\/aehg-laplata.org.ar\/nueva\/zarate-suma-una-nueva-plaza-hotelera-orientada-al-publico-corporativo-y-empresarial\/\"]}]},{\"@type\":\"BreadcrumbList\",\"@id\":\"https:\/\/aehg-laplata.org.ar\/nueva\/zarate-suma-una-nueva-plaza-hotelera-orientada-al-publico-corporativo-y-empresarial\/#breadcrumb\",\"itemListElement\":[{\"@type\":\"ListItem\",\"position\":1,\"name\":\"Inicio\",\"item\":\"https:\/\/aehg-laplata.org.ar\/nueva\/\"},{\"@type\":\"ListItem\",\"position\":2,\"name\":\"Z\\u00e1rate suma una nueva plaza hotelera orientada al p\\u00fablico corporativo y empresarial\"}]},{\"@type\":\"Person\",\"@id\":\"https:\/\/aehg-laplata.org.ar\/nueva\/#\/schema\/person\/7f7b2f53bda3353446a1e6bfb4837e14\",\"name\":\"ftosti\",\"image\":{\"@type\":\"ImageObject\",\"@id\":\"https:\/\/aehg-laplata.org.ar\/nueva\/#personlogo\",\"inLanguage\":\"es-AR\",\"url\":\"https:\/\/secure.gravatar.com\/avatar\/602f4beec51ba7ffdca86e4faf5d039c?s=96&d=mm&r=g\",\"contentUrl\":\"https:\/\/secure.gravatar.com\/avatar\/602f4beec51ba7ffdca86e4faf5d039c?s=96&d=mm&r=g\",\"caption\":\"ftosti\"},\"url\":\"https:\/\/aehg-laplata.org.ar\/nueva\/author\/ftosti\/\"}]}<\/script>\n<!-- \/ Yoast SEO plugin. -->","yoast_head_json":{"title":"Z\u00e1rate suma una nueva plaza hotelera orientada al p\u00fablico corporativo y empresarial - AEHG La Plata","robots":{"index":"index","follow":"follow","max-snippet":"max-snippet:-1","max-image-preview":"max-image-preview:large","max-video-preview":"max-video-preview:-1"},"canonical":"https:\/\/aehg-laplata.org.ar\/nueva\/zarate-suma-una-nueva-plaza-hotelera-orientada-al-publico-corporativo-y-empresarial\/","og_locale":"es_ES","og_type":"article","og_title":"Z\u00e1rate suma una nueva plaza hotelera orientada al p\u00fablico corporativo y empresarial - AEHG La Plata","og_description":"[vc_row][vc_column][vc_column_text] Z\u00e1rate suma una nueva plaza hotelera orientada al p\u00fablico corporativo y empresarial [\/vc_column_text][\/vc_column][\/vc_row][vc_row][vc_column css=&#8221;.vc_custom_1457772902902{margin-top: -10px !important;}&#8221;][vc_column_text]La AEHG La Plata...","og_url":"https:\/\/aehg-laplata.org.ar\/nueva\/zarate-suma-una-nueva-plaza-hotelera-orientada-al-publico-corporativo-y-empresarial\/","og_site_name":"AEHG La Plata","article_publisher":"https:\/\/www.facebook.com\/AehgLaPlataOK\/","article_published_time":"2026-03-02T12:19:20+00:00","og_image":[{"width":1055,"height":800,"url":"https:\/\/aehg-laplata.org.ar\/nueva\/wp-content\/uploads\/Zarate-suma-una-nueva-plaza-hotelera-orientada-al-publico-corporativo-y-empresarial.jpg","path":"\/home\/c1070183\/public_html\/nueva\/wp-content\/uploads\/Zarate-suma-una-nueva-plaza-hotelera-orientada-al-publico-corporativo-y-empresarial.jpg","size":"full","id":2718,"alt":"","pixels":844000,"type":"image\/jpeg"}],"twitter_card":"summary_large_image","twitter_misc":{"Escrito por":"ftosti","Tiempo de lectura":"2 minutos"},"schema":{"@context":"https:\/\/schema.org","@graph":[{"@type":"WebSite","@id":"https:\/\/aehg-laplata.org.ar\/nueva\/#website","url":"https:\/\/aehg-laplata.org.ar\/nueva\/","name":"AEHG La Plata","description":"","potentialAction":[{"@type":"SearchAction","target":{"@type":"EntryPoint","urlTemplate":"https:\/\/aehg-laplata.org.ar\/nueva\/?s={search_term_string}"},"query-input":"required name=search_term_string"}],"inLanguage":"es-AR"},{"@type":"ImageObject","@id":"https:\/\/aehg-laplata.org.ar\/nueva\/zarate-suma-una-nueva-plaza-hotelera-orientada-al-publico-corporativo-y-empresarial\/#primaryimage","inLanguage":"es-AR","url":"https:\/\/aehg-laplata.org.ar\/nueva\/wp-content\/uploads\/Zarate-suma-una-nueva-plaza-hotelera-orientada-al-publico-corporativo-y-empresarial.jpg","contentUrl":"https:\/\/aehg-laplata.org.ar\/nueva\/wp-content\/uploads\/Zarate-suma-una-nueva-plaza-hotelera-orientada-al-publico-corporativo-y-empresarial.jpg","width":1055,"height":800},{"@type":"WebPage","@id":"https:\/\/aehg-laplata.org.ar\/nueva\/zarate-suma-una-nueva-plaza-hotelera-orientada-al-publico-corporativo-y-empresarial\/#webpage","url":"https:\/\/aehg-laplata.org.ar\/nueva\/zarate-suma-una-nueva-plaza-hotelera-orientada-al-publico-corporativo-y-empresarial\/","name":"Z\u00e1rate suma una nueva plaza hotelera orientada al p\u00fablico corporativo y empresarial - AEHG La Plata","isPartOf":{"@id":"https:\/\/aehg-laplata.org.ar\/nueva\/#website"},"primaryImageOfPage":{"@id":"https:\/\/aehg-laplata.org.ar\/nueva\/zarate-suma-una-nueva-plaza-hotelera-orientada-al-publico-corporativo-y-empresarial\/#primaryimage"},"datePublished":"2026-03-02T12:19:20+00:00","dateModified":"2026-03-02T12:19:20+00:00","author":{"@id":"https:\/\/aehg-laplata.org.ar\/nueva\/#\/schema\/person\/7f7b2f53bda3353446a1e6bfb4837e14"},"breadcrumb":{"@id":"https:\/\/aehg-laplata.org.ar\/nueva\/zarate-suma-una-nueva-plaza-hotelera-orientada-al-publico-corporativo-y-empresarial\/#breadcrumb"},"inLanguage":"es-AR","potentialAction":[{"@type":"ReadAction","target":["https:\/\/aehg-laplata.org.ar\/nueva\/zarate-suma-una-nueva-plaza-hotelera-orientada-al-publico-corporativo-y-empresarial\/"]}]},{"@type":"BreadcrumbList","@id":"https:\/\/aehg-laplata.org.ar\/nueva\/zarate-suma-una-nueva-plaza-hotelera-orientada-al-publico-corporativo-y-empresarial\/#breadcrumb","itemListElement":[{"@type":"ListItem","position":1,"name":"Inicio","item":"https:\/\/aehg-laplata.org.ar\/nueva\/"},{"@type":"ListItem","position":2,"name":"Z\u00e1rate suma una nueva plaza hotelera orientada al p\u00fablico corporativo y empresarial"}]},{"@type":"Person","@id":"https:\/\/aehg-laplata.org.ar\/nueva\/#\/schema\/person\/7f7b2f53bda3353446a1e6bfb4837e14","name":"ftosti","image":{"@type":"ImageObject","@id":"https:\/\/aehg-laplata.org.ar\/nueva\/#personlogo","inLanguage":"es-AR","url":"https:\/\/secure.gravatar.com\/avatar\/602f4beec51ba7ffdca86e4faf5d039c?s=96&d=mm&r=g","contentUrl":"https:\/\/secure.gravatar.com\/avatar\/602f4beec51ba7ffdca86e4faf5d039c?s=96&d=mm&r=g","caption":"ftosti"},"url":"https:\/\/aehg-laplata.org.ar\/nueva\/author\/ftosti\/"}]}},"_links":{"self":[{"href":"https:\/\/aehg-laplata.org.ar\/nueva\/wp-json\/wp\/v2\/posts\/2717"}],"collection":[{"href":"https:\/\/aehg-laplata.org.ar\/nueva\/wp-json\/wp\/v2\/posts"}],"about":[{"href":"https:\/\/aehg-laplata.org.ar\/nueva\/wp-json\/wp\/v2\/types\/post"}],"author":[{"embeddable":true,"href":"https:\/\/aehg-laplata.org.ar\/nueva\/wp-json\/wp\/v2\/users\/1"}],"replies":[{"embeddable":true,"href":"https:\/\/aehg-laplata.org.ar\/nueva\/wp-json\/wp\/v2\/comments?post=2717"}],"version-history":[{"count":2,"href":"https:\/\/aehg-laplata.org.ar\/nueva\/wp-json\/wp\/v2\/posts\/2717\/revisions"}],"predecessor-version":[{"id":2720,"href":"https:\/\/aehg-laplata.org.ar\/nueva\/wp-json\/wp\/v2\/posts\/2717\/revisions\/2720"}],"wp:featuredmedia":[{"embeddable":true,"href":"https:\/\/aehg-laplata.org.ar\/nueva\/wp-json\/wp\/v2\/media\/2718"}],"wp:attachment":[{"href":"https:\/\/aehg-laplata.org.ar\/nueva\/wp-json\/wp\/v2\/media?parent=2717"}],"wp:term":[{"taxonomy":"category","embeddable":true,"href":"https:\/\/aehg-laplata.org.ar\/nueva\/wp-json\/wp\/v2\/categories?post=2717"},{"taxonomy":"post_tag","embeddable":true,"href":"https:\/\/aehg-laplata.org.ar\/nueva\/wp-json\/wp\/v2\/tags?post=2717"}],"curies":[{"name":"wp","href":"https:\/\/api.w.org\/{rel}","templated":true}]}}