{"id":2681,"date":"2026-02-20T08:32:18","date_gmt":"2026-02-20T11:32:18","guid":{"rendered":"https:\/\/aehg-laplata.org.ar\/nueva\/?p=2681"},"modified":"2026-02-20T08:32:18","modified_gmt":"2026-02-20T11:32:18","slug":"beruti-historia-identidad-y-encanto-rural-en-el-corazon-bonaerense","status":"publish","type":"post","link":"https:\/\/aehg-laplata.org.ar\/nueva\/beruti-historia-identidad-y-encanto-rural-en-el-corazon-bonaerense\/","title":{"rendered":"Beruti: historia, identidad y encanto rural en el coraz\u00f3n bonaerense"},"content":{"rendered":"<p>[vc_row][vc_column][vc_column_text]<\/p>\n<h3 class=\"entry-title\">Beruti: historia, identidad y encanto rural en el coraz\u00f3n bonaerense<\/h3>\n<p>[\/vc_column_text][\/vc_column][\/vc_row][vc_row][vc_column css=&#8221;.vc_custom_1457772902902{margin-top: -10px !important;}&#8221;][vc_column_text]En el partido de Trenque Lauquen, en el oeste de la provincia de Buenos Aires, se encuentra Beruti, un pueblo que conserva intacto el esp\u00edritu de las comunidades ferroviarias y productivas que forjaron el crecimiento del interior argentino.[\/vc_column_text][\/vc_column][\/vc_row][vc_row equal_height=&#8221;yes&#8221;][vc_column][vc_single_image image=&#8221;2682&#8243; img_size=&#8221;full&#8221; onclick=&#8221;link_image&#8221;][\/vc_column][\/vc_row][vc_row][vc_column css=&#8221;.vc_custom_1457772902902{margin-top: -10px !important;}&#8221;][vc_column_text]<strong>Un origen ligado al ferrocarril y la industria<\/strong><\/p>\n<p>Hacia el a\u00f1o 1894, frente a las v\u00edas del entonces Ferrocarril del Oeste \u2014que luego pasar\u00eda a formar parte del hist\u00f3rico Ferrocarril Sarmiento\u2014 se instal\u00f3 un molino harinero de dos plantas. Aquella construcci\u00f3n marc\u00f3 el inicio de una etapa de desarrollo productivo vinculada al campo y a la transformaci\u00f3n de materias primas.<\/p>\n<p>El tren no solo conectaba a Beruti con otros centros urbanos, sino que era el motor econ\u00f3mico y social de la regi\u00f3n. A su alrededor crecieron comercios, viviendas y espacios de encuentro que dieron identidad al pueblo.<\/p>\n<p>El pasado industrial volvi\u00f3 a tomar protagonismo en 1935 con la apertura de la empresa Grandes Industrias Argentinas Textiles y Barnices Aplicados a Trencillas (GIAT Y BAT). Esta firma se convirti\u00f3 en una fuente clave de empleo y dinamiz\u00f3 la econom\u00eda local durante d\u00e9cadas, hasta su cierre definitivo en el a\u00f1o 2012. Su historia forma parte de la memoria colectiva de Beruti y representa el esfuerzo y la cultura del trabajo que caracterizan a la comunidad.<\/p>\n<p><strong>Qu\u00e9 hacer en Beruti<\/strong><\/p>\n<p>Hoy, Beruti invita a disfrutar de un turismo tranquilo, aut\u00e9ntico y cercano:<\/p>\n<p>Recorrer su plaza principal, punto de encuentro social y escenario de celebraciones locales.<\/p>\n<p>Visitar la estaci\u00f3n ferroviaria, s\u00edmbolo del origen y crecimiento del pueblo.<\/p>\n<p>Descubrir construcciones hist\u00f3ricas que a\u00fan conservan la impronta de fines del siglo XIX y principios del XX.<\/p>\n<p>Conectar con la naturaleza, rodeada de extensos paisajes rurales t\u00edpicos del oeste bonaerense.<\/p>\n<p>Es un destino ideal para una escapada de fin de semana, para quienes buscan desconectarse del ritmo urbano y reconectar con la historia, la hospitalidad y la identidad productiva del interior.<\/p>\n<p><strong>Sabores y tradici\u00f3n<\/strong><\/p>\n<p>La experiencia se completa con la gastronom\u00eda regional, donde predominan recetas caseras, carnes, pasteler\u00eda artesanal y sabores tradicionales que reflejan el legado de generaciones de familias trabajadoras.<\/p>\n<p>Desde la Asociaci\u00f3n Empresaria Hotelera, Gastron\u00f3mica y Pastelera de la ciudad de La Plata y su zona de influencia, invitamos a nuestros lectores a descubrir estos destinos que enriquecen la oferta tur\u00edstica bonaerense y fortalecen el entramado regional.[\/vc_column_text][\/vc_column][\/vc_row]<\/p>\n","protected":false},"excerpt":{"rendered":"<p>[vc_row][vc_column][vc_column_text] Beruti: historia, identidad y encanto rural en el coraz\u00f3n bonaerense [\/vc_column_text][\/vc_column][\/vc_row][vc_row][vc_column css=&#8221;.vc_custom_1457772902902{margin-top: -10px !important;}&#8221;][vc_column_text]En el partido de Trenque Lauquen,&#8230;<\/p>\n","protected":false},"author":1,"featured_media":2682,"comment_status":"closed","ping_status":"closed","sticky":false,"template":"","format":"standard","meta":[],"categories":[4],"tags":[],"yoast_head":"<!-- This site is optimized with the Yoast SEO plugin v17.2.1 - https:\/\/yoast.com\/wordpress\/plugins\/seo\/ -->\n<title>Beruti: historia, identidad y encanto rural en el coraz\u00f3n bonaerense - AEHG La Plata<\/title>\n<meta name=\"robots\" content=\"index, follow, max-snippet:-1, max-image-preview:large, max-video-preview:-1\" \/>\n<link rel=\"canonical\" href=\"https:\/\/aehg-laplata.org.ar\/nueva\/beruti-historia-identidad-y-encanto-rural-en-el-corazon-bonaerense\/\" \/>\n<meta property=\"og:locale\" content=\"es_ES\" \/>\n<meta property=\"og:type\" content=\"article\" \/>\n<meta property=\"og:title\" content=\"Beruti: historia, identidad y encanto rural en el coraz\u00f3n bonaerense - AEHG La Plata\" \/>\n<meta property=\"og:description\" content=\"[vc_row][vc_column][vc_column_text] Beruti: historia, identidad y encanto rural en el coraz\u00f3n bonaerense [\/vc_column_text][\/vc_column][\/vc_row][vc_row][vc_column css=&#8221;.vc_custom_1457772902902{margin-top: -10px !important;}&#8221;][vc_column_text]En el partido de Trenque Lauquen,...\" \/>\n<meta property=\"og:url\" content=\"https:\/\/aehg-laplata.org.ar\/nueva\/beruti-historia-identidad-y-encanto-rural-en-el-corazon-bonaerense\/\" \/>\n<meta property=\"og:site_name\" content=\"AEHG La Plata\" \/>\n<meta property=\"article:publisher\" content=\"https:\/\/www.facebook.com\/AehgLaPlataOK\/\" \/>\n<meta property=\"article:published_time\" content=\"2026-02-20T11:32:18+00:00\" \/>\n<meta property=\"og:image\" content=\"https:\/\/aehg-laplata.org.ar\/nueva\/wp-content\/uploads\/Beruti.jpg\" \/>\n\t<meta property=\"og:image:width\" content=\"1200\" \/>\n\t<meta property=\"og:image:height\" content=\"800\" \/>\n<meta name=\"twitter:card\" content=\"summary_large_image\" \/>\n<meta name=\"twitter:label1\" content=\"Escrito por\" \/>\n\t<meta name=\"twitter:data1\" content=\"ftosti\" \/>\n\t<meta name=\"twitter:label2\" content=\"Tiempo de lectura\" \/>\n\t<meta name=\"twitter:data2\" content=\"2 minutos\" \/>\n<script type=\"application\/ld+json\" class=\"yoast-schema-graph\">{\"@context\":\"https:\/\/schema.org\",\"@graph\":[{\"@type\":\"WebSite\",\"@id\":\"https:\/\/aehg-laplata.org.ar\/nueva\/#website\",\"url\":\"https:\/\/aehg-laplata.org.ar\/nueva\/\",\"name\":\"AEHG La Plata\",\"description\":\"\",\"potentialAction\":[{\"@type\":\"SearchAction\",\"target\":{\"@type\":\"EntryPoint\",\"urlTemplate\":\"https:\/\/aehg-laplata.org.ar\/nueva\/?s={search_term_string}\"},\"query-input\":\"required name=search_term_string\"}],\"inLanguage\":\"es-AR\"},{\"@type\":\"ImageObject\",\"@id\":\"https:\/\/aehg-laplata.org.ar\/nueva\/beruti-historia-identidad-y-encanto-rural-en-el-corazon-bonaerense\/#primaryimage\",\"inLanguage\":\"es-AR\",\"url\":\"https:\/\/aehg-laplata.org.ar\/nueva\/wp-content\/uploads\/Beruti.jpg\",\"contentUrl\":\"https:\/\/aehg-laplata.org.ar\/nueva\/wp-content\/uploads\/Beruti.jpg\",\"width\":1200,\"height\":800},{\"@type\":\"WebPage\",\"@id\":\"https:\/\/aehg-laplata.org.ar\/nueva\/beruti-historia-identidad-y-encanto-rural-en-el-corazon-bonaerense\/#webpage\",\"url\":\"https:\/\/aehg-laplata.org.ar\/nueva\/beruti-historia-identidad-y-encanto-rural-en-el-corazon-bonaerense\/\",\"name\":\"Beruti: historia, identidad y encanto rural en el coraz\\u00f3n bonaerense - AEHG La Plata\",\"isPartOf\":{\"@id\":\"https:\/\/aehg-laplata.org.ar\/nueva\/#website\"},\"primaryImageOfPage\":{\"@id\":\"https:\/\/aehg-laplata.org.ar\/nueva\/beruti-historia-identidad-y-encanto-rural-en-el-corazon-bonaerense\/#primaryimage\"},\"datePublished\":\"2026-02-20T11:32:18+00:00\",\"dateModified\":\"2026-02-20T11:32:18+00:00\",\"author\":{\"@id\":\"https:\/\/aehg-laplata.org.ar\/nueva\/#\/schema\/person\/7f7b2f53bda3353446a1e6bfb4837e14\"},\"breadcrumb\":{\"@id\":\"https:\/\/aehg-laplata.org.ar\/nueva\/beruti-historia-identidad-y-encanto-rural-en-el-corazon-bonaerense\/#breadcrumb\"},\"inLanguage\":\"es-AR\",\"potentialAction\":[{\"@type\":\"ReadAction\",\"target\":[\"https:\/\/aehg-laplata.org.ar\/nueva\/beruti-historia-identidad-y-encanto-rural-en-el-corazon-bonaerense\/\"]}]},{\"@type\":\"BreadcrumbList\",\"@id\":\"https:\/\/aehg-laplata.org.ar\/nueva\/beruti-historia-identidad-y-encanto-rural-en-el-corazon-bonaerense\/#breadcrumb\",\"itemListElement\":[{\"@type\":\"ListItem\",\"position\":1,\"name\":\"Inicio\",\"item\":\"https:\/\/aehg-laplata.org.ar\/nueva\/\"},{\"@type\":\"ListItem\",\"position\":2,\"name\":\"Beruti: historia, identidad y encanto rural en el coraz\\u00f3n bonaerense\"}]},{\"@type\":\"Person\",\"@id\":\"https:\/\/aehg-laplata.org.ar\/nueva\/#\/schema\/person\/7f7b2f53bda3353446a1e6bfb4837e14\",\"name\":\"ftosti\",\"image\":{\"@type\":\"ImageObject\",\"@id\":\"https:\/\/aehg-laplata.org.ar\/nueva\/#personlogo\",\"inLanguage\":\"es-AR\",\"url\":\"https:\/\/secure.gravatar.com\/avatar\/602f4beec51ba7ffdca86e4faf5d039c?s=96&d=mm&r=g\",\"contentUrl\":\"https:\/\/secure.gravatar.com\/avatar\/602f4beec51ba7ffdca86e4faf5d039c?s=96&d=mm&r=g\",\"caption\":\"ftosti\"},\"url\":\"https:\/\/aehg-laplata.org.ar\/nueva\/author\/ftosti\/\"}]}<\/script>\n<!-- \/ Yoast SEO plugin. -->","yoast_head_json":{"title":"Beruti: historia, identidad y encanto rural en el coraz\u00f3n bonaerense - AEHG La Plata","robots":{"index":"index","follow":"follow","max-snippet":"max-snippet:-1","max-image-preview":"max-image-preview:large","max-video-preview":"max-video-preview:-1"},"canonical":"https:\/\/aehg-laplata.org.ar\/nueva\/beruti-historia-identidad-y-encanto-rural-en-el-corazon-bonaerense\/","og_locale":"es_ES","og_type":"article","og_title":"Beruti: historia, identidad y encanto rural en el coraz\u00f3n bonaerense - AEHG La Plata","og_description":"[vc_row][vc_column][vc_column_text] Beruti: historia, identidad y encanto rural en el coraz\u00f3n bonaerense [\/vc_column_text][\/vc_column][\/vc_row][vc_row][vc_column css=&#8221;.vc_custom_1457772902902{margin-top: -10px !important;}&#8221;][vc_column_text]En el partido de Trenque Lauquen,...","og_url":"https:\/\/aehg-laplata.org.ar\/nueva\/beruti-historia-identidad-y-encanto-rural-en-el-corazon-bonaerense\/","og_site_name":"AEHG La Plata","article_publisher":"https:\/\/www.facebook.com\/AehgLaPlataOK\/","article_published_time":"2026-02-20T11:32:18+00:00","og_image":[{"width":1200,"height":800,"url":"https:\/\/aehg-laplata.org.ar\/nueva\/wp-content\/uploads\/Beruti.jpg","path":"\/home\/c1070183\/public_html\/nueva\/wp-content\/uploads\/Beruti.jpg","size":"full","id":2682,"alt":"","pixels":960000,"type":"image\/jpeg"}],"twitter_card":"summary_large_image","twitter_misc":{"Escrito por":"ftosti","Tiempo de lectura":"2 minutos"},"schema":{"@context":"https:\/\/schema.org","@graph":[{"@type":"WebSite","@id":"https:\/\/aehg-laplata.org.ar\/nueva\/#website","url":"https:\/\/aehg-laplata.org.ar\/nueva\/","name":"AEHG La Plata","description":"","potentialAction":[{"@type":"SearchAction","target":{"@type":"EntryPoint","urlTemplate":"https:\/\/aehg-laplata.org.ar\/nueva\/?s={search_term_string}"},"query-input":"required name=search_term_string"}],"inLanguage":"es-AR"},{"@type":"ImageObject","@id":"https:\/\/aehg-laplata.org.ar\/nueva\/beruti-historia-identidad-y-encanto-rural-en-el-corazon-bonaerense\/#primaryimage","inLanguage":"es-AR","url":"https:\/\/aehg-laplata.org.ar\/nueva\/wp-content\/uploads\/Beruti.jpg","contentUrl":"https:\/\/aehg-laplata.org.ar\/nueva\/wp-content\/uploads\/Beruti.jpg","width":1200,"height":800},{"@type":"WebPage","@id":"https:\/\/aehg-laplata.org.ar\/nueva\/beruti-historia-identidad-y-encanto-rural-en-el-corazon-bonaerense\/#webpage","url":"https:\/\/aehg-laplata.org.ar\/nueva\/beruti-historia-identidad-y-encanto-rural-en-el-corazon-bonaerense\/","name":"Beruti: historia, identidad y encanto rural en el coraz\u00f3n bonaerense - AEHG La Plata","isPartOf":{"@id":"https:\/\/aehg-laplata.org.ar\/nueva\/#website"},"primaryImageOfPage":{"@id":"https:\/\/aehg-laplata.org.ar\/nueva\/beruti-historia-identidad-y-encanto-rural-en-el-corazon-bonaerense\/#primaryimage"},"datePublished":"2026-02-20T11:32:18+00:00","dateModified":"2026-02-20T11:32:18+00:00","author":{"@id":"https:\/\/aehg-laplata.org.ar\/nueva\/#\/schema\/person\/7f7b2f53bda3353446a1e6bfb4837e14"},"breadcrumb":{"@id":"https:\/\/aehg-laplata.org.ar\/nueva\/beruti-historia-identidad-y-encanto-rural-en-el-corazon-bonaerense\/#breadcrumb"},"inLanguage":"es-AR","potentialAction":[{"@type":"ReadAction","target":["https:\/\/aehg-laplata.org.ar\/nueva\/beruti-historia-identidad-y-encanto-rural-en-el-corazon-bonaerense\/"]}]},{"@type":"BreadcrumbList","@id":"https:\/\/aehg-laplata.org.ar\/nueva\/beruti-historia-identidad-y-encanto-rural-en-el-corazon-bonaerense\/#breadcrumb","itemListElement":[{"@type":"ListItem","position":1,"name":"Inicio","item":"https:\/\/aehg-laplata.org.ar\/nueva\/"},{"@type":"ListItem","position":2,"name":"Beruti: historia, identidad y encanto rural en el coraz\u00f3n bonaerense"}]},{"@type":"Person","@id":"https:\/\/aehg-laplata.org.ar\/nueva\/#\/schema\/person\/7f7b2f53bda3353446a1e6bfb4837e14","name":"ftosti","image":{"@type":"ImageObject","@id":"https:\/\/aehg-laplata.org.ar\/nueva\/#personlogo","inLanguage":"es-AR","url":"https:\/\/secure.gravatar.com\/avatar\/602f4beec51ba7ffdca86e4faf5d039c?s=96&d=mm&r=g","contentUrl":"https:\/\/secure.gravatar.com\/avatar\/602f4beec51ba7ffdca86e4faf5d039c?s=96&d=mm&r=g","caption":"ftosti"},"url":"https:\/\/aehg-laplata.org.ar\/nueva\/author\/ftosti\/"}]}},"_links":{"self":[{"href":"https:\/\/aehg-laplata.org.ar\/nueva\/wp-json\/wp\/v2\/posts\/2681"}],"collection":[{"href":"https:\/\/aehg-laplata.org.ar\/nueva\/wp-json\/wp\/v2\/posts"}],"about":[{"href":"https:\/\/aehg-laplata.org.ar\/nueva\/wp-json\/wp\/v2\/types\/post"}],"author":[{"embeddable":true,"href":"https:\/\/aehg-laplata.org.ar\/nueva\/wp-json\/wp\/v2\/users\/1"}],"replies":[{"embeddable":true,"href":"https:\/\/aehg-laplata.org.ar\/nueva\/wp-json\/wp\/v2\/comments?post=2681"}],"version-history":[{"count":1,"href":"https:\/\/aehg-laplata.org.ar\/nueva\/wp-json\/wp\/v2\/posts\/2681\/revisions"}],"predecessor-version":[{"id":2683,"href":"https:\/\/aehg-laplata.org.ar\/nueva\/wp-json\/wp\/v2\/posts\/2681\/revisions\/2683"}],"wp:featuredmedia":[{"embeddable":true,"href":"https:\/\/aehg-laplata.org.ar\/nueva\/wp-json\/wp\/v2\/media\/2682"}],"wp:attachment":[{"href":"https:\/\/aehg-laplata.org.ar\/nueva\/wp-json\/wp\/v2\/media?parent=2681"}],"wp:term":[{"taxonomy":"category","embeddable":true,"href":"https:\/\/aehg-laplata.org.ar\/nueva\/wp-json\/wp\/v2\/categories?post=2681"},{"taxonomy":"post_tag","embeddable":true,"href":"https:\/\/aehg-laplata.org.ar\/nueva\/wp-json\/wp\/v2\/tags?post=2681"}],"curies":[{"name":"wp","href":"https:\/\/api.w.org\/{rel}","templated":true}]}}