{"id":2677,"date":"2026-02-10T14:16:43","date_gmt":"2026-02-10T17:16:43","guid":{"rendered":"https:\/\/aehg-laplata.org.ar\/nueva\/?p=2677"},"modified":"2026-02-10T14:16:43","modified_gmt":"2026-02-10T17:16:43","slug":"berdier-un-destino-con-historia-sabores-artesanales-y-tradicion-bonaerense","status":"publish","type":"post","link":"https:\/\/aehg-laplata.org.ar\/nueva\/berdier-un-destino-con-historia-sabores-artesanales-y-tradicion-bonaerense\/","title":{"rendered":"Berdier: un destino con historia, sabores artesanales y tradici\u00f3n bonaerense"},"content":{"rendered":"<p>[vc_row][vc_column][vc_column_text]<\/p>\n<h3 class=\"entry-title\">Berdier: un destino con historia, sabores artesanales y tradici\u00f3n bonaerense<\/h3>\n<p>[\/vc_column_text][\/vc_column][\/vc_row][vc_row][vc_column css=&#8221;.vc_custom_1457772902902{margin-top: -10px !important;}&#8221;][vc_column_text]Ubicada en el coraz\u00f3n de la provincia de Buenos Aires en el partido de Salto, Berdier es una peque\u00f1a localidad que invita a bajar el ritmo y reconectar con lo aut\u00e9ntico. Fundada en 1910, este pueblo de apenas 200 habitantes conserva el encanto de las comunidades rurales que crecieron alrededor del ferrocarril y que hoy se reinventan como destinos tur\u00edsticos de cercan\u00eda.[\/vc_column_text][\/vc_column][\/vc_row][vc_row equal_height=&#8221;yes&#8221;][vc_column][vc_single_image image=&#8221;2678&#8243; img_size=&#8221;full&#8221; onclick=&#8221;link_image&#8221;][\/vc_column][\/vc_row][vc_row][vc_column css=&#8221;.vc_custom_1457772902902{margin-top: -10px !important;}&#8221;][vc_column_text]Sus calles arboladas, el trazado con diagonales y el entorno tranquilo crean el escenario ideal para recorrerla a pie y disfrutar de una experiencia distinta, lejos del ruido de las grandes ciudades. Berdier se ha convertido en los \u00faltimos a\u00f1os en un punto de encuentro para quienes buscan propuestas culturales y gastron\u00f3micas con identidad propia.<\/p>\n<p>La localidad se destaca por sus emprendimientos de elaboraci\u00f3n artesanal, donde es posible degustar cervezas artesanales, chacinados y quesos producidos con t\u00e9cnicas tradicionales y materias primas locales. Estos proyectos, impulsados por productores y emprendedores de la zona, son hoy uno de los principales atractivos del destino y reflejan el valor del trabajo local y la econom\u00eda regional.<\/p>\n<p>Cada a\u00f1o, Berdier convoca a visitantes de distintos puntos de la provincia con dos eventos que ya forman parte de su identidad. Por un lado, la Fiesta de la Tortita Negra, que celebra uno de los sabores m\u00e1s tradicionales de la gastronom\u00eda bonaerense y se convierte en una verdadera fiesta popular. Por otro, la Tradicional Peregrinaci\u00f3n de San Cayetano, una manifestaci\u00f3n de fe y encuentro comunitario que re\u00fane a fieles y visitantes en un clima de profunda devoci\u00f3n y fraternidad.<\/p>\n<p>A 250 kil\u00f3metros de la capital provincial, Berdier se presenta como una escapada ideal de fin de semana para quienes buscan turismo rural, gastronom\u00eda artesanal y experiencias aut\u00e9nticas.<\/p>\n<p>Desde la Asociaci\u00f3n Empresaria Hotelera, Gastron\u00f3mica y Pastelera de La Plata y su zona de influencia, invitamos a descubrir este destino que combina historia, tradici\u00f3n y sabores \u00fanicos, y que demuestra que los peque\u00f1os pueblos bonaerenses tienen mucho para ofrecer al turismo regional.[\/vc_column_text][\/vc_column][\/vc_row]<\/p>\n","protected":false},"excerpt":{"rendered":"<p>[vc_row][vc_column][vc_column_text] Berdier: un destino con historia, sabores artesanales y tradici\u00f3n bonaerense [\/vc_column_text][\/vc_column][\/vc_row][vc_row][vc_column css=&#8221;.vc_custom_1457772902902{margin-top: -10px !important;}&#8221;][vc_column_text]Ubicada en el coraz\u00f3n de la&#8230;<\/p>\n","protected":false},"author":1,"featured_media":2678,"comment_status":"closed","ping_status":"closed","sticky":false,"template":"","format":"standard","meta":[],"categories":[4],"tags":[],"yoast_head":"<!-- This site is optimized with the Yoast SEO plugin v17.2.1 - https:\/\/yoast.com\/wordpress\/plugins\/seo\/ -->\n<title>Berdier: un destino con historia, sabores artesanales y tradici\u00f3n bonaerense - AEHG La Plata<\/title>\n<meta name=\"robots\" content=\"index, follow, max-snippet:-1, max-image-preview:large, max-video-preview:-1\" \/>\n<link rel=\"canonical\" href=\"https:\/\/aehg-laplata.org.ar\/nueva\/berdier-un-destino-con-historia-sabores-artesanales-y-tradicion-bonaerense\/\" \/>\n<meta property=\"og:locale\" content=\"es_ES\" \/>\n<meta property=\"og:type\" content=\"article\" \/>\n<meta property=\"og:title\" content=\"Berdier: un destino con historia, sabores artesanales y tradici\u00f3n bonaerense - AEHG La Plata\" \/>\n<meta property=\"og:description\" content=\"[vc_row][vc_column][vc_column_text] Berdier: un destino con historia, sabores artesanales y tradici\u00f3n bonaerense [\/vc_column_text][\/vc_column][\/vc_row][vc_row][vc_column css=&#8221;.vc_custom_1457772902902{margin-top: -10px !important;}&#8221;][vc_column_text]Ubicada en el coraz\u00f3n de la...\" \/>\n<meta property=\"og:url\" content=\"https:\/\/aehg-laplata.org.ar\/nueva\/berdier-un-destino-con-historia-sabores-artesanales-y-tradicion-bonaerense\/\" \/>\n<meta property=\"og:site_name\" content=\"AEHG La Plata\" \/>\n<meta property=\"article:publisher\" content=\"https:\/\/www.facebook.com\/AehgLaPlataOK\/\" \/>\n<meta property=\"article:published_time\" content=\"2026-02-10T17:16:43+00:00\" \/>\n<meta property=\"og:image\" content=\"https:\/\/aehg-laplata.org.ar\/nueva\/wp-content\/uploads\/Berdier.jpg\" \/>\n\t<meta property=\"og:image:width\" content=\"1200\" \/>\n\t<meta property=\"og:image:height\" content=\"800\" \/>\n<meta name=\"twitter:card\" content=\"summary_large_image\" \/>\n<meta name=\"twitter:label1\" content=\"Escrito por\" \/>\n\t<meta name=\"twitter:data1\" content=\"ftosti\" \/>\n\t<meta name=\"twitter:label2\" content=\"Tiempo de lectura\" \/>\n\t<meta name=\"twitter:data2\" content=\"2 minutos\" \/>\n<script type=\"application\/ld+json\" class=\"yoast-schema-graph\">{\"@context\":\"https:\/\/schema.org\",\"@graph\":[{\"@type\":\"WebSite\",\"@id\":\"https:\/\/aehg-laplata.org.ar\/nueva\/#website\",\"url\":\"https:\/\/aehg-laplata.org.ar\/nueva\/\",\"name\":\"AEHG La Plata\",\"description\":\"\",\"potentialAction\":[{\"@type\":\"SearchAction\",\"target\":{\"@type\":\"EntryPoint\",\"urlTemplate\":\"https:\/\/aehg-laplata.org.ar\/nueva\/?s={search_term_string}\"},\"query-input\":\"required name=search_term_string\"}],\"inLanguage\":\"es-AR\"},{\"@type\":\"ImageObject\",\"@id\":\"https:\/\/aehg-laplata.org.ar\/nueva\/berdier-un-destino-con-historia-sabores-artesanales-y-tradicion-bonaerense\/#primaryimage\",\"inLanguage\":\"es-AR\",\"url\":\"https:\/\/aehg-laplata.org.ar\/nueva\/wp-content\/uploads\/Berdier.jpg\",\"contentUrl\":\"https:\/\/aehg-laplata.org.ar\/nueva\/wp-content\/uploads\/Berdier.jpg\",\"width\":1200,\"height\":800},{\"@type\":\"WebPage\",\"@id\":\"https:\/\/aehg-laplata.org.ar\/nueva\/berdier-un-destino-con-historia-sabores-artesanales-y-tradicion-bonaerense\/#webpage\",\"url\":\"https:\/\/aehg-laplata.org.ar\/nueva\/berdier-un-destino-con-historia-sabores-artesanales-y-tradicion-bonaerense\/\",\"name\":\"Berdier: un destino con historia, sabores artesanales y tradici\\u00f3n bonaerense - AEHG La Plata\",\"isPartOf\":{\"@id\":\"https:\/\/aehg-laplata.org.ar\/nueva\/#website\"},\"primaryImageOfPage\":{\"@id\":\"https:\/\/aehg-laplata.org.ar\/nueva\/berdier-un-destino-con-historia-sabores-artesanales-y-tradicion-bonaerense\/#primaryimage\"},\"datePublished\":\"2026-02-10T17:16:43+00:00\",\"dateModified\":\"2026-02-10T17:16:43+00:00\",\"author\":{\"@id\":\"https:\/\/aehg-laplata.org.ar\/nueva\/#\/schema\/person\/7f7b2f53bda3353446a1e6bfb4837e14\"},\"breadcrumb\":{\"@id\":\"https:\/\/aehg-laplata.org.ar\/nueva\/berdier-un-destino-con-historia-sabores-artesanales-y-tradicion-bonaerense\/#breadcrumb\"},\"inLanguage\":\"es-AR\",\"potentialAction\":[{\"@type\":\"ReadAction\",\"target\":[\"https:\/\/aehg-laplata.org.ar\/nueva\/berdier-un-destino-con-historia-sabores-artesanales-y-tradicion-bonaerense\/\"]}]},{\"@type\":\"BreadcrumbList\",\"@id\":\"https:\/\/aehg-laplata.org.ar\/nueva\/berdier-un-destino-con-historia-sabores-artesanales-y-tradicion-bonaerense\/#breadcrumb\",\"itemListElement\":[{\"@type\":\"ListItem\",\"position\":1,\"name\":\"Inicio\",\"item\":\"https:\/\/aehg-laplata.org.ar\/nueva\/\"},{\"@type\":\"ListItem\",\"position\":2,\"name\":\"Berdier: un destino con historia, sabores artesanales y tradici\\u00f3n bonaerense\"}]},{\"@type\":\"Person\",\"@id\":\"https:\/\/aehg-laplata.org.ar\/nueva\/#\/schema\/person\/7f7b2f53bda3353446a1e6bfb4837e14\",\"name\":\"ftosti\",\"image\":{\"@type\":\"ImageObject\",\"@id\":\"https:\/\/aehg-laplata.org.ar\/nueva\/#personlogo\",\"inLanguage\":\"es-AR\",\"url\":\"https:\/\/secure.gravatar.com\/avatar\/602f4beec51ba7ffdca86e4faf5d039c?s=96&d=mm&r=g\",\"contentUrl\":\"https:\/\/secure.gravatar.com\/avatar\/602f4beec51ba7ffdca86e4faf5d039c?s=96&d=mm&r=g\",\"caption\":\"ftosti\"},\"url\":\"https:\/\/aehg-laplata.org.ar\/nueva\/author\/ftosti\/\"}]}<\/script>\n<!-- \/ Yoast SEO plugin. -->","yoast_head_json":{"title":"Berdier: un destino con historia, sabores artesanales y tradici\u00f3n bonaerense - AEHG La Plata","robots":{"index":"index","follow":"follow","max-snippet":"max-snippet:-1","max-image-preview":"max-image-preview:large","max-video-preview":"max-video-preview:-1"},"canonical":"https:\/\/aehg-laplata.org.ar\/nueva\/berdier-un-destino-con-historia-sabores-artesanales-y-tradicion-bonaerense\/","og_locale":"es_ES","og_type":"article","og_title":"Berdier: un destino con historia, sabores artesanales y tradici\u00f3n bonaerense - AEHG La Plata","og_description":"[vc_row][vc_column][vc_column_text] Berdier: un destino con historia, sabores artesanales y tradici\u00f3n bonaerense [\/vc_column_text][\/vc_column][\/vc_row][vc_row][vc_column css=&#8221;.vc_custom_1457772902902{margin-top: -10px !important;}&#8221;][vc_column_text]Ubicada en el coraz\u00f3n de la...","og_url":"https:\/\/aehg-laplata.org.ar\/nueva\/berdier-un-destino-con-historia-sabores-artesanales-y-tradicion-bonaerense\/","og_site_name":"AEHG La Plata","article_publisher":"https:\/\/www.facebook.com\/AehgLaPlataOK\/","article_published_time":"2026-02-10T17:16:43+00:00","og_image":[{"width":1200,"height":800,"url":"https:\/\/aehg-laplata.org.ar\/nueva\/wp-content\/uploads\/Berdier.jpg","path":"\/home\/c1070183\/public_html\/nueva\/wp-content\/uploads\/Berdier.jpg","size":"full","id":2678,"alt":"","pixels":960000,"type":"image\/jpeg"}],"twitter_card":"summary_large_image","twitter_misc":{"Escrito por":"ftosti","Tiempo de lectura":"2 minutos"},"schema":{"@context":"https:\/\/schema.org","@graph":[{"@type":"WebSite","@id":"https:\/\/aehg-laplata.org.ar\/nueva\/#website","url":"https:\/\/aehg-laplata.org.ar\/nueva\/","name":"AEHG La Plata","description":"","potentialAction":[{"@type":"SearchAction","target":{"@type":"EntryPoint","urlTemplate":"https:\/\/aehg-laplata.org.ar\/nueva\/?s={search_term_string}"},"query-input":"required name=search_term_string"}],"inLanguage":"es-AR"},{"@type":"ImageObject","@id":"https:\/\/aehg-laplata.org.ar\/nueva\/berdier-un-destino-con-historia-sabores-artesanales-y-tradicion-bonaerense\/#primaryimage","inLanguage":"es-AR","url":"https:\/\/aehg-laplata.org.ar\/nueva\/wp-content\/uploads\/Berdier.jpg","contentUrl":"https:\/\/aehg-laplata.org.ar\/nueva\/wp-content\/uploads\/Berdier.jpg","width":1200,"height":800},{"@type":"WebPage","@id":"https:\/\/aehg-laplata.org.ar\/nueva\/berdier-un-destino-con-historia-sabores-artesanales-y-tradicion-bonaerense\/#webpage","url":"https:\/\/aehg-laplata.org.ar\/nueva\/berdier-un-destino-con-historia-sabores-artesanales-y-tradicion-bonaerense\/","name":"Berdier: un destino con historia, sabores artesanales y tradici\u00f3n bonaerense - AEHG La Plata","isPartOf":{"@id":"https:\/\/aehg-laplata.org.ar\/nueva\/#website"},"primaryImageOfPage":{"@id":"https:\/\/aehg-laplata.org.ar\/nueva\/berdier-un-destino-con-historia-sabores-artesanales-y-tradicion-bonaerense\/#primaryimage"},"datePublished":"2026-02-10T17:16:43+00:00","dateModified":"2026-02-10T17:16:43+00:00","author":{"@id":"https:\/\/aehg-laplata.org.ar\/nueva\/#\/schema\/person\/7f7b2f53bda3353446a1e6bfb4837e14"},"breadcrumb":{"@id":"https:\/\/aehg-laplata.org.ar\/nueva\/berdier-un-destino-con-historia-sabores-artesanales-y-tradicion-bonaerense\/#breadcrumb"},"inLanguage":"es-AR","potentialAction":[{"@type":"ReadAction","target":["https:\/\/aehg-laplata.org.ar\/nueva\/berdier-un-destino-con-historia-sabores-artesanales-y-tradicion-bonaerense\/"]}]},{"@type":"BreadcrumbList","@id":"https:\/\/aehg-laplata.org.ar\/nueva\/berdier-un-destino-con-historia-sabores-artesanales-y-tradicion-bonaerense\/#breadcrumb","itemListElement":[{"@type":"ListItem","position":1,"name":"Inicio","item":"https:\/\/aehg-laplata.org.ar\/nueva\/"},{"@type":"ListItem","position":2,"name":"Berdier: un destino con historia, sabores artesanales y tradici\u00f3n bonaerense"}]},{"@type":"Person","@id":"https:\/\/aehg-laplata.org.ar\/nueva\/#\/schema\/person\/7f7b2f53bda3353446a1e6bfb4837e14","name":"ftosti","image":{"@type":"ImageObject","@id":"https:\/\/aehg-laplata.org.ar\/nueva\/#personlogo","inLanguage":"es-AR","url":"https:\/\/secure.gravatar.com\/avatar\/602f4beec51ba7ffdca86e4faf5d039c?s=96&d=mm&r=g","contentUrl":"https:\/\/secure.gravatar.com\/avatar\/602f4beec51ba7ffdca86e4faf5d039c?s=96&d=mm&r=g","caption":"ftosti"},"url":"https:\/\/aehg-laplata.org.ar\/nueva\/author\/ftosti\/"}]}},"_links":{"self":[{"href":"https:\/\/aehg-laplata.org.ar\/nueva\/wp-json\/wp\/v2\/posts\/2677"}],"collection":[{"href":"https:\/\/aehg-laplata.org.ar\/nueva\/wp-json\/wp\/v2\/posts"}],"about":[{"href":"https:\/\/aehg-laplata.org.ar\/nueva\/wp-json\/wp\/v2\/types\/post"}],"author":[{"embeddable":true,"href":"https:\/\/aehg-laplata.org.ar\/nueva\/wp-json\/wp\/v2\/users\/1"}],"replies":[{"embeddable":true,"href":"https:\/\/aehg-laplata.org.ar\/nueva\/wp-json\/wp\/v2\/comments?post=2677"}],"version-history":[{"count":1,"href":"https:\/\/aehg-laplata.org.ar\/nueva\/wp-json\/wp\/v2\/posts\/2677\/revisions"}],"predecessor-version":[{"id":2679,"href":"https:\/\/aehg-laplata.org.ar\/nueva\/wp-json\/wp\/v2\/posts\/2677\/revisions\/2679"}],"wp:featuredmedia":[{"embeddable":true,"href":"https:\/\/aehg-laplata.org.ar\/nueva\/wp-json\/wp\/v2\/media\/2678"}],"wp:attachment":[{"href":"https:\/\/aehg-laplata.org.ar\/nueva\/wp-json\/wp\/v2\/media?parent=2677"}],"wp:term":[{"taxonomy":"category","embeddable":true,"href":"https:\/\/aehg-laplata.org.ar\/nueva\/wp-json\/wp\/v2\/categories?post=2677"},{"taxonomy":"post_tag","embeddable":true,"href":"https:\/\/aehg-laplata.org.ar\/nueva\/wp-json\/wp\/v2\/tags?post=2677"}],"curies":[{"name":"wp","href":"https:\/\/api.w.org\/{rel}","templated":true}]}}