{"id":2670,"date":"2026-01-27T13:45:12","date_gmt":"2026-01-27T16:45:12","guid":{"rendered":"https:\/\/aehg-laplata.org.ar\/nueva\/?p=2670"},"modified":"2026-01-27T13:45:12","modified_gmt":"2026-01-27T16:45:12","slug":"altamira-un-pueblo-que-nacio-con-el-tren-y-hoy-se-proyecta-a-traves-del-turismo-comunitario","status":"publish","type":"post","link":"https:\/\/aehg-laplata.org.ar\/nueva\/altamira-un-pueblo-que-nacio-con-el-tren-y-hoy-se-proyecta-a-traves-del-turismo-comunitario\/","title":{"rendered":"Altamira: un pueblo que naci\u00f3 con el tren y hoy se proyecta a trav\u00e9s del turismo comunitario"},"content":{"rendered":"<p>[vc_row][vc_column][vc_column_text]<\/p>\n<h3 class=\"entry-title\">Altamira: un pueblo que naci\u00f3 con el tren y hoy se proyecta a trav\u00e9s del turismo comunitario<\/h3>\n<p>[\/vc_column_text][\/vc_column][\/vc_row][vc_row][vc_column css=&#8221;.vc_custom_1457772902902{margin-top: -10px !important;}&#8221;][vc_column_text]Ubicado en el interior bonaerense, Altamira es uno de esos pueblos que conservan la esencia de su historia y la transforman en una oportunidad de desarrollo. Su origen est\u00e1 \u00edntimamente ligado a la llegada del ferrocarril, un hito que marc\u00f3 el crecimiento de la localidad y defini\u00f3 su identidad.[\/vc_column_text][\/vc_column][\/vc_row][vc_row equal_height=&#8221;yes&#8221;][vc_column][vc_single_image image=&#8221;2671&#8243; img_size=&#8221;full&#8221; onclick=&#8221;link_image&#8221;][\/vc_column][\/vc_row][vc_row][vc_column css=&#8221;.vc_custom_1457772902902{margin-top: -10px !important;}&#8221;][vc_column_text]La historia de Altamira comenz\u00f3 en 1908, con la inauguraci\u00f3n de la estaci\u00f3n de tren. En aquel entonces, el ferrocarril no solo conectaba al pueblo con otros puntos de la provincia de Buenos Aires, sino que se convirti\u00f3 en un verdadero motor econ\u00f3mico y social. A su alrededor se organizaron la vida cotidiana, el intercambio comercial y el arraigo de las primeras familias.<\/p>\n<p>El desarrollo de la zona tambi\u00e9n estuvo impulsado por la producci\u00f3n frutihort\u00edcola, que encontr\u00f3 en el tren un aliado clave para el traslado de mercader\u00edas. Esta actividad permiti\u00f3 el crecimiento sostenido del pueblo y consolid\u00f3 una econom\u00eda basada en el trabajo local y el aprovechamiento de los recursos de la regi\u00f3n.<\/p>\n<p>Otro de los grandes pilares de Altamira fue Corinema, la f\u00e1brica de ladrillos y cer\u00e1micos que durante d\u00e9cadas represent\u00f3 una fuente fundamental de empleo. La planta industrial se transform\u00f3 en un importante centro de trabajo para la comunidad, generando prosperidad y fortaleciendo el entramado social del pueblo, hasta su cierre definitivo en 1994.<\/p>\n<p>Hoy, Altamira mira al futuro a partir del turismo de base comunitaria. Vecinos y vecinas impulsan propuestas que invitan a descubrir la historia, la cultura y la identidad local, ofreciendo experiencias aut\u00e9nticas para quienes visitan el lugar. Entre las actividades se destacan los encuentros culturales y las propuestas recreativas que tienen como escenario la antigua estaci\u00f3n de trenes, un espacio cargado de memoria y significado.<\/p>\n<p>De esta manera, Altamira resignifica su pasado y lo convierte en un atractivo tur\u00edstico que apuesta al desarrollo sostenible, al trabajo colectivo y a la puesta en valor de su patrimonio. Un destino que invita a conocer la historia viva de un pueblo que naci\u00f3 con el ferrocarril y que hoy sigue construyendo su camino desde la comunidad.[\/vc_column_text][\/vc_column][\/vc_row]<\/p>\n","protected":false},"excerpt":{"rendered":"<p>[vc_row][vc_column][vc_column_text] Altamira: un pueblo que naci\u00f3 con el tren y hoy se proyecta a trav\u00e9s del turismo comunitario [\/vc_column_text][\/vc_column][\/vc_row][vc_row][vc_column css=&#8221;.vc_custom_1457772902902{margin-top:&#8230;<\/p>\n","protected":false},"author":1,"featured_media":2671,"comment_status":"closed","ping_status":"closed","sticky":false,"template":"","format":"standard","meta":[],"categories":[4],"tags":[],"yoast_head":"<!-- This site is optimized with the Yoast SEO plugin v17.2.1 - https:\/\/yoast.com\/wordpress\/plugins\/seo\/ -->\n<title>Altamira: un pueblo que naci\u00f3 con el tren y hoy se proyecta a trav\u00e9s del turismo comunitario - AEHG La Plata<\/title>\n<meta name=\"robots\" content=\"index, follow, max-snippet:-1, max-image-preview:large, max-video-preview:-1\" \/>\n<link rel=\"canonical\" href=\"https:\/\/aehg-laplata.org.ar\/nueva\/altamira-un-pueblo-que-nacio-con-el-tren-y-hoy-se-proyecta-a-traves-del-turismo-comunitario\/\" \/>\n<meta property=\"og:locale\" content=\"es_ES\" \/>\n<meta property=\"og:type\" content=\"article\" \/>\n<meta property=\"og:title\" content=\"Altamira: un pueblo que naci\u00f3 con el tren y hoy se proyecta a trav\u00e9s del turismo comunitario - AEHG La Plata\" \/>\n<meta property=\"og:description\" content=\"[vc_row][vc_column][vc_column_text] Altamira: un pueblo que naci\u00f3 con el tren y hoy se proyecta a trav\u00e9s del turismo comunitario [\/vc_column_text][\/vc_column][\/vc_row][vc_row][vc_column css=&#8221;.vc_custom_1457772902902{margin-top:...\" \/>\n<meta property=\"og:url\" content=\"https:\/\/aehg-laplata.org.ar\/nueva\/altamira-un-pueblo-que-nacio-con-el-tren-y-hoy-se-proyecta-a-traves-del-turismo-comunitario\/\" \/>\n<meta property=\"og:site_name\" content=\"AEHG La Plata\" \/>\n<meta property=\"article:publisher\" content=\"https:\/\/www.facebook.com\/AehgLaPlataOK\/\" \/>\n<meta property=\"article:published_time\" content=\"2026-01-27T16:45:12+00:00\" \/>\n<meta property=\"og:image\" content=\"https:\/\/aehg-laplata.org.ar\/nueva\/wp-content\/uploads\/altamira.jpg\" \/>\n\t<meta property=\"og:image:width\" content=\"1200\" \/>\n\t<meta property=\"og:image:height\" content=\"800\" \/>\n<meta name=\"twitter:card\" content=\"summary_large_image\" \/>\n<meta name=\"twitter:label1\" content=\"Escrito por\" \/>\n\t<meta name=\"twitter:data1\" content=\"ftosti\" \/>\n\t<meta name=\"twitter:label2\" content=\"Tiempo de lectura\" \/>\n\t<meta name=\"twitter:data2\" content=\"2 minutos\" \/>\n<script type=\"application\/ld+json\" class=\"yoast-schema-graph\">{\"@context\":\"https:\/\/schema.org\",\"@graph\":[{\"@type\":\"WebSite\",\"@id\":\"https:\/\/aehg-laplata.org.ar\/nueva\/#website\",\"url\":\"https:\/\/aehg-laplata.org.ar\/nueva\/\",\"name\":\"AEHG La Plata\",\"description\":\"\",\"potentialAction\":[{\"@type\":\"SearchAction\",\"target\":{\"@type\":\"EntryPoint\",\"urlTemplate\":\"https:\/\/aehg-laplata.org.ar\/nueva\/?s={search_term_string}\"},\"query-input\":\"required name=search_term_string\"}],\"inLanguage\":\"es-AR\"},{\"@type\":\"ImageObject\",\"@id\":\"https:\/\/aehg-laplata.org.ar\/nueva\/altamira-un-pueblo-que-nacio-con-el-tren-y-hoy-se-proyecta-a-traves-del-turismo-comunitario\/#primaryimage\",\"inLanguage\":\"es-AR\",\"url\":\"https:\/\/aehg-laplata.org.ar\/nueva\/wp-content\/uploads\/altamira.jpg\",\"contentUrl\":\"https:\/\/aehg-laplata.org.ar\/nueva\/wp-content\/uploads\/altamira.jpg\",\"width\":1200,\"height\":800},{\"@type\":\"WebPage\",\"@id\":\"https:\/\/aehg-laplata.org.ar\/nueva\/altamira-un-pueblo-que-nacio-con-el-tren-y-hoy-se-proyecta-a-traves-del-turismo-comunitario\/#webpage\",\"url\":\"https:\/\/aehg-laplata.org.ar\/nueva\/altamira-un-pueblo-que-nacio-con-el-tren-y-hoy-se-proyecta-a-traves-del-turismo-comunitario\/\",\"name\":\"Altamira: un pueblo que naci\\u00f3 con el tren y hoy se proyecta a trav\\u00e9s del turismo comunitario - AEHG La Plata\",\"isPartOf\":{\"@id\":\"https:\/\/aehg-laplata.org.ar\/nueva\/#website\"},\"primaryImageOfPage\":{\"@id\":\"https:\/\/aehg-laplata.org.ar\/nueva\/altamira-un-pueblo-que-nacio-con-el-tren-y-hoy-se-proyecta-a-traves-del-turismo-comunitario\/#primaryimage\"},\"datePublished\":\"2026-01-27T16:45:12+00:00\",\"dateModified\":\"2026-01-27T16:45:12+00:00\",\"author\":{\"@id\":\"https:\/\/aehg-laplata.org.ar\/nueva\/#\/schema\/person\/7f7b2f53bda3353446a1e6bfb4837e14\"},\"breadcrumb\":{\"@id\":\"https:\/\/aehg-laplata.org.ar\/nueva\/altamira-un-pueblo-que-nacio-con-el-tren-y-hoy-se-proyecta-a-traves-del-turismo-comunitario\/#breadcrumb\"},\"inLanguage\":\"es-AR\",\"potentialAction\":[{\"@type\":\"ReadAction\",\"target\":[\"https:\/\/aehg-laplata.org.ar\/nueva\/altamira-un-pueblo-que-nacio-con-el-tren-y-hoy-se-proyecta-a-traves-del-turismo-comunitario\/\"]}]},{\"@type\":\"BreadcrumbList\",\"@id\":\"https:\/\/aehg-laplata.org.ar\/nueva\/altamira-un-pueblo-que-nacio-con-el-tren-y-hoy-se-proyecta-a-traves-del-turismo-comunitario\/#breadcrumb\",\"itemListElement\":[{\"@type\":\"ListItem\",\"position\":1,\"name\":\"Inicio\",\"item\":\"https:\/\/aehg-laplata.org.ar\/nueva\/\"},{\"@type\":\"ListItem\",\"position\":2,\"name\":\"Altamira: un pueblo que naci\\u00f3 con el tren y hoy se proyecta a trav\\u00e9s del turismo comunitario\"}]},{\"@type\":\"Person\",\"@id\":\"https:\/\/aehg-laplata.org.ar\/nueva\/#\/schema\/person\/7f7b2f53bda3353446a1e6bfb4837e14\",\"name\":\"ftosti\",\"image\":{\"@type\":\"ImageObject\",\"@id\":\"https:\/\/aehg-laplata.org.ar\/nueva\/#personlogo\",\"inLanguage\":\"es-AR\",\"url\":\"https:\/\/secure.gravatar.com\/avatar\/602f4beec51ba7ffdca86e4faf5d039c?s=96&d=mm&r=g\",\"contentUrl\":\"https:\/\/secure.gravatar.com\/avatar\/602f4beec51ba7ffdca86e4faf5d039c?s=96&d=mm&r=g\",\"caption\":\"ftosti\"},\"url\":\"https:\/\/aehg-laplata.org.ar\/nueva\/author\/ftosti\/\"}]}<\/script>\n<!-- \/ Yoast SEO plugin. -->","yoast_head_json":{"title":"Altamira: un pueblo que naci\u00f3 con el tren y hoy se proyecta a trav\u00e9s del turismo comunitario - AEHG La Plata","robots":{"index":"index","follow":"follow","max-snippet":"max-snippet:-1","max-image-preview":"max-image-preview:large","max-video-preview":"max-video-preview:-1"},"canonical":"https:\/\/aehg-laplata.org.ar\/nueva\/altamira-un-pueblo-que-nacio-con-el-tren-y-hoy-se-proyecta-a-traves-del-turismo-comunitario\/","og_locale":"es_ES","og_type":"article","og_title":"Altamira: un pueblo que naci\u00f3 con el tren y hoy se proyecta a trav\u00e9s del turismo comunitario - AEHG La Plata","og_description":"[vc_row][vc_column][vc_column_text] Altamira: un pueblo que naci\u00f3 con el tren y hoy se proyecta a trav\u00e9s del turismo comunitario [\/vc_column_text][\/vc_column][\/vc_row][vc_row][vc_column css=&#8221;.vc_custom_1457772902902{margin-top:...","og_url":"https:\/\/aehg-laplata.org.ar\/nueva\/altamira-un-pueblo-que-nacio-con-el-tren-y-hoy-se-proyecta-a-traves-del-turismo-comunitario\/","og_site_name":"AEHG La Plata","article_publisher":"https:\/\/www.facebook.com\/AehgLaPlataOK\/","article_published_time":"2026-01-27T16:45:12+00:00","og_image":[{"width":1200,"height":800,"url":"https:\/\/aehg-laplata.org.ar\/nueva\/wp-content\/uploads\/altamira.jpg","path":"\/home\/c1070183\/public_html\/nueva\/wp-content\/uploads\/altamira.jpg","size":"full","id":2671,"alt":"","pixels":960000,"type":"image\/jpeg"}],"twitter_card":"summary_large_image","twitter_misc":{"Escrito por":"ftosti","Tiempo de lectura":"2 minutos"},"schema":{"@context":"https:\/\/schema.org","@graph":[{"@type":"WebSite","@id":"https:\/\/aehg-laplata.org.ar\/nueva\/#website","url":"https:\/\/aehg-laplata.org.ar\/nueva\/","name":"AEHG La Plata","description":"","potentialAction":[{"@type":"SearchAction","target":{"@type":"EntryPoint","urlTemplate":"https:\/\/aehg-laplata.org.ar\/nueva\/?s={search_term_string}"},"query-input":"required name=search_term_string"}],"inLanguage":"es-AR"},{"@type":"ImageObject","@id":"https:\/\/aehg-laplata.org.ar\/nueva\/altamira-un-pueblo-que-nacio-con-el-tren-y-hoy-se-proyecta-a-traves-del-turismo-comunitario\/#primaryimage","inLanguage":"es-AR","url":"https:\/\/aehg-laplata.org.ar\/nueva\/wp-content\/uploads\/altamira.jpg","contentUrl":"https:\/\/aehg-laplata.org.ar\/nueva\/wp-content\/uploads\/altamira.jpg","width":1200,"height":800},{"@type":"WebPage","@id":"https:\/\/aehg-laplata.org.ar\/nueva\/altamira-un-pueblo-que-nacio-con-el-tren-y-hoy-se-proyecta-a-traves-del-turismo-comunitario\/#webpage","url":"https:\/\/aehg-laplata.org.ar\/nueva\/altamira-un-pueblo-que-nacio-con-el-tren-y-hoy-se-proyecta-a-traves-del-turismo-comunitario\/","name":"Altamira: un pueblo que naci\u00f3 con el tren y hoy se proyecta a trav\u00e9s del turismo comunitario - AEHG La Plata","isPartOf":{"@id":"https:\/\/aehg-laplata.org.ar\/nueva\/#website"},"primaryImageOfPage":{"@id":"https:\/\/aehg-laplata.org.ar\/nueva\/altamira-un-pueblo-que-nacio-con-el-tren-y-hoy-se-proyecta-a-traves-del-turismo-comunitario\/#primaryimage"},"datePublished":"2026-01-27T16:45:12+00:00","dateModified":"2026-01-27T16:45:12+00:00","author":{"@id":"https:\/\/aehg-laplata.org.ar\/nueva\/#\/schema\/person\/7f7b2f53bda3353446a1e6bfb4837e14"},"breadcrumb":{"@id":"https:\/\/aehg-laplata.org.ar\/nueva\/altamira-un-pueblo-que-nacio-con-el-tren-y-hoy-se-proyecta-a-traves-del-turismo-comunitario\/#breadcrumb"},"inLanguage":"es-AR","potentialAction":[{"@type":"ReadAction","target":["https:\/\/aehg-laplata.org.ar\/nueva\/altamira-un-pueblo-que-nacio-con-el-tren-y-hoy-se-proyecta-a-traves-del-turismo-comunitario\/"]}]},{"@type":"BreadcrumbList","@id":"https:\/\/aehg-laplata.org.ar\/nueva\/altamira-un-pueblo-que-nacio-con-el-tren-y-hoy-se-proyecta-a-traves-del-turismo-comunitario\/#breadcrumb","itemListElement":[{"@type":"ListItem","position":1,"name":"Inicio","item":"https:\/\/aehg-laplata.org.ar\/nueva\/"},{"@type":"ListItem","position":2,"name":"Altamira: un pueblo que naci\u00f3 con el tren y hoy se proyecta a trav\u00e9s del turismo comunitario"}]},{"@type":"Person","@id":"https:\/\/aehg-laplata.org.ar\/nueva\/#\/schema\/person\/7f7b2f53bda3353446a1e6bfb4837e14","name":"ftosti","image":{"@type":"ImageObject","@id":"https:\/\/aehg-laplata.org.ar\/nueva\/#personlogo","inLanguage":"es-AR","url":"https:\/\/secure.gravatar.com\/avatar\/602f4beec51ba7ffdca86e4faf5d039c?s=96&d=mm&r=g","contentUrl":"https:\/\/secure.gravatar.com\/avatar\/602f4beec51ba7ffdca86e4faf5d039c?s=96&d=mm&r=g","caption":"ftosti"},"url":"https:\/\/aehg-laplata.org.ar\/nueva\/author\/ftosti\/"}]}},"_links":{"self":[{"href":"https:\/\/aehg-laplata.org.ar\/nueva\/wp-json\/wp\/v2\/posts\/2670"}],"collection":[{"href":"https:\/\/aehg-laplata.org.ar\/nueva\/wp-json\/wp\/v2\/posts"}],"about":[{"href":"https:\/\/aehg-laplata.org.ar\/nueva\/wp-json\/wp\/v2\/types\/post"}],"author":[{"embeddable":true,"href":"https:\/\/aehg-laplata.org.ar\/nueva\/wp-json\/wp\/v2\/users\/1"}],"replies":[{"embeddable":true,"href":"https:\/\/aehg-laplata.org.ar\/nueva\/wp-json\/wp\/v2\/comments?post=2670"}],"version-history":[{"count":1,"href":"https:\/\/aehg-laplata.org.ar\/nueva\/wp-json\/wp\/v2\/posts\/2670\/revisions"}],"predecessor-version":[{"id":2672,"href":"https:\/\/aehg-laplata.org.ar\/nueva\/wp-json\/wp\/v2\/posts\/2670\/revisions\/2672"}],"wp:featuredmedia":[{"embeddable":true,"href":"https:\/\/aehg-laplata.org.ar\/nueva\/wp-json\/wp\/v2\/media\/2671"}],"wp:attachment":[{"href":"https:\/\/aehg-laplata.org.ar\/nueva\/wp-json\/wp\/v2\/media?parent=2670"}],"wp:term":[{"taxonomy":"category","embeddable":true,"href":"https:\/\/aehg-laplata.org.ar\/nueva\/wp-json\/wp\/v2\/categories?post=2670"},{"taxonomy":"post_tag","embeddable":true,"href":"https:\/\/aehg-laplata.org.ar\/nueva\/wp-json\/wp\/v2\/tags?post=2670"}],"curies":[{"name":"wp","href":"https:\/\/api.w.org\/{rel}","templated":true}]}}