{"id":2666,"date":"2026-01-21T09:09:46","date_gmt":"2026-01-21T12:09:46","guid":{"rendered":"https:\/\/aehg-laplata.org.ar\/nueva\/?p=2666"},"modified":"2026-01-21T09:09:46","modified_gmt":"2026-01-21T12:09:46","slug":"capilla-del-senor-tradicion-y-memoria-viva","status":"publish","type":"post","link":"https:\/\/aehg-laplata.org.ar\/nueva\/capilla-del-senor-tradicion-y-memoria-viva\/","title":{"rendered":"Capilla del Se\u00f1or: tradici\u00f3n y memoria viva"},"content":{"rendered":"<p>[vc_row][vc_column][vc_column_text]<\/p>\n<h3 class=\"entry-title\">Capilla del Se\u00f1or: tradici\u00f3n y memoria viva<\/h3>\n<p>[\/vc_column_text][\/vc_column][\/vc_row][vc_row][vc_column css=&#8221;.vc_custom_1457772902902{margin-top: -10px !important;}&#8221;][vc_column_text]El viaje comienza en Capilla del Se\u00f1or, cabecera del partido de Exaltaci\u00f3n de la Cruz, un destino donde el tiempo parece transcurrir a otro ritmo. Sus calles coloniales, sus museos y hasta su antiguo cementerio conforman un entramado de historias que hablan de generaciones enteras y de una identidad que se mantiene viva en cada rinc\u00f3n.[\/vc_column_text][\/vc_column][\/vc_row][vc_row equal_height=&#8221;yes&#8221;][vc_column][vc_single_image image=&#8221;2667&#8243; img_size=&#8221;full&#8221; onclick=&#8221;link_image&#8221;][\/vc_column][\/vc_row][vc_row][vc_column css=&#8221;.vc_custom_1457772902902{margin-top: -10px !important;}&#8221;][vc_column_text]Declarado Bien de Inter\u00e9s Hist\u00f3rico Nacional, el casco hist\u00f3rico invita a recorrerlo sin apuros. Pasear por Capilla del Se\u00f1or es viajar al pasado para redescubrir la calma de lo aut\u00e9ntico, en un entorno donde la arquitectura, la cultura y la vida cotidiana conservan un equilibrio poco frecuente.<\/p>\n<p>Entre sus atractivos m\u00e1s singulares se destacan las pulper\u00edas centenarias, verdaderos templos de la tradici\u00f3n criolla. Los Omb\u00faes, abierta desde el siglo XVIII, mantiene intacta la m\u00edstica de las partidas de truco, las charlas interminables y la memoria de Do\u00f1a Elsa, su inolvidable pulpera. En La Confianza, otro \u00edcono local, esa atm\u00f3sfera de anta\u00f1o vuelve a cobrar vida y conecta al visitante con las ra\u00edces del pueblo.<\/p>\n<p>Para quienes buscan experiencias diferentes, los recorridos en Meharis, veh\u00edculos coloridos y emblem\u00e1ticos, permiten internarse por los caminos rurales y descubrir el paisaje desde una mirada l\u00fadica y original. A su vez, la torre El Mirador ofrece una postal panor\u00e1mica imperdible, ideal para contemplar el pueblo y su entorno desde lo alto.<\/p>\n<p>Capilla del Se\u00f1or es mucho m\u00e1s que un destino: es una experiencia donde la historia, la tradici\u00f3n y la memoria colectiva se manifiestan en cada detalle. Un lugar para detenerse, observar y dejarse llevar por el encanto de un pueblo que honra su pasado mientras invita a disfrutar del presente.[\/vc_column_text][\/vc_column][\/vc_row]<\/p>\n","protected":false},"excerpt":{"rendered":"<p>[vc_row][vc_column][vc_column_text] Capilla del Se\u00f1or: tradici\u00f3n y memoria viva [\/vc_column_text][\/vc_column][\/vc_row][vc_row][vc_column css=&#8221;.vc_custom_1457772902902{margin-top: -10px !important;}&#8221;][vc_column_text]El viaje comienza en Capilla del Se\u00f1or, cabecera del&#8230;<\/p>\n","protected":false},"author":1,"featured_media":2667,"comment_status":"closed","ping_status":"closed","sticky":false,"template":"","format":"standard","meta":[],"categories":[4],"tags":[],"yoast_head":"<!-- This site is optimized with the Yoast SEO plugin v17.2.1 - https:\/\/yoast.com\/wordpress\/plugins\/seo\/ -->\n<title>Capilla del Se\u00f1or: tradici\u00f3n y memoria viva - AEHG La Plata<\/title>\n<meta name=\"robots\" content=\"index, follow, max-snippet:-1, max-image-preview:large, max-video-preview:-1\" \/>\n<link rel=\"canonical\" href=\"https:\/\/aehg-laplata.org.ar\/nueva\/capilla-del-senor-tradicion-y-memoria-viva\/\" \/>\n<meta property=\"og:locale\" content=\"es_ES\" \/>\n<meta property=\"og:type\" content=\"article\" \/>\n<meta property=\"og:title\" content=\"Capilla del Se\u00f1or: tradici\u00f3n y memoria viva - AEHG La Plata\" \/>\n<meta property=\"og:description\" content=\"[vc_row][vc_column][vc_column_text] Capilla del Se\u00f1or: tradici\u00f3n y memoria viva [\/vc_column_text][\/vc_column][\/vc_row][vc_row][vc_column css=&#8221;.vc_custom_1457772902902{margin-top: -10px !important;}&#8221;][vc_column_text]El viaje comienza en Capilla del Se\u00f1or, cabecera del...\" \/>\n<meta property=\"og:url\" content=\"https:\/\/aehg-laplata.org.ar\/nueva\/capilla-del-senor-tradicion-y-memoria-viva\/\" \/>\n<meta property=\"og:site_name\" content=\"AEHG La Plata\" \/>\n<meta property=\"article:publisher\" content=\"https:\/\/www.facebook.com\/AehgLaPlataOK\/\" \/>\n<meta property=\"article:published_time\" content=\"2026-01-21T12:09:46+00:00\" \/>\n<meta property=\"og:image\" content=\"https:\/\/aehg-laplata.org.ar\/nueva\/wp-content\/uploads\/capilla-del-senor.jpg\" \/>\n\t<meta property=\"og:image:width\" content=\"1401\" \/>\n\t<meta property=\"og:image:height\" content=\"800\" \/>\n<meta name=\"twitter:card\" content=\"summary_large_image\" \/>\n<meta name=\"twitter:label1\" content=\"Escrito por\" \/>\n\t<meta name=\"twitter:data1\" content=\"ftosti\" \/>\n\t<meta name=\"twitter:label2\" content=\"Tiempo de lectura\" \/>\n\t<meta name=\"twitter:data2\" content=\"2 minutos\" \/>\n<script type=\"application\/ld+json\" class=\"yoast-schema-graph\">{\"@context\":\"https:\/\/schema.org\",\"@graph\":[{\"@type\":\"WebSite\",\"@id\":\"https:\/\/aehg-laplata.org.ar\/nueva\/#website\",\"url\":\"https:\/\/aehg-laplata.org.ar\/nueva\/\",\"name\":\"AEHG La Plata\",\"description\":\"\",\"potentialAction\":[{\"@type\":\"SearchAction\",\"target\":{\"@type\":\"EntryPoint\",\"urlTemplate\":\"https:\/\/aehg-laplata.org.ar\/nueva\/?s={search_term_string}\"},\"query-input\":\"required name=search_term_string\"}],\"inLanguage\":\"es-AR\"},{\"@type\":\"ImageObject\",\"@id\":\"https:\/\/aehg-laplata.org.ar\/nueva\/capilla-del-senor-tradicion-y-memoria-viva\/#primaryimage\",\"inLanguage\":\"es-AR\",\"url\":\"https:\/\/aehg-laplata.org.ar\/nueva\/wp-content\/uploads\/capilla-del-senor.jpg\",\"contentUrl\":\"https:\/\/aehg-laplata.org.ar\/nueva\/wp-content\/uploads\/capilla-del-senor.jpg\",\"width\":1401,\"height\":800},{\"@type\":\"WebPage\",\"@id\":\"https:\/\/aehg-laplata.org.ar\/nueva\/capilla-del-senor-tradicion-y-memoria-viva\/#webpage\",\"url\":\"https:\/\/aehg-laplata.org.ar\/nueva\/capilla-del-senor-tradicion-y-memoria-viva\/\",\"name\":\"Capilla del Se\\u00f1or: tradici\\u00f3n y memoria viva - AEHG La Plata\",\"isPartOf\":{\"@id\":\"https:\/\/aehg-laplata.org.ar\/nueva\/#website\"},\"primaryImageOfPage\":{\"@id\":\"https:\/\/aehg-laplata.org.ar\/nueva\/capilla-del-senor-tradicion-y-memoria-viva\/#primaryimage\"},\"datePublished\":\"2026-01-21T12:09:46+00:00\",\"dateModified\":\"2026-01-21T12:09:46+00:00\",\"author\":{\"@id\":\"https:\/\/aehg-laplata.org.ar\/nueva\/#\/schema\/person\/7f7b2f53bda3353446a1e6bfb4837e14\"},\"breadcrumb\":{\"@id\":\"https:\/\/aehg-laplata.org.ar\/nueva\/capilla-del-senor-tradicion-y-memoria-viva\/#breadcrumb\"},\"inLanguage\":\"es-AR\",\"potentialAction\":[{\"@type\":\"ReadAction\",\"target\":[\"https:\/\/aehg-laplata.org.ar\/nueva\/capilla-del-senor-tradicion-y-memoria-viva\/\"]}]},{\"@type\":\"BreadcrumbList\",\"@id\":\"https:\/\/aehg-laplata.org.ar\/nueva\/capilla-del-senor-tradicion-y-memoria-viva\/#breadcrumb\",\"itemListElement\":[{\"@type\":\"ListItem\",\"position\":1,\"name\":\"Inicio\",\"item\":\"https:\/\/aehg-laplata.org.ar\/nueva\/\"},{\"@type\":\"ListItem\",\"position\":2,\"name\":\"Capilla del Se\\u00f1or: tradici\\u00f3n y memoria viva\"}]},{\"@type\":\"Person\",\"@id\":\"https:\/\/aehg-laplata.org.ar\/nueva\/#\/schema\/person\/7f7b2f53bda3353446a1e6bfb4837e14\",\"name\":\"ftosti\",\"image\":{\"@type\":\"ImageObject\",\"@id\":\"https:\/\/aehg-laplata.org.ar\/nueva\/#personlogo\",\"inLanguage\":\"es-AR\",\"url\":\"https:\/\/secure.gravatar.com\/avatar\/602f4beec51ba7ffdca86e4faf5d039c?s=96&d=mm&r=g\",\"contentUrl\":\"https:\/\/secure.gravatar.com\/avatar\/602f4beec51ba7ffdca86e4faf5d039c?s=96&d=mm&r=g\",\"caption\":\"ftosti\"},\"url\":\"https:\/\/aehg-laplata.org.ar\/nueva\/author\/ftosti\/\"}]}<\/script>\n<!-- \/ Yoast SEO plugin. -->","yoast_head_json":{"title":"Capilla del Se\u00f1or: tradici\u00f3n y memoria viva - AEHG La Plata","robots":{"index":"index","follow":"follow","max-snippet":"max-snippet:-1","max-image-preview":"max-image-preview:large","max-video-preview":"max-video-preview:-1"},"canonical":"https:\/\/aehg-laplata.org.ar\/nueva\/capilla-del-senor-tradicion-y-memoria-viva\/","og_locale":"es_ES","og_type":"article","og_title":"Capilla del Se\u00f1or: tradici\u00f3n y memoria viva - AEHG La Plata","og_description":"[vc_row][vc_column][vc_column_text] Capilla del Se\u00f1or: tradici\u00f3n y memoria viva [\/vc_column_text][\/vc_column][\/vc_row][vc_row][vc_column css=&#8221;.vc_custom_1457772902902{margin-top: -10px !important;}&#8221;][vc_column_text]El viaje comienza en Capilla del Se\u00f1or, cabecera del...","og_url":"https:\/\/aehg-laplata.org.ar\/nueva\/capilla-del-senor-tradicion-y-memoria-viva\/","og_site_name":"AEHG La Plata","article_publisher":"https:\/\/www.facebook.com\/AehgLaPlataOK\/","article_published_time":"2026-01-21T12:09:46+00:00","og_image":[{"width":1401,"height":800,"url":"https:\/\/aehg-laplata.org.ar\/nueva\/wp-content\/uploads\/capilla-del-senor.jpg","path":"\/home\/c1070183\/public_html\/nueva\/wp-content\/uploads\/capilla-del-senor.jpg","size":"full","id":2667,"alt":"","pixels":1120800,"type":"image\/jpeg"}],"twitter_card":"summary_large_image","twitter_misc":{"Escrito por":"ftosti","Tiempo de lectura":"2 minutos"},"schema":{"@context":"https:\/\/schema.org","@graph":[{"@type":"WebSite","@id":"https:\/\/aehg-laplata.org.ar\/nueva\/#website","url":"https:\/\/aehg-laplata.org.ar\/nueva\/","name":"AEHG La Plata","description":"","potentialAction":[{"@type":"SearchAction","target":{"@type":"EntryPoint","urlTemplate":"https:\/\/aehg-laplata.org.ar\/nueva\/?s={search_term_string}"},"query-input":"required name=search_term_string"}],"inLanguage":"es-AR"},{"@type":"ImageObject","@id":"https:\/\/aehg-laplata.org.ar\/nueva\/capilla-del-senor-tradicion-y-memoria-viva\/#primaryimage","inLanguage":"es-AR","url":"https:\/\/aehg-laplata.org.ar\/nueva\/wp-content\/uploads\/capilla-del-senor.jpg","contentUrl":"https:\/\/aehg-laplata.org.ar\/nueva\/wp-content\/uploads\/capilla-del-senor.jpg","width":1401,"height":800},{"@type":"WebPage","@id":"https:\/\/aehg-laplata.org.ar\/nueva\/capilla-del-senor-tradicion-y-memoria-viva\/#webpage","url":"https:\/\/aehg-laplata.org.ar\/nueva\/capilla-del-senor-tradicion-y-memoria-viva\/","name":"Capilla del Se\u00f1or: tradici\u00f3n y memoria viva - AEHG La Plata","isPartOf":{"@id":"https:\/\/aehg-laplata.org.ar\/nueva\/#website"},"primaryImageOfPage":{"@id":"https:\/\/aehg-laplata.org.ar\/nueva\/capilla-del-senor-tradicion-y-memoria-viva\/#primaryimage"},"datePublished":"2026-01-21T12:09:46+00:00","dateModified":"2026-01-21T12:09:46+00:00","author":{"@id":"https:\/\/aehg-laplata.org.ar\/nueva\/#\/schema\/person\/7f7b2f53bda3353446a1e6bfb4837e14"},"breadcrumb":{"@id":"https:\/\/aehg-laplata.org.ar\/nueva\/capilla-del-senor-tradicion-y-memoria-viva\/#breadcrumb"},"inLanguage":"es-AR","potentialAction":[{"@type":"ReadAction","target":["https:\/\/aehg-laplata.org.ar\/nueva\/capilla-del-senor-tradicion-y-memoria-viva\/"]}]},{"@type":"BreadcrumbList","@id":"https:\/\/aehg-laplata.org.ar\/nueva\/capilla-del-senor-tradicion-y-memoria-viva\/#breadcrumb","itemListElement":[{"@type":"ListItem","position":1,"name":"Inicio","item":"https:\/\/aehg-laplata.org.ar\/nueva\/"},{"@type":"ListItem","position":2,"name":"Capilla del Se\u00f1or: tradici\u00f3n y memoria viva"}]},{"@type":"Person","@id":"https:\/\/aehg-laplata.org.ar\/nueva\/#\/schema\/person\/7f7b2f53bda3353446a1e6bfb4837e14","name":"ftosti","image":{"@type":"ImageObject","@id":"https:\/\/aehg-laplata.org.ar\/nueva\/#personlogo","inLanguage":"es-AR","url":"https:\/\/secure.gravatar.com\/avatar\/602f4beec51ba7ffdca86e4faf5d039c?s=96&d=mm&r=g","contentUrl":"https:\/\/secure.gravatar.com\/avatar\/602f4beec51ba7ffdca86e4faf5d039c?s=96&d=mm&r=g","caption":"ftosti"},"url":"https:\/\/aehg-laplata.org.ar\/nueva\/author\/ftosti\/"}]}},"_links":{"self":[{"href":"https:\/\/aehg-laplata.org.ar\/nueva\/wp-json\/wp\/v2\/posts\/2666"}],"collection":[{"href":"https:\/\/aehg-laplata.org.ar\/nueva\/wp-json\/wp\/v2\/posts"}],"about":[{"href":"https:\/\/aehg-laplata.org.ar\/nueva\/wp-json\/wp\/v2\/types\/post"}],"author":[{"embeddable":true,"href":"https:\/\/aehg-laplata.org.ar\/nueva\/wp-json\/wp\/v2\/users\/1"}],"replies":[{"embeddable":true,"href":"https:\/\/aehg-laplata.org.ar\/nueva\/wp-json\/wp\/v2\/comments?post=2666"}],"version-history":[{"count":1,"href":"https:\/\/aehg-laplata.org.ar\/nueva\/wp-json\/wp\/v2\/posts\/2666\/revisions"}],"predecessor-version":[{"id":2668,"href":"https:\/\/aehg-laplata.org.ar\/nueva\/wp-json\/wp\/v2\/posts\/2666\/revisions\/2668"}],"wp:featuredmedia":[{"embeddable":true,"href":"https:\/\/aehg-laplata.org.ar\/nueva\/wp-json\/wp\/v2\/media\/2667"}],"wp:attachment":[{"href":"https:\/\/aehg-laplata.org.ar\/nueva\/wp-json\/wp\/v2\/media?parent=2666"}],"wp:term":[{"taxonomy":"category","embeddable":true,"href":"https:\/\/aehg-laplata.org.ar\/nueva\/wp-json\/wp\/v2\/categories?post=2666"},{"taxonomy":"post_tag","embeddable":true,"href":"https:\/\/aehg-laplata.org.ar\/nueva\/wp-json\/wp\/v2\/tags?post=2666"}],"curies":[{"name":"wp","href":"https:\/\/api.w.org\/{rel}","templated":true}]}}