{"id":2660,"date":"2026-01-16T09:34:42","date_gmt":"2026-01-16T12:34:42","guid":{"rendered":"https:\/\/aehg-laplata.org.ar\/nueva\/?p=2660"},"modified":"2026-01-16T09:34:42","modified_gmt":"2026-01-16T12:34:42","slug":"carnavales-2026-el-interior-bonaerense-despliega-su-fiesta-popular","status":"publish","type":"post","link":"https:\/\/aehg-laplata.org.ar\/nueva\/carnavales-2026-el-interior-bonaerense-despliega-su-fiesta-popular\/","title":{"rendered":"Carnavales 2026: el interior bonaerense despliega su fiesta popular"},"content":{"rendered":"<p>[vc_row][vc_column][vc_column_text]<\/p>\n<h3 class=\"entry-title\">Carnavales 2026: el interior bonaerense despliega su fiesta popular<\/h3>\n<p>[\/vc_column_text][\/vc_column][\/vc_row][vc_row][vc_column css=&#8221;.vc_custom_1457772902902{margin-top: -10px !important;}&#8221;][vc_column_text]Comparsas, murgas, corsos y m\u00fasica en vivo vuelven a ser protagonistas del verano en la provincia de Buenos Aires. Durante enero y febrero, distintas localidades del interior celebran el carnaval con propuestas abiertas a la comunidad, consolidando una agenda cultural que combina tradici\u00f3n, identidad y atractivo tur\u00edstico.[\/vc_column_text][\/vc_column][\/vc_row][vc_row equal_height=&#8221;yes&#8221;][vc_column][vc_single_image image=&#8221;2661&#8243; img_size=&#8221;full&#8221; onclick=&#8221;link_image&#8221;][\/vc_column][\/vc_row][vc_row][vc_column css=&#8221;.vc_custom_1457772902902{margin-top: -10px !important;}&#8221;][vc_column_text]El carnaval es una de las expresiones culturales m\u00e1s representativas del calendario bonaerense y, lejos de concentrarse en un solo punto, se vive de manera descentralizada en municipios del interior, donde cada comunidad aporta su impronta a la celebraci\u00f3n.<\/p>\n<p>En <strong>Lincoln<\/strong>, considerado uno de los epicentros del carnaval artesanal de la provincia, las noches de festejo se desarrollan durante la <strong>segunda quincena de enero<\/strong>, con comparsas y murgas que ya son parte del patrimonio cultural local.<\/p>\n<p>La localidad de <strong>Roberts<\/strong> celebrar\u00e1 el carnaval los d\u00edas <strong>viernes 16, s\u00e1bado 17 y domingo 18 de enero<\/strong>, con corsos nocturnos, batucadas, disfraces y cierres musicales, en un clima familiar y con <strong>entrada gratuita<\/strong>. En <strong>El Triunfo<\/strong>, los festejos tendr\u00e1n lugar los d\u00edas <strong>s\u00e1bado 17 y domingo 18 de enero<\/strong>, con desfiles, comparsas y espect\u00e1culos musicales abiertos a toda la comunidad.<\/p>\n<p>El <strong>Carnaval Guidense<\/strong>, en <strong>General Guido<\/strong>, se realizar\u00e1 los d\u00edas <strong>viernes 16 y s\u00e1bado 17 de enero<\/strong>, desde las 22 hs, con comparsas, batucadas y puestos gastron\u00f3micos, y continuar\u00e1 luego los d\u00edas <strong>21, 23 y 24 de enero<\/strong>, manteniendo el acceso libre. En <strong>Baigorrita<\/strong> (partido de General Viamonte), los carnavales se vivir\u00e1n los d\u00edas <strong>16, 17 y 18 de enero<\/strong>, con noches de ritmo y color, adem\u00e1s del tradicional <strong>Carnaval Infantil<\/strong> el domingo.<\/p>\n<p>La ciudad de <strong>25 de Mayo<\/strong>, reconocida como <strong>Capital Provincial del Carnaval<\/strong>, volver\u00e1 a destacarse con su cors\u00f3dromo. Los d\u00edas <strong>s\u00e1bado 17, 24 y 31 de enero<\/strong>, desde las 21 hs, el Cors\u00f3dromo Boulevard Valmarrosa ser\u00e1 escenario de extensos desfiles y espect\u00e1culos a cielo abierto. Las entradas ser\u00e1n accesibles: <strong>$5.000 para residentes, $12.000 entrada general y $1.500 para menores<\/strong>.<\/p>\n<p>Durante el mes de <strong>febrero<\/strong>, la agenda contin\u00faa con celebraciones emblem\u00e1ticas. En <strong>Dolores<\/strong>, el tradicional <strong>Carnaval del Sol<\/strong> se desarrollar\u00e1 los d\u00edas <strong>6, 7 y 8<\/strong>, y <strong>12, 13, 14, 15 y 16 de febrero<\/strong>, con cors\u00f3dromo, comparsas y una fuerte convocatoria tur\u00edstica, consolid\u00e1ndose como uno de los eventos m\u00e1s importantes de la provincia.<\/p>\n<p>En <strong>General Paz<\/strong>, el carnaval tendr\u00e1 lugar el <strong>s\u00e1bado 7 de febrero<\/strong> en la Estaci\u00f3n local, con una propuesta popular y comunitaria. El Municipio de <strong>Lobos<\/strong>, bajo la iniciativa <em>\u201cElvira acompa\u00f1a\u201d<\/em>, celebrar\u00e1 el carnaval los d\u00edas <strong>7 de febrero desde las 20 hs<\/strong> y <strong>16 de febrero desde las 19 hs<\/strong>, con m\u00fasica, comparsas y actividades culturales.<\/p>\n<p>Por su parte, en el <strong>Partido de Alberti<\/strong>, los <strong>Carnavales de los Pueblos<\/strong> se desarrollar\u00e1n los d\u00edas <strong>1, 6, 13, 14, 15 y 16 de febrero<\/strong>, con corsos regionales pensados para toda la familia. <strong>Chascom\u00fas<\/strong> confirm\u00f3 la realizaci\u00f3n del carnaval 2026, quedando las fechas sujetas a anuncio oficial por parte del municipio.<\/p>\n<p>Con propuestas diversas, accesibles y arraigadas en la identidad local, los carnavales bonaerenses vuelven a posicionarse como un espacio de encuentro comunitario y una herramienta clave para el desarrollo cultural y tur\u00edstico del interior de la Provincia de Buenos Aires durante el verano 2026.[\/vc_column_text][\/vc_column][\/vc_row]<\/p>\n","protected":false},"excerpt":{"rendered":"<p>[vc_row][vc_column][vc_column_text] Carnavales 2026: el interior bonaerense despliega su fiesta popular [\/vc_column_text][\/vc_column][\/vc_row][vc_row][vc_column css=&#8221;.vc_custom_1457772902902{margin-top: -10px !important;}&#8221;][vc_column_text]Comparsas, murgas, corsos y m\u00fasica en vivo&#8230;<\/p>\n","protected":false},"author":1,"featured_media":2661,"comment_status":"closed","ping_status":"closed","sticky":false,"template":"","format":"standard","meta":[],"categories":[4],"tags":[],"yoast_head":"<!-- This site is optimized with the Yoast SEO plugin v17.2.1 - https:\/\/yoast.com\/wordpress\/plugins\/seo\/ -->\n<title>Carnavales 2026: el interior bonaerense despliega su fiesta popular - AEHG La Plata<\/title>\n<meta name=\"robots\" content=\"index, follow, max-snippet:-1, max-image-preview:large, max-video-preview:-1\" \/>\n<link rel=\"canonical\" href=\"https:\/\/aehg-laplata.org.ar\/nueva\/carnavales-2026-el-interior-bonaerense-despliega-su-fiesta-popular\/\" \/>\n<meta property=\"og:locale\" content=\"es_ES\" \/>\n<meta property=\"og:type\" content=\"article\" \/>\n<meta property=\"og:title\" content=\"Carnavales 2026: el interior bonaerense despliega su fiesta popular - AEHG La Plata\" \/>\n<meta property=\"og:description\" content=\"[vc_row][vc_column][vc_column_text] Carnavales 2026: el interior bonaerense despliega su fiesta popular [\/vc_column_text][\/vc_column][\/vc_row][vc_row][vc_column css=&#8221;.vc_custom_1457772902902{margin-top: -10px !important;}&#8221;][vc_column_text]Comparsas, murgas, corsos y m\u00fasica en vivo...\" \/>\n<meta property=\"og:url\" content=\"https:\/\/aehg-laplata.org.ar\/nueva\/carnavales-2026-el-interior-bonaerense-despliega-su-fiesta-popular\/\" \/>\n<meta property=\"og:site_name\" content=\"AEHG La Plata\" \/>\n<meta property=\"article:publisher\" content=\"https:\/\/www.facebook.com\/AehgLaPlataOK\/\" \/>\n<meta property=\"article:published_time\" content=\"2026-01-16T12:34:42+00:00\" \/>\n<meta property=\"og:image\" content=\"https:\/\/aehg-laplata.org.ar\/nueva\/wp-content\/uploads\/carnaval-1.jpg\" \/>\n\t<meta property=\"og:image:width\" content=\"1744\" \/>\n\t<meta property=\"og:image:height\" content=\"1080\" \/>\n<meta name=\"twitter:card\" content=\"summary_large_image\" \/>\n<meta name=\"twitter:label1\" content=\"Escrito por\" \/>\n\t<meta name=\"twitter:data1\" content=\"ftosti\" \/>\n\t<meta name=\"twitter:label2\" content=\"Tiempo de lectura\" \/>\n\t<meta name=\"twitter:data2\" content=\"3 minutos\" \/>\n<script type=\"application\/ld+json\" class=\"yoast-schema-graph\">{\"@context\":\"https:\/\/schema.org\",\"@graph\":[{\"@type\":\"WebSite\",\"@id\":\"https:\/\/aehg-laplata.org.ar\/nueva\/#website\",\"url\":\"https:\/\/aehg-laplata.org.ar\/nueva\/\",\"name\":\"AEHG La Plata\",\"description\":\"\",\"potentialAction\":[{\"@type\":\"SearchAction\",\"target\":{\"@type\":\"EntryPoint\",\"urlTemplate\":\"https:\/\/aehg-laplata.org.ar\/nueva\/?s={search_term_string}\"},\"query-input\":\"required name=search_term_string\"}],\"inLanguage\":\"es-AR\"},{\"@type\":\"ImageObject\",\"@id\":\"https:\/\/aehg-laplata.org.ar\/nueva\/carnavales-2026-el-interior-bonaerense-despliega-su-fiesta-popular\/#primaryimage\",\"inLanguage\":\"es-AR\",\"url\":\"https:\/\/aehg-laplata.org.ar\/nueva\/wp-content\/uploads\/carnaval-1.jpg\",\"contentUrl\":\"https:\/\/aehg-laplata.org.ar\/nueva\/wp-content\/uploads\/carnaval-1.jpg\",\"width\":1744,\"height\":1080},{\"@type\":\"WebPage\",\"@id\":\"https:\/\/aehg-laplata.org.ar\/nueva\/carnavales-2026-el-interior-bonaerense-despliega-su-fiesta-popular\/#webpage\",\"url\":\"https:\/\/aehg-laplata.org.ar\/nueva\/carnavales-2026-el-interior-bonaerense-despliega-su-fiesta-popular\/\",\"name\":\"Carnavales 2026: el interior bonaerense despliega su fiesta popular - AEHG La Plata\",\"isPartOf\":{\"@id\":\"https:\/\/aehg-laplata.org.ar\/nueva\/#website\"},\"primaryImageOfPage\":{\"@id\":\"https:\/\/aehg-laplata.org.ar\/nueva\/carnavales-2026-el-interior-bonaerense-despliega-su-fiesta-popular\/#primaryimage\"},\"datePublished\":\"2026-01-16T12:34:42+00:00\",\"dateModified\":\"2026-01-16T12:34:42+00:00\",\"author\":{\"@id\":\"https:\/\/aehg-laplata.org.ar\/nueva\/#\/schema\/person\/7f7b2f53bda3353446a1e6bfb4837e14\"},\"breadcrumb\":{\"@id\":\"https:\/\/aehg-laplata.org.ar\/nueva\/carnavales-2026-el-interior-bonaerense-despliega-su-fiesta-popular\/#breadcrumb\"},\"inLanguage\":\"es-AR\",\"potentialAction\":[{\"@type\":\"ReadAction\",\"target\":[\"https:\/\/aehg-laplata.org.ar\/nueva\/carnavales-2026-el-interior-bonaerense-despliega-su-fiesta-popular\/\"]}]},{\"@type\":\"BreadcrumbList\",\"@id\":\"https:\/\/aehg-laplata.org.ar\/nueva\/carnavales-2026-el-interior-bonaerense-despliega-su-fiesta-popular\/#breadcrumb\",\"itemListElement\":[{\"@type\":\"ListItem\",\"position\":1,\"name\":\"Inicio\",\"item\":\"https:\/\/aehg-laplata.org.ar\/nueva\/\"},{\"@type\":\"ListItem\",\"position\":2,\"name\":\"Carnavales 2026: el interior bonaerense despliega su fiesta popular\"}]},{\"@type\":\"Person\",\"@id\":\"https:\/\/aehg-laplata.org.ar\/nueva\/#\/schema\/person\/7f7b2f53bda3353446a1e6bfb4837e14\",\"name\":\"ftosti\",\"image\":{\"@type\":\"ImageObject\",\"@id\":\"https:\/\/aehg-laplata.org.ar\/nueva\/#personlogo\",\"inLanguage\":\"es-AR\",\"url\":\"https:\/\/secure.gravatar.com\/avatar\/602f4beec51ba7ffdca86e4faf5d039c?s=96&d=mm&r=g\",\"contentUrl\":\"https:\/\/secure.gravatar.com\/avatar\/602f4beec51ba7ffdca86e4faf5d039c?s=96&d=mm&r=g\",\"caption\":\"ftosti\"},\"url\":\"https:\/\/aehg-laplata.org.ar\/nueva\/author\/ftosti\/\"}]}<\/script>\n<!-- \/ Yoast SEO plugin. -->","yoast_head_json":{"title":"Carnavales 2026: el interior bonaerense despliega su fiesta popular - AEHG La Plata","robots":{"index":"index","follow":"follow","max-snippet":"max-snippet:-1","max-image-preview":"max-image-preview:large","max-video-preview":"max-video-preview:-1"},"canonical":"https:\/\/aehg-laplata.org.ar\/nueva\/carnavales-2026-el-interior-bonaerense-despliega-su-fiesta-popular\/","og_locale":"es_ES","og_type":"article","og_title":"Carnavales 2026: el interior bonaerense despliega su fiesta popular - AEHG La Plata","og_description":"[vc_row][vc_column][vc_column_text] Carnavales 2026: el interior bonaerense despliega su fiesta popular [\/vc_column_text][\/vc_column][\/vc_row][vc_row][vc_column css=&#8221;.vc_custom_1457772902902{margin-top: -10px !important;}&#8221;][vc_column_text]Comparsas, murgas, corsos y m\u00fasica en vivo...","og_url":"https:\/\/aehg-laplata.org.ar\/nueva\/carnavales-2026-el-interior-bonaerense-despliega-su-fiesta-popular\/","og_site_name":"AEHG La Plata","article_publisher":"https:\/\/www.facebook.com\/AehgLaPlataOK\/","article_published_time":"2026-01-16T12:34:42+00:00","og_image":[{"width":1744,"height":1080,"url":"https:\/\/aehg-laplata.org.ar\/nueva\/wp-content\/uploads\/carnaval-1.jpg","path":"\/home\/c1070183\/public_html\/nueva\/wp-content\/uploads\/carnaval-1.jpg","size":"full","id":2661,"alt":"","pixels":1883520,"type":"image\/jpeg"}],"twitter_card":"summary_large_image","twitter_misc":{"Escrito por":"ftosti","Tiempo de lectura":"3 minutos"},"schema":{"@context":"https:\/\/schema.org","@graph":[{"@type":"WebSite","@id":"https:\/\/aehg-laplata.org.ar\/nueva\/#website","url":"https:\/\/aehg-laplata.org.ar\/nueva\/","name":"AEHG La Plata","description":"","potentialAction":[{"@type":"SearchAction","target":{"@type":"EntryPoint","urlTemplate":"https:\/\/aehg-laplata.org.ar\/nueva\/?s={search_term_string}"},"query-input":"required name=search_term_string"}],"inLanguage":"es-AR"},{"@type":"ImageObject","@id":"https:\/\/aehg-laplata.org.ar\/nueva\/carnavales-2026-el-interior-bonaerense-despliega-su-fiesta-popular\/#primaryimage","inLanguage":"es-AR","url":"https:\/\/aehg-laplata.org.ar\/nueva\/wp-content\/uploads\/carnaval-1.jpg","contentUrl":"https:\/\/aehg-laplata.org.ar\/nueva\/wp-content\/uploads\/carnaval-1.jpg","width":1744,"height":1080},{"@type":"WebPage","@id":"https:\/\/aehg-laplata.org.ar\/nueva\/carnavales-2026-el-interior-bonaerense-despliega-su-fiesta-popular\/#webpage","url":"https:\/\/aehg-laplata.org.ar\/nueva\/carnavales-2026-el-interior-bonaerense-despliega-su-fiesta-popular\/","name":"Carnavales 2026: el interior bonaerense despliega su fiesta popular - AEHG La Plata","isPartOf":{"@id":"https:\/\/aehg-laplata.org.ar\/nueva\/#website"},"primaryImageOfPage":{"@id":"https:\/\/aehg-laplata.org.ar\/nueva\/carnavales-2026-el-interior-bonaerense-despliega-su-fiesta-popular\/#primaryimage"},"datePublished":"2026-01-16T12:34:42+00:00","dateModified":"2026-01-16T12:34:42+00:00","author":{"@id":"https:\/\/aehg-laplata.org.ar\/nueva\/#\/schema\/person\/7f7b2f53bda3353446a1e6bfb4837e14"},"breadcrumb":{"@id":"https:\/\/aehg-laplata.org.ar\/nueva\/carnavales-2026-el-interior-bonaerense-despliega-su-fiesta-popular\/#breadcrumb"},"inLanguage":"es-AR","potentialAction":[{"@type":"ReadAction","target":["https:\/\/aehg-laplata.org.ar\/nueva\/carnavales-2026-el-interior-bonaerense-despliega-su-fiesta-popular\/"]}]},{"@type":"BreadcrumbList","@id":"https:\/\/aehg-laplata.org.ar\/nueva\/carnavales-2026-el-interior-bonaerense-despliega-su-fiesta-popular\/#breadcrumb","itemListElement":[{"@type":"ListItem","position":1,"name":"Inicio","item":"https:\/\/aehg-laplata.org.ar\/nueva\/"},{"@type":"ListItem","position":2,"name":"Carnavales 2026: el interior bonaerense despliega su fiesta popular"}]},{"@type":"Person","@id":"https:\/\/aehg-laplata.org.ar\/nueva\/#\/schema\/person\/7f7b2f53bda3353446a1e6bfb4837e14","name":"ftosti","image":{"@type":"ImageObject","@id":"https:\/\/aehg-laplata.org.ar\/nueva\/#personlogo","inLanguage":"es-AR","url":"https:\/\/secure.gravatar.com\/avatar\/602f4beec51ba7ffdca86e4faf5d039c?s=96&d=mm&r=g","contentUrl":"https:\/\/secure.gravatar.com\/avatar\/602f4beec51ba7ffdca86e4faf5d039c?s=96&d=mm&r=g","caption":"ftosti"},"url":"https:\/\/aehg-laplata.org.ar\/nueva\/author\/ftosti\/"}]}},"_links":{"self":[{"href":"https:\/\/aehg-laplata.org.ar\/nueva\/wp-json\/wp\/v2\/posts\/2660"}],"collection":[{"href":"https:\/\/aehg-laplata.org.ar\/nueva\/wp-json\/wp\/v2\/posts"}],"about":[{"href":"https:\/\/aehg-laplata.org.ar\/nueva\/wp-json\/wp\/v2\/types\/post"}],"author":[{"embeddable":true,"href":"https:\/\/aehg-laplata.org.ar\/nueva\/wp-json\/wp\/v2\/users\/1"}],"replies":[{"embeddable":true,"href":"https:\/\/aehg-laplata.org.ar\/nueva\/wp-json\/wp\/v2\/comments?post=2660"}],"version-history":[{"count":1,"href":"https:\/\/aehg-laplata.org.ar\/nueva\/wp-json\/wp\/v2\/posts\/2660\/revisions"}],"predecessor-version":[{"id":2662,"href":"https:\/\/aehg-laplata.org.ar\/nueva\/wp-json\/wp\/v2\/posts\/2660\/revisions\/2662"}],"wp:featuredmedia":[{"embeddable":true,"href":"https:\/\/aehg-laplata.org.ar\/nueva\/wp-json\/wp\/v2\/media\/2661"}],"wp:attachment":[{"href":"https:\/\/aehg-laplata.org.ar\/nueva\/wp-json\/wp\/v2\/media?parent=2660"}],"wp:term":[{"taxonomy":"category","embeddable":true,"href":"https:\/\/aehg-laplata.org.ar\/nueva\/wp-json\/wp\/v2\/categories?post=2660"},{"taxonomy":"post_tag","embeddable":true,"href":"https:\/\/aehg-laplata.org.ar\/nueva\/wp-json\/wp\/v2\/tags?post=2660"}],"curies":[{"name":"wp","href":"https:\/\/api.w.org\/{rel}","templated":true}]}}