{"id":2653,"date":"2025-12-15T18:03:45","date_gmt":"2025-12-15T21:03:45","guid":{"rendered":"https:\/\/aehg-laplata.org.ar\/nueva\/?p=2653"},"modified":"2025-12-15T18:03:45","modified_gmt":"2025-12-15T21:03:45","slug":"la-aehg-la-plata-acompano-la-celebracion-de-la-50a-fiesta-nacional-del-durazno","status":"publish","type":"post","link":"https:\/\/aehg-laplata.org.ar\/nueva\/la-aehg-la-plata-acompano-la-celebracion-de-la-50a-fiesta-nacional-del-durazno\/","title":{"rendered":"La AEHG La Plata acompa\u00f1\u00f3 la celebraci\u00f3n de la 50\u00aa Fiesta Nacional del Durazno"},"content":{"rendered":"<p>[vc_row][vc_column][vc_column_text]<\/p>\n<h3 class=\"entry-title\">La AEHG La Plata acompa\u00f1\u00f3 la celebraci\u00f3n de la 50\u00aa Fiesta Nacional del Durazno<\/h3>\n<p>[\/vc_column_text][\/vc_column][\/vc_row][vc_row][vc_column css=&#8221;.vc_custom_1457772902902{margin-top: -10px !important;}&#8221;][vc_column_text]La Asociaci\u00f3n estuvo presente en el tradicional evento de Mercedes, reafirmando su compromiso con la producci\u00f3n local y el turismo regional.[\/vc_column_text][\/vc_column][\/vc_row][vc_row equal_height=&#8221;yes&#8221;][vc_column][vc_single_image image=&#8221;2654&#8243; img_size=&#8221;full&#8221; onclick=&#8221;link_image&#8221;][\/vc_column][\/vc_row][vc_row][vc_column css=&#8221;.vc_custom_1457772902902{margin-top: -10px !important;}&#8221;][vc_column_text]La <strong>50\u00aa Fiesta Nacional del Durazno<\/strong>, desarrollada los d\u00edas <strong>12, 13 y 14 de diciembre de 2025<\/strong> en el <strong>Complejo Cultural La Trocha<\/strong> de la ciudad de <strong>Mercedes<\/strong>, volvi\u00f3 a consolidarse como uno de los encuentros m\u00e1s representativos de la identidad productiva y cultural de la regi\u00f3n. Durante el evento, productores, familias y visitantes disfrutaron de propuestas gastron\u00f3micas, artesanales, espect\u00e1culos y concursos, con la presencia del intendente <strong>Juan Ignacio Ustarroz<\/strong>.<\/p>\n<p>En este marco, particip\u00f3 la <strong>Asociaci\u00f3n Empresaria Hotelera, Gastron\u00f3mica y Pastelera de La Plata<\/strong>, a trav\u00e9s de su miembro de Comisi\u00f3n Directiva, <strong>Emilio Lucio Bori<\/strong>, quien form\u00f3 parte del acto de entrega de premios a productores mercedinos, acompa\u00f1ando y reconociendo el trabajo de los productores locales.<\/p>\n<p>La Fiesta Nacional del Durazno reuni\u00f3 a productores de la regi\u00f3n y a un importante n\u00famero de visitantes, reafirm\u00e1ndose como un espacio de encuentro que pone en valor la producci\u00f3n frut\u00edcola local, la gastronom\u00eda regional y las tradiciones culturales de la ciudad de Mercedes.<\/p>\n<p>Desde la Entidad se destac\u00f3 la importancia de este tipo de celebraciones que promueven el <strong>desarrollo local<\/strong>, fortalecen el <strong>turismo regional<\/strong> y consolidan el trabajo conjunto entre el sector p\u00fablico, los productores y las instituciones representativas del sector hotelero y gastron\u00f3mico.[\/vc_column_text][\/vc_column][\/vc_row]<\/p>\n","protected":false},"excerpt":{"rendered":"<p>[vc_row][vc_column][vc_column_text] La AEHG La Plata acompa\u00f1\u00f3 la celebraci\u00f3n de la 50\u00aa Fiesta Nacional del Durazno [\/vc_column_text][\/vc_column][\/vc_row][vc_row][vc_column css=&#8221;.vc_custom_1457772902902{margin-top: -10px !important;}&#8221;][vc_column_text]La Asociaci\u00f3n&#8230;<\/p>\n","protected":false},"author":1,"featured_media":2654,"comment_status":"closed","ping_status":"closed","sticky":false,"template":"","format":"standard","meta":[],"categories":[4],"tags":[],"yoast_head":"<!-- This site is optimized with the Yoast SEO plugin v17.2.1 - https:\/\/yoast.com\/wordpress\/plugins\/seo\/ -->\n<title>La AEHG La Plata acompa\u00f1\u00f3 la celebraci\u00f3n de la 50\u00aa Fiesta Nacional del Durazno - AEHG La Plata<\/title>\n<meta name=\"robots\" content=\"index, follow, max-snippet:-1, max-image-preview:large, max-video-preview:-1\" \/>\n<link rel=\"canonical\" href=\"https:\/\/aehg-laplata.org.ar\/nueva\/la-aehg-la-plata-acompano-la-celebracion-de-la-50a-fiesta-nacional-del-durazno\/\" \/>\n<meta property=\"og:locale\" content=\"es_ES\" \/>\n<meta property=\"og:type\" content=\"article\" \/>\n<meta property=\"og:title\" content=\"La AEHG La Plata acompa\u00f1\u00f3 la celebraci\u00f3n de la 50\u00aa Fiesta Nacional del Durazno - AEHG La Plata\" \/>\n<meta property=\"og:description\" content=\"[vc_row][vc_column][vc_column_text] La AEHG La Plata acompa\u00f1\u00f3 la celebraci\u00f3n de la 50\u00aa Fiesta Nacional del Durazno [\/vc_column_text][\/vc_column][\/vc_row][vc_row][vc_column css=&#8221;.vc_custom_1457772902902{margin-top: -10px !important;}&#8221;][vc_column_text]La Asociaci\u00f3n...\" \/>\n<meta property=\"og:url\" content=\"https:\/\/aehg-laplata.org.ar\/nueva\/la-aehg-la-plata-acompano-la-celebracion-de-la-50a-fiesta-nacional-del-durazno\/\" \/>\n<meta property=\"og:site_name\" content=\"AEHG La Plata\" \/>\n<meta property=\"article:publisher\" content=\"https:\/\/www.facebook.com\/AehgLaPlataOK\/\" \/>\n<meta property=\"article:published_time\" content=\"2025-12-15T21:03:45+00:00\" \/>\n<meta property=\"og:image\" content=\"https:\/\/aehg-laplata.org.ar\/nueva\/wp-content\/uploads\/Imagen1.jpg\" \/>\n\t<meta property=\"og:image:width\" content=\"1200\" \/>\n\t<meta property=\"og:image:height\" content=\"800\" \/>\n<meta name=\"twitter:card\" content=\"summary_large_image\" \/>\n<meta name=\"twitter:label1\" content=\"Escrito por\" \/>\n\t<meta name=\"twitter:data1\" content=\"ftosti\" \/>\n\t<meta name=\"twitter:label2\" content=\"Tiempo de lectura\" \/>\n\t<meta name=\"twitter:data2\" content=\"2 minutos\" \/>\n<script type=\"application\/ld+json\" class=\"yoast-schema-graph\">{\"@context\":\"https:\/\/schema.org\",\"@graph\":[{\"@type\":\"WebSite\",\"@id\":\"https:\/\/aehg-laplata.org.ar\/nueva\/#website\",\"url\":\"https:\/\/aehg-laplata.org.ar\/nueva\/\",\"name\":\"AEHG La Plata\",\"description\":\"\",\"potentialAction\":[{\"@type\":\"SearchAction\",\"target\":{\"@type\":\"EntryPoint\",\"urlTemplate\":\"https:\/\/aehg-laplata.org.ar\/nueva\/?s={search_term_string}\"},\"query-input\":\"required name=search_term_string\"}],\"inLanguage\":\"es-AR\"},{\"@type\":\"ImageObject\",\"@id\":\"https:\/\/aehg-laplata.org.ar\/nueva\/la-aehg-la-plata-acompano-la-celebracion-de-la-50a-fiesta-nacional-del-durazno\/#primaryimage\",\"inLanguage\":\"es-AR\",\"url\":\"https:\/\/aehg-laplata.org.ar\/nueva\/wp-content\/uploads\/Imagen1.jpg\",\"contentUrl\":\"https:\/\/aehg-laplata.org.ar\/nueva\/wp-content\/uploads\/Imagen1.jpg\",\"width\":1200,\"height\":800},{\"@type\":\"WebPage\",\"@id\":\"https:\/\/aehg-laplata.org.ar\/nueva\/la-aehg-la-plata-acompano-la-celebracion-de-la-50a-fiesta-nacional-del-durazno\/#webpage\",\"url\":\"https:\/\/aehg-laplata.org.ar\/nueva\/la-aehg-la-plata-acompano-la-celebracion-de-la-50a-fiesta-nacional-del-durazno\/\",\"name\":\"La AEHG La Plata acompa\\u00f1\\u00f3 la celebraci\\u00f3n de la 50\\u00aa Fiesta Nacional del Durazno - AEHG La Plata\",\"isPartOf\":{\"@id\":\"https:\/\/aehg-laplata.org.ar\/nueva\/#website\"},\"primaryImageOfPage\":{\"@id\":\"https:\/\/aehg-laplata.org.ar\/nueva\/la-aehg-la-plata-acompano-la-celebracion-de-la-50a-fiesta-nacional-del-durazno\/#primaryimage\"},\"datePublished\":\"2025-12-15T21:03:45+00:00\",\"dateModified\":\"2025-12-15T21:03:45+00:00\",\"author\":{\"@id\":\"https:\/\/aehg-laplata.org.ar\/nueva\/#\/schema\/person\/7f7b2f53bda3353446a1e6bfb4837e14\"},\"breadcrumb\":{\"@id\":\"https:\/\/aehg-laplata.org.ar\/nueva\/la-aehg-la-plata-acompano-la-celebracion-de-la-50a-fiesta-nacional-del-durazno\/#breadcrumb\"},\"inLanguage\":\"es-AR\",\"potentialAction\":[{\"@type\":\"ReadAction\",\"target\":[\"https:\/\/aehg-laplata.org.ar\/nueva\/la-aehg-la-plata-acompano-la-celebracion-de-la-50a-fiesta-nacional-del-durazno\/\"]}]},{\"@type\":\"BreadcrumbList\",\"@id\":\"https:\/\/aehg-laplata.org.ar\/nueva\/la-aehg-la-plata-acompano-la-celebracion-de-la-50a-fiesta-nacional-del-durazno\/#breadcrumb\",\"itemListElement\":[{\"@type\":\"ListItem\",\"position\":1,\"name\":\"Inicio\",\"item\":\"https:\/\/aehg-laplata.org.ar\/nueva\/\"},{\"@type\":\"ListItem\",\"position\":2,\"name\":\"La AEHG La Plata acompa\\u00f1\\u00f3 la celebraci\\u00f3n de la 50\\u00aa Fiesta Nacional del Durazno\"}]},{\"@type\":\"Person\",\"@id\":\"https:\/\/aehg-laplata.org.ar\/nueva\/#\/schema\/person\/7f7b2f53bda3353446a1e6bfb4837e14\",\"name\":\"ftosti\",\"image\":{\"@type\":\"ImageObject\",\"@id\":\"https:\/\/aehg-laplata.org.ar\/nueva\/#personlogo\",\"inLanguage\":\"es-AR\",\"url\":\"https:\/\/secure.gravatar.com\/avatar\/602f4beec51ba7ffdca86e4faf5d039c?s=96&d=mm&r=g\",\"contentUrl\":\"https:\/\/secure.gravatar.com\/avatar\/602f4beec51ba7ffdca86e4faf5d039c?s=96&d=mm&r=g\",\"caption\":\"ftosti\"},\"url\":\"https:\/\/aehg-laplata.org.ar\/nueva\/author\/ftosti\/\"}]}<\/script>\n<!-- \/ Yoast SEO plugin. -->","yoast_head_json":{"title":"La AEHG La Plata acompa\u00f1\u00f3 la celebraci\u00f3n de la 50\u00aa Fiesta Nacional del Durazno - AEHG La Plata","robots":{"index":"index","follow":"follow","max-snippet":"max-snippet:-1","max-image-preview":"max-image-preview:large","max-video-preview":"max-video-preview:-1"},"canonical":"https:\/\/aehg-laplata.org.ar\/nueva\/la-aehg-la-plata-acompano-la-celebracion-de-la-50a-fiesta-nacional-del-durazno\/","og_locale":"es_ES","og_type":"article","og_title":"La AEHG La Plata acompa\u00f1\u00f3 la celebraci\u00f3n de la 50\u00aa Fiesta Nacional del Durazno - AEHG La Plata","og_description":"[vc_row][vc_column][vc_column_text] La AEHG La Plata acompa\u00f1\u00f3 la celebraci\u00f3n de la 50\u00aa Fiesta Nacional del Durazno [\/vc_column_text][\/vc_column][\/vc_row][vc_row][vc_column css=&#8221;.vc_custom_1457772902902{margin-top: -10px !important;}&#8221;][vc_column_text]La Asociaci\u00f3n...","og_url":"https:\/\/aehg-laplata.org.ar\/nueva\/la-aehg-la-plata-acompano-la-celebracion-de-la-50a-fiesta-nacional-del-durazno\/","og_site_name":"AEHG La Plata","article_publisher":"https:\/\/www.facebook.com\/AehgLaPlataOK\/","article_published_time":"2025-12-15T21:03:45+00:00","og_image":[{"width":1200,"height":800,"url":"https:\/\/aehg-laplata.org.ar\/nueva\/wp-content\/uploads\/Imagen1.jpg","path":"\/home\/c1070183\/public_html\/nueva\/wp-content\/uploads\/Imagen1.jpg","size":"full","id":2654,"alt":"","pixels":960000,"type":"image\/jpeg"}],"twitter_card":"summary_large_image","twitter_misc":{"Escrito por":"ftosti","Tiempo de lectura":"2 minutos"},"schema":{"@context":"https:\/\/schema.org","@graph":[{"@type":"WebSite","@id":"https:\/\/aehg-laplata.org.ar\/nueva\/#website","url":"https:\/\/aehg-laplata.org.ar\/nueva\/","name":"AEHG La Plata","description":"","potentialAction":[{"@type":"SearchAction","target":{"@type":"EntryPoint","urlTemplate":"https:\/\/aehg-laplata.org.ar\/nueva\/?s={search_term_string}"},"query-input":"required name=search_term_string"}],"inLanguage":"es-AR"},{"@type":"ImageObject","@id":"https:\/\/aehg-laplata.org.ar\/nueva\/la-aehg-la-plata-acompano-la-celebracion-de-la-50a-fiesta-nacional-del-durazno\/#primaryimage","inLanguage":"es-AR","url":"https:\/\/aehg-laplata.org.ar\/nueva\/wp-content\/uploads\/Imagen1.jpg","contentUrl":"https:\/\/aehg-laplata.org.ar\/nueva\/wp-content\/uploads\/Imagen1.jpg","width":1200,"height":800},{"@type":"WebPage","@id":"https:\/\/aehg-laplata.org.ar\/nueva\/la-aehg-la-plata-acompano-la-celebracion-de-la-50a-fiesta-nacional-del-durazno\/#webpage","url":"https:\/\/aehg-laplata.org.ar\/nueva\/la-aehg-la-plata-acompano-la-celebracion-de-la-50a-fiesta-nacional-del-durazno\/","name":"La AEHG La Plata acompa\u00f1\u00f3 la celebraci\u00f3n de la 50\u00aa Fiesta Nacional del Durazno - AEHG La Plata","isPartOf":{"@id":"https:\/\/aehg-laplata.org.ar\/nueva\/#website"},"primaryImageOfPage":{"@id":"https:\/\/aehg-laplata.org.ar\/nueva\/la-aehg-la-plata-acompano-la-celebracion-de-la-50a-fiesta-nacional-del-durazno\/#primaryimage"},"datePublished":"2025-12-15T21:03:45+00:00","dateModified":"2025-12-15T21:03:45+00:00","author":{"@id":"https:\/\/aehg-laplata.org.ar\/nueva\/#\/schema\/person\/7f7b2f53bda3353446a1e6bfb4837e14"},"breadcrumb":{"@id":"https:\/\/aehg-laplata.org.ar\/nueva\/la-aehg-la-plata-acompano-la-celebracion-de-la-50a-fiesta-nacional-del-durazno\/#breadcrumb"},"inLanguage":"es-AR","potentialAction":[{"@type":"ReadAction","target":["https:\/\/aehg-laplata.org.ar\/nueva\/la-aehg-la-plata-acompano-la-celebracion-de-la-50a-fiesta-nacional-del-durazno\/"]}]},{"@type":"BreadcrumbList","@id":"https:\/\/aehg-laplata.org.ar\/nueva\/la-aehg-la-plata-acompano-la-celebracion-de-la-50a-fiesta-nacional-del-durazno\/#breadcrumb","itemListElement":[{"@type":"ListItem","position":1,"name":"Inicio","item":"https:\/\/aehg-laplata.org.ar\/nueva\/"},{"@type":"ListItem","position":2,"name":"La AEHG La Plata acompa\u00f1\u00f3 la celebraci\u00f3n de la 50\u00aa Fiesta Nacional del Durazno"}]},{"@type":"Person","@id":"https:\/\/aehg-laplata.org.ar\/nueva\/#\/schema\/person\/7f7b2f53bda3353446a1e6bfb4837e14","name":"ftosti","image":{"@type":"ImageObject","@id":"https:\/\/aehg-laplata.org.ar\/nueva\/#personlogo","inLanguage":"es-AR","url":"https:\/\/secure.gravatar.com\/avatar\/602f4beec51ba7ffdca86e4faf5d039c?s=96&d=mm&r=g","contentUrl":"https:\/\/secure.gravatar.com\/avatar\/602f4beec51ba7ffdca86e4faf5d039c?s=96&d=mm&r=g","caption":"ftosti"},"url":"https:\/\/aehg-laplata.org.ar\/nueva\/author\/ftosti\/"}]}},"_links":{"self":[{"href":"https:\/\/aehg-laplata.org.ar\/nueva\/wp-json\/wp\/v2\/posts\/2653"}],"collection":[{"href":"https:\/\/aehg-laplata.org.ar\/nueva\/wp-json\/wp\/v2\/posts"}],"about":[{"href":"https:\/\/aehg-laplata.org.ar\/nueva\/wp-json\/wp\/v2\/types\/post"}],"author":[{"embeddable":true,"href":"https:\/\/aehg-laplata.org.ar\/nueva\/wp-json\/wp\/v2\/users\/1"}],"replies":[{"embeddable":true,"href":"https:\/\/aehg-laplata.org.ar\/nueva\/wp-json\/wp\/v2\/comments?post=2653"}],"version-history":[{"count":1,"href":"https:\/\/aehg-laplata.org.ar\/nueva\/wp-json\/wp\/v2\/posts\/2653\/revisions"}],"predecessor-version":[{"id":2655,"href":"https:\/\/aehg-laplata.org.ar\/nueva\/wp-json\/wp\/v2\/posts\/2653\/revisions\/2655"}],"wp:featuredmedia":[{"embeddable":true,"href":"https:\/\/aehg-laplata.org.ar\/nueva\/wp-json\/wp\/v2\/media\/2654"}],"wp:attachment":[{"href":"https:\/\/aehg-laplata.org.ar\/nueva\/wp-json\/wp\/v2\/media?parent=2653"}],"wp:term":[{"taxonomy":"category","embeddable":true,"href":"https:\/\/aehg-laplata.org.ar\/nueva\/wp-json\/wp\/v2\/categories?post=2653"},{"taxonomy":"post_tag","embeddable":true,"href":"https:\/\/aehg-laplata.org.ar\/nueva\/wp-json\/wp\/v2\/tags?post=2653"}],"curies":[{"name":"wp","href":"https:\/\/api.w.org\/{rel}","templated":true}]}}