{"id":2649,"date":"2025-12-05T08:01:18","date_gmt":"2025-12-05T11:01:18","guid":{"rendered":"https:\/\/aehg-laplata.org.ar\/nueva\/?p=2649"},"modified":"2025-12-05T08:01:18","modified_gmt":"2025-12-05T11:01:18","slug":"aehg-la-plata-presente-en-la-238-reunion-de-consejo-directivo-y-asamblea-general-ordinaria-de-fehgra","status":"publish","type":"post","link":"https:\/\/aehg-laplata.org.ar\/nueva\/aehg-la-plata-presente-en-la-238-reunion-de-consejo-directivo-y-asamblea-general-ordinaria-de-fehgra\/","title":{"rendered":"AEHG La Plata presente en la 238\u00b0 Reuni\u00f3n de Consejo Directivo y Asamblea General Ordinaria de FEHGRA"},"content":{"rendered":"<p>[vc_row][vc_column][vc_column_text]<\/p>\n<h3 class=\"entry-title\">AEHG La Plata presente en la 238\u00b0 Reuni\u00f3n de Consejo Directivo y Asamblea General Ordinaria de FEHGRA<\/h3>\n<p>[\/vc_column_text][\/vc_column][\/vc_row][vc_row][vc_column css=&#8221;.vc_custom_1457772902902{margin-top: -10px !important;}&#8221;][vc_column_text]La Asociaci\u00f3n Empresaria Hotelera, Gastron\u00f3mica y Pastelera de La Plata (AEHG La Plata) particip\u00f3 de la 238\u00b0 Reuni\u00f3n de Consejo Directivo y Asamblea General Ordinaria de la Federaci\u00f3n Empresaria Hotelera Gastron\u00f3mica de la Rep\u00fablica Argentina (FEHGRA), realizada los d\u00edas 3 y 4 de diciembre en la ciudad de Mendoza, junto a dirigentes de entidades de todo el pa\u00eds.[\/vc_column_text][\/vc_column][\/vc_row][vc_row equal_height=&#8221;yes&#8221;][vc_column][vc_single_image image=&#8221;2650&#8243; img_size=&#8221;full&#8221; onclick=&#8221;link_image&#8221;][\/vc_column][\/vc_row][vc_row][vc_column css=&#8221;.vc_custom_1457772902902{margin-top: -10px !important;}&#8221;][vc_column_text]El encuentro se desarroll\u00f3 junto a la Asociaci\u00f3n Empresaria Hotelero Gastron\u00f3mica y Afines local, reuniendo a m\u00e1s de <strong>250 consejeros y referentes<\/strong> del sector hotelero y gastron\u00f3mico de toda la Argentina, donde se abordaron temas vinculados al fortalecimiento institucional, la coyuntura econ\u00f3mica del sector, la capacitaci\u00f3n constante, la promoci\u00f3n tur\u00edstica federal y la planificaci\u00f3n de acciones estrat\u00e9gicas conjuntas.<\/p>\n<p>En representaci\u00f3n de la <strong>AEHG La Plata<\/strong> asisti\u00f3 su <strong>presidente, Claudio N. Aguilar<\/strong>, acompa\u00f1ado por integrantes de la <strong>Comisi\u00f3n Directiva<\/strong>: <strong>Vicente Morgillo, Daniel Beninati, Germ\u00e1n Aguilar, Dionisio Demattei, Jos\u00e9 Luis Rodr\u00edguez y Mart\u00edn Raina<\/strong>. Tambi\u00e9n participaron los <strong>asesores institucionales Paola Aldana R\u00edos<\/strong> \u2014asesora legal de la Entidad\u2014 y <strong>Mario \u00c1ngel Colombini<\/strong>.<\/p>\n<p>El <strong>acto de apertura<\/strong> estuvo encabezado por el <strong>presidente de FEHGRA, Fernando Desbots<\/strong>; el <strong>gobernador de Mendoza, Alfredo Cornejo<\/strong>; la <strong>presidenta de la C\u00e1mara Argentina de Turismo (CAT), Laura Teruel<\/strong>; y el <strong>presidente de la entidad anfitriona y tesorero de FEHGRA, Ra\u00fal Roitman<\/strong>.<\/p>\n<p>Acompa\u00f1aron la jornada autoridades del turismo nacional y provincial, entre ellas la <strong>presidenta del Ente Mendoza Turismo, Gabriela Testa<\/strong>, la <strong>vicepresidenta Cynthia Maggioni<\/strong>, la <strong>senadora nacional Mariana Juri<\/strong>, el <strong>presidente del Ente Fueguino de Turismo, Dante Querciali<\/strong>, la <strong>presidenta del Instituto de Turismo del Chaco, Ver\u00f3nica Mazzaroli<\/strong>, adem\u00e1s del <strong>ex gobernador de Mendoza, Jos\u00e9 Octavio Bord\u00f3n<\/strong>, entre otros referentes del sector.<\/p>\n<p>La participaci\u00f3n de la delegaci\u00f3n platense reafirma el compromiso de la <strong>AEHG La Plata<\/strong> con el trabajo federal impulsado por <strong>FEHGRA<\/strong>, promoviendo la defensa de los intereses del sector hotelero y gastron\u00f3mico, el fortalecimiento institucional y el desarrollo sostenible de la actividad a nivel local, provincial y nacional.[\/vc_column_text][\/vc_column][\/vc_row]<\/p>\n","protected":false},"excerpt":{"rendered":"<p>[vc_row][vc_column][vc_column_text] AEHG La Plata presente en la 238\u00b0 Reuni\u00f3n de Consejo Directivo y Asamblea General Ordinaria de FEHGRA [\/vc_column_text][\/vc_column][\/vc_row][vc_row][vc_column css=&#8221;.vc_custom_1457772902902{margin-top:&#8230;<\/p>\n","protected":false},"author":1,"featured_media":2650,"comment_status":"closed","ping_status":"closed","sticky":false,"template":"","format":"standard","meta":[],"categories":[4],"tags":[],"yoast_head":"<!-- This site is optimized with the Yoast SEO plugin v17.2.1 - https:\/\/yoast.com\/wordpress\/plugins\/seo\/ -->\n<title>AEHG La Plata presente en la 238\u00b0 Reuni\u00f3n de Consejo Directivo y Asamblea General Ordinaria de FEHGRA - AEHG La Plata<\/title>\n<meta name=\"robots\" content=\"index, follow, max-snippet:-1, max-image-preview:large, max-video-preview:-1\" \/>\n<link rel=\"canonical\" href=\"https:\/\/aehg-laplata.org.ar\/nueva\/aehg-la-plata-presente-en-la-238-reunion-de-consejo-directivo-y-asamblea-general-ordinaria-de-fehgra\/\" \/>\n<meta property=\"og:locale\" content=\"es_ES\" \/>\n<meta property=\"og:type\" content=\"article\" \/>\n<meta property=\"og:title\" content=\"AEHG La Plata presente en la 238\u00b0 Reuni\u00f3n de Consejo Directivo y Asamblea General Ordinaria de FEHGRA - AEHG La Plata\" \/>\n<meta property=\"og:description\" content=\"[vc_row][vc_column][vc_column_text] AEHG La Plata presente en la 238\u00b0 Reuni\u00f3n de Consejo Directivo y Asamblea General Ordinaria de FEHGRA [\/vc_column_text][\/vc_column][\/vc_row][vc_row][vc_column css=&#8221;.vc_custom_1457772902902{margin-top:...\" \/>\n<meta property=\"og:url\" content=\"https:\/\/aehg-laplata.org.ar\/nueva\/aehg-la-plata-presente-en-la-238-reunion-de-consejo-directivo-y-asamblea-general-ordinaria-de-fehgra\/\" \/>\n<meta property=\"og:site_name\" content=\"AEHG La Plata\" \/>\n<meta property=\"article:publisher\" content=\"https:\/\/www.facebook.com\/AehgLaPlataOK\/\" \/>\n<meta property=\"article:published_time\" content=\"2025-12-05T11:01:18+00:00\" \/>\n<meta property=\"og:image\" content=\"https:\/\/aehg-laplata.org.ar\/nueva\/wp-content\/uploads\/AEHG-La-Plata-presente-en-la-238-Reunion-de-Consejo-Directivo-y-Asamblea-General-Ordinaria-de-FEHGRA.jpg\" \/>\n\t<meta property=\"og:image:width\" content=\"1441\" \/>\n\t<meta property=\"og:image:height\" content=\"1080\" \/>\n<meta name=\"twitter:card\" content=\"summary_large_image\" \/>\n<meta name=\"twitter:label1\" content=\"Escrito por\" \/>\n\t<meta name=\"twitter:data1\" content=\"ftosti\" \/>\n\t<meta name=\"twitter:label2\" content=\"Tiempo de lectura\" \/>\n\t<meta name=\"twitter:data2\" content=\"2 minutos\" \/>\n<script type=\"application\/ld+json\" class=\"yoast-schema-graph\">{\"@context\":\"https:\/\/schema.org\",\"@graph\":[{\"@type\":\"WebSite\",\"@id\":\"https:\/\/aehg-laplata.org.ar\/nueva\/#website\",\"url\":\"https:\/\/aehg-laplata.org.ar\/nueva\/\",\"name\":\"AEHG La Plata\",\"description\":\"\",\"potentialAction\":[{\"@type\":\"SearchAction\",\"target\":{\"@type\":\"EntryPoint\",\"urlTemplate\":\"https:\/\/aehg-laplata.org.ar\/nueva\/?s={search_term_string}\"},\"query-input\":\"required name=search_term_string\"}],\"inLanguage\":\"es-AR\"},{\"@type\":\"ImageObject\",\"@id\":\"https:\/\/aehg-laplata.org.ar\/nueva\/aehg-la-plata-presente-en-la-238-reunion-de-consejo-directivo-y-asamblea-general-ordinaria-de-fehgra\/#primaryimage\",\"inLanguage\":\"es-AR\",\"url\":\"https:\/\/aehg-laplata.org.ar\/nueva\/wp-content\/uploads\/AEHG-La-Plata-presente-en-la-238-Reunion-de-Consejo-Directivo-y-Asamblea-General-Ordinaria-de-FEHGRA.jpg\",\"contentUrl\":\"https:\/\/aehg-laplata.org.ar\/nueva\/wp-content\/uploads\/AEHG-La-Plata-presente-en-la-238-Reunion-de-Consejo-Directivo-y-Asamblea-General-Ordinaria-de-FEHGRA.jpg\",\"width\":1441,\"height\":1080},{\"@type\":\"WebPage\",\"@id\":\"https:\/\/aehg-laplata.org.ar\/nueva\/aehg-la-plata-presente-en-la-238-reunion-de-consejo-directivo-y-asamblea-general-ordinaria-de-fehgra\/#webpage\",\"url\":\"https:\/\/aehg-laplata.org.ar\/nueva\/aehg-la-plata-presente-en-la-238-reunion-de-consejo-directivo-y-asamblea-general-ordinaria-de-fehgra\/\",\"name\":\"AEHG La Plata presente en la 238\\u00b0 Reuni\\u00f3n de Consejo Directivo y Asamblea General Ordinaria de FEHGRA - AEHG La Plata\",\"isPartOf\":{\"@id\":\"https:\/\/aehg-laplata.org.ar\/nueva\/#website\"},\"primaryImageOfPage\":{\"@id\":\"https:\/\/aehg-laplata.org.ar\/nueva\/aehg-la-plata-presente-en-la-238-reunion-de-consejo-directivo-y-asamblea-general-ordinaria-de-fehgra\/#primaryimage\"},\"datePublished\":\"2025-12-05T11:01:18+00:00\",\"dateModified\":\"2025-12-05T11:01:18+00:00\",\"author\":{\"@id\":\"https:\/\/aehg-laplata.org.ar\/nueva\/#\/schema\/person\/7f7b2f53bda3353446a1e6bfb4837e14\"},\"breadcrumb\":{\"@id\":\"https:\/\/aehg-laplata.org.ar\/nueva\/aehg-la-plata-presente-en-la-238-reunion-de-consejo-directivo-y-asamblea-general-ordinaria-de-fehgra\/#breadcrumb\"},\"inLanguage\":\"es-AR\",\"potentialAction\":[{\"@type\":\"ReadAction\",\"target\":[\"https:\/\/aehg-laplata.org.ar\/nueva\/aehg-la-plata-presente-en-la-238-reunion-de-consejo-directivo-y-asamblea-general-ordinaria-de-fehgra\/\"]}]},{\"@type\":\"BreadcrumbList\",\"@id\":\"https:\/\/aehg-laplata.org.ar\/nueva\/aehg-la-plata-presente-en-la-238-reunion-de-consejo-directivo-y-asamblea-general-ordinaria-de-fehgra\/#breadcrumb\",\"itemListElement\":[{\"@type\":\"ListItem\",\"position\":1,\"name\":\"Inicio\",\"item\":\"https:\/\/aehg-laplata.org.ar\/nueva\/\"},{\"@type\":\"ListItem\",\"position\":2,\"name\":\"AEHG La Plata presente en la 238\\u00b0 Reuni\\u00f3n de Consejo Directivo y Asamblea General Ordinaria de FEHGRA\"}]},{\"@type\":\"Person\",\"@id\":\"https:\/\/aehg-laplata.org.ar\/nueva\/#\/schema\/person\/7f7b2f53bda3353446a1e6bfb4837e14\",\"name\":\"ftosti\",\"image\":{\"@type\":\"ImageObject\",\"@id\":\"https:\/\/aehg-laplata.org.ar\/nueva\/#personlogo\",\"inLanguage\":\"es-AR\",\"url\":\"https:\/\/secure.gravatar.com\/avatar\/602f4beec51ba7ffdca86e4faf5d039c?s=96&d=mm&r=g\",\"contentUrl\":\"https:\/\/secure.gravatar.com\/avatar\/602f4beec51ba7ffdca86e4faf5d039c?s=96&d=mm&r=g\",\"caption\":\"ftosti\"},\"url\":\"https:\/\/aehg-laplata.org.ar\/nueva\/author\/ftosti\/\"}]}<\/script>\n<!-- \/ Yoast SEO plugin. -->","yoast_head_json":{"title":"AEHG La Plata presente en la 238\u00b0 Reuni\u00f3n de Consejo Directivo y Asamblea General Ordinaria de FEHGRA - AEHG La Plata","robots":{"index":"index","follow":"follow","max-snippet":"max-snippet:-1","max-image-preview":"max-image-preview:large","max-video-preview":"max-video-preview:-1"},"canonical":"https:\/\/aehg-laplata.org.ar\/nueva\/aehg-la-plata-presente-en-la-238-reunion-de-consejo-directivo-y-asamblea-general-ordinaria-de-fehgra\/","og_locale":"es_ES","og_type":"article","og_title":"AEHG La Plata presente en la 238\u00b0 Reuni\u00f3n de Consejo Directivo y Asamblea General Ordinaria de FEHGRA - AEHG La Plata","og_description":"[vc_row][vc_column][vc_column_text] AEHG La Plata presente en la 238\u00b0 Reuni\u00f3n de Consejo Directivo y Asamblea General Ordinaria de FEHGRA [\/vc_column_text][\/vc_column][\/vc_row][vc_row][vc_column css=&#8221;.vc_custom_1457772902902{margin-top:...","og_url":"https:\/\/aehg-laplata.org.ar\/nueva\/aehg-la-plata-presente-en-la-238-reunion-de-consejo-directivo-y-asamblea-general-ordinaria-de-fehgra\/","og_site_name":"AEHG La Plata","article_publisher":"https:\/\/www.facebook.com\/AehgLaPlataOK\/","article_published_time":"2025-12-05T11:01:18+00:00","og_image":[{"width":1441,"height":1080,"url":"https:\/\/aehg-laplata.org.ar\/nueva\/wp-content\/uploads\/AEHG-La-Plata-presente-en-la-238-Reunion-de-Consejo-Directivo-y-Asamblea-General-Ordinaria-de-FEHGRA.jpg","path":"\/home\/c1070183\/public_html\/nueva\/wp-content\/uploads\/AEHG-La-Plata-presente-en-la-238-Reunion-de-Consejo-Directivo-y-Asamblea-General-Ordinaria-de-FEHGRA.jpg","size":"full","id":2650,"alt":"","pixels":1556280,"type":"image\/jpeg"}],"twitter_card":"summary_large_image","twitter_misc":{"Escrito por":"ftosti","Tiempo de lectura":"2 minutos"},"schema":{"@context":"https:\/\/schema.org","@graph":[{"@type":"WebSite","@id":"https:\/\/aehg-laplata.org.ar\/nueva\/#website","url":"https:\/\/aehg-laplata.org.ar\/nueva\/","name":"AEHG La Plata","description":"","potentialAction":[{"@type":"SearchAction","target":{"@type":"EntryPoint","urlTemplate":"https:\/\/aehg-laplata.org.ar\/nueva\/?s={search_term_string}"},"query-input":"required name=search_term_string"}],"inLanguage":"es-AR"},{"@type":"ImageObject","@id":"https:\/\/aehg-laplata.org.ar\/nueva\/aehg-la-plata-presente-en-la-238-reunion-de-consejo-directivo-y-asamblea-general-ordinaria-de-fehgra\/#primaryimage","inLanguage":"es-AR","url":"https:\/\/aehg-laplata.org.ar\/nueva\/wp-content\/uploads\/AEHG-La-Plata-presente-en-la-238-Reunion-de-Consejo-Directivo-y-Asamblea-General-Ordinaria-de-FEHGRA.jpg","contentUrl":"https:\/\/aehg-laplata.org.ar\/nueva\/wp-content\/uploads\/AEHG-La-Plata-presente-en-la-238-Reunion-de-Consejo-Directivo-y-Asamblea-General-Ordinaria-de-FEHGRA.jpg","width":1441,"height":1080},{"@type":"WebPage","@id":"https:\/\/aehg-laplata.org.ar\/nueva\/aehg-la-plata-presente-en-la-238-reunion-de-consejo-directivo-y-asamblea-general-ordinaria-de-fehgra\/#webpage","url":"https:\/\/aehg-laplata.org.ar\/nueva\/aehg-la-plata-presente-en-la-238-reunion-de-consejo-directivo-y-asamblea-general-ordinaria-de-fehgra\/","name":"AEHG La Plata presente en la 238\u00b0 Reuni\u00f3n de Consejo Directivo y Asamblea General Ordinaria de FEHGRA - AEHG La Plata","isPartOf":{"@id":"https:\/\/aehg-laplata.org.ar\/nueva\/#website"},"primaryImageOfPage":{"@id":"https:\/\/aehg-laplata.org.ar\/nueva\/aehg-la-plata-presente-en-la-238-reunion-de-consejo-directivo-y-asamblea-general-ordinaria-de-fehgra\/#primaryimage"},"datePublished":"2025-12-05T11:01:18+00:00","dateModified":"2025-12-05T11:01:18+00:00","author":{"@id":"https:\/\/aehg-laplata.org.ar\/nueva\/#\/schema\/person\/7f7b2f53bda3353446a1e6bfb4837e14"},"breadcrumb":{"@id":"https:\/\/aehg-laplata.org.ar\/nueva\/aehg-la-plata-presente-en-la-238-reunion-de-consejo-directivo-y-asamblea-general-ordinaria-de-fehgra\/#breadcrumb"},"inLanguage":"es-AR","potentialAction":[{"@type":"ReadAction","target":["https:\/\/aehg-laplata.org.ar\/nueva\/aehg-la-plata-presente-en-la-238-reunion-de-consejo-directivo-y-asamblea-general-ordinaria-de-fehgra\/"]}]},{"@type":"BreadcrumbList","@id":"https:\/\/aehg-laplata.org.ar\/nueva\/aehg-la-plata-presente-en-la-238-reunion-de-consejo-directivo-y-asamblea-general-ordinaria-de-fehgra\/#breadcrumb","itemListElement":[{"@type":"ListItem","position":1,"name":"Inicio","item":"https:\/\/aehg-laplata.org.ar\/nueva\/"},{"@type":"ListItem","position":2,"name":"AEHG La Plata presente en la 238\u00b0 Reuni\u00f3n de Consejo Directivo y Asamblea General Ordinaria de FEHGRA"}]},{"@type":"Person","@id":"https:\/\/aehg-laplata.org.ar\/nueva\/#\/schema\/person\/7f7b2f53bda3353446a1e6bfb4837e14","name":"ftosti","image":{"@type":"ImageObject","@id":"https:\/\/aehg-laplata.org.ar\/nueva\/#personlogo","inLanguage":"es-AR","url":"https:\/\/secure.gravatar.com\/avatar\/602f4beec51ba7ffdca86e4faf5d039c?s=96&d=mm&r=g","contentUrl":"https:\/\/secure.gravatar.com\/avatar\/602f4beec51ba7ffdca86e4faf5d039c?s=96&d=mm&r=g","caption":"ftosti"},"url":"https:\/\/aehg-laplata.org.ar\/nueva\/author\/ftosti\/"}]}},"_links":{"self":[{"href":"https:\/\/aehg-laplata.org.ar\/nueva\/wp-json\/wp\/v2\/posts\/2649"}],"collection":[{"href":"https:\/\/aehg-laplata.org.ar\/nueva\/wp-json\/wp\/v2\/posts"}],"about":[{"href":"https:\/\/aehg-laplata.org.ar\/nueva\/wp-json\/wp\/v2\/types\/post"}],"author":[{"embeddable":true,"href":"https:\/\/aehg-laplata.org.ar\/nueva\/wp-json\/wp\/v2\/users\/1"}],"replies":[{"embeddable":true,"href":"https:\/\/aehg-laplata.org.ar\/nueva\/wp-json\/wp\/v2\/comments?post=2649"}],"version-history":[{"count":1,"href":"https:\/\/aehg-laplata.org.ar\/nueva\/wp-json\/wp\/v2\/posts\/2649\/revisions"}],"predecessor-version":[{"id":2651,"href":"https:\/\/aehg-laplata.org.ar\/nueva\/wp-json\/wp\/v2\/posts\/2649\/revisions\/2651"}],"wp:featuredmedia":[{"embeddable":true,"href":"https:\/\/aehg-laplata.org.ar\/nueva\/wp-json\/wp\/v2\/media\/2650"}],"wp:attachment":[{"href":"https:\/\/aehg-laplata.org.ar\/nueva\/wp-json\/wp\/v2\/media?parent=2649"}],"wp:term":[{"taxonomy":"category","embeddable":true,"href":"https:\/\/aehg-laplata.org.ar\/nueva\/wp-json\/wp\/v2\/categories?post=2649"},{"taxonomy":"post_tag","embeddable":true,"href":"https:\/\/aehg-laplata.org.ar\/nueva\/wp-json\/wp\/v2\/tags?post=2649"}],"curies":[{"name":"wp","href":"https:\/\/api.w.org\/{rel}","templated":true}]}}