{"id":2643,"date":"2025-12-03T12:41:30","date_gmt":"2025-12-03T15:41:30","guid":{"rendered":"https:\/\/aehg-laplata.org.ar\/nueva\/?p=2643"},"modified":"2025-12-03T12:41:30","modified_gmt":"2025-12-03T15:41:30","slug":"aehg-la-plata-entrega-de-diplomas-del-instituto-angel-salvadori-itgas-titulos-oficiales","status":"publish","type":"post","link":"https:\/\/aehg-laplata.org.ar\/nueva\/aehg-la-plata-entrega-de-diplomas-del-instituto-angel-salvadori-itgas-titulos-oficiales\/","title":{"rendered":"AEHG La Plata: Entrega de diplomas del Instituto \u00c1ngel Salvadori (ITGAS) \u2013 T\u00edtulos Oficiales"},"content":{"rendered":"<p>[vc_row][vc_column][vc_column_text]<\/p>\n<h3 class=\"entry-title\">AEHG La Plata: Entrega de diplomas del Instituto \u00c1ngel Salvadori (ITGAS) \u2013 T\u00edtulos Oficiales<\/h3>\n<p>[\/vc_column_text][\/vc_column][\/vc_row][vc_row][vc_column css=&#8221;.vc_custom_1457772902902{margin-top: -10px !important;}&#8221;][vc_column_text]El Instituto \u00c1ngel Salvadori (ITGAS), perteneciente a la AEHG La Plata, celebr\u00f3 la entrega de diplomas de sus carreras con t\u00edtulos oficiales en el Teatro Municipal Coliseo Podest\u00e1, con la presencia de autoridades de FEHGRA, DIEGEP y del Gobierno Municipal de Berisso, encabezado por el intendente Fabi\u00e1n Cagliardi.[\/vc_column_text][\/vc_column][\/vc_row][vc_row equal_height=&#8221;yes&#8221;][vc_column][vc_single_image image=&#8221;2644&#8243; img_size=&#8221;full&#8221; onclick=&#8221;link_image&#8221;][\/vc_column][\/vc_row][vc_row][vc_column css=&#8221;.vc_custom_1457772902902{margin-top: -10px !important;}&#8221;][vc_column_text]El <strong>Instituto Superior de Hoteler\u00eda, Gastronom\u00eda y Turismo \u201c\u00c1ngel Salvadori\u201d (ITGAS)<\/strong> realiz\u00f3 la ceremonia de colaci\u00f3n de las carreras de <strong>Chef Profesional, Pastelero Profesional y T\u00e9cnico Superior en Servicios Gastron\u00f3micos<\/strong>, todas ellas con <strong>t\u00edtulos oficiales<\/strong>.<\/p>\n<p>El acto cont\u00f3 con la presencia de integrantes del <strong>Comit\u00e9 Ejecutivo de FEHGRA<\/strong>, autoridades de la <strong>Direcci\u00f3n de Educaci\u00f3n de Gesti\u00f3n Privada (DIEGEP)<\/strong> y representantes del <strong>Gobierno Municipal de Berisso<\/strong>. Particip\u00f3 tambi\u00e9n el <strong>presidente del EMATUR, Uriel Charne<\/strong>, quien realiz\u00f3 la entrega de un reconocimiento especial a uno de los estudiantes destacados.<\/p>\n<p>La ceremonia comenz\u00f3 con las palabras de bienvenida del <strong>presidente de la AEHG La Plata, Claudio N. Aguilar<\/strong>, quien subray\u00f3 la importancia de contar con una instituci\u00f3n educativa propia como el <strong>ITGAS<\/strong>, destacando que cada nueva promoci\u00f3n \u201c<strong>jerarquiza la hoteler\u00eda y la gastronom\u00eda de nuestra ciudad y del pa\u00eds<\/strong>\u201d, aportando profesionales calificados a un sector en permanente crecimiento.<\/p>\n<p>Posteriormente, la <strong>directora del Instituto, Mar\u00eda Fernanda Corte<\/strong>, celebr\u00f3 el cierre de una etapa fundamental para los egresados y agradeci\u00f3 al equipo docente por su compromiso diario, mientras que <strong>Silvina Ripke<\/strong>, secretaria de actas de <strong>FEHGRA<\/strong>, alent\u00f3 a los flamantes profesionales a continuar capacit\u00e1ndose en un \u00e1mbito que demanda formaci\u00f3n constante.<\/p>\n<p>Durante la jornada se realizaron menciones a los <strong>mejores promedios<\/strong> y se reconoci\u00f3 el compromiso del <strong>cuerpo docente<\/strong> en la formaci\u00f3n integral de los estudiantes.<\/p>\n<p>El evento se desarroll\u00f3 en un clima de emoci\u00f3n y orgullo compartido, marcando para los egresados el inicio de una nueva etapa profesional en el \u00e1mbito gastron\u00f3mico y tur\u00edstico.<\/p>\n<p><strong>Una vez m\u00e1s, el ITGAS, perteneciente a la AEHG La Plata, reafirma su misi\u00f3n de formar profesionales capaces, creativos y comprometidos, fortaleciendo la gastronom\u00eda local y proyectando su crecimiento hacia el futuro.<\/strong>[\/vc_column_text][\/vc_column][\/vc_row]<\/p>\n","protected":false},"excerpt":{"rendered":"<p>[vc_row][vc_column][vc_column_text] AEHG La Plata: Entrega de diplomas del Instituto \u00c1ngel Salvadori (ITGAS) \u2013 T\u00edtulos Oficiales [\/vc_column_text][\/vc_column][\/vc_row][vc_row][vc_column css=&#8221;.vc_custom_1457772902902{margin-top: -10px !important;}&#8221;][vc_column_text]El Instituto&#8230;<\/p>\n","protected":false},"author":1,"featured_media":2644,"comment_status":"closed","ping_status":"closed","sticky":false,"template":"","format":"standard","meta":[],"categories":[4],"tags":[],"yoast_head":"<!-- This site is optimized with the Yoast SEO plugin v17.2.1 - https:\/\/yoast.com\/wordpress\/plugins\/seo\/ -->\n<title>AEHG La Plata: Entrega de diplomas del Instituto \u00c1ngel Salvadori (ITGAS) \u2013 T\u00edtulos Oficiales - AEHG La Plata<\/title>\n<meta name=\"robots\" content=\"index, follow, max-snippet:-1, max-image-preview:large, max-video-preview:-1\" \/>\n<link rel=\"canonical\" href=\"https:\/\/aehg-laplata.org.ar\/nueva\/aehg-la-plata-entrega-de-diplomas-del-instituto-angel-salvadori-itgas-titulos-oficiales\/\" \/>\n<meta property=\"og:locale\" content=\"es_ES\" \/>\n<meta property=\"og:type\" content=\"article\" \/>\n<meta property=\"og:title\" content=\"AEHG La Plata: Entrega de diplomas del Instituto \u00c1ngel Salvadori (ITGAS) \u2013 T\u00edtulos Oficiales - AEHG La Plata\" \/>\n<meta property=\"og:description\" content=\"[vc_row][vc_column][vc_column_text] AEHG La Plata: Entrega de diplomas del Instituto \u00c1ngel Salvadori (ITGAS) \u2013 T\u00edtulos Oficiales [\/vc_column_text][\/vc_column][\/vc_row][vc_row][vc_column css=&#8221;.vc_custom_1457772902902{margin-top: -10px !important;}&#8221;][vc_column_text]El Instituto...\" \/>\n<meta property=\"og:url\" content=\"https:\/\/aehg-laplata.org.ar\/nueva\/aehg-la-plata-entrega-de-diplomas-del-instituto-angel-salvadori-itgas-titulos-oficiales\/\" \/>\n<meta property=\"og:site_name\" content=\"AEHG La Plata\" \/>\n<meta property=\"article:publisher\" content=\"https:\/\/www.facebook.com\/AehgLaPlataOK\/\" \/>\n<meta property=\"article:published_time\" content=\"2025-12-03T15:41:30+00:00\" \/>\n<meta property=\"og:image\" content=\"https:\/\/aehg-laplata.org.ar\/nueva\/wp-content\/uploads\/Entrega-de-diplomas-del-Instituto-Angel-Salvadori-ITGAS-\u2013-Titulos-Oficiales.jpg\" \/>\n\t<meta property=\"og:image:width\" content=\"1201\" \/>\n\t<meta property=\"og:image:height\" content=\"800\" \/>\n<meta name=\"twitter:card\" content=\"summary_large_image\" \/>\n<meta name=\"twitter:label1\" content=\"Escrito por\" \/>\n\t<meta name=\"twitter:data1\" content=\"ftosti\" \/>\n\t<meta name=\"twitter:label2\" content=\"Tiempo de lectura\" \/>\n\t<meta name=\"twitter:data2\" content=\"2 minutos\" \/>\n<script type=\"application\/ld+json\" class=\"yoast-schema-graph\">{\"@context\":\"https:\/\/schema.org\",\"@graph\":[{\"@type\":\"WebSite\",\"@id\":\"https:\/\/aehg-laplata.org.ar\/nueva\/#website\",\"url\":\"https:\/\/aehg-laplata.org.ar\/nueva\/\",\"name\":\"AEHG La Plata\",\"description\":\"\",\"potentialAction\":[{\"@type\":\"SearchAction\",\"target\":{\"@type\":\"EntryPoint\",\"urlTemplate\":\"https:\/\/aehg-laplata.org.ar\/nueva\/?s={search_term_string}\"},\"query-input\":\"required name=search_term_string\"}],\"inLanguage\":\"es-AR\"},{\"@type\":\"ImageObject\",\"@id\":\"https:\/\/aehg-laplata.org.ar\/nueva\/aehg-la-plata-entrega-de-diplomas-del-instituto-angel-salvadori-itgas-titulos-oficiales\/#primaryimage\",\"inLanguage\":\"es-AR\",\"url\":\"https:\/\/aehg-laplata.org.ar\/nueva\/wp-content\/uploads\/Entrega-de-diplomas-del-Instituto-Angel-Salvadori-ITGAS-\\u2013-Titulos-Oficiales.jpg\",\"contentUrl\":\"https:\/\/aehg-laplata.org.ar\/nueva\/wp-content\/uploads\/Entrega-de-diplomas-del-Instituto-Angel-Salvadori-ITGAS-\\u2013-Titulos-Oficiales.jpg\",\"width\":1201,\"height\":800},{\"@type\":\"WebPage\",\"@id\":\"https:\/\/aehg-laplata.org.ar\/nueva\/aehg-la-plata-entrega-de-diplomas-del-instituto-angel-salvadori-itgas-titulos-oficiales\/#webpage\",\"url\":\"https:\/\/aehg-laplata.org.ar\/nueva\/aehg-la-plata-entrega-de-diplomas-del-instituto-angel-salvadori-itgas-titulos-oficiales\/\",\"name\":\"AEHG La Plata: Entrega de diplomas del Instituto \\u00c1ngel Salvadori (ITGAS) \\u2013 T\\u00edtulos Oficiales - AEHG La Plata\",\"isPartOf\":{\"@id\":\"https:\/\/aehg-laplata.org.ar\/nueva\/#website\"},\"primaryImageOfPage\":{\"@id\":\"https:\/\/aehg-laplata.org.ar\/nueva\/aehg-la-plata-entrega-de-diplomas-del-instituto-angel-salvadori-itgas-titulos-oficiales\/#primaryimage\"},\"datePublished\":\"2025-12-03T15:41:30+00:00\",\"dateModified\":\"2025-12-03T15:41:30+00:00\",\"author\":{\"@id\":\"https:\/\/aehg-laplata.org.ar\/nueva\/#\/schema\/person\/7f7b2f53bda3353446a1e6bfb4837e14\"},\"breadcrumb\":{\"@id\":\"https:\/\/aehg-laplata.org.ar\/nueva\/aehg-la-plata-entrega-de-diplomas-del-instituto-angel-salvadori-itgas-titulos-oficiales\/#breadcrumb\"},\"inLanguage\":\"es-AR\",\"potentialAction\":[{\"@type\":\"ReadAction\",\"target\":[\"https:\/\/aehg-laplata.org.ar\/nueva\/aehg-la-plata-entrega-de-diplomas-del-instituto-angel-salvadori-itgas-titulos-oficiales\/\"]}]},{\"@type\":\"BreadcrumbList\",\"@id\":\"https:\/\/aehg-laplata.org.ar\/nueva\/aehg-la-plata-entrega-de-diplomas-del-instituto-angel-salvadori-itgas-titulos-oficiales\/#breadcrumb\",\"itemListElement\":[{\"@type\":\"ListItem\",\"position\":1,\"name\":\"Inicio\",\"item\":\"https:\/\/aehg-laplata.org.ar\/nueva\/\"},{\"@type\":\"ListItem\",\"position\":2,\"name\":\"AEHG La Plata: Entrega de diplomas del Instituto \\u00c1ngel Salvadori (ITGAS) \\u2013 T\\u00edtulos Oficiales\"}]},{\"@type\":\"Person\",\"@id\":\"https:\/\/aehg-laplata.org.ar\/nueva\/#\/schema\/person\/7f7b2f53bda3353446a1e6bfb4837e14\",\"name\":\"ftosti\",\"image\":{\"@type\":\"ImageObject\",\"@id\":\"https:\/\/aehg-laplata.org.ar\/nueva\/#personlogo\",\"inLanguage\":\"es-AR\",\"url\":\"https:\/\/secure.gravatar.com\/avatar\/602f4beec51ba7ffdca86e4faf5d039c?s=96&d=mm&r=g\",\"contentUrl\":\"https:\/\/secure.gravatar.com\/avatar\/602f4beec51ba7ffdca86e4faf5d039c?s=96&d=mm&r=g\",\"caption\":\"ftosti\"},\"url\":\"https:\/\/aehg-laplata.org.ar\/nueva\/author\/ftosti\/\"}]}<\/script>\n<!-- \/ Yoast SEO plugin. -->","yoast_head_json":{"title":"AEHG La Plata: Entrega de diplomas del Instituto \u00c1ngel Salvadori (ITGAS) \u2013 T\u00edtulos Oficiales - AEHG La Plata","robots":{"index":"index","follow":"follow","max-snippet":"max-snippet:-1","max-image-preview":"max-image-preview:large","max-video-preview":"max-video-preview:-1"},"canonical":"https:\/\/aehg-laplata.org.ar\/nueva\/aehg-la-plata-entrega-de-diplomas-del-instituto-angel-salvadori-itgas-titulos-oficiales\/","og_locale":"es_ES","og_type":"article","og_title":"AEHG La Plata: Entrega de diplomas del Instituto \u00c1ngel Salvadori (ITGAS) \u2013 T\u00edtulos Oficiales - AEHG La Plata","og_description":"[vc_row][vc_column][vc_column_text] AEHG La Plata: Entrega de diplomas del Instituto \u00c1ngel Salvadori (ITGAS) \u2013 T\u00edtulos Oficiales [\/vc_column_text][\/vc_column][\/vc_row][vc_row][vc_column css=&#8221;.vc_custom_1457772902902{margin-top: -10px !important;}&#8221;][vc_column_text]El Instituto...","og_url":"https:\/\/aehg-laplata.org.ar\/nueva\/aehg-la-plata-entrega-de-diplomas-del-instituto-angel-salvadori-itgas-titulos-oficiales\/","og_site_name":"AEHG La Plata","article_publisher":"https:\/\/www.facebook.com\/AehgLaPlataOK\/","article_published_time":"2025-12-03T15:41:30+00:00","og_image":[{"width":1201,"height":800,"url":"https:\/\/aehg-laplata.org.ar\/nueva\/wp-content\/uploads\/Entrega-de-diplomas-del-Instituto-Angel-Salvadori-ITGAS-\u2013-Titulos-Oficiales.jpg","path":"\/home\/c1070183\/public_html\/nueva\/wp-content\/uploads\/Entrega-de-diplomas-del-Instituto-Angel-Salvadori-ITGAS-\u2013-Titulos-Oficiales.jpg","size":"full","id":2644,"alt":"","pixels":960800,"type":"image\/jpeg"}],"twitter_card":"summary_large_image","twitter_misc":{"Escrito por":"ftosti","Tiempo de lectura":"2 minutos"},"schema":{"@context":"https:\/\/schema.org","@graph":[{"@type":"WebSite","@id":"https:\/\/aehg-laplata.org.ar\/nueva\/#website","url":"https:\/\/aehg-laplata.org.ar\/nueva\/","name":"AEHG La Plata","description":"","potentialAction":[{"@type":"SearchAction","target":{"@type":"EntryPoint","urlTemplate":"https:\/\/aehg-laplata.org.ar\/nueva\/?s={search_term_string}"},"query-input":"required name=search_term_string"}],"inLanguage":"es-AR"},{"@type":"ImageObject","@id":"https:\/\/aehg-laplata.org.ar\/nueva\/aehg-la-plata-entrega-de-diplomas-del-instituto-angel-salvadori-itgas-titulos-oficiales\/#primaryimage","inLanguage":"es-AR","url":"https:\/\/aehg-laplata.org.ar\/nueva\/wp-content\/uploads\/Entrega-de-diplomas-del-Instituto-Angel-Salvadori-ITGAS-\u2013-Titulos-Oficiales.jpg","contentUrl":"https:\/\/aehg-laplata.org.ar\/nueva\/wp-content\/uploads\/Entrega-de-diplomas-del-Instituto-Angel-Salvadori-ITGAS-\u2013-Titulos-Oficiales.jpg","width":1201,"height":800},{"@type":"WebPage","@id":"https:\/\/aehg-laplata.org.ar\/nueva\/aehg-la-plata-entrega-de-diplomas-del-instituto-angel-salvadori-itgas-titulos-oficiales\/#webpage","url":"https:\/\/aehg-laplata.org.ar\/nueva\/aehg-la-plata-entrega-de-diplomas-del-instituto-angel-salvadori-itgas-titulos-oficiales\/","name":"AEHG La Plata: Entrega de diplomas del Instituto \u00c1ngel Salvadori (ITGAS) \u2013 T\u00edtulos Oficiales - AEHG La Plata","isPartOf":{"@id":"https:\/\/aehg-laplata.org.ar\/nueva\/#website"},"primaryImageOfPage":{"@id":"https:\/\/aehg-laplata.org.ar\/nueva\/aehg-la-plata-entrega-de-diplomas-del-instituto-angel-salvadori-itgas-titulos-oficiales\/#primaryimage"},"datePublished":"2025-12-03T15:41:30+00:00","dateModified":"2025-12-03T15:41:30+00:00","author":{"@id":"https:\/\/aehg-laplata.org.ar\/nueva\/#\/schema\/person\/7f7b2f53bda3353446a1e6bfb4837e14"},"breadcrumb":{"@id":"https:\/\/aehg-laplata.org.ar\/nueva\/aehg-la-plata-entrega-de-diplomas-del-instituto-angel-salvadori-itgas-titulos-oficiales\/#breadcrumb"},"inLanguage":"es-AR","potentialAction":[{"@type":"ReadAction","target":["https:\/\/aehg-laplata.org.ar\/nueva\/aehg-la-plata-entrega-de-diplomas-del-instituto-angel-salvadori-itgas-titulos-oficiales\/"]}]},{"@type":"BreadcrumbList","@id":"https:\/\/aehg-laplata.org.ar\/nueva\/aehg-la-plata-entrega-de-diplomas-del-instituto-angel-salvadori-itgas-titulos-oficiales\/#breadcrumb","itemListElement":[{"@type":"ListItem","position":1,"name":"Inicio","item":"https:\/\/aehg-laplata.org.ar\/nueva\/"},{"@type":"ListItem","position":2,"name":"AEHG La Plata: Entrega de diplomas del Instituto \u00c1ngel Salvadori (ITGAS) \u2013 T\u00edtulos Oficiales"}]},{"@type":"Person","@id":"https:\/\/aehg-laplata.org.ar\/nueva\/#\/schema\/person\/7f7b2f53bda3353446a1e6bfb4837e14","name":"ftosti","image":{"@type":"ImageObject","@id":"https:\/\/aehg-laplata.org.ar\/nueva\/#personlogo","inLanguage":"es-AR","url":"https:\/\/secure.gravatar.com\/avatar\/602f4beec51ba7ffdca86e4faf5d039c?s=96&d=mm&r=g","contentUrl":"https:\/\/secure.gravatar.com\/avatar\/602f4beec51ba7ffdca86e4faf5d039c?s=96&d=mm&r=g","caption":"ftosti"},"url":"https:\/\/aehg-laplata.org.ar\/nueva\/author\/ftosti\/"}]}},"_links":{"self":[{"href":"https:\/\/aehg-laplata.org.ar\/nueva\/wp-json\/wp\/v2\/posts\/2643"}],"collection":[{"href":"https:\/\/aehg-laplata.org.ar\/nueva\/wp-json\/wp\/v2\/posts"}],"about":[{"href":"https:\/\/aehg-laplata.org.ar\/nueva\/wp-json\/wp\/v2\/types\/post"}],"author":[{"embeddable":true,"href":"https:\/\/aehg-laplata.org.ar\/nueva\/wp-json\/wp\/v2\/users\/1"}],"replies":[{"embeddable":true,"href":"https:\/\/aehg-laplata.org.ar\/nueva\/wp-json\/wp\/v2\/comments?post=2643"}],"version-history":[{"count":1,"href":"https:\/\/aehg-laplata.org.ar\/nueva\/wp-json\/wp\/v2\/posts\/2643\/revisions"}],"predecessor-version":[{"id":2645,"href":"https:\/\/aehg-laplata.org.ar\/nueva\/wp-json\/wp\/v2\/posts\/2643\/revisions\/2645"}],"wp:featuredmedia":[{"embeddable":true,"href":"https:\/\/aehg-laplata.org.ar\/nueva\/wp-json\/wp\/v2\/media\/2644"}],"wp:attachment":[{"href":"https:\/\/aehg-laplata.org.ar\/nueva\/wp-json\/wp\/v2\/media?parent=2643"}],"wp:term":[{"taxonomy":"category","embeddable":true,"href":"https:\/\/aehg-laplata.org.ar\/nueva\/wp-json\/wp\/v2\/categories?post=2643"},{"taxonomy":"post_tag","embeddable":true,"href":"https:\/\/aehg-laplata.org.ar\/nueva\/wp-json\/wp\/v2\/tags?post=2643"}],"curies":[{"name":"wp","href":"https:\/\/api.w.org\/{rel}","templated":true}]}}