{"id":2640,"date":"2025-12-03T12:36:55","date_gmt":"2025-12-03T15:36:55","guid":{"rendered":"https:\/\/aehg-laplata.org.ar\/nueva\/?p=2640"},"modified":"2025-12-03T12:36:55","modified_gmt":"2025-12-03T15:36:55","slug":"la-aehg-la-plata-firmo-un-convenio-de-cooperacion-con-puisan-s-r-l-oule-sensorial-lab","status":"publish","type":"post","link":"https:\/\/aehg-laplata.org.ar\/nueva\/la-aehg-la-plata-firmo-un-convenio-de-cooperacion-con-puisan-s-r-l-oule-sensorial-lab\/","title":{"rendered":"La AEHG La Plata firm\u00f3 un convenio de cooperaci\u00f3n con Puisan S.R.L. \u2013 Oule Sensorial Lab"},"content":{"rendered":"<p>[vc_row][vc_column][vc_column_text]<\/p>\n<h3 class=\"entry-title\">La AEHG La Plata firm\u00f3 un convenio de cooperaci\u00f3n con Puisan S.R.L. \u2013 Oule Sensorial Lab<\/h3>\n<p>[\/vc_column_text][\/vc_column][\/vc_row][vc_row][vc_column css=&#8221;.vc_custom_1457772902902{margin-top: -10px !important;}&#8221;][vc_column_text]La AEHG La Plata firm\u00f3 un convenio con Oule Sensorial Lab (Puisan S.R.L.) que permitir\u00e1 a sus socios acceder a servicios de aromatizaci\u00f3n profesional e identidad olfativa con un beneficio exclusivo del 15 % de descuento.[\/vc_column_text][\/vc_column][\/vc_row][vc_row equal_height=&#8221;yes&#8221;][vc_column width=&#8221;1\/2&#8243;][vc_single_image image=&#8221;2641&#8243; img_size=&#8221;full&#8221; onclick=&#8221;link_image&#8221;][\/vc_column][\/vc_row][vc_row][vc_column css=&#8221;.vc_custom_1457772902902{margin-top: -10px !important;}&#8221;][vc_column_text]La <strong>Asociaci\u00f3n Empresaria Hotelera, Gastron\u00f3mica y Pastelera de La Plata (AEHG La Plata)<\/strong> firm\u00f3 un <strong>Convenio de Cooperaci\u00f3n Mutua<\/strong> con la empresa <strong>Puisan S.R.L., Oule Sensorial Lab<\/strong>, especializada en el desarrollo de soluciones integrales de aromatizaci\u00f3n e identidad olfativa para el sector hotelero, gastron\u00f3mico y tur\u00edstico.<\/p>\n<p>El acuerdo fue suscripto el <strong>1 de diciembre de 2025<\/strong> en la ciudad de La Plata por el presidente de la Entidad, <strong>Claudio N. Aguilar<\/strong>, y por la presidenta de la empresa, <strong>Andrea Mejeras<\/strong>, con el objetivo de <strong>acercar nuevos servicios y beneficios exclusivos a los establecimientos asociados<\/strong>.<\/p>\n<p>A trav\u00e9s de este convenio, los socios de la AEHG La Plata podr\u00e1n acceder a <strong>servicios profesionales de aromatizaci\u00f3n ambiental, dise\u00f1o de identidad olfativa y tecnolog\u00edas de difusi\u00f3n<\/strong>, orientados a potenciar la experiencia sensorial de los espacios, fortalecer el posicionamiento diferencial de cada establecimiento y contribuir a la fidelizaci\u00f3n de clientes.<\/p>\n<p>En el marco del acuerdo, <strong>Oule Sensorial Lab otorgar\u00e1 un beneficio preferencial del 15% de descuento<\/strong> sobre sus servicios a todos los establecimientos que acrediten su condici\u00f3n de socios activos de la Entidad, beneficio que se mantendr\u00e1 vigente durante toda la duraci\u00f3n del convenio.<\/p>\n<p>Esta nueva alianza se enmarca en la pol\u00edtica permanente de la Entidad de impulsar acuerdos estrat\u00e9gicos que generen <strong>valor agregado real<\/strong> para sus socios, fortaleciendo el desarrollo sostenible de la hoteler\u00eda, la gastronom\u00eda y el turismo en la ciudad de La Plata y su extensa zona de influencia.[\/vc_column_text][\/vc_column][\/vc_row]<\/p>\n","protected":false},"excerpt":{"rendered":"<p>[vc_row][vc_column][vc_column_text] La AEHG La Plata firm\u00f3 un convenio de cooperaci\u00f3n con Puisan S.R.L. \u2013 Oule Sensorial Lab [\/vc_column_text][\/vc_column][\/vc_row][vc_row][vc_column css=&#8221;.vc_custom_1457772902902{margin-top: -10px&#8230;<\/p>\n","protected":false},"author":1,"featured_media":2641,"comment_status":"closed","ping_status":"closed","sticky":false,"template":"","format":"standard","meta":[],"categories":[4],"tags":[],"yoast_head":"<!-- This site is optimized with the Yoast SEO plugin v17.2.1 - https:\/\/yoast.com\/wordpress\/plugins\/seo\/ -->\n<title>La AEHG La Plata firm\u00f3 un convenio de cooperaci\u00f3n con Puisan S.R.L. \u2013 Oule Sensorial Lab - AEHG La Plata<\/title>\n<meta name=\"robots\" content=\"index, follow, max-snippet:-1, max-image-preview:large, max-video-preview:-1\" \/>\n<link rel=\"canonical\" href=\"https:\/\/aehg-laplata.org.ar\/nueva\/la-aehg-la-plata-firmo-un-convenio-de-cooperacion-con-puisan-s-r-l-oule-sensorial-lab\/\" \/>\n<meta property=\"og:locale\" content=\"es_ES\" \/>\n<meta property=\"og:type\" content=\"article\" \/>\n<meta property=\"og:title\" content=\"La AEHG La Plata firm\u00f3 un convenio de cooperaci\u00f3n con Puisan S.R.L. \u2013 Oule Sensorial Lab - AEHG La Plata\" \/>\n<meta property=\"og:description\" content=\"[vc_row][vc_column][vc_column_text] La AEHG La Plata firm\u00f3 un convenio de cooperaci\u00f3n con Puisan S.R.L. \u2013 Oule Sensorial Lab [\/vc_column_text][\/vc_column][\/vc_row][vc_row][vc_column css=&#8221;.vc_custom_1457772902902{margin-top: -10px...\" \/>\n<meta property=\"og:url\" content=\"https:\/\/aehg-laplata.org.ar\/nueva\/la-aehg-la-plata-firmo-un-convenio-de-cooperacion-con-puisan-s-r-l-oule-sensorial-lab\/\" \/>\n<meta property=\"og:site_name\" content=\"AEHG La Plata\" \/>\n<meta property=\"article:publisher\" content=\"https:\/\/www.facebook.com\/AehgLaPlataOK\/\" \/>\n<meta property=\"article:published_time\" content=\"2025-12-03T15:36:55+00:00\" \/>\n<meta property=\"og:image\" content=\"https:\/\/aehg-laplata.org.ar\/nueva\/wp-content\/uploads\/La-AEHG-La-Plata-firmo-un-convenio-de-cooperacion-con-Puisan.jpg\" \/>\n\t<meta property=\"og:image:width\" content=\"683\" \/>\n\t<meta property=\"og:image:height\" content=\"800\" \/>\n<meta name=\"twitter:card\" content=\"summary_large_image\" \/>\n<meta name=\"twitter:label1\" content=\"Escrito por\" \/>\n\t<meta name=\"twitter:data1\" content=\"ftosti\" \/>\n\t<meta name=\"twitter:label2\" content=\"Tiempo de lectura\" \/>\n\t<meta name=\"twitter:data2\" content=\"2 minutos\" \/>\n<script type=\"application\/ld+json\" class=\"yoast-schema-graph\">{\"@context\":\"https:\/\/schema.org\",\"@graph\":[{\"@type\":\"WebSite\",\"@id\":\"https:\/\/aehg-laplata.org.ar\/nueva\/#website\",\"url\":\"https:\/\/aehg-laplata.org.ar\/nueva\/\",\"name\":\"AEHG La Plata\",\"description\":\"\",\"potentialAction\":[{\"@type\":\"SearchAction\",\"target\":{\"@type\":\"EntryPoint\",\"urlTemplate\":\"https:\/\/aehg-laplata.org.ar\/nueva\/?s={search_term_string}\"},\"query-input\":\"required name=search_term_string\"}],\"inLanguage\":\"es-AR\"},{\"@type\":\"ImageObject\",\"@id\":\"https:\/\/aehg-laplata.org.ar\/nueva\/la-aehg-la-plata-firmo-un-convenio-de-cooperacion-con-puisan-s-r-l-oule-sensorial-lab\/#primaryimage\",\"inLanguage\":\"es-AR\",\"url\":\"https:\/\/aehg-laplata.org.ar\/nueva\/wp-content\/uploads\/La-AEHG-La-Plata-firmo-un-convenio-de-cooperacion-con-Puisan.jpg\",\"contentUrl\":\"https:\/\/aehg-laplata.org.ar\/nueva\/wp-content\/uploads\/La-AEHG-La-Plata-firmo-un-convenio-de-cooperacion-con-Puisan.jpg\",\"width\":683,\"height\":800},{\"@type\":\"WebPage\",\"@id\":\"https:\/\/aehg-laplata.org.ar\/nueva\/la-aehg-la-plata-firmo-un-convenio-de-cooperacion-con-puisan-s-r-l-oule-sensorial-lab\/#webpage\",\"url\":\"https:\/\/aehg-laplata.org.ar\/nueva\/la-aehg-la-plata-firmo-un-convenio-de-cooperacion-con-puisan-s-r-l-oule-sensorial-lab\/\",\"name\":\"La AEHG La Plata firm\\u00f3 un convenio de cooperaci\\u00f3n con Puisan S.R.L. \\u2013 Oule Sensorial Lab - AEHG La Plata\",\"isPartOf\":{\"@id\":\"https:\/\/aehg-laplata.org.ar\/nueva\/#website\"},\"primaryImageOfPage\":{\"@id\":\"https:\/\/aehg-laplata.org.ar\/nueva\/la-aehg-la-plata-firmo-un-convenio-de-cooperacion-con-puisan-s-r-l-oule-sensorial-lab\/#primaryimage\"},\"datePublished\":\"2025-12-03T15:36:55+00:00\",\"dateModified\":\"2025-12-03T15:36:55+00:00\",\"author\":{\"@id\":\"https:\/\/aehg-laplata.org.ar\/nueva\/#\/schema\/person\/7f7b2f53bda3353446a1e6bfb4837e14\"},\"breadcrumb\":{\"@id\":\"https:\/\/aehg-laplata.org.ar\/nueva\/la-aehg-la-plata-firmo-un-convenio-de-cooperacion-con-puisan-s-r-l-oule-sensorial-lab\/#breadcrumb\"},\"inLanguage\":\"es-AR\",\"potentialAction\":[{\"@type\":\"ReadAction\",\"target\":[\"https:\/\/aehg-laplata.org.ar\/nueva\/la-aehg-la-plata-firmo-un-convenio-de-cooperacion-con-puisan-s-r-l-oule-sensorial-lab\/\"]}]},{\"@type\":\"BreadcrumbList\",\"@id\":\"https:\/\/aehg-laplata.org.ar\/nueva\/la-aehg-la-plata-firmo-un-convenio-de-cooperacion-con-puisan-s-r-l-oule-sensorial-lab\/#breadcrumb\",\"itemListElement\":[{\"@type\":\"ListItem\",\"position\":1,\"name\":\"Inicio\",\"item\":\"https:\/\/aehg-laplata.org.ar\/nueva\/\"},{\"@type\":\"ListItem\",\"position\":2,\"name\":\"La AEHG La Plata firm\\u00f3 un convenio de cooperaci\\u00f3n con Puisan S.R.L. \\u2013 Oule Sensorial Lab\"}]},{\"@type\":\"Person\",\"@id\":\"https:\/\/aehg-laplata.org.ar\/nueva\/#\/schema\/person\/7f7b2f53bda3353446a1e6bfb4837e14\",\"name\":\"ftosti\",\"image\":{\"@type\":\"ImageObject\",\"@id\":\"https:\/\/aehg-laplata.org.ar\/nueva\/#personlogo\",\"inLanguage\":\"es-AR\",\"url\":\"https:\/\/secure.gravatar.com\/avatar\/602f4beec51ba7ffdca86e4faf5d039c?s=96&d=mm&r=g\",\"contentUrl\":\"https:\/\/secure.gravatar.com\/avatar\/602f4beec51ba7ffdca86e4faf5d039c?s=96&d=mm&r=g\",\"caption\":\"ftosti\"},\"url\":\"https:\/\/aehg-laplata.org.ar\/nueva\/author\/ftosti\/\"}]}<\/script>\n<!-- \/ Yoast SEO plugin. -->","yoast_head_json":{"title":"La AEHG La Plata firm\u00f3 un convenio de cooperaci\u00f3n con Puisan S.R.L. \u2013 Oule Sensorial Lab - AEHG La Plata","robots":{"index":"index","follow":"follow","max-snippet":"max-snippet:-1","max-image-preview":"max-image-preview:large","max-video-preview":"max-video-preview:-1"},"canonical":"https:\/\/aehg-laplata.org.ar\/nueva\/la-aehg-la-plata-firmo-un-convenio-de-cooperacion-con-puisan-s-r-l-oule-sensorial-lab\/","og_locale":"es_ES","og_type":"article","og_title":"La AEHG La Plata firm\u00f3 un convenio de cooperaci\u00f3n con Puisan S.R.L. \u2013 Oule Sensorial Lab - AEHG La Plata","og_description":"[vc_row][vc_column][vc_column_text] La AEHG La Plata firm\u00f3 un convenio de cooperaci\u00f3n con Puisan S.R.L. \u2013 Oule Sensorial Lab [\/vc_column_text][\/vc_column][\/vc_row][vc_row][vc_column css=&#8221;.vc_custom_1457772902902{margin-top: -10px...","og_url":"https:\/\/aehg-laplata.org.ar\/nueva\/la-aehg-la-plata-firmo-un-convenio-de-cooperacion-con-puisan-s-r-l-oule-sensorial-lab\/","og_site_name":"AEHG La Plata","article_publisher":"https:\/\/www.facebook.com\/AehgLaPlataOK\/","article_published_time":"2025-12-03T15:36:55+00:00","og_image":[{"width":683,"height":800,"url":"https:\/\/aehg-laplata.org.ar\/nueva\/wp-content\/uploads\/La-AEHG-La-Plata-firmo-un-convenio-de-cooperacion-con-Puisan.jpg","path":"\/home\/c1070183\/public_html\/nueva\/wp-content\/uploads\/La-AEHG-La-Plata-firmo-un-convenio-de-cooperacion-con-Puisan.jpg","size":"full","id":2641,"alt":"","pixels":546400,"type":"image\/jpeg"}],"twitter_card":"summary_large_image","twitter_misc":{"Escrito por":"ftosti","Tiempo de lectura":"2 minutos"},"schema":{"@context":"https:\/\/schema.org","@graph":[{"@type":"WebSite","@id":"https:\/\/aehg-laplata.org.ar\/nueva\/#website","url":"https:\/\/aehg-laplata.org.ar\/nueva\/","name":"AEHG La Plata","description":"","potentialAction":[{"@type":"SearchAction","target":{"@type":"EntryPoint","urlTemplate":"https:\/\/aehg-laplata.org.ar\/nueva\/?s={search_term_string}"},"query-input":"required name=search_term_string"}],"inLanguage":"es-AR"},{"@type":"ImageObject","@id":"https:\/\/aehg-laplata.org.ar\/nueva\/la-aehg-la-plata-firmo-un-convenio-de-cooperacion-con-puisan-s-r-l-oule-sensorial-lab\/#primaryimage","inLanguage":"es-AR","url":"https:\/\/aehg-laplata.org.ar\/nueva\/wp-content\/uploads\/La-AEHG-La-Plata-firmo-un-convenio-de-cooperacion-con-Puisan.jpg","contentUrl":"https:\/\/aehg-laplata.org.ar\/nueva\/wp-content\/uploads\/La-AEHG-La-Plata-firmo-un-convenio-de-cooperacion-con-Puisan.jpg","width":683,"height":800},{"@type":"WebPage","@id":"https:\/\/aehg-laplata.org.ar\/nueva\/la-aehg-la-plata-firmo-un-convenio-de-cooperacion-con-puisan-s-r-l-oule-sensorial-lab\/#webpage","url":"https:\/\/aehg-laplata.org.ar\/nueva\/la-aehg-la-plata-firmo-un-convenio-de-cooperacion-con-puisan-s-r-l-oule-sensorial-lab\/","name":"La AEHG La Plata firm\u00f3 un convenio de cooperaci\u00f3n con Puisan S.R.L. \u2013 Oule Sensorial Lab - AEHG La Plata","isPartOf":{"@id":"https:\/\/aehg-laplata.org.ar\/nueva\/#website"},"primaryImageOfPage":{"@id":"https:\/\/aehg-laplata.org.ar\/nueva\/la-aehg-la-plata-firmo-un-convenio-de-cooperacion-con-puisan-s-r-l-oule-sensorial-lab\/#primaryimage"},"datePublished":"2025-12-03T15:36:55+00:00","dateModified":"2025-12-03T15:36:55+00:00","author":{"@id":"https:\/\/aehg-laplata.org.ar\/nueva\/#\/schema\/person\/7f7b2f53bda3353446a1e6bfb4837e14"},"breadcrumb":{"@id":"https:\/\/aehg-laplata.org.ar\/nueva\/la-aehg-la-plata-firmo-un-convenio-de-cooperacion-con-puisan-s-r-l-oule-sensorial-lab\/#breadcrumb"},"inLanguage":"es-AR","potentialAction":[{"@type":"ReadAction","target":["https:\/\/aehg-laplata.org.ar\/nueva\/la-aehg-la-plata-firmo-un-convenio-de-cooperacion-con-puisan-s-r-l-oule-sensorial-lab\/"]}]},{"@type":"BreadcrumbList","@id":"https:\/\/aehg-laplata.org.ar\/nueva\/la-aehg-la-plata-firmo-un-convenio-de-cooperacion-con-puisan-s-r-l-oule-sensorial-lab\/#breadcrumb","itemListElement":[{"@type":"ListItem","position":1,"name":"Inicio","item":"https:\/\/aehg-laplata.org.ar\/nueva\/"},{"@type":"ListItem","position":2,"name":"La AEHG La Plata firm\u00f3 un convenio de cooperaci\u00f3n con Puisan S.R.L. \u2013 Oule Sensorial Lab"}]},{"@type":"Person","@id":"https:\/\/aehg-laplata.org.ar\/nueva\/#\/schema\/person\/7f7b2f53bda3353446a1e6bfb4837e14","name":"ftosti","image":{"@type":"ImageObject","@id":"https:\/\/aehg-laplata.org.ar\/nueva\/#personlogo","inLanguage":"es-AR","url":"https:\/\/secure.gravatar.com\/avatar\/602f4beec51ba7ffdca86e4faf5d039c?s=96&d=mm&r=g","contentUrl":"https:\/\/secure.gravatar.com\/avatar\/602f4beec51ba7ffdca86e4faf5d039c?s=96&d=mm&r=g","caption":"ftosti"},"url":"https:\/\/aehg-laplata.org.ar\/nueva\/author\/ftosti\/"}]}},"_links":{"self":[{"href":"https:\/\/aehg-laplata.org.ar\/nueva\/wp-json\/wp\/v2\/posts\/2640"}],"collection":[{"href":"https:\/\/aehg-laplata.org.ar\/nueva\/wp-json\/wp\/v2\/posts"}],"about":[{"href":"https:\/\/aehg-laplata.org.ar\/nueva\/wp-json\/wp\/v2\/types\/post"}],"author":[{"embeddable":true,"href":"https:\/\/aehg-laplata.org.ar\/nueva\/wp-json\/wp\/v2\/users\/1"}],"replies":[{"embeddable":true,"href":"https:\/\/aehg-laplata.org.ar\/nueva\/wp-json\/wp\/v2\/comments?post=2640"}],"version-history":[{"count":1,"href":"https:\/\/aehg-laplata.org.ar\/nueva\/wp-json\/wp\/v2\/posts\/2640\/revisions"}],"predecessor-version":[{"id":2642,"href":"https:\/\/aehg-laplata.org.ar\/nueva\/wp-json\/wp\/v2\/posts\/2640\/revisions\/2642"}],"wp:featuredmedia":[{"embeddable":true,"href":"https:\/\/aehg-laplata.org.ar\/nueva\/wp-json\/wp\/v2\/media\/2641"}],"wp:attachment":[{"href":"https:\/\/aehg-laplata.org.ar\/nueva\/wp-json\/wp\/v2\/media?parent=2640"}],"wp:term":[{"taxonomy":"category","embeddable":true,"href":"https:\/\/aehg-laplata.org.ar\/nueva\/wp-json\/wp\/v2\/categories?post=2640"},{"taxonomy":"post_tag","embeddable":true,"href":"https:\/\/aehg-laplata.org.ar\/nueva\/wp-json\/wp\/v2\/tags?post=2640"}],"curies":[{"name":"wp","href":"https:\/\/api.w.org\/{rel}","templated":true}]}}