{"id":2636,"date":"2025-12-03T11:08:32","date_gmt":"2025-12-03T14:08:32","guid":{"rendered":"https:\/\/aehg-laplata.org.ar\/nueva\/?p=2636"},"modified":"2025-12-03T11:08:32","modified_gmt":"2025-12-03T14:08:32","slug":"aehg-la-plata-e-itgas-presentes-en-la-cena-anual-de-adeepra","status":"publish","type":"post","link":"https:\/\/aehg-laplata.org.ar\/nueva\/aehg-la-plata-e-itgas-presentes-en-la-cena-anual-de-adeepra\/","title":{"rendered":"AEHG La Plata e ITGAS presentes en la Cena Anual de ADEEPRA"},"content":{"rendered":"<p>[vc_row][vc_column][vc_column_text]<\/p>\n<h3 class=\"entry-title\">AEHG La Plata e ITGAS presentes en la Cena Anual de ADEEPRA<\/h3>\n<p>[\/vc_column_text][\/vc_column][\/vc_row][vc_row][vc_column css=&#8221;.vc_custom_1457772902902{margin-top: -10px !important;}&#8221;][vc_column_text]La AEHG La Plata y su Instituto \u00c1ngel Salvadori participaron de la 41\u00b0 Cena Anual de Camarader\u00eda de ADEEPRA, reafirmando su compromiso con la educaci\u00f3n privada de calidad y el fortalecimiento institucional del sector.[\/vc_column_text][\/vc_column][\/vc_row][vc_row equal_height=&#8221;yes&#8221;][vc_column width=&#8221;1\/2&#8243;][vc_single_image image=&#8221;2637&#8243; img_size=&#8221;full&#8221; onclick=&#8221;link_image&#8221;][\/vc_column][vc_column width=&#8221;1\/2&#8243;][vc_single_image image=&#8221;2638&#8243; img_size=&#8221;full&#8221; onclick=&#8221;link_image&#8221;][\/vc_column][\/vc_row][vc_row][vc_column css=&#8221;.vc_custom_1457772902902{margin-top: -10px !important;}&#8221;][vc_column_text]La <strong>Asociaci\u00f3n Empresaria Hotelera, Gastron\u00f3mica y Pastelera de La Plata (AEHG La Plata)<\/strong> y su <strong>Instituto Superior de Hoteler\u00eda, Gastronom\u00eda y Turismo \u201c\u00c1ngel Salvadori\u201d (ITGAS)<\/strong> participaron de la <strong>41\u00b0 Cena Anual de Camarader\u00eda de la Asociaci\u00f3n de Entidades Educativas Privadas Argentinas (ADEEPRA)<\/strong>, un encuentro que re\u00fane cada a\u00f1o a referentes del sector educativo privado de todo el pa\u00eds.<\/p>\n<p>En representaci\u00f3n de la instituci\u00f3n asistieron la <strong>directora del ITGAS, Mar\u00eda Fernanda Corte<\/strong>, y la <strong>asesora legal de AEHG La Plata,<\/strong> <strong>Paola Aldana R\u00edos<\/strong>, quienes participaron del evento realizado el <strong>viernes 28 de noviembre<\/strong> en el Sal\u00f3n \u201cEl Castillo\u201d del Club GEBA, en la Ciudad Aut\u00f3noma de Buenos Aires.<\/p>\n<p>La apertura estuvo a cargo de <strong>Carlos Camarotti, Perpetuo Lentijo y Eduardo Rojkin<\/strong>, autoridades de ADEEPRA, y cont\u00f3 con la presencia de directivos de instituciones reconocidas por DIEGEP y autoridades de distintos niveles educativos.<\/p>\n<p>La participaci\u00f3n del Instituto \u2014brazo acad\u00e9mico de AEHG La Plata\u2014 reafirma el compromiso de la Asociaci\u00f3n con el fortalecimiento de la educaci\u00f3n privada vinculada a la gastronom\u00eda y el turismo, y con el acompa\u00f1amiento permanente a los espacios institucionales que promueven la excelencia, la actualizaci\u00f3n profesional y el trabajo colaborativo.[\/vc_column_text][\/vc_column][\/vc_row]<\/p>\n","protected":false},"excerpt":{"rendered":"<p>[vc_row][vc_column][vc_column_text] AEHG La Plata e ITGAS presentes en la Cena Anual de ADEEPRA [\/vc_column_text][\/vc_column][\/vc_row][vc_row][vc_column css=&#8221;.vc_custom_1457772902902{margin-top: -10px !important;}&#8221;][vc_column_text]La AEHG La Plata&#8230;<\/p>\n","protected":false},"author":1,"featured_media":2637,"comment_status":"closed","ping_status":"closed","sticky":false,"template":"","format":"standard","meta":[],"categories":[4],"tags":[],"yoast_head":"<!-- This site is optimized with the Yoast SEO plugin v17.2.1 - https:\/\/yoast.com\/wordpress\/plugins\/seo\/ -->\n<title>AEHG La Plata e ITGAS presentes en la Cena Anual de ADEEPRA - AEHG La Plata<\/title>\n<meta name=\"robots\" content=\"index, follow, max-snippet:-1, max-image-preview:large, max-video-preview:-1\" \/>\n<link rel=\"canonical\" href=\"https:\/\/aehg-laplata.org.ar\/nueva\/aehg-la-plata-e-itgas-presentes-en-la-cena-anual-de-adeepra\/\" \/>\n<meta property=\"og:locale\" content=\"es_ES\" \/>\n<meta property=\"og:type\" content=\"article\" \/>\n<meta property=\"og:title\" content=\"AEHG La Plata e ITGAS presentes en la Cena Anual de ADEEPRA - AEHG La Plata\" \/>\n<meta property=\"og:description\" content=\"[vc_row][vc_column][vc_column_text] AEHG La Plata e ITGAS presentes en la Cena Anual de ADEEPRA [\/vc_column_text][\/vc_column][\/vc_row][vc_row][vc_column css=&#8221;.vc_custom_1457772902902{margin-top: -10px !important;}&#8221;][vc_column_text]La AEHG La Plata...\" \/>\n<meta property=\"og:url\" content=\"https:\/\/aehg-laplata.org.ar\/nueva\/aehg-la-plata-e-itgas-presentes-en-la-cena-anual-de-adeepra\/\" \/>\n<meta property=\"og:site_name\" content=\"AEHG La Plata\" \/>\n<meta property=\"article:publisher\" content=\"https:\/\/www.facebook.com\/AehgLaPlataOK\/\" \/>\n<meta property=\"article:published_time\" content=\"2025-12-03T14:08:32+00:00\" \/>\n<meta property=\"og:image\" content=\"https:\/\/aehg-laplata.org.ar\/nueva\/wp-content\/uploads\/AEHG-La-Plata-e-ITGAS-presentes-en-la-Cena-Anual-de-ADEEPRA-1.jpg\" \/>\n\t<meta property=\"og:image:width\" content=\"892\" \/>\n\t<meta property=\"og:image:height\" content=\"1080\" \/>\n<meta name=\"twitter:card\" content=\"summary_large_image\" \/>\n<meta name=\"twitter:label1\" content=\"Escrito por\" \/>\n\t<meta name=\"twitter:data1\" content=\"ftosti\" \/>\n\t<meta name=\"twitter:label2\" content=\"Tiempo de lectura\" \/>\n\t<meta name=\"twitter:data2\" content=\"2 minutos\" \/>\n<script type=\"application\/ld+json\" class=\"yoast-schema-graph\">{\"@context\":\"https:\/\/schema.org\",\"@graph\":[{\"@type\":\"WebSite\",\"@id\":\"https:\/\/aehg-laplata.org.ar\/nueva\/#website\",\"url\":\"https:\/\/aehg-laplata.org.ar\/nueva\/\",\"name\":\"AEHG La Plata\",\"description\":\"\",\"potentialAction\":[{\"@type\":\"SearchAction\",\"target\":{\"@type\":\"EntryPoint\",\"urlTemplate\":\"https:\/\/aehg-laplata.org.ar\/nueva\/?s={search_term_string}\"},\"query-input\":\"required name=search_term_string\"}],\"inLanguage\":\"es-AR\"},{\"@type\":\"ImageObject\",\"@id\":\"https:\/\/aehg-laplata.org.ar\/nueva\/aehg-la-plata-e-itgas-presentes-en-la-cena-anual-de-adeepra\/#primaryimage\",\"inLanguage\":\"es-AR\",\"url\":\"https:\/\/aehg-laplata.org.ar\/nueva\/wp-content\/uploads\/AEHG-La-Plata-e-ITGAS-presentes-en-la-Cena-Anual-de-ADEEPRA-1.jpg\",\"contentUrl\":\"https:\/\/aehg-laplata.org.ar\/nueva\/wp-content\/uploads\/AEHG-La-Plata-e-ITGAS-presentes-en-la-Cena-Anual-de-ADEEPRA-1.jpg\",\"width\":892,\"height\":1080},{\"@type\":\"WebPage\",\"@id\":\"https:\/\/aehg-laplata.org.ar\/nueva\/aehg-la-plata-e-itgas-presentes-en-la-cena-anual-de-adeepra\/#webpage\",\"url\":\"https:\/\/aehg-laplata.org.ar\/nueva\/aehg-la-plata-e-itgas-presentes-en-la-cena-anual-de-adeepra\/\",\"name\":\"AEHG La Plata e ITGAS presentes en la Cena Anual de ADEEPRA - AEHG La Plata\",\"isPartOf\":{\"@id\":\"https:\/\/aehg-laplata.org.ar\/nueva\/#website\"},\"primaryImageOfPage\":{\"@id\":\"https:\/\/aehg-laplata.org.ar\/nueva\/aehg-la-plata-e-itgas-presentes-en-la-cena-anual-de-adeepra\/#primaryimage\"},\"datePublished\":\"2025-12-03T14:08:32+00:00\",\"dateModified\":\"2025-12-03T14:08:32+00:00\",\"author\":{\"@id\":\"https:\/\/aehg-laplata.org.ar\/nueva\/#\/schema\/person\/7f7b2f53bda3353446a1e6bfb4837e14\"},\"breadcrumb\":{\"@id\":\"https:\/\/aehg-laplata.org.ar\/nueva\/aehg-la-plata-e-itgas-presentes-en-la-cena-anual-de-adeepra\/#breadcrumb\"},\"inLanguage\":\"es-AR\",\"potentialAction\":[{\"@type\":\"ReadAction\",\"target\":[\"https:\/\/aehg-laplata.org.ar\/nueva\/aehg-la-plata-e-itgas-presentes-en-la-cena-anual-de-adeepra\/\"]}]},{\"@type\":\"BreadcrumbList\",\"@id\":\"https:\/\/aehg-laplata.org.ar\/nueva\/aehg-la-plata-e-itgas-presentes-en-la-cena-anual-de-adeepra\/#breadcrumb\",\"itemListElement\":[{\"@type\":\"ListItem\",\"position\":1,\"name\":\"Inicio\",\"item\":\"https:\/\/aehg-laplata.org.ar\/nueva\/\"},{\"@type\":\"ListItem\",\"position\":2,\"name\":\"AEHG La Plata e ITGAS presentes en la Cena Anual de ADEEPRA\"}]},{\"@type\":\"Person\",\"@id\":\"https:\/\/aehg-laplata.org.ar\/nueva\/#\/schema\/person\/7f7b2f53bda3353446a1e6bfb4837e14\",\"name\":\"ftosti\",\"image\":{\"@type\":\"ImageObject\",\"@id\":\"https:\/\/aehg-laplata.org.ar\/nueva\/#personlogo\",\"inLanguage\":\"es-AR\",\"url\":\"https:\/\/secure.gravatar.com\/avatar\/602f4beec51ba7ffdca86e4faf5d039c?s=96&d=mm&r=g\",\"contentUrl\":\"https:\/\/secure.gravatar.com\/avatar\/602f4beec51ba7ffdca86e4faf5d039c?s=96&d=mm&r=g\",\"caption\":\"ftosti\"},\"url\":\"https:\/\/aehg-laplata.org.ar\/nueva\/author\/ftosti\/\"}]}<\/script>\n<!-- \/ Yoast SEO plugin. -->","yoast_head_json":{"title":"AEHG La Plata e ITGAS presentes en la Cena Anual de ADEEPRA - AEHG La Plata","robots":{"index":"index","follow":"follow","max-snippet":"max-snippet:-1","max-image-preview":"max-image-preview:large","max-video-preview":"max-video-preview:-1"},"canonical":"https:\/\/aehg-laplata.org.ar\/nueva\/aehg-la-plata-e-itgas-presentes-en-la-cena-anual-de-adeepra\/","og_locale":"es_ES","og_type":"article","og_title":"AEHG La Plata e ITGAS presentes en la Cena Anual de ADEEPRA - AEHG La Plata","og_description":"[vc_row][vc_column][vc_column_text] AEHG La Plata e ITGAS presentes en la Cena Anual de ADEEPRA [\/vc_column_text][\/vc_column][\/vc_row][vc_row][vc_column css=&#8221;.vc_custom_1457772902902{margin-top: -10px !important;}&#8221;][vc_column_text]La AEHG La Plata...","og_url":"https:\/\/aehg-laplata.org.ar\/nueva\/aehg-la-plata-e-itgas-presentes-en-la-cena-anual-de-adeepra\/","og_site_name":"AEHG La Plata","article_publisher":"https:\/\/www.facebook.com\/AehgLaPlataOK\/","article_published_time":"2025-12-03T14:08:32+00:00","og_image":[{"width":892,"height":1080,"url":"https:\/\/aehg-laplata.org.ar\/nueva\/wp-content\/uploads\/AEHG-La-Plata-e-ITGAS-presentes-en-la-Cena-Anual-de-ADEEPRA-1.jpg","path":"\/home\/c1070183\/public_html\/nueva\/wp-content\/uploads\/AEHG-La-Plata-e-ITGAS-presentes-en-la-Cena-Anual-de-ADEEPRA-1.jpg","size":"full","id":2637,"alt":"","pixels":963360,"type":"image\/jpeg"}],"twitter_card":"summary_large_image","twitter_misc":{"Escrito por":"ftosti","Tiempo de lectura":"2 minutos"},"schema":{"@context":"https:\/\/schema.org","@graph":[{"@type":"WebSite","@id":"https:\/\/aehg-laplata.org.ar\/nueva\/#website","url":"https:\/\/aehg-laplata.org.ar\/nueva\/","name":"AEHG La Plata","description":"","potentialAction":[{"@type":"SearchAction","target":{"@type":"EntryPoint","urlTemplate":"https:\/\/aehg-laplata.org.ar\/nueva\/?s={search_term_string}"},"query-input":"required name=search_term_string"}],"inLanguage":"es-AR"},{"@type":"ImageObject","@id":"https:\/\/aehg-laplata.org.ar\/nueva\/aehg-la-plata-e-itgas-presentes-en-la-cena-anual-de-adeepra\/#primaryimage","inLanguage":"es-AR","url":"https:\/\/aehg-laplata.org.ar\/nueva\/wp-content\/uploads\/AEHG-La-Plata-e-ITGAS-presentes-en-la-Cena-Anual-de-ADEEPRA-1.jpg","contentUrl":"https:\/\/aehg-laplata.org.ar\/nueva\/wp-content\/uploads\/AEHG-La-Plata-e-ITGAS-presentes-en-la-Cena-Anual-de-ADEEPRA-1.jpg","width":892,"height":1080},{"@type":"WebPage","@id":"https:\/\/aehg-laplata.org.ar\/nueva\/aehg-la-plata-e-itgas-presentes-en-la-cena-anual-de-adeepra\/#webpage","url":"https:\/\/aehg-laplata.org.ar\/nueva\/aehg-la-plata-e-itgas-presentes-en-la-cena-anual-de-adeepra\/","name":"AEHG La Plata e ITGAS presentes en la Cena Anual de ADEEPRA - AEHG La Plata","isPartOf":{"@id":"https:\/\/aehg-laplata.org.ar\/nueva\/#website"},"primaryImageOfPage":{"@id":"https:\/\/aehg-laplata.org.ar\/nueva\/aehg-la-plata-e-itgas-presentes-en-la-cena-anual-de-adeepra\/#primaryimage"},"datePublished":"2025-12-03T14:08:32+00:00","dateModified":"2025-12-03T14:08:32+00:00","author":{"@id":"https:\/\/aehg-laplata.org.ar\/nueva\/#\/schema\/person\/7f7b2f53bda3353446a1e6bfb4837e14"},"breadcrumb":{"@id":"https:\/\/aehg-laplata.org.ar\/nueva\/aehg-la-plata-e-itgas-presentes-en-la-cena-anual-de-adeepra\/#breadcrumb"},"inLanguage":"es-AR","potentialAction":[{"@type":"ReadAction","target":["https:\/\/aehg-laplata.org.ar\/nueva\/aehg-la-plata-e-itgas-presentes-en-la-cena-anual-de-adeepra\/"]}]},{"@type":"BreadcrumbList","@id":"https:\/\/aehg-laplata.org.ar\/nueva\/aehg-la-plata-e-itgas-presentes-en-la-cena-anual-de-adeepra\/#breadcrumb","itemListElement":[{"@type":"ListItem","position":1,"name":"Inicio","item":"https:\/\/aehg-laplata.org.ar\/nueva\/"},{"@type":"ListItem","position":2,"name":"AEHG La Plata e ITGAS presentes en la Cena Anual de ADEEPRA"}]},{"@type":"Person","@id":"https:\/\/aehg-laplata.org.ar\/nueva\/#\/schema\/person\/7f7b2f53bda3353446a1e6bfb4837e14","name":"ftosti","image":{"@type":"ImageObject","@id":"https:\/\/aehg-laplata.org.ar\/nueva\/#personlogo","inLanguage":"es-AR","url":"https:\/\/secure.gravatar.com\/avatar\/602f4beec51ba7ffdca86e4faf5d039c?s=96&d=mm&r=g","contentUrl":"https:\/\/secure.gravatar.com\/avatar\/602f4beec51ba7ffdca86e4faf5d039c?s=96&d=mm&r=g","caption":"ftosti"},"url":"https:\/\/aehg-laplata.org.ar\/nueva\/author\/ftosti\/"}]}},"_links":{"self":[{"href":"https:\/\/aehg-laplata.org.ar\/nueva\/wp-json\/wp\/v2\/posts\/2636"}],"collection":[{"href":"https:\/\/aehg-laplata.org.ar\/nueva\/wp-json\/wp\/v2\/posts"}],"about":[{"href":"https:\/\/aehg-laplata.org.ar\/nueva\/wp-json\/wp\/v2\/types\/post"}],"author":[{"embeddable":true,"href":"https:\/\/aehg-laplata.org.ar\/nueva\/wp-json\/wp\/v2\/users\/1"}],"replies":[{"embeddable":true,"href":"https:\/\/aehg-laplata.org.ar\/nueva\/wp-json\/wp\/v2\/comments?post=2636"}],"version-history":[{"count":1,"href":"https:\/\/aehg-laplata.org.ar\/nueva\/wp-json\/wp\/v2\/posts\/2636\/revisions"}],"predecessor-version":[{"id":2639,"href":"https:\/\/aehg-laplata.org.ar\/nueva\/wp-json\/wp\/v2\/posts\/2636\/revisions\/2639"}],"wp:featuredmedia":[{"embeddable":true,"href":"https:\/\/aehg-laplata.org.ar\/nueva\/wp-json\/wp\/v2\/media\/2637"}],"wp:attachment":[{"href":"https:\/\/aehg-laplata.org.ar\/nueva\/wp-json\/wp\/v2\/media?parent=2636"}],"wp:term":[{"taxonomy":"category","embeddable":true,"href":"https:\/\/aehg-laplata.org.ar\/nueva\/wp-json\/wp\/v2\/categories?post=2636"},{"taxonomy":"post_tag","embeddable":true,"href":"https:\/\/aehg-laplata.org.ar\/nueva\/wp-json\/wp\/v2\/tags?post=2636"}],"curies":[{"name":"wp","href":"https:\/\/api.w.org\/{rel}","templated":true}]}}