{"id":2632,"date":"2025-12-01T11:39:16","date_gmt":"2025-12-01T14:39:16","guid":{"rendered":"https:\/\/aehg-laplata.org.ar\/nueva\/?p=2632"},"modified":"2025-12-01T11:39:16","modified_gmt":"2025-12-01T14:39:16","slug":"aehg-la-plata-mercedes-fue-sede-de-una-capacitacion-en-barismo-inicial-con-amplia-participacion","status":"publish","type":"post","link":"https:\/\/aehg-laplata.org.ar\/nueva\/aehg-la-plata-mercedes-fue-sede-de-una-capacitacion-en-barismo-inicial-con-amplia-participacion\/","title":{"rendered":"AEHG La Plata: Mercedes fue sede de una capacitaci\u00f3n en Barismo Inicial con amplia participaci\u00f3n"},"content":{"rendered":"<p>[vc_row][vc_column][vc_column_text]<\/p>\n<h3 class=\"entry-title\">AEHG La Plata: Mercedes fue sede de una capacitaci\u00f3n en Barismo Inicial con amplia participaci\u00f3n<\/h3>\n<p>[\/vc_column_text][\/vc_column][\/vc_row][vc_row][vc_column css=&#8221;.vc_custom_1457772902902{margin-top: -10px !important;}&#8221;][vc_column_text]Con una alta demanda de participantes, AEHG La Plata dict\u00f3 en Mercedes el Curso de Barismo Inicial, brindando herramientas fundamentales para quienes desean iniciarse \u2014o ya se han iniciado\u2014 en el servicio profesional de caf\u00e9.[\/vc_column_text][\/vc_column][\/vc_row][vc_row equal_height=&#8221;yes&#8221;][vc_column width=&#8221;1\/2&#8243;][vc_single_image image=&#8221;2633&#8243; img_size=&#8221;full&#8221; onclick=&#8221;link_image&#8221;][\/vc_column][vc_column width=&#8221;1\/2&#8243;][vc_single_image image=&#8221;2634&#8243; img_size=&#8221;full&#8221; onclick=&#8221;link_image&#8221;][\/vc_column][\/vc_row][vc_row][vc_column css=&#8221;.vc_custom_1457772902902{margin-top: -10px !important;}&#8221;][vc_column_text]En la jornada de hoy se llev\u00f3 adelante en la ciudad de Mercedes la <strong>Capacitaci\u00f3n de Barismo Inicial<\/strong>, desarrollada en las instalaciones del <strong>Gran Hotel Mercedes<\/strong>.<br \/>\nDebido a la <strong>elevada demanda de participantes<\/strong> y con el prop\u00f3sito de asegurar el correcto desarrollo del curso y una experiencia de aprendizaje adecuada para todos los asistentes, la <strong>AEHG La Plata<\/strong> dispuso la realizaci\u00f3n de la capacitaci\u00f3n en <strong>dos turnos<\/strong>, garantizando que cada inscripto pudiera acceder a la formaci\u00f3n.<\/p>\n<p>La capacitaci\u00f3n estuvo a cargo del barista <strong>Mauro Vel\u00e1zquez<\/strong>, quien dict\u00f3 un programa introductorio dise\u00f1ado para quienes desean iniciarse en la profesi\u00f3n, con o sin conocimientos previos.<\/p>\n<p>El curso tiene como finalidad que los alumnos adquieran los conocimientos b\u00e1sicos y necesarios para la <strong>preparaci\u00f3n de bebidas a base de espresso y leche texturizada<\/strong>, incorporando t\u00e9cnicas de <strong>Arte Latte<\/strong>.<\/p>\n<p>Asimismo, apunta a que los participantes desarrollen habilidades para desenvolverse con autonom\u00eda en la barra de caf\u00e9 y se familiaricen con los distintos procesos, herramientas y equipamientos de la industria.<\/p>\n<p>Al finalizar cada turno, se realiz\u00f3 la <strong>entrega de diplomas<\/strong> a los participantes.<br \/>\nEn representaci\u00f3n del Gobierno Municipal, entreg\u00f3 los certificados el <strong>Director de Turismo, Francisco Dinova<\/strong>, y en representaci\u00f3n de la <strong>AEHG La Plata<\/strong>, hicieron lo propio <strong>Emilio Lucio Bori<\/strong> y <strong>Silvino Piccioni<\/strong>.<\/p>\n<p>La AEHG La Plata se encuentra finalizando el <strong>ciclo de capacitaciones 2025<\/strong> con una <strong>amplia participaci\u00f3n<\/strong> y una <strong>respuesta muy positiva del sector<\/strong>, reafirmando su compromiso con la formaci\u00f3n continua y la profesionalizaci\u00f3n de la actividad hotelera y gastron\u00f3mica en toda la regi\u00f3n.[\/vc_column_text][\/vc_column][\/vc_row]<\/p>\n","protected":false},"excerpt":{"rendered":"<p>[vc_row][vc_column][vc_column_text] AEHG La Plata: Mercedes fue sede de una capacitaci\u00f3n en Barismo Inicial con amplia participaci\u00f3n [\/vc_column_text][\/vc_column][\/vc_row][vc_row][vc_column css=&#8221;.vc_custom_1457772902902{margin-top: -10px !important;}&#8221;][vc_column_text]Con&#8230;<\/p>\n","protected":false},"author":1,"featured_media":2633,"comment_status":"closed","ping_status":"closed","sticky":false,"template":"","format":"standard","meta":[],"categories":[4],"tags":[],"yoast_head":"<!-- This site is optimized with the Yoast SEO plugin v17.2.1 - https:\/\/yoast.com\/wordpress\/plugins\/seo\/ -->\n<title>AEHG La Plata: Mercedes fue sede de una capacitaci\u00f3n en Barismo Inicial con amplia participaci\u00f3n - AEHG La Plata<\/title>\n<meta name=\"robots\" content=\"index, follow, max-snippet:-1, max-image-preview:large, max-video-preview:-1\" \/>\n<link rel=\"canonical\" href=\"https:\/\/aehg-laplata.org.ar\/nueva\/aehg-la-plata-mercedes-fue-sede-de-una-capacitacion-en-barismo-inicial-con-amplia-participacion\/\" \/>\n<meta property=\"og:locale\" content=\"es_ES\" \/>\n<meta property=\"og:type\" content=\"article\" \/>\n<meta property=\"og:title\" content=\"AEHG La Plata: Mercedes fue sede de una capacitaci\u00f3n en Barismo Inicial con amplia participaci\u00f3n - AEHG La Plata\" \/>\n<meta property=\"og:description\" content=\"[vc_row][vc_column][vc_column_text] AEHG La Plata: Mercedes fue sede de una capacitaci\u00f3n en Barismo Inicial con amplia participaci\u00f3n [\/vc_column_text][\/vc_column][\/vc_row][vc_row][vc_column css=&#8221;.vc_custom_1457772902902{margin-top: -10px !important;}&#8221;][vc_column_text]Con...\" \/>\n<meta property=\"og:url\" content=\"https:\/\/aehg-laplata.org.ar\/nueva\/aehg-la-plata-mercedes-fue-sede-de-una-capacitacion-en-barismo-inicial-con-amplia-participacion\/\" \/>\n<meta property=\"og:site_name\" content=\"AEHG La Plata\" \/>\n<meta property=\"article:publisher\" content=\"https:\/\/www.facebook.com\/AehgLaPlataOK\/\" \/>\n<meta property=\"article:published_time\" content=\"2025-12-01T14:39:16+00:00\" \/>\n<meta property=\"og:image\" content=\"https:\/\/aehg-laplata.org.ar\/nueva\/wp-content\/uploads\/Mercedes-fue-sede-de-una-capacitacion-en-Barismo-Inicial-con-amplia-participacion-1.jpg\" \/>\n\t<meta property=\"og:image:width\" content=\"1067\" \/>\n\t<meta property=\"og:image:height\" content=\"800\" \/>\n<meta name=\"twitter:card\" content=\"summary_large_image\" \/>\n<meta name=\"twitter:label1\" content=\"Escrito por\" \/>\n\t<meta name=\"twitter:data1\" content=\"ftosti\" \/>\n\t<meta name=\"twitter:label2\" content=\"Tiempo de lectura\" \/>\n\t<meta name=\"twitter:data2\" content=\"2 minutos\" \/>\n<script type=\"application\/ld+json\" class=\"yoast-schema-graph\">{\"@context\":\"https:\/\/schema.org\",\"@graph\":[{\"@type\":\"WebSite\",\"@id\":\"https:\/\/aehg-laplata.org.ar\/nueva\/#website\",\"url\":\"https:\/\/aehg-laplata.org.ar\/nueva\/\",\"name\":\"AEHG La Plata\",\"description\":\"\",\"potentialAction\":[{\"@type\":\"SearchAction\",\"target\":{\"@type\":\"EntryPoint\",\"urlTemplate\":\"https:\/\/aehg-laplata.org.ar\/nueva\/?s={search_term_string}\"},\"query-input\":\"required name=search_term_string\"}],\"inLanguage\":\"es-AR\"},{\"@type\":\"ImageObject\",\"@id\":\"https:\/\/aehg-laplata.org.ar\/nueva\/aehg-la-plata-mercedes-fue-sede-de-una-capacitacion-en-barismo-inicial-con-amplia-participacion\/#primaryimage\",\"inLanguage\":\"es-AR\",\"url\":\"https:\/\/aehg-laplata.org.ar\/nueva\/wp-content\/uploads\/Mercedes-fue-sede-de-una-capacitacion-en-Barismo-Inicial-con-amplia-participacion-1.jpg\",\"contentUrl\":\"https:\/\/aehg-laplata.org.ar\/nueva\/wp-content\/uploads\/Mercedes-fue-sede-de-una-capacitacion-en-Barismo-Inicial-con-amplia-participacion-1.jpg\",\"width\":1067,\"height\":800},{\"@type\":\"WebPage\",\"@id\":\"https:\/\/aehg-laplata.org.ar\/nueva\/aehg-la-plata-mercedes-fue-sede-de-una-capacitacion-en-barismo-inicial-con-amplia-participacion\/#webpage\",\"url\":\"https:\/\/aehg-laplata.org.ar\/nueva\/aehg-la-plata-mercedes-fue-sede-de-una-capacitacion-en-barismo-inicial-con-amplia-participacion\/\",\"name\":\"AEHG La Plata: Mercedes fue sede de una capacitaci\\u00f3n en Barismo Inicial con amplia participaci\\u00f3n - AEHG La Plata\",\"isPartOf\":{\"@id\":\"https:\/\/aehg-laplata.org.ar\/nueva\/#website\"},\"primaryImageOfPage\":{\"@id\":\"https:\/\/aehg-laplata.org.ar\/nueva\/aehg-la-plata-mercedes-fue-sede-de-una-capacitacion-en-barismo-inicial-con-amplia-participacion\/#primaryimage\"},\"datePublished\":\"2025-12-01T14:39:16+00:00\",\"dateModified\":\"2025-12-01T14:39:16+00:00\",\"author\":{\"@id\":\"https:\/\/aehg-laplata.org.ar\/nueva\/#\/schema\/person\/7f7b2f53bda3353446a1e6bfb4837e14\"},\"breadcrumb\":{\"@id\":\"https:\/\/aehg-laplata.org.ar\/nueva\/aehg-la-plata-mercedes-fue-sede-de-una-capacitacion-en-barismo-inicial-con-amplia-participacion\/#breadcrumb\"},\"inLanguage\":\"es-AR\",\"potentialAction\":[{\"@type\":\"ReadAction\",\"target\":[\"https:\/\/aehg-laplata.org.ar\/nueva\/aehg-la-plata-mercedes-fue-sede-de-una-capacitacion-en-barismo-inicial-con-amplia-participacion\/\"]}]},{\"@type\":\"BreadcrumbList\",\"@id\":\"https:\/\/aehg-laplata.org.ar\/nueva\/aehg-la-plata-mercedes-fue-sede-de-una-capacitacion-en-barismo-inicial-con-amplia-participacion\/#breadcrumb\",\"itemListElement\":[{\"@type\":\"ListItem\",\"position\":1,\"name\":\"Inicio\",\"item\":\"https:\/\/aehg-laplata.org.ar\/nueva\/\"},{\"@type\":\"ListItem\",\"position\":2,\"name\":\"AEHG La Plata: Mercedes fue sede de una capacitaci\\u00f3n en Barismo Inicial con amplia participaci\\u00f3n\"}]},{\"@type\":\"Person\",\"@id\":\"https:\/\/aehg-laplata.org.ar\/nueva\/#\/schema\/person\/7f7b2f53bda3353446a1e6bfb4837e14\",\"name\":\"ftosti\",\"image\":{\"@type\":\"ImageObject\",\"@id\":\"https:\/\/aehg-laplata.org.ar\/nueva\/#personlogo\",\"inLanguage\":\"es-AR\",\"url\":\"https:\/\/secure.gravatar.com\/avatar\/602f4beec51ba7ffdca86e4faf5d039c?s=96&d=mm&r=g\",\"contentUrl\":\"https:\/\/secure.gravatar.com\/avatar\/602f4beec51ba7ffdca86e4faf5d039c?s=96&d=mm&r=g\",\"caption\":\"ftosti\"},\"url\":\"https:\/\/aehg-laplata.org.ar\/nueva\/author\/ftosti\/\"}]}<\/script>\n<!-- \/ Yoast SEO plugin. -->","yoast_head_json":{"title":"AEHG La Plata: Mercedes fue sede de una capacitaci\u00f3n en Barismo Inicial con amplia participaci\u00f3n - AEHG La Plata","robots":{"index":"index","follow":"follow","max-snippet":"max-snippet:-1","max-image-preview":"max-image-preview:large","max-video-preview":"max-video-preview:-1"},"canonical":"https:\/\/aehg-laplata.org.ar\/nueva\/aehg-la-plata-mercedes-fue-sede-de-una-capacitacion-en-barismo-inicial-con-amplia-participacion\/","og_locale":"es_ES","og_type":"article","og_title":"AEHG La Plata: Mercedes fue sede de una capacitaci\u00f3n en Barismo Inicial con amplia participaci\u00f3n - AEHG La Plata","og_description":"[vc_row][vc_column][vc_column_text] AEHG La Plata: Mercedes fue sede de una capacitaci\u00f3n en Barismo Inicial con amplia participaci\u00f3n [\/vc_column_text][\/vc_column][\/vc_row][vc_row][vc_column css=&#8221;.vc_custom_1457772902902{margin-top: -10px !important;}&#8221;][vc_column_text]Con...","og_url":"https:\/\/aehg-laplata.org.ar\/nueva\/aehg-la-plata-mercedes-fue-sede-de-una-capacitacion-en-barismo-inicial-con-amplia-participacion\/","og_site_name":"AEHG La Plata","article_publisher":"https:\/\/www.facebook.com\/AehgLaPlataOK\/","article_published_time":"2025-12-01T14:39:16+00:00","og_image":[{"width":1067,"height":800,"url":"https:\/\/aehg-laplata.org.ar\/nueva\/wp-content\/uploads\/Mercedes-fue-sede-de-una-capacitacion-en-Barismo-Inicial-con-amplia-participacion-1.jpg","path":"\/home\/c1070183\/public_html\/nueva\/wp-content\/uploads\/Mercedes-fue-sede-de-una-capacitacion-en-Barismo-Inicial-con-amplia-participacion-1.jpg","size":"full","id":2633,"alt":"","pixels":853600,"type":"image\/jpeg"}],"twitter_card":"summary_large_image","twitter_misc":{"Escrito por":"ftosti","Tiempo de lectura":"2 minutos"},"schema":{"@context":"https:\/\/schema.org","@graph":[{"@type":"WebSite","@id":"https:\/\/aehg-laplata.org.ar\/nueva\/#website","url":"https:\/\/aehg-laplata.org.ar\/nueva\/","name":"AEHG La Plata","description":"","potentialAction":[{"@type":"SearchAction","target":{"@type":"EntryPoint","urlTemplate":"https:\/\/aehg-laplata.org.ar\/nueva\/?s={search_term_string}"},"query-input":"required name=search_term_string"}],"inLanguage":"es-AR"},{"@type":"ImageObject","@id":"https:\/\/aehg-laplata.org.ar\/nueva\/aehg-la-plata-mercedes-fue-sede-de-una-capacitacion-en-barismo-inicial-con-amplia-participacion\/#primaryimage","inLanguage":"es-AR","url":"https:\/\/aehg-laplata.org.ar\/nueva\/wp-content\/uploads\/Mercedes-fue-sede-de-una-capacitacion-en-Barismo-Inicial-con-amplia-participacion-1.jpg","contentUrl":"https:\/\/aehg-laplata.org.ar\/nueva\/wp-content\/uploads\/Mercedes-fue-sede-de-una-capacitacion-en-Barismo-Inicial-con-amplia-participacion-1.jpg","width":1067,"height":800},{"@type":"WebPage","@id":"https:\/\/aehg-laplata.org.ar\/nueva\/aehg-la-plata-mercedes-fue-sede-de-una-capacitacion-en-barismo-inicial-con-amplia-participacion\/#webpage","url":"https:\/\/aehg-laplata.org.ar\/nueva\/aehg-la-plata-mercedes-fue-sede-de-una-capacitacion-en-barismo-inicial-con-amplia-participacion\/","name":"AEHG La Plata: Mercedes fue sede de una capacitaci\u00f3n en Barismo Inicial con amplia participaci\u00f3n - AEHG La Plata","isPartOf":{"@id":"https:\/\/aehg-laplata.org.ar\/nueva\/#website"},"primaryImageOfPage":{"@id":"https:\/\/aehg-laplata.org.ar\/nueva\/aehg-la-plata-mercedes-fue-sede-de-una-capacitacion-en-barismo-inicial-con-amplia-participacion\/#primaryimage"},"datePublished":"2025-12-01T14:39:16+00:00","dateModified":"2025-12-01T14:39:16+00:00","author":{"@id":"https:\/\/aehg-laplata.org.ar\/nueva\/#\/schema\/person\/7f7b2f53bda3353446a1e6bfb4837e14"},"breadcrumb":{"@id":"https:\/\/aehg-laplata.org.ar\/nueva\/aehg-la-plata-mercedes-fue-sede-de-una-capacitacion-en-barismo-inicial-con-amplia-participacion\/#breadcrumb"},"inLanguage":"es-AR","potentialAction":[{"@type":"ReadAction","target":["https:\/\/aehg-laplata.org.ar\/nueva\/aehg-la-plata-mercedes-fue-sede-de-una-capacitacion-en-barismo-inicial-con-amplia-participacion\/"]}]},{"@type":"BreadcrumbList","@id":"https:\/\/aehg-laplata.org.ar\/nueva\/aehg-la-plata-mercedes-fue-sede-de-una-capacitacion-en-barismo-inicial-con-amplia-participacion\/#breadcrumb","itemListElement":[{"@type":"ListItem","position":1,"name":"Inicio","item":"https:\/\/aehg-laplata.org.ar\/nueva\/"},{"@type":"ListItem","position":2,"name":"AEHG La Plata: Mercedes fue sede de una capacitaci\u00f3n en Barismo Inicial con amplia participaci\u00f3n"}]},{"@type":"Person","@id":"https:\/\/aehg-laplata.org.ar\/nueva\/#\/schema\/person\/7f7b2f53bda3353446a1e6bfb4837e14","name":"ftosti","image":{"@type":"ImageObject","@id":"https:\/\/aehg-laplata.org.ar\/nueva\/#personlogo","inLanguage":"es-AR","url":"https:\/\/secure.gravatar.com\/avatar\/602f4beec51ba7ffdca86e4faf5d039c?s=96&d=mm&r=g","contentUrl":"https:\/\/secure.gravatar.com\/avatar\/602f4beec51ba7ffdca86e4faf5d039c?s=96&d=mm&r=g","caption":"ftosti"},"url":"https:\/\/aehg-laplata.org.ar\/nueva\/author\/ftosti\/"}]}},"_links":{"self":[{"href":"https:\/\/aehg-laplata.org.ar\/nueva\/wp-json\/wp\/v2\/posts\/2632"}],"collection":[{"href":"https:\/\/aehg-laplata.org.ar\/nueva\/wp-json\/wp\/v2\/posts"}],"about":[{"href":"https:\/\/aehg-laplata.org.ar\/nueva\/wp-json\/wp\/v2\/types\/post"}],"author":[{"embeddable":true,"href":"https:\/\/aehg-laplata.org.ar\/nueva\/wp-json\/wp\/v2\/users\/1"}],"replies":[{"embeddable":true,"href":"https:\/\/aehg-laplata.org.ar\/nueva\/wp-json\/wp\/v2\/comments?post=2632"}],"version-history":[{"count":1,"href":"https:\/\/aehg-laplata.org.ar\/nueva\/wp-json\/wp\/v2\/posts\/2632\/revisions"}],"predecessor-version":[{"id":2635,"href":"https:\/\/aehg-laplata.org.ar\/nueva\/wp-json\/wp\/v2\/posts\/2632\/revisions\/2635"}],"wp:featuredmedia":[{"embeddable":true,"href":"https:\/\/aehg-laplata.org.ar\/nueva\/wp-json\/wp\/v2\/media\/2633"}],"wp:attachment":[{"href":"https:\/\/aehg-laplata.org.ar\/nueva\/wp-json\/wp\/v2\/media?parent=2632"}],"wp:term":[{"taxonomy":"category","embeddable":true,"href":"https:\/\/aehg-laplata.org.ar\/nueva\/wp-json\/wp\/v2\/categories?post=2632"},{"taxonomy":"post_tag","embeddable":true,"href":"https:\/\/aehg-laplata.org.ar\/nueva\/wp-json\/wp\/v2\/tags?post=2632"}],"curies":[{"name":"wp","href":"https:\/\/api.w.org\/{rel}","templated":true}]}}