{"id":2625,"date":"2025-11-17T14:13:12","date_gmt":"2025-11-17T17:13:12","guid":{"rendered":"https:\/\/aehg-laplata.org.ar\/nueva\/?p=2625"},"modified":"2025-11-17T14:13:12","modified_gmt":"2025-11-17T17:13:12","slug":"aehg-la-plata-impulso-una-capacitacion-clave-para-fortalecer-el-turismo-regional-en-saladillo","status":"publish","type":"post","link":"https:\/\/aehg-laplata.org.ar\/nueva\/aehg-la-plata-impulso-una-capacitacion-clave-para-fortalecer-el-turismo-regional-en-saladillo\/","title":{"rendered":"AEHG La Plata impuls\u00f3 una capacitaci\u00f3n clave para fortalecer el turismo regional en Saladillo"},"content":{"rendered":"<p>[vc_row][vc_column][vc_column_text]<\/p>\n<h3 class=\"entry-title\">AEHG La Plata impuls\u00f3 una capacitaci\u00f3n clave para fortalecer el turismo regional en Saladillo<\/h3>\n<p>[\/vc_column_text][\/vc_column][\/vc_row][vc_row][vc_column css=&#8221;.vc_custom_1457772902902{margin-top: -10px !important;}&#8221;][vc_column_text]M\u00e1s de 50 participantes se formaron en hospitalidad, comunicaci\u00f3n y buenas pr\u00e1cticas para potenciar la experiencia del visitante.[\/vc_column_text][\/vc_column][\/vc_row][vc_row equal_height=&#8221;yes&#8221;][vc_column][vc_single_image image=&#8221;2626&#8243; img_size=&#8221;full&#8221; onclick=&#8221;link_image&#8221;][\/vc_column][\/vc_row][vc_row][vc_column css=&#8221;.vc_custom_1457772902902{margin-top: -10px !important;}&#8221;][vc_column_text]En el marco del programa de formaci\u00f3n que la AEHG La Plata desarrolla de manera conjunta con <strong>FEHGRA<\/strong> y con los distintos <strong>municipios de su zona de influencia<\/strong>, el pasado viernes se llev\u00f3 a cabo en la localidad de <strong>Saladillo<\/strong> la capacitaci\u00f3n <strong>\u201cBuenos Anfitriones Tur\u00edsticos\u201d<\/strong>, dictada por <strong>Elena Boente<\/strong>, con la participaci\u00f3n de m\u00e1s de 50 asistentes entre prestadores tur\u00edsticos, hoteleros, gastron\u00f3micos, emprendedores y referentes del sector.<\/p>\n<p>La capacitaci\u00f3n <strong>\u201cBuen Anfitri\u00f3n Tur\u00edstico\u201d<\/strong> busca formar a los residentes como <strong>embajadores de su destino<\/strong>, brind\u00e1ndoles herramientas para mejorar la experiencia del visitante mediante informaci\u00f3n clara sobre atractivos, servicios, historia, identidad y cultura local. El programa aborda <strong>atenci\u00f3n al cliente, hospitalidad, promoci\u00f3n del destino, sostenibilidad, comunicaci\u00f3n efectiva y herramientas digitales<\/strong>, dirigido tanto a trabajadores del sector tur\u00edstico, gastron\u00f3mico, hotelero y comercial como a la comunidad en general.<\/p>\n<p>La jornada <strong>brind\u00f3 herramientas y buenas pr\u00e1cticas<\/strong> para elevar la calidad del servicio y fortalecer el v\u00ednculo con el visitante, destacando la <strong>formaci\u00f3n continua<\/strong> y la <strong>sustentabilidad<\/strong> como ejes fundamentales ante las nuevas demandas del turismo actual.<\/p>\n<p>Al finalizar la jornada, la <strong>Directora de Turismo de Saladillo, Leticia Col\u00e1s<\/strong>, la <strong>capacitadora de FEHGRA, Elena Boente<\/strong>, y \u2014en representaci\u00f3n de la Entidad\u2014 la <strong>Secretaria Mar\u00eda Celeste Ortega<\/strong> y la <strong>Asistente Agustina D\u2019Angelo<\/strong>, realizaron la <strong>entrega de diplomas<\/strong> a todos los participantes.<\/p>\n<p>La AEHG La Plata contin\u00faa impulsando capacitaciones en toda la regi\u00f3n, reafirmando su labor y su compromiso con la <strong>profesionalizaci\u00f3n del turismo, la hoteler\u00eda y la gastronom\u00eda<\/strong>, as\u00ed como con el fortalecimiento de las capacidades de cada comunidad involucrada.[\/vc_column_text][\/vc_column][\/vc_row]<\/p>\n","protected":false},"excerpt":{"rendered":"<p>[vc_row][vc_column][vc_column_text] AEHG La Plata impuls\u00f3 una capacitaci\u00f3n clave para fortalecer el turismo regional en Saladillo [\/vc_column_text][\/vc_column][\/vc_row][vc_row][vc_column css=&#8221;.vc_custom_1457772902902{margin-top: -10px !important;}&#8221;][vc_column_text]M\u00e1s de&#8230;<\/p>\n","protected":false},"author":1,"featured_media":2626,"comment_status":"closed","ping_status":"closed","sticky":false,"template":"","format":"standard","meta":[],"categories":[4],"tags":[],"yoast_head":"<!-- This site is optimized with the Yoast SEO plugin v17.2.1 - https:\/\/yoast.com\/wordpress\/plugins\/seo\/ -->\n<title>AEHG La Plata impuls\u00f3 una capacitaci\u00f3n clave para fortalecer el turismo regional en Saladillo - AEHG La Plata<\/title>\n<meta name=\"robots\" content=\"index, follow, max-snippet:-1, max-image-preview:large, max-video-preview:-1\" \/>\n<link rel=\"canonical\" href=\"https:\/\/aehg-laplata.org.ar\/nueva\/aehg-la-plata-impulso-una-capacitacion-clave-para-fortalecer-el-turismo-regional-en-saladillo\/\" \/>\n<meta property=\"og:locale\" content=\"es_ES\" \/>\n<meta property=\"og:type\" content=\"article\" \/>\n<meta property=\"og:title\" content=\"AEHG La Plata impuls\u00f3 una capacitaci\u00f3n clave para fortalecer el turismo regional en Saladillo - AEHG La Plata\" \/>\n<meta property=\"og:description\" content=\"[vc_row][vc_column][vc_column_text] AEHG La Plata impuls\u00f3 una capacitaci\u00f3n clave para fortalecer el turismo regional en Saladillo [\/vc_column_text][\/vc_column][\/vc_row][vc_row][vc_column css=&#8221;.vc_custom_1457772902902{margin-top: -10px !important;}&#8221;][vc_column_text]M\u00e1s de...\" \/>\n<meta property=\"og:url\" content=\"https:\/\/aehg-laplata.org.ar\/nueva\/aehg-la-plata-impulso-una-capacitacion-clave-para-fortalecer-el-turismo-regional-en-saladillo\/\" \/>\n<meta property=\"og:site_name\" content=\"AEHG La Plata\" \/>\n<meta property=\"article:publisher\" content=\"https:\/\/www.facebook.com\/AehgLaPlataOK\/\" \/>\n<meta property=\"article:published_time\" content=\"2025-11-17T17:13:12+00:00\" \/>\n<meta property=\"og:image\" content=\"https:\/\/aehg-laplata.org.ar\/nueva\/wp-content\/uploads\/Impulso-una-capacitacion-clave-para-fortalecer-el-turismo-regional-en-Saladillo.jpg\" \/>\n\t<meta property=\"og:image:width\" content=\"1189\" \/>\n\t<meta property=\"og:image:height\" content=\"800\" \/>\n<meta name=\"twitter:card\" content=\"summary_large_image\" \/>\n<meta name=\"twitter:label1\" content=\"Escrito por\" \/>\n\t<meta name=\"twitter:data1\" content=\"ftosti\" \/>\n\t<meta name=\"twitter:label2\" content=\"Tiempo de lectura\" \/>\n\t<meta name=\"twitter:data2\" content=\"2 minutos\" \/>\n<script type=\"application\/ld+json\" class=\"yoast-schema-graph\">{\"@context\":\"https:\/\/schema.org\",\"@graph\":[{\"@type\":\"WebSite\",\"@id\":\"https:\/\/aehg-laplata.org.ar\/nueva\/#website\",\"url\":\"https:\/\/aehg-laplata.org.ar\/nueva\/\",\"name\":\"AEHG La Plata\",\"description\":\"\",\"potentialAction\":[{\"@type\":\"SearchAction\",\"target\":{\"@type\":\"EntryPoint\",\"urlTemplate\":\"https:\/\/aehg-laplata.org.ar\/nueva\/?s={search_term_string}\"},\"query-input\":\"required name=search_term_string\"}],\"inLanguage\":\"es-AR\"},{\"@type\":\"ImageObject\",\"@id\":\"https:\/\/aehg-laplata.org.ar\/nueva\/aehg-la-plata-impulso-una-capacitacion-clave-para-fortalecer-el-turismo-regional-en-saladillo\/#primaryimage\",\"inLanguage\":\"es-AR\",\"url\":\"https:\/\/aehg-laplata.org.ar\/nueva\/wp-content\/uploads\/Impulso-una-capacitacion-clave-para-fortalecer-el-turismo-regional-en-Saladillo.jpg\",\"contentUrl\":\"https:\/\/aehg-laplata.org.ar\/nueva\/wp-content\/uploads\/Impulso-una-capacitacion-clave-para-fortalecer-el-turismo-regional-en-Saladillo.jpg\",\"width\":1189,\"height\":800},{\"@type\":\"WebPage\",\"@id\":\"https:\/\/aehg-laplata.org.ar\/nueva\/aehg-la-plata-impulso-una-capacitacion-clave-para-fortalecer-el-turismo-regional-en-saladillo\/#webpage\",\"url\":\"https:\/\/aehg-laplata.org.ar\/nueva\/aehg-la-plata-impulso-una-capacitacion-clave-para-fortalecer-el-turismo-regional-en-saladillo\/\",\"name\":\"AEHG La Plata impuls\\u00f3 una capacitaci\\u00f3n clave para fortalecer el turismo regional en Saladillo - AEHG La Plata\",\"isPartOf\":{\"@id\":\"https:\/\/aehg-laplata.org.ar\/nueva\/#website\"},\"primaryImageOfPage\":{\"@id\":\"https:\/\/aehg-laplata.org.ar\/nueva\/aehg-la-plata-impulso-una-capacitacion-clave-para-fortalecer-el-turismo-regional-en-saladillo\/#primaryimage\"},\"datePublished\":\"2025-11-17T17:13:12+00:00\",\"dateModified\":\"2025-11-17T17:13:12+00:00\",\"author\":{\"@id\":\"https:\/\/aehg-laplata.org.ar\/nueva\/#\/schema\/person\/7f7b2f53bda3353446a1e6bfb4837e14\"},\"breadcrumb\":{\"@id\":\"https:\/\/aehg-laplata.org.ar\/nueva\/aehg-la-plata-impulso-una-capacitacion-clave-para-fortalecer-el-turismo-regional-en-saladillo\/#breadcrumb\"},\"inLanguage\":\"es-AR\",\"potentialAction\":[{\"@type\":\"ReadAction\",\"target\":[\"https:\/\/aehg-laplata.org.ar\/nueva\/aehg-la-plata-impulso-una-capacitacion-clave-para-fortalecer-el-turismo-regional-en-saladillo\/\"]}]},{\"@type\":\"BreadcrumbList\",\"@id\":\"https:\/\/aehg-laplata.org.ar\/nueva\/aehg-la-plata-impulso-una-capacitacion-clave-para-fortalecer-el-turismo-regional-en-saladillo\/#breadcrumb\",\"itemListElement\":[{\"@type\":\"ListItem\",\"position\":1,\"name\":\"Inicio\",\"item\":\"https:\/\/aehg-laplata.org.ar\/nueva\/\"},{\"@type\":\"ListItem\",\"position\":2,\"name\":\"AEHG La Plata impuls\\u00f3 una capacitaci\\u00f3n clave para fortalecer el turismo regional en Saladillo\"}]},{\"@type\":\"Person\",\"@id\":\"https:\/\/aehg-laplata.org.ar\/nueva\/#\/schema\/person\/7f7b2f53bda3353446a1e6bfb4837e14\",\"name\":\"ftosti\",\"image\":{\"@type\":\"ImageObject\",\"@id\":\"https:\/\/aehg-laplata.org.ar\/nueva\/#personlogo\",\"inLanguage\":\"es-AR\",\"url\":\"https:\/\/secure.gravatar.com\/avatar\/602f4beec51ba7ffdca86e4faf5d039c?s=96&d=mm&r=g\",\"contentUrl\":\"https:\/\/secure.gravatar.com\/avatar\/602f4beec51ba7ffdca86e4faf5d039c?s=96&d=mm&r=g\",\"caption\":\"ftosti\"},\"url\":\"https:\/\/aehg-laplata.org.ar\/nueva\/author\/ftosti\/\"}]}<\/script>\n<!-- \/ Yoast SEO plugin. -->","yoast_head_json":{"title":"AEHG La Plata impuls\u00f3 una capacitaci\u00f3n clave para fortalecer el turismo regional en Saladillo - AEHG La Plata","robots":{"index":"index","follow":"follow","max-snippet":"max-snippet:-1","max-image-preview":"max-image-preview:large","max-video-preview":"max-video-preview:-1"},"canonical":"https:\/\/aehg-laplata.org.ar\/nueva\/aehg-la-plata-impulso-una-capacitacion-clave-para-fortalecer-el-turismo-regional-en-saladillo\/","og_locale":"es_ES","og_type":"article","og_title":"AEHG La Plata impuls\u00f3 una capacitaci\u00f3n clave para fortalecer el turismo regional en Saladillo - AEHG La Plata","og_description":"[vc_row][vc_column][vc_column_text] AEHG La Plata impuls\u00f3 una capacitaci\u00f3n clave para fortalecer el turismo regional en Saladillo [\/vc_column_text][\/vc_column][\/vc_row][vc_row][vc_column css=&#8221;.vc_custom_1457772902902{margin-top: -10px !important;}&#8221;][vc_column_text]M\u00e1s de...","og_url":"https:\/\/aehg-laplata.org.ar\/nueva\/aehg-la-plata-impulso-una-capacitacion-clave-para-fortalecer-el-turismo-regional-en-saladillo\/","og_site_name":"AEHG La Plata","article_publisher":"https:\/\/www.facebook.com\/AehgLaPlataOK\/","article_published_time":"2025-11-17T17:13:12+00:00","og_image":[{"width":1189,"height":800,"url":"https:\/\/aehg-laplata.org.ar\/nueva\/wp-content\/uploads\/Impulso-una-capacitacion-clave-para-fortalecer-el-turismo-regional-en-Saladillo.jpg","path":"\/home\/c1070183\/public_html\/nueva\/wp-content\/uploads\/Impulso-una-capacitacion-clave-para-fortalecer-el-turismo-regional-en-Saladillo.jpg","size":"full","id":2626,"alt":"","pixels":951200,"type":"image\/jpeg"}],"twitter_card":"summary_large_image","twitter_misc":{"Escrito por":"ftosti","Tiempo de lectura":"2 minutos"},"schema":{"@context":"https:\/\/schema.org","@graph":[{"@type":"WebSite","@id":"https:\/\/aehg-laplata.org.ar\/nueva\/#website","url":"https:\/\/aehg-laplata.org.ar\/nueva\/","name":"AEHG La Plata","description":"","potentialAction":[{"@type":"SearchAction","target":{"@type":"EntryPoint","urlTemplate":"https:\/\/aehg-laplata.org.ar\/nueva\/?s={search_term_string}"},"query-input":"required name=search_term_string"}],"inLanguage":"es-AR"},{"@type":"ImageObject","@id":"https:\/\/aehg-laplata.org.ar\/nueva\/aehg-la-plata-impulso-una-capacitacion-clave-para-fortalecer-el-turismo-regional-en-saladillo\/#primaryimage","inLanguage":"es-AR","url":"https:\/\/aehg-laplata.org.ar\/nueva\/wp-content\/uploads\/Impulso-una-capacitacion-clave-para-fortalecer-el-turismo-regional-en-Saladillo.jpg","contentUrl":"https:\/\/aehg-laplata.org.ar\/nueva\/wp-content\/uploads\/Impulso-una-capacitacion-clave-para-fortalecer-el-turismo-regional-en-Saladillo.jpg","width":1189,"height":800},{"@type":"WebPage","@id":"https:\/\/aehg-laplata.org.ar\/nueva\/aehg-la-plata-impulso-una-capacitacion-clave-para-fortalecer-el-turismo-regional-en-saladillo\/#webpage","url":"https:\/\/aehg-laplata.org.ar\/nueva\/aehg-la-plata-impulso-una-capacitacion-clave-para-fortalecer-el-turismo-regional-en-saladillo\/","name":"AEHG La Plata impuls\u00f3 una capacitaci\u00f3n clave para fortalecer el turismo regional en Saladillo - AEHG La Plata","isPartOf":{"@id":"https:\/\/aehg-laplata.org.ar\/nueva\/#website"},"primaryImageOfPage":{"@id":"https:\/\/aehg-laplata.org.ar\/nueva\/aehg-la-plata-impulso-una-capacitacion-clave-para-fortalecer-el-turismo-regional-en-saladillo\/#primaryimage"},"datePublished":"2025-11-17T17:13:12+00:00","dateModified":"2025-11-17T17:13:12+00:00","author":{"@id":"https:\/\/aehg-laplata.org.ar\/nueva\/#\/schema\/person\/7f7b2f53bda3353446a1e6bfb4837e14"},"breadcrumb":{"@id":"https:\/\/aehg-laplata.org.ar\/nueva\/aehg-la-plata-impulso-una-capacitacion-clave-para-fortalecer-el-turismo-regional-en-saladillo\/#breadcrumb"},"inLanguage":"es-AR","potentialAction":[{"@type":"ReadAction","target":["https:\/\/aehg-laplata.org.ar\/nueva\/aehg-la-plata-impulso-una-capacitacion-clave-para-fortalecer-el-turismo-regional-en-saladillo\/"]}]},{"@type":"BreadcrumbList","@id":"https:\/\/aehg-laplata.org.ar\/nueva\/aehg-la-plata-impulso-una-capacitacion-clave-para-fortalecer-el-turismo-regional-en-saladillo\/#breadcrumb","itemListElement":[{"@type":"ListItem","position":1,"name":"Inicio","item":"https:\/\/aehg-laplata.org.ar\/nueva\/"},{"@type":"ListItem","position":2,"name":"AEHG La Plata impuls\u00f3 una capacitaci\u00f3n clave para fortalecer el turismo regional en Saladillo"}]},{"@type":"Person","@id":"https:\/\/aehg-laplata.org.ar\/nueva\/#\/schema\/person\/7f7b2f53bda3353446a1e6bfb4837e14","name":"ftosti","image":{"@type":"ImageObject","@id":"https:\/\/aehg-laplata.org.ar\/nueva\/#personlogo","inLanguage":"es-AR","url":"https:\/\/secure.gravatar.com\/avatar\/602f4beec51ba7ffdca86e4faf5d039c?s=96&d=mm&r=g","contentUrl":"https:\/\/secure.gravatar.com\/avatar\/602f4beec51ba7ffdca86e4faf5d039c?s=96&d=mm&r=g","caption":"ftosti"},"url":"https:\/\/aehg-laplata.org.ar\/nueva\/author\/ftosti\/"}]}},"_links":{"self":[{"href":"https:\/\/aehg-laplata.org.ar\/nueva\/wp-json\/wp\/v2\/posts\/2625"}],"collection":[{"href":"https:\/\/aehg-laplata.org.ar\/nueva\/wp-json\/wp\/v2\/posts"}],"about":[{"href":"https:\/\/aehg-laplata.org.ar\/nueva\/wp-json\/wp\/v2\/types\/post"}],"author":[{"embeddable":true,"href":"https:\/\/aehg-laplata.org.ar\/nueva\/wp-json\/wp\/v2\/users\/1"}],"replies":[{"embeddable":true,"href":"https:\/\/aehg-laplata.org.ar\/nueva\/wp-json\/wp\/v2\/comments?post=2625"}],"version-history":[{"count":1,"href":"https:\/\/aehg-laplata.org.ar\/nueva\/wp-json\/wp\/v2\/posts\/2625\/revisions"}],"predecessor-version":[{"id":2627,"href":"https:\/\/aehg-laplata.org.ar\/nueva\/wp-json\/wp\/v2\/posts\/2625\/revisions\/2627"}],"wp:featuredmedia":[{"embeddable":true,"href":"https:\/\/aehg-laplata.org.ar\/nueva\/wp-json\/wp\/v2\/media\/2626"}],"wp:attachment":[{"href":"https:\/\/aehg-laplata.org.ar\/nueva\/wp-json\/wp\/v2\/media?parent=2625"}],"wp:term":[{"taxonomy":"category","embeddable":true,"href":"https:\/\/aehg-laplata.org.ar\/nueva\/wp-json\/wp\/v2\/categories?post=2625"},{"taxonomy":"post_tag","embeddable":true,"href":"https:\/\/aehg-laplata.org.ar\/nueva\/wp-json\/wp\/v2\/tags?post=2625"}],"curies":[{"name":"wp","href":"https:\/\/api.w.org\/{rel}","templated":true}]}}