{"id":2620,"date":"2025-10-31T14:55:07","date_gmt":"2025-10-31T17:55:07","guid":{"rendered":"https:\/\/aehg-laplata.org.ar\/nueva\/?p=2620"},"modified":"2025-10-31T14:55:07","modified_gmt":"2025-10-31T17:55:07","slug":"la-aehg-la-plata-reafirma-su-compromiso-con-la-profesionalizacion-del-sector-al-participar-del-bootcamp-inmersivo-fehgra-educa","status":"publish","type":"post","link":"https:\/\/aehg-laplata.org.ar\/nueva\/la-aehg-la-plata-reafirma-su-compromiso-con-la-profesionalizacion-del-sector-al-participar-del-bootcamp-inmersivo-fehgra-educa\/","title":{"rendered":"La AEHG La Plata reafirma su compromiso con la profesionalizaci\u00f3n del sector al participar del Bootcamp Inmersivo FEHGRA Educa"},"content":{"rendered":"<p>[vc_row][vc_column][vc_column_text]<\/p>\n<h3 class=\"entry-title\">La AEHG La Plata reafirma su compromiso con la profesionalizaci\u00f3n del sector al participar del Bootcamp Inmersivo FEHGRA Educa<\/h3>\n<p>[\/vc_column_text][\/vc_column][\/vc_row][vc_row][vc_column css=&#8221;.vc_custom_1457772902902{margin-top: -10px !important;}&#8221;][vc_column_text]<em>La AEHG La Plata particip\u00f3 del Bootcamp Inmersivo FEHGRA Educa, reafirmando su compromiso con la formaci\u00f3n continua y la profesionalizaci\u00f3n del sector hotelero y gastron\u00f3mico<\/em>.[\/vc_column_text][\/vc_column][\/vc_row][vc_row equal_height=&#8221;yes&#8221;][vc_column width=&#8221;1\/2&#8243;][vc_single_image image=&#8221;2621&#8243; img_size=&#8221;full&#8221; onclick=&#8221;link_image&#8221;][\/vc_column][vc_column width=&#8221;1\/2&#8243;][vc_single_image image=&#8221;2622&#8243; img_size=&#8221;full&#8221; onclick=&#8221;link_image&#8221;][\/vc_column][\/vc_row][vc_row][vc_column css=&#8221;.vc_custom_1457772902902{margin-top: -10px !important;}&#8221;][vc_column_text]Dos jornadas intensivas reunieron a empresarios y gerentes de todo el pa\u00eds en una propuesta de formaci\u00f3n din\u00e1mica e innovadora organizada por la Federaci\u00f3n Empresaria Hotelera Gastron\u00f3mica de la Rep\u00fablica Argentina (FEHGRA) junto a la Universidad Siglo 21.<\/p>\n<p>La Asociaci\u00f3n Empresaria Hotelera, Gastron\u00f3mica y Pastelera de La Plata (AEHG La Plata) form\u00f3 parte del <strong>Bootcamp Inmersivo FEHGRA Educa<\/strong>, desarrollado los d\u00edas 29 y 30 de octubre en el campus universitario de C\u00f3rdoba. En representaci\u00f3n de la Entidad participaron los empresarios <strong>N\u00e9stor Casaprima<\/strong> y <strong>Mar\u00eda Laura Ni\u00f1a<\/strong>, quienes tomaron parte de las actividades orientadas a fortalecer el liderazgo, la creatividad y la gesti\u00f3n estrat\u00e9gica.<\/p>\n<p>La AEHG La Plata contin\u00faa impulsando la <strong>formaci\u00f3n y el desarrollo profesional<\/strong> de los empresarios y referentes del sector, reafirmando su compromiso con la capacitaci\u00f3n permanente. Asimismo, la Entidad sigue <strong>poniendo a disposici\u00f3n de sus asociados \u2014y en muchos casos financiando\u2014 programas y capacitaciones<\/strong> orientadas a fortalecer la profesionalizaci\u00f3n, el crecimiento y la competitividad del sector hotelero y gastron\u00f3mico.[\/vc_column_text][\/vc_column][\/vc_row]<\/p>\n","protected":false},"excerpt":{"rendered":"<p>[vc_row][vc_column][vc_column_text] La AEHG La Plata reafirma su compromiso con la profesionalizaci\u00f3n del sector al participar del Bootcamp Inmersivo FEHGRA Educa&#8230;<\/p>\n","protected":false},"author":1,"featured_media":2621,"comment_status":"closed","ping_status":"closed","sticky":false,"template":"","format":"standard","meta":[],"categories":[4],"tags":[],"yoast_head":"<!-- This site is optimized with the Yoast SEO plugin v17.2.1 - https:\/\/yoast.com\/wordpress\/plugins\/seo\/ -->\n<title>La AEHG La Plata reafirma su compromiso con la profesionalizaci\u00f3n del sector al participar del Bootcamp Inmersivo FEHGRA Educa - AEHG La Plata<\/title>\n<meta name=\"robots\" content=\"index, follow, max-snippet:-1, max-image-preview:large, max-video-preview:-1\" \/>\n<link rel=\"canonical\" href=\"https:\/\/aehg-laplata.org.ar\/nueva\/la-aehg-la-plata-reafirma-su-compromiso-con-la-profesionalizacion-del-sector-al-participar-del-bootcamp-inmersivo-fehgra-educa\/\" \/>\n<meta property=\"og:locale\" content=\"es_ES\" \/>\n<meta property=\"og:type\" content=\"article\" \/>\n<meta property=\"og:title\" content=\"La AEHG La Plata reafirma su compromiso con la profesionalizaci\u00f3n del sector al participar del Bootcamp Inmersivo FEHGRA Educa - AEHG La Plata\" \/>\n<meta property=\"og:description\" content=\"[vc_row][vc_column][vc_column_text] La AEHG La Plata reafirma su compromiso con la profesionalizaci\u00f3n del sector al participar del Bootcamp Inmersivo FEHGRA Educa...\" \/>\n<meta property=\"og:url\" content=\"https:\/\/aehg-laplata.org.ar\/nueva\/la-aehg-la-plata-reafirma-su-compromiso-con-la-profesionalizacion-del-sector-al-participar-del-bootcamp-inmersivo-fehgra-educa\/\" \/>\n<meta property=\"og:site_name\" content=\"AEHG La Plata\" \/>\n<meta property=\"article:publisher\" content=\"https:\/\/www.facebook.com\/AehgLaPlataOK\/\" \/>\n<meta property=\"article:published_time\" content=\"2025-10-31T17:55:07+00:00\" \/>\n<meta property=\"og:image\" content=\"https:\/\/aehg-laplata.org.ar\/nueva\/wp-content\/uploads\/La-AEHG-La-Plata-reafirma-su-compromiso-con-la-profesionalizacion-del-sector-al-participar-del-Bootcamp-Inmersivo-FEHGRA-Educa-1.jpg\" \/>\n\t<meta property=\"og:image:width\" content=\"869\" \/>\n\t<meta property=\"og:image:height\" content=\"800\" \/>\n<meta name=\"twitter:card\" content=\"summary_large_image\" \/>\n<meta name=\"twitter:label1\" content=\"Escrito por\" \/>\n\t<meta name=\"twitter:data1\" content=\"ftosti\" \/>\n\t<meta name=\"twitter:label2\" content=\"Tiempo de lectura\" \/>\n\t<meta name=\"twitter:data2\" content=\"1 minuto\" \/>\n<script type=\"application\/ld+json\" class=\"yoast-schema-graph\">{\"@context\":\"https:\/\/schema.org\",\"@graph\":[{\"@type\":\"WebSite\",\"@id\":\"https:\/\/aehg-laplata.org.ar\/nueva\/#website\",\"url\":\"https:\/\/aehg-laplata.org.ar\/nueva\/\",\"name\":\"AEHG La Plata\",\"description\":\"\",\"potentialAction\":[{\"@type\":\"SearchAction\",\"target\":{\"@type\":\"EntryPoint\",\"urlTemplate\":\"https:\/\/aehg-laplata.org.ar\/nueva\/?s={search_term_string}\"},\"query-input\":\"required name=search_term_string\"}],\"inLanguage\":\"es-AR\"},{\"@type\":\"ImageObject\",\"@id\":\"https:\/\/aehg-laplata.org.ar\/nueva\/la-aehg-la-plata-reafirma-su-compromiso-con-la-profesionalizacion-del-sector-al-participar-del-bootcamp-inmersivo-fehgra-educa\/#primaryimage\",\"inLanguage\":\"es-AR\",\"url\":\"https:\/\/aehg-laplata.org.ar\/nueva\/wp-content\/uploads\/La-AEHG-La-Plata-reafirma-su-compromiso-con-la-profesionalizacion-del-sector-al-participar-del-Bootcamp-Inmersivo-FEHGRA-Educa-1.jpg\",\"contentUrl\":\"https:\/\/aehg-laplata.org.ar\/nueva\/wp-content\/uploads\/La-AEHG-La-Plata-reafirma-su-compromiso-con-la-profesionalizacion-del-sector-al-participar-del-Bootcamp-Inmersivo-FEHGRA-Educa-1.jpg\",\"width\":869,\"height\":800},{\"@type\":\"WebPage\",\"@id\":\"https:\/\/aehg-laplata.org.ar\/nueva\/la-aehg-la-plata-reafirma-su-compromiso-con-la-profesionalizacion-del-sector-al-participar-del-bootcamp-inmersivo-fehgra-educa\/#webpage\",\"url\":\"https:\/\/aehg-laplata.org.ar\/nueva\/la-aehg-la-plata-reafirma-su-compromiso-con-la-profesionalizacion-del-sector-al-participar-del-bootcamp-inmersivo-fehgra-educa\/\",\"name\":\"La AEHG La Plata reafirma su compromiso con la profesionalizaci\\u00f3n del sector al participar del Bootcamp Inmersivo FEHGRA Educa - AEHG La Plata\",\"isPartOf\":{\"@id\":\"https:\/\/aehg-laplata.org.ar\/nueva\/#website\"},\"primaryImageOfPage\":{\"@id\":\"https:\/\/aehg-laplata.org.ar\/nueva\/la-aehg-la-plata-reafirma-su-compromiso-con-la-profesionalizacion-del-sector-al-participar-del-bootcamp-inmersivo-fehgra-educa\/#primaryimage\"},\"datePublished\":\"2025-10-31T17:55:07+00:00\",\"dateModified\":\"2025-10-31T17:55:07+00:00\",\"author\":{\"@id\":\"https:\/\/aehg-laplata.org.ar\/nueva\/#\/schema\/person\/7f7b2f53bda3353446a1e6bfb4837e14\"},\"breadcrumb\":{\"@id\":\"https:\/\/aehg-laplata.org.ar\/nueva\/la-aehg-la-plata-reafirma-su-compromiso-con-la-profesionalizacion-del-sector-al-participar-del-bootcamp-inmersivo-fehgra-educa\/#breadcrumb\"},\"inLanguage\":\"es-AR\",\"potentialAction\":[{\"@type\":\"ReadAction\",\"target\":[\"https:\/\/aehg-laplata.org.ar\/nueva\/la-aehg-la-plata-reafirma-su-compromiso-con-la-profesionalizacion-del-sector-al-participar-del-bootcamp-inmersivo-fehgra-educa\/\"]}]},{\"@type\":\"BreadcrumbList\",\"@id\":\"https:\/\/aehg-laplata.org.ar\/nueva\/la-aehg-la-plata-reafirma-su-compromiso-con-la-profesionalizacion-del-sector-al-participar-del-bootcamp-inmersivo-fehgra-educa\/#breadcrumb\",\"itemListElement\":[{\"@type\":\"ListItem\",\"position\":1,\"name\":\"Inicio\",\"item\":\"https:\/\/aehg-laplata.org.ar\/nueva\/\"},{\"@type\":\"ListItem\",\"position\":2,\"name\":\"La AEHG La Plata reafirma su compromiso con la profesionalizaci\\u00f3n del sector al participar del Bootcamp Inmersivo FEHGRA Educa\"}]},{\"@type\":\"Person\",\"@id\":\"https:\/\/aehg-laplata.org.ar\/nueva\/#\/schema\/person\/7f7b2f53bda3353446a1e6bfb4837e14\",\"name\":\"ftosti\",\"image\":{\"@type\":\"ImageObject\",\"@id\":\"https:\/\/aehg-laplata.org.ar\/nueva\/#personlogo\",\"inLanguage\":\"es-AR\",\"url\":\"https:\/\/secure.gravatar.com\/avatar\/602f4beec51ba7ffdca86e4faf5d039c?s=96&d=mm&r=g\",\"contentUrl\":\"https:\/\/secure.gravatar.com\/avatar\/602f4beec51ba7ffdca86e4faf5d039c?s=96&d=mm&r=g\",\"caption\":\"ftosti\"},\"url\":\"https:\/\/aehg-laplata.org.ar\/nueva\/author\/ftosti\/\"}]}<\/script>\n<!-- \/ Yoast SEO plugin. -->","yoast_head_json":{"title":"La AEHG La Plata reafirma su compromiso con la profesionalizaci\u00f3n del sector al participar del Bootcamp Inmersivo FEHGRA Educa - AEHG La Plata","robots":{"index":"index","follow":"follow","max-snippet":"max-snippet:-1","max-image-preview":"max-image-preview:large","max-video-preview":"max-video-preview:-1"},"canonical":"https:\/\/aehg-laplata.org.ar\/nueva\/la-aehg-la-plata-reafirma-su-compromiso-con-la-profesionalizacion-del-sector-al-participar-del-bootcamp-inmersivo-fehgra-educa\/","og_locale":"es_ES","og_type":"article","og_title":"La AEHG La Plata reafirma su compromiso con la profesionalizaci\u00f3n del sector al participar del Bootcamp Inmersivo FEHGRA Educa - AEHG La Plata","og_description":"[vc_row][vc_column][vc_column_text] La AEHG La Plata reafirma su compromiso con la profesionalizaci\u00f3n del sector al participar del Bootcamp Inmersivo FEHGRA Educa...","og_url":"https:\/\/aehg-laplata.org.ar\/nueva\/la-aehg-la-plata-reafirma-su-compromiso-con-la-profesionalizacion-del-sector-al-participar-del-bootcamp-inmersivo-fehgra-educa\/","og_site_name":"AEHG La Plata","article_publisher":"https:\/\/www.facebook.com\/AehgLaPlataOK\/","article_published_time":"2025-10-31T17:55:07+00:00","og_image":[{"width":869,"height":800,"url":"https:\/\/aehg-laplata.org.ar\/nueva\/wp-content\/uploads\/La-AEHG-La-Plata-reafirma-su-compromiso-con-la-profesionalizacion-del-sector-al-participar-del-Bootcamp-Inmersivo-FEHGRA-Educa-1.jpg","path":"\/home\/c1070183\/public_html\/nueva\/wp-content\/uploads\/La-AEHG-La-Plata-reafirma-su-compromiso-con-la-profesionalizacion-del-sector-al-participar-del-Bootcamp-Inmersivo-FEHGRA-Educa-1.jpg","size":"full","id":2621,"alt":"","pixels":695200,"type":"image\/jpeg"}],"twitter_card":"summary_large_image","twitter_misc":{"Escrito por":"ftosti","Tiempo de lectura":"1 minuto"},"schema":{"@context":"https:\/\/schema.org","@graph":[{"@type":"WebSite","@id":"https:\/\/aehg-laplata.org.ar\/nueva\/#website","url":"https:\/\/aehg-laplata.org.ar\/nueva\/","name":"AEHG La Plata","description":"","potentialAction":[{"@type":"SearchAction","target":{"@type":"EntryPoint","urlTemplate":"https:\/\/aehg-laplata.org.ar\/nueva\/?s={search_term_string}"},"query-input":"required name=search_term_string"}],"inLanguage":"es-AR"},{"@type":"ImageObject","@id":"https:\/\/aehg-laplata.org.ar\/nueva\/la-aehg-la-plata-reafirma-su-compromiso-con-la-profesionalizacion-del-sector-al-participar-del-bootcamp-inmersivo-fehgra-educa\/#primaryimage","inLanguage":"es-AR","url":"https:\/\/aehg-laplata.org.ar\/nueva\/wp-content\/uploads\/La-AEHG-La-Plata-reafirma-su-compromiso-con-la-profesionalizacion-del-sector-al-participar-del-Bootcamp-Inmersivo-FEHGRA-Educa-1.jpg","contentUrl":"https:\/\/aehg-laplata.org.ar\/nueva\/wp-content\/uploads\/La-AEHG-La-Plata-reafirma-su-compromiso-con-la-profesionalizacion-del-sector-al-participar-del-Bootcamp-Inmersivo-FEHGRA-Educa-1.jpg","width":869,"height":800},{"@type":"WebPage","@id":"https:\/\/aehg-laplata.org.ar\/nueva\/la-aehg-la-plata-reafirma-su-compromiso-con-la-profesionalizacion-del-sector-al-participar-del-bootcamp-inmersivo-fehgra-educa\/#webpage","url":"https:\/\/aehg-laplata.org.ar\/nueva\/la-aehg-la-plata-reafirma-su-compromiso-con-la-profesionalizacion-del-sector-al-participar-del-bootcamp-inmersivo-fehgra-educa\/","name":"La AEHG La Plata reafirma su compromiso con la profesionalizaci\u00f3n del sector al participar del Bootcamp Inmersivo FEHGRA Educa - AEHG La Plata","isPartOf":{"@id":"https:\/\/aehg-laplata.org.ar\/nueva\/#website"},"primaryImageOfPage":{"@id":"https:\/\/aehg-laplata.org.ar\/nueva\/la-aehg-la-plata-reafirma-su-compromiso-con-la-profesionalizacion-del-sector-al-participar-del-bootcamp-inmersivo-fehgra-educa\/#primaryimage"},"datePublished":"2025-10-31T17:55:07+00:00","dateModified":"2025-10-31T17:55:07+00:00","author":{"@id":"https:\/\/aehg-laplata.org.ar\/nueva\/#\/schema\/person\/7f7b2f53bda3353446a1e6bfb4837e14"},"breadcrumb":{"@id":"https:\/\/aehg-laplata.org.ar\/nueva\/la-aehg-la-plata-reafirma-su-compromiso-con-la-profesionalizacion-del-sector-al-participar-del-bootcamp-inmersivo-fehgra-educa\/#breadcrumb"},"inLanguage":"es-AR","potentialAction":[{"@type":"ReadAction","target":["https:\/\/aehg-laplata.org.ar\/nueva\/la-aehg-la-plata-reafirma-su-compromiso-con-la-profesionalizacion-del-sector-al-participar-del-bootcamp-inmersivo-fehgra-educa\/"]}]},{"@type":"BreadcrumbList","@id":"https:\/\/aehg-laplata.org.ar\/nueva\/la-aehg-la-plata-reafirma-su-compromiso-con-la-profesionalizacion-del-sector-al-participar-del-bootcamp-inmersivo-fehgra-educa\/#breadcrumb","itemListElement":[{"@type":"ListItem","position":1,"name":"Inicio","item":"https:\/\/aehg-laplata.org.ar\/nueva\/"},{"@type":"ListItem","position":2,"name":"La AEHG La Plata reafirma su compromiso con la profesionalizaci\u00f3n del sector al participar del Bootcamp Inmersivo FEHGRA Educa"}]},{"@type":"Person","@id":"https:\/\/aehg-laplata.org.ar\/nueva\/#\/schema\/person\/7f7b2f53bda3353446a1e6bfb4837e14","name":"ftosti","image":{"@type":"ImageObject","@id":"https:\/\/aehg-laplata.org.ar\/nueva\/#personlogo","inLanguage":"es-AR","url":"https:\/\/secure.gravatar.com\/avatar\/602f4beec51ba7ffdca86e4faf5d039c?s=96&d=mm&r=g","contentUrl":"https:\/\/secure.gravatar.com\/avatar\/602f4beec51ba7ffdca86e4faf5d039c?s=96&d=mm&r=g","caption":"ftosti"},"url":"https:\/\/aehg-laplata.org.ar\/nueva\/author\/ftosti\/"}]}},"_links":{"self":[{"href":"https:\/\/aehg-laplata.org.ar\/nueva\/wp-json\/wp\/v2\/posts\/2620"}],"collection":[{"href":"https:\/\/aehg-laplata.org.ar\/nueva\/wp-json\/wp\/v2\/posts"}],"about":[{"href":"https:\/\/aehg-laplata.org.ar\/nueva\/wp-json\/wp\/v2\/types\/post"}],"author":[{"embeddable":true,"href":"https:\/\/aehg-laplata.org.ar\/nueva\/wp-json\/wp\/v2\/users\/1"}],"replies":[{"embeddable":true,"href":"https:\/\/aehg-laplata.org.ar\/nueva\/wp-json\/wp\/v2\/comments?post=2620"}],"version-history":[{"count":1,"href":"https:\/\/aehg-laplata.org.ar\/nueva\/wp-json\/wp\/v2\/posts\/2620\/revisions"}],"predecessor-version":[{"id":2623,"href":"https:\/\/aehg-laplata.org.ar\/nueva\/wp-json\/wp\/v2\/posts\/2620\/revisions\/2623"}],"wp:featuredmedia":[{"embeddable":true,"href":"https:\/\/aehg-laplata.org.ar\/nueva\/wp-json\/wp\/v2\/media\/2621"}],"wp:attachment":[{"href":"https:\/\/aehg-laplata.org.ar\/nueva\/wp-json\/wp\/v2\/media?parent=2620"}],"wp:term":[{"taxonomy":"category","embeddable":true,"href":"https:\/\/aehg-laplata.org.ar\/nueva\/wp-json\/wp\/v2\/categories?post=2620"},{"taxonomy":"post_tag","embeddable":true,"href":"https:\/\/aehg-laplata.org.ar\/nueva\/wp-json\/wp\/v2\/tags?post=2620"}],"curies":[{"name":"wp","href":"https:\/\/api.w.org\/{rel}","templated":true}]}}