{"id":2608,"date":"2025-10-20T08:59:33","date_gmt":"2025-10-20T11:59:33","guid":{"rendered":"https:\/\/aehg-laplata.org.ar\/nueva\/?p=2608"},"modified":"2025-10-20T08:59:33","modified_gmt":"2025-10-20T11:59:33","slug":"la-aehg-la-plata-participo-del-ciclo-de-capacitaciones-revalidando-destinos-organizado-por-faevyt","status":"publish","type":"post","link":"https:\/\/aehg-laplata.org.ar\/nueva\/la-aehg-la-plata-participo-del-ciclo-de-capacitaciones-revalidando-destinos-organizado-por-faevyt\/","title":{"rendered":"La AEHG La Plata particip\u00f3 del Ciclo de Capacitaciones \u201cRevalidando Destinos\u201d, organizado por FAEVYT"},"content":{"rendered":"<p>[vc_row][vc_column][vc_column_text]<\/p>\n<h3 class=\"entry-title\">La AEHG La Plata particip\u00f3 del Ciclo de Capacitaciones \u201cRevalidando Destinos\u201d, organizado por FAEVYT<\/h3>\n<p>[\/vc_column_text][\/vc_column][\/vc_row][vc_row][vc_column css=&#8221;.vc_custom_1457772902902{margin-top: -10px !important;}&#8221;][vc_column_text]<em>Turismo de cercan\u00eda y nuevas experiencias para potenciar la oferta platense<\/em>[\/vc_column_text][\/vc_column][\/vc_row][vc_row equal_height=&#8221;yes&#8221;][vc_column width=&#8221;1\/2&#8243;][vc_single_image image=&#8221;2609&#8243; img_size=&#8221;full&#8221; onclick=&#8221;link_image&#8221;][\/vc_column][vc_column width=&#8221;1\/2&#8243;][vc_single_image image=&#8221;2610&#8243; img_size=&#8221;full&#8221; onclick=&#8221;link_image&#8221;][\/vc_column][\/vc_row][vc_row][vc_column css=&#8221;.vc_custom_1457772902902{margin-top: -10px !important;}&#8221;][vc_column_text]La Asociaci\u00f3n Empresaria Hotelera, Gastron\u00f3mica y Pastelera de La Plata (AEHG La Plata) particip\u00f3 del encuentro virtual del Ciclo de Capacitaciones de FAEVYT para agencias de viajes \u201cRevalidando Destinos\u201d, destinado a fortalecer el conocimiento y la promoci\u00f3n de los destinos tur\u00edsticos del pa\u00eds.<\/p>\n<p>Durante la jornada, el presidente del Ente Municipal para la Actividad Tur\u00edstica (EMATUR), Uriel Charne, disert\u00f3 sobre el turismo de cercan\u00eda y las m\u00faltiples experiencias que ofrece la ciudad de La Plata, destacando el trabajo conjunto entre el sector p\u00fablico y privado para impulsar su posicionamiento como destino emergente de congresos, eventos y escapadas urbanas.<\/p>\n<p>Entre las propuestas destacadas se presentaron los <strong>cat\u00e1logos de productos y experiencias tur\u00edsticas<\/strong> que invitan a recorrer los principales atractivos de la ciudad, como el <strong>Eje Fundacional<\/strong>, los <strong>edificios patrimoniales<\/strong>, los <strong>walking tours por la Ciudad Mas\u00f3nica<\/strong>, los <strong>circuitos en bus<\/strong> y los <strong>tours teatralizados<\/strong> con relatos hist\u00f3ricos. Tambi\u00e9n se mencionaron las <strong>experiencias a\u00e9reas<\/strong>, los <strong>d\u00edas de campo y actividades rurales en City Bell<\/strong>, las <strong>salidas n\u00e1uticas por el Delta del R\u00edo Santiago<\/strong> y la amplia <strong>oferta gastron\u00f3mica y hotelera<\/strong> que consolidan a La Plata como un destino diverso y atractivo.<\/p>\n<p>Uno de los puntos centrales fue la presentaci\u00f3n del \u201cPasaporte Tur\u00edstico Platense\u201d, recientemente lanzado en FIT 2025, que permite a los visitantes acumular sellos en cada punto tur\u00edstico recorrido y acceder a descuentos exclusivos en hoteler\u00eda y gastronom\u00eda.<\/p>\n<p>Desde la AEHG La Plata se valor\u00f3 la realizaci\u00f3n de este tipo de encuentros que permiten fortalecer las alianzas entre agencias de viajes, prestadores locales y entidades tur\u00edsticas, contribuyendo a consolidar a La Plata como un destino con identidad propia, diverso y sustentable.[\/vc_column_text][\/vc_column][\/vc_row]<\/p>\n","protected":false},"excerpt":{"rendered":"<p>[vc_row][vc_column][vc_column_text] La AEHG La Plata particip\u00f3 del Ciclo de Capacitaciones \u201cRevalidando Destinos\u201d, organizado por FAEVYT [\/vc_column_text][\/vc_column][\/vc_row][vc_row][vc_column css=&#8221;.vc_custom_1457772902902{margin-top: -10px !important;}&#8221;][vc_column_text]Turismo de&#8230;<\/p>\n","protected":false},"author":1,"featured_media":2609,"comment_status":"closed","ping_status":"closed","sticky":false,"template":"","format":"standard","meta":[],"categories":[4],"tags":[],"yoast_head":"<!-- This site is optimized with the Yoast SEO plugin v17.2.1 - https:\/\/yoast.com\/wordpress\/plugins\/seo\/ -->\n<title>La AEHG La Plata particip\u00f3 del Ciclo de Capacitaciones \u201cRevalidando Destinos\u201d, organizado por FAEVYT - AEHG La Plata<\/title>\n<meta name=\"robots\" content=\"index, follow, max-snippet:-1, max-image-preview:large, max-video-preview:-1\" \/>\n<link rel=\"canonical\" href=\"https:\/\/aehg-laplata.org.ar\/nueva\/la-aehg-la-plata-participo-del-ciclo-de-capacitaciones-revalidando-destinos-organizado-por-faevyt\/\" \/>\n<meta property=\"og:locale\" content=\"es_ES\" \/>\n<meta property=\"og:type\" content=\"article\" \/>\n<meta property=\"og:title\" content=\"La AEHG La Plata particip\u00f3 del Ciclo de Capacitaciones \u201cRevalidando Destinos\u201d, organizado por FAEVYT - AEHG La Plata\" \/>\n<meta property=\"og:description\" content=\"[vc_row][vc_column][vc_column_text] La AEHG La Plata particip\u00f3 del Ciclo de Capacitaciones \u201cRevalidando Destinos\u201d, organizado por FAEVYT [\/vc_column_text][\/vc_column][\/vc_row][vc_row][vc_column css=&#8221;.vc_custom_1457772902902{margin-top: -10px !important;}&#8221;][vc_column_text]Turismo de...\" \/>\n<meta property=\"og:url\" content=\"https:\/\/aehg-laplata.org.ar\/nueva\/la-aehg-la-plata-participo-del-ciclo-de-capacitaciones-revalidando-destinos-organizado-por-faevyt\/\" \/>\n<meta property=\"og:site_name\" content=\"AEHG La Plata\" \/>\n<meta property=\"article:publisher\" content=\"https:\/\/www.facebook.com\/AehgLaPlataOK\/\" \/>\n<meta property=\"article:published_time\" content=\"2025-10-20T11:59:33+00:00\" \/>\n<meta property=\"og:image\" content=\"https:\/\/aehg-laplata.org.ar\/nueva\/wp-content\/uploads\/1-56.jpg\" \/>\n\t<meta property=\"og:image:width\" content=\"601\" \/>\n\t<meta property=\"og:image:height\" content=\"800\" \/>\n<meta name=\"twitter:card\" content=\"summary_large_image\" \/>\n<meta name=\"twitter:label1\" content=\"Escrito por\" \/>\n\t<meta name=\"twitter:data1\" content=\"ftosti\" \/>\n\t<meta name=\"twitter:label2\" content=\"Tiempo de lectura\" \/>\n\t<meta name=\"twitter:data2\" content=\"2 minutos\" \/>\n<script type=\"application\/ld+json\" class=\"yoast-schema-graph\">{\"@context\":\"https:\/\/schema.org\",\"@graph\":[{\"@type\":\"WebSite\",\"@id\":\"https:\/\/aehg-laplata.org.ar\/nueva\/#website\",\"url\":\"https:\/\/aehg-laplata.org.ar\/nueva\/\",\"name\":\"AEHG La Plata\",\"description\":\"\",\"potentialAction\":[{\"@type\":\"SearchAction\",\"target\":{\"@type\":\"EntryPoint\",\"urlTemplate\":\"https:\/\/aehg-laplata.org.ar\/nueva\/?s={search_term_string}\"},\"query-input\":\"required name=search_term_string\"}],\"inLanguage\":\"es-AR\"},{\"@type\":\"ImageObject\",\"@id\":\"https:\/\/aehg-laplata.org.ar\/nueva\/la-aehg-la-plata-participo-del-ciclo-de-capacitaciones-revalidando-destinos-organizado-por-faevyt\/#primaryimage\",\"inLanguage\":\"es-AR\",\"url\":\"https:\/\/aehg-laplata.org.ar\/nueva\/wp-content\/uploads\/1-56.jpg\",\"contentUrl\":\"https:\/\/aehg-laplata.org.ar\/nueva\/wp-content\/uploads\/1-56.jpg\",\"width\":601,\"height\":800},{\"@type\":\"WebPage\",\"@id\":\"https:\/\/aehg-laplata.org.ar\/nueva\/la-aehg-la-plata-participo-del-ciclo-de-capacitaciones-revalidando-destinos-organizado-por-faevyt\/#webpage\",\"url\":\"https:\/\/aehg-laplata.org.ar\/nueva\/la-aehg-la-plata-participo-del-ciclo-de-capacitaciones-revalidando-destinos-organizado-por-faevyt\/\",\"name\":\"La AEHG La Plata particip\\u00f3 del Ciclo de Capacitaciones \\u201cRevalidando Destinos\\u201d, organizado por FAEVYT - AEHG La Plata\",\"isPartOf\":{\"@id\":\"https:\/\/aehg-laplata.org.ar\/nueva\/#website\"},\"primaryImageOfPage\":{\"@id\":\"https:\/\/aehg-laplata.org.ar\/nueva\/la-aehg-la-plata-participo-del-ciclo-de-capacitaciones-revalidando-destinos-organizado-por-faevyt\/#primaryimage\"},\"datePublished\":\"2025-10-20T11:59:33+00:00\",\"dateModified\":\"2025-10-20T11:59:33+00:00\",\"author\":{\"@id\":\"https:\/\/aehg-laplata.org.ar\/nueva\/#\/schema\/person\/7f7b2f53bda3353446a1e6bfb4837e14\"},\"breadcrumb\":{\"@id\":\"https:\/\/aehg-laplata.org.ar\/nueva\/la-aehg-la-plata-participo-del-ciclo-de-capacitaciones-revalidando-destinos-organizado-por-faevyt\/#breadcrumb\"},\"inLanguage\":\"es-AR\",\"potentialAction\":[{\"@type\":\"ReadAction\",\"target\":[\"https:\/\/aehg-laplata.org.ar\/nueva\/la-aehg-la-plata-participo-del-ciclo-de-capacitaciones-revalidando-destinos-organizado-por-faevyt\/\"]}]},{\"@type\":\"BreadcrumbList\",\"@id\":\"https:\/\/aehg-laplata.org.ar\/nueva\/la-aehg-la-plata-participo-del-ciclo-de-capacitaciones-revalidando-destinos-organizado-por-faevyt\/#breadcrumb\",\"itemListElement\":[{\"@type\":\"ListItem\",\"position\":1,\"name\":\"Inicio\",\"item\":\"https:\/\/aehg-laplata.org.ar\/nueva\/\"},{\"@type\":\"ListItem\",\"position\":2,\"name\":\"La AEHG La Plata particip\\u00f3 del Ciclo de Capacitaciones \\u201cRevalidando Destinos\\u201d, organizado por FAEVYT\"}]},{\"@type\":\"Person\",\"@id\":\"https:\/\/aehg-laplata.org.ar\/nueva\/#\/schema\/person\/7f7b2f53bda3353446a1e6bfb4837e14\",\"name\":\"ftosti\",\"image\":{\"@type\":\"ImageObject\",\"@id\":\"https:\/\/aehg-laplata.org.ar\/nueva\/#personlogo\",\"inLanguage\":\"es-AR\",\"url\":\"https:\/\/secure.gravatar.com\/avatar\/602f4beec51ba7ffdca86e4faf5d039c?s=96&d=mm&r=g\",\"contentUrl\":\"https:\/\/secure.gravatar.com\/avatar\/602f4beec51ba7ffdca86e4faf5d039c?s=96&d=mm&r=g\",\"caption\":\"ftosti\"},\"url\":\"https:\/\/aehg-laplata.org.ar\/nueva\/author\/ftosti\/\"}]}<\/script>\n<!-- \/ Yoast SEO plugin. -->","yoast_head_json":{"title":"La AEHG La Plata particip\u00f3 del Ciclo de Capacitaciones \u201cRevalidando Destinos\u201d, organizado por FAEVYT - AEHG La Plata","robots":{"index":"index","follow":"follow","max-snippet":"max-snippet:-1","max-image-preview":"max-image-preview:large","max-video-preview":"max-video-preview:-1"},"canonical":"https:\/\/aehg-laplata.org.ar\/nueva\/la-aehg-la-plata-participo-del-ciclo-de-capacitaciones-revalidando-destinos-organizado-por-faevyt\/","og_locale":"es_ES","og_type":"article","og_title":"La AEHG La Plata particip\u00f3 del Ciclo de Capacitaciones \u201cRevalidando Destinos\u201d, organizado por FAEVYT - AEHG La Plata","og_description":"[vc_row][vc_column][vc_column_text] La AEHG La Plata particip\u00f3 del Ciclo de Capacitaciones \u201cRevalidando Destinos\u201d, organizado por FAEVYT [\/vc_column_text][\/vc_column][\/vc_row][vc_row][vc_column css=&#8221;.vc_custom_1457772902902{margin-top: -10px !important;}&#8221;][vc_column_text]Turismo de...","og_url":"https:\/\/aehg-laplata.org.ar\/nueva\/la-aehg-la-plata-participo-del-ciclo-de-capacitaciones-revalidando-destinos-organizado-por-faevyt\/","og_site_name":"AEHG La Plata","article_publisher":"https:\/\/www.facebook.com\/AehgLaPlataOK\/","article_published_time":"2025-10-20T11:59:33+00:00","og_image":[{"width":601,"height":800,"url":"https:\/\/aehg-laplata.org.ar\/nueva\/wp-content\/uploads\/1-56.jpg","path":"\/home\/c1070183\/public_html\/nueva\/wp-content\/uploads\/1-56.jpg","size":"full","id":2609,"alt":"","pixels":480800,"type":"image\/jpeg"}],"twitter_card":"summary_large_image","twitter_misc":{"Escrito por":"ftosti","Tiempo de lectura":"2 minutos"},"schema":{"@context":"https:\/\/schema.org","@graph":[{"@type":"WebSite","@id":"https:\/\/aehg-laplata.org.ar\/nueva\/#website","url":"https:\/\/aehg-laplata.org.ar\/nueva\/","name":"AEHG La Plata","description":"","potentialAction":[{"@type":"SearchAction","target":{"@type":"EntryPoint","urlTemplate":"https:\/\/aehg-laplata.org.ar\/nueva\/?s={search_term_string}"},"query-input":"required name=search_term_string"}],"inLanguage":"es-AR"},{"@type":"ImageObject","@id":"https:\/\/aehg-laplata.org.ar\/nueva\/la-aehg-la-plata-participo-del-ciclo-de-capacitaciones-revalidando-destinos-organizado-por-faevyt\/#primaryimage","inLanguage":"es-AR","url":"https:\/\/aehg-laplata.org.ar\/nueva\/wp-content\/uploads\/1-56.jpg","contentUrl":"https:\/\/aehg-laplata.org.ar\/nueva\/wp-content\/uploads\/1-56.jpg","width":601,"height":800},{"@type":"WebPage","@id":"https:\/\/aehg-laplata.org.ar\/nueva\/la-aehg-la-plata-participo-del-ciclo-de-capacitaciones-revalidando-destinos-organizado-por-faevyt\/#webpage","url":"https:\/\/aehg-laplata.org.ar\/nueva\/la-aehg-la-plata-participo-del-ciclo-de-capacitaciones-revalidando-destinos-organizado-por-faevyt\/","name":"La AEHG La Plata particip\u00f3 del Ciclo de Capacitaciones \u201cRevalidando Destinos\u201d, organizado por FAEVYT - AEHG La Plata","isPartOf":{"@id":"https:\/\/aehg-laplata.org.ar\/nueva\/#website"},"primaryImageOfPage":{"@id":"https:\/\/aehg-laplata.org.ar\/nueva\/la-aehg-la-plata-participo-del-ciclo-de-capacitaciones-revalidando-destinos-organizado-por-faevyt\/#primaryimage"},"datePublished":"2025-10-20T11:59:33+00:00","dateModified":"2025-10-20T11:59:33+00:00","author":{"@id":"https:\/\/aehg-laplata.org.ar\/nueva\/#\/schema\/person\/7f7b2f53bda3353446a1e6bfb4837e14"},"breadcrumb":{"@id":"https:\/\/aehg-laplata.org.ar\/nueva\/la-aehg-la-plata-participo-del-ciclo-de-capacitaciones-revalidando-destinos-organizado-por-faevyt\/#breadcrumb"},"inLanguage":"es-AR","potentialAction":[{"@type":"ReadAction","target":["https:\/\/aehg-laplata.org.ar\/nueva\/la-aehg-la-plata-participo-del-ciclo-de-capacitaciones-revalidando-destinos-organizado-por-faevyt\/"]}]},{"@type":"BreadcrumbList","@id":"https:\/\/aehg-laplata.org.ar\/nueva\/la-aehg-la-plata-participo-del-ciclo-de-capacitaciones-revalidando-destinos-organizado-por-faevyt\/#breadcrumb","itemListElement":[{"@type":"ListItem","position":1,"name":"Inicio","item":"https:\/\/aehg-laplata.org.ar\/nueva\/"},{"@type":"ListItem","position":2,"name":"La AEHG La Plata particip\u00f3 del Ciclo de Capacitaciones \u201cRevalidando Destinos\u201d, organizado por FAEVYT"}]},{"@type":"Person","@id":"https:\/\/aehg-laplata.org.ar\/nueva\/#\/schema\/person\/7f7b2f53bda3353446a1e6bfb4837e14","name":"ftosti","image":{"@type":"ImageObject","@id":"https:\/\/aehg-laplata.org.ar\/nueva\/#personlogo","inLanguage":"es-AR","url":"https:\/\/secure.gravatar.com\/avatar\/602f4beec51ba7ffdca86e4faf5d039c?s=96&d=mm&r=g","contentUrl":"https:\/\/secure.gravatar.com\/avatar\/602f4beec51ba7ffdca86e4faf5d039c?s=96&d=mm&r=g","caption":"ftosti"},"url":"https:\/\/aehg-laplata.org.ar\/nueva\/author\/ftosti\/"}]}},"_links":{"self":[{"href":"https:\/\/aehg-laplata.org.ar\/nueva\/wp-json\/wp\/v2\/posts\/2608"}],"collection":[{"href":"https:\/\/aehg-laplata.org.ar\/nueva\/wp-json\/wp\/v2\/posts"}],"about":[{"href":"https:\/\/aehg-laplata.org.ar\/nueva\/wp-json\/wp\/v2\/types\/post"}],"author":[{"embeddable":true,"href":"https:\/\/aehg-laplata.org.ar\/nueva\/wp-json\/wp\/v2\/users\/1"}],"replies":[{"embeddable":true,"href":"https:\/\/aehg-laplata.org.ar\/nueva\/wp-json\/wp\/v2\/comments?post=2608"}],"version-history":[{"count":1,"href":"https:\/\/aehg-laplata.org.ar\/nueva\/wp-json\/wp\/v2\/posts\/2608\/revisions"}],"predecessor-version":[{"id":2611,"href":"https:\/\/aehg-laplata.org.ar\/nueva\/wp-json\/wp\/v2\/posts\/2608\/revisions\/2611"}],"wp:featuredmedia":[{"embeddable":true,"href":"https:\/\/aehg-laplata.org.ar\/nueva\/wp-json\/wp\/v2\/media\/2609"}],"wp:attachment":[{"href":"https:\/\/aehg-laplata.org.ar\/nueva\/wp-json\/wp\/v2\/media?parent=2608"}],"wp:term":[{"taxonomy":"category","embeddable":true,"href":"https:\/\/aehg-laplata.org.ar\/nueva\/wp-json\/wp\/v2\/categories?post=2608"},{"taxonomy":"post_tag","embeddable":true,"href":"https:\/\/aehg-laplata.org.ar\/nueva\/wp-json\/wp\/v2\/tags?post=2608"}],"curies":[{"name":"wp","href":"https:\/\/api.w.org\/{rel}","templated":true}]}}