{"id":2604,"date":"2025-10-17T14:35:23","date_gmt":"2025-10-17T17:35:23","guid":{"rendered":"https:\/\/aehg-laplata.org.ar\/nueva\/?p=2604"},"modified":"2025-10-17T14:35:23","modified_gmt":"2025-10-17T17:35:23","slug":"aehg-la-plata-mesa-de-trabajo-de-prestadores-privados-e-instituciones-de-la-ciudad-de-la-plata","status":"publish","type":"post","link":"https:\/\/aehg-laplata.org.ar\/nueva\/aehg-la-plata-mesa-de-trabajo-de-prestadores-privados-e-instituciones-de-la-ciudad-de-la-plata\/","title":{"rendered":"AEHG La Plata: Mesa de trabajo de prestadores privados e instituciones de la ciudad de La Plata"},"content":{"rendered":"<p>[vc_row][vc_column][vc_column_text]<\/p>\n<h3 class=\"entry-title\">AEHG La Plata: Mesa de trabajo de prestadores privados e instituciones de la ciudad de La Plata<\/h3>\n<p>[\/vc_column_text][\/vc_column][\/vc_row][vc_row][vc_column css=&#8221;.vc_custom_1457772902902{margin-top: -10px !important;}&#8221;][vc_column_text]<em><strong>Encuentro encabezado por el EMATUR para fortalecer alianzas estrat\u00e9gicas y presentar los resultados de la participaci\u00f3n en FIT 2025.<\/strong><\/em>[\/vc_column_text][\/vc_column][\/vc_row][vc_row equal_height=&#8221;yes&#8221;][vc_column width=&#8221;1\/2&#8243;][vc_single_image image=&#8221;2605&#8243; img_size=&#8221;full&#8221; onclick=&#8221;link_image&#8221;][\/vc_column][vc_column width=&#8221;1\/2&#8243;][vc_single_image image=&#8221;2606&#8243; img_size=&#8221;full&#8221; onclick=&#8221;link_image&#8221;][\/vc_column][\/vc_row][vc_row][vc_column css=&#8221;.vc_custom_1457772902902{margin-top: -10px !important;}&#8221;][vc_column_text]El presidente de la <strong>Asociaci\u00f3n Empresaria Hotelera, Gastron\u00f3mica y Pastelera de La Plata (AEHG La Plata)<\/strong>, <strong>Claudio N. Aguilar<\/strong>, particip\u00f3 de una reuni\u00f3n encabezada por el presidente del <strong>Ente Municipal para la Actividad Tur\u00edstica de La Plata (EMATUR)<\/strong>, <strong>Uriel Charne<\/strong>, junto a prestadores privados e instituciones del sector tur\u00edstico y gastron\u00f3mico de la ciudad.<\/p>\n<p>Durante el encuentro se presentaron los <strong>resultados de la participaci\u00f3n de La Plata en FIT 2025<\/strong>, donde la ciudad dio a conocer el <strong>Pasaporte Tur\u00edstico Platense<\/strong>, los circuitos renovados, las experiencias gastron\u00f3micas y las acciones de promoci\u00f3n que fortalecen su identidad como destino.<\/p>\n<p>En ese marco, se destac\u00f3 que <strong>la firma de convenios realizada por el EMATUR en la FIT<\/strong> tuvo lugar en el <strong>Espacio FEHGRA<\/strong>, cedido por la <strong>Federaci\u00f3n Empresaria Hotelera Gastron\u00f3mica de la Rep\u00fablica Argentina<\/strong>, <strong>gracias a la intervenci\u00f3n de la AEHG La Plata<\/strong>.<br \/>\nEl presidente <strong>Claudio N. Aguilar<\/strong> estuvo presente en ambas firmas, acompa\u00f1ando activamente la articulaci\u00f3n p\u00fablico-privada para el fortalecimiento del turismo regional.<\/p>\n<p>Asimismo, se subrayaron las <strong>alianzas estrat\u00e9gicas<\/strong> con la <strong>C\u00e1mara de Comercio y Turismo LGBTIQ+<\/strong> y con <strong>AOCA<\/strong>, que buscan posicionar a <strong>La Plata como destino inclusivo y sede de congresos y eventos<\/strong>.<\/p>\n<p>La <strong>AEHG La Plata<\/strong> reafirma su compromiso con la <strong>innovaci\u00f3n, la promoci\u00f3n y el trabajo colaborativo<\/strong> para continuar impulsando el desarrollo tur\u00edstico, hotelero y gastron\u00f3mico de la ciudad y su zona de influencia.[\/vc_column_text][\/vc_column][\/vc_row]<\/p>\n","protected":false},"excerpt":{"rendered":"<p>[vc_row][vc_column][vc_column_text] AEHG La Plata: Mesa de trabajo de prestadores privados e instituciones de la ciudad de La Plata [\/vc_column_text][\/vc_column][\/vc_row][vc_row][vc_column css=&#8221;.vc_custom_1457772902902{margin-top:&#8230;<\/p>\n","protected":false},"author":1,"featured_media":2605,"comment_status":"closed","ping_status":"closed","sticky":false,"template":"","format":"standard","meta":[],"categories":[4],"tags":[],"yoast_head":"<!-- This site is optimized with the Yoast SEO plugin v17.2.1 - https:\/\/yoast.com\/wordpress\/plugins\/seo\/ -->\n<title>AEHG La Plata: Mesa de trabajo de prestadores privados e instituciones de la ciudad de La Plata - AEHG La Plata<\/title>\n<meta name=\"robots\" content=\"index, follow, max-snippet:-1, max-image-preview:large, max-video-preview:-1\" \/>\n<link rel=\"canonical\" href=\"https:\/\/aehg-laplata.org.ar\/nueva\/aehg-la-plata-mesa-de-trabajo-de-prestadores-privados-e-instituciones-de-la-ciudad-de-la-plata\/\" \/>\n<meta property=\"og:locale\" content=\"es_ES\" \/>\n<meta property=\"og:type\" content=\"article\" \/>\n<meta property=\"og:title\" content=\"AEHG La Plata: Mesa de trabajo de prestadores privados e instituciones de la ciudad de La Plata - AEHG La Plata\" \/>\n<meta property=\"og:description\" content=\"[vc_row][vc_column][vc_column_text] AEHG La Plata: Mesa de trabajo de prestadores privados e instituciones de la ciudad de La Plata [\/vc_column_text][\/vc_column][\/vc_row][vc_row][vc_column css=&#8221;.vc_custom_1457772902902{margin-top:...\" \/>\n<meta property=\"og:url\" content=\"https:\/\/aehg-laplata.org.ar\/nueva\/aehg-la-plata-mesa-de-trabajo-de-prestadores-privados-e-instituciones-de-la-ciudad-de-la-plata\/\" \/>\n<meta property=\"og:site_name\" content=\"AEHG La Plata\" \/>\n<meta property=\"article:publisher\" content=\"https:\/\/www.facebook.com\/AehgLaPlataOK\/\" \/>\n<meta property=\"article:published_time\" content=\"2025-10-17T17:35:23+00:00\" \/>\n<meta property=\"og:image\" content=\"https:\/\/aehg-laplata.org.ar\/nueva\/wp-content\/uploads\/Mesa-de-Trabajo-de-Prestadores-Privados-e-Instituciones-de-la-Ciudad-de-La-Plata-1.jpg\" \/>\n\t<meta property=\"og:image:width\" content=\"559\" \/>\n\t<meta property=\"og:image:height\" content=\"699\" \/>\n<meta name=\"twitter:card\" content=\"summary_large_image\" \/>\n<meta name=\"twitter:label1\" content=\"Escrito por\" \/>\n\t<meta name=\"twitter:data1\" content=\"ftosti\" \/>\n\t<meta name=\"twitter:label2\" content=\"Tiempo de lectura\" \/>\n\t<meta name=\"twitter:data2\" content=\"2 minutos\" \/>\n<script type=\"application\/ld+json\" class=\"yoast-schema-graph\">{\"@context\":\"https:\/\/schema.org\",\"@graph\":[{\"@type\":\"WebSite\",\"@id\":\"https:\/\/aehg-laplata.org.ar\/nueva\/#website\",\"url\":\"https:\/\/aehg-laplata.org.ar\/nueva\/\",\"name\":\"AEHG La Plata\",\"description\":\"\",\"potentialAction\":[{\"@type\":\"SearchAction\",\"target\":{\"@type\":\"EntryPoint\",\"urlTemplate\":\"https:\/\/aehg-laplata.org.ar\/nueva\/?s={search_term_string}\"},\"query-input\":\"required name=search_term_string\"}],\"inLanguage\":\"es-AR\"},{\"@type\":\"ImageObject\",\"@id\":\"https:\/\/aehg-laplata.org.ar\/nueva\/aehg-la-plata-mesa-de-trabajo-de-prestadores-privados-e-instituciones-de-la-ciudad-de-la-plata\/#primaryimage\",\"inLanguage\":\"es-AR\",\"url\":\"https:\/\/aehg-laplata.org.ar\/nueva\/wp-content\/uploads\/Mesa-de-Trabajo-de-Prestadores-Privados-e-Instituciones-de-la-Ciudad-de-La-Plata-1.jpg\",\"contentUrl\":\"https:\/\/aehg-laplata.org.ar\/nueva\/wp-content\/uploads\/Mesa-de-Trabajo-de-Prestadores-Privados-e-Instituciones-de-la-Ciudad-de-La-Plata-1.jpg\",\"width\":559,\"height\":699},{\"@type\":\"WebPage\",\"@id\":\"https:\/\/aehg-laplata.org.ar\/nueva\/aehg-la-plata-mesa-de-trabajo-de-prestadores-privados-e-instituciones-de-la-ciudad-de-la-plata\/#webpage\",\"url\":\"https:\/\/aehg-laplata.org.ar\/nueva\/aehg-la-plata-mesa-de-trabajo-de-prestadores-privados-e-instituciones-de-la-ciudad-de-la-plata\/\",\"name\":\"AEHG La Plata: Mesa de trabajo de prestadores privados e instituciones de la ciudad de La Plata - AEHG La Plata\",\"isPartOf\":{\"@id\":\"https:\/\/aehg-laplata.org.ar\/nueva\/#website\"},\"primaryImageOfPage\":{\"@id\":\"https:\/\/aehg-laplata.org.ar\/nueva\/aehg-la-plata-mesa-de-trabajo-de-prestadores-privados-e-instituciones-de-la-ciudad-de-la-plata\/#primaryimage\"},\"datePublished\":\"2025-10-17T17:35:23+00:00\",\"dateModified\":\"2025-10-17T17:35:23+00:00\",\"author\":{\"@id\":\"https:\/\/aehg-laplata.org.ar\/nueva\/#\/schema\/person\/7f7b2f53bda3353446a1e6bfb4837e14\"},\"breadcrumb\":{\"@id\":\"https:\/\/aehg-laplata.org.ar\/nueva\/aehg-la-plata-mesa-de-trabajo-de-prestadores-privados-e-instituciones-de-la-ciudad-de-la-plata\/#breadcrumb\"},\"inLanguage\":\"es-AR\",\"potentialAction\":[{\"@type\":\"ReadAction\",\"target\":[\"https:\/\/aehg-laplata.org.ar\/nueva\/aehg-la-plata-mesa-de-trabajo-de-prestadores-privados-e-instituciones-de-la-ciudad-de-la-plata\/\"]}]},{\"@type\":\"BreadcrumbList\",\"@id\":\"https:\/\/aehg-laplata.org.ar\/nueva\/aehg-la-plata-mesa-de-trabajo-de-prestadores-privados-e-instituciones-de-la-ciudad-de-la-plata\/#breadcrumb\",\"itemListElement\":[{\"@type\":\"ListItem\",\"position\":1,\"name\":\"Inicio\",\"item\":\"https:\/\/aehg-laplata.org.ar\/nueva\/\"},{\"@type\":\"ListItem\",\"position\":2,\"name\":\"AEHG La Plata: Mesa de trabajo de prestadores privados e instituciones de la ciudad de La Plata\"}]},{\"@type\":\"Person\",\"@id\":\"https:\/\/aehg-laplata.org.ar\/nueva\/#\/schema\/person\/7f7b2f53bda3353446a1e6bfb4837e14\",\"name\":\"ftosti\",\"image\":{\"@type\":\"ImageObject\",\"@id\":\"https:\/\/aehg-laplata.org.ar\/nueva\/#personlogo\",\"inLanguage\":\"es-AR\",\"url\":\"https:\/\/secure.gravatar.com\/avatar\/602f4beec51ba7ffdca86e4faf5d039c?s=96&d=mm&r=g\",\"contentUrl\":\"https:\/\/secure.gravatar.com\/avatar\/602f4beec51ba7ffdca86e4faf5d039c?s=96&d=mm&r=g\",\"caption\":\"ftosti\"},\"url\":\"https:\/\/aehg-laplata.org.ar\/nueva\/author\/ftosti\/\"}]}<\/script>\n<!-- \/ Yoast SEO plugin. -->","yoast_head_json":{"title":"AEHG La Plata: Mesa de trabajo de prestadores privados e instituciones de la ciudad de La Plata - AEHG La Plata","robots":{"index":"index","follow":"follow","max-snippet":"max-snippet:-1","max-image-preview":"max-image-preview:large","max-video-preview":"max-video-preview:-1"},"canonical":"https:\/\/aehg-laplata.org.ar\/nueva\/aehg-la-plata-mesa-de-trabajo-de-prestadores-privados-e-instituciones-de-la-ciudad-de-la-plata\/","og_locale":"es_ES","og_type":"article","og_title":"AEHG La Plata: Mesa de trabajo de prestadores privados e instituciones de la ciudad de La Plata - AEHG La Plata","og_description":"[vc_row][vc_column][vc_column_text] AEHG La Plata: Mesa de trabajo de prestadores privados e instituciones de la ciudad de La Plata [\/vc_column_text][\/vc_column][\/vc_row][vc_row][vc_column css=&#8221;.vc_custom_1457772902902{margin-top:...","og_url":"https:\/\/aehg-laplata.org.ar\/nueva\/aehg-la-plata-mesa-de-trabajo-de-prestadores-privados-e-instituciones-de-la-ciudad-de-la-plata\/","og_site_name":"AEHG La Plata","article_publisher":"https:\/\/www.facebook.com\/AehgLaPlataOK\/","article_published_time":"2025-10-17T17:35:23+00:00","og_image":[{"width":559,"height":699,"url":"https:\/\/aehg-laplata.org.ar\/nueva\/wp-content\/uploads\/Mesa-de-Trabajo-de-Prestadores-Privados-e-Instituciones-de-la-Ciudad-de-La-Plata-1.jpg","path":"\/home\/c1070183\/public_html\/nueva\/wp-content\/uploads\/Mesa-de-Trabajo-de-Prestadores-Privados-e-Instituciones-de-la-Ciudad-de-La-Plata-1.jpg","size":"full","id":2605,"alt":"","pixels":390741,"type":"image\/jpeg"}],"twitter_card":"summary_large_image","twitter_misc":{"Escrito por":"ftosti","Tiempo de lectura":"2 minutos"},"schema":{"@context":"https:\/\/schema.org","@graph":[{"@type":"WebSite","@id":"https:\/\/aehg-laplata.org.ar\/nueva\/#website","url":"https:\/\/aehg-laplata.org.ar\/nueva\/","name":"AEHG La Plata","description":"","potentialAction":[{"@type":"SearchAction","target":{"@type":"EntryPoint","urlTemplate":"https:\/\/aehg-laplata.org.ar\/nueva\/?s={search_term_string}"},"query-input":"required name=search_term_string"}],"inLanguage":"es-AR"},{"@type":"ImageObject","@id":"https:\/\/aehg-laplata.org.ar\/nueva\/aehg-la-plata-mesa-de-trabajo-de-prestadores-privados-e-instituciones-de-la-ciudad-de-la-plata\/#primaryimage","inLanguage":"es-AR","url":"https:\/\/aehg-laplata.org.ar\/nueva\/wp-content\/uploads\/Mesa-de-Trabajo-de-Prestadores-Privados-e-Instituciones-de-la-Ciudad-de-La-Plata-1.jpg","contentUrl":"https:\/\/aehg-laplata.org.ar\/nueva\/wp-content\/uploads\/Mesa-de-Trabajo-de-Prestadores-Privados-e-Instituciones-de-la-Ciudad-de-La-Plata-1.jpg","width":559,"height":699},{"@type":"WebPage","@id":"https:\/\/aehg-laplata.org.ar\/nueva\/aehg-la-plata-mesa-de-trabajo-de-prestadores-privados-e-instituciones-de-la-ciudad-de-la-plata\/#webpage","url":"https:\/\/aehg-laplata.org.ar\/nueva\/aehg-la-plata-mesa-de-trabajo-de-prestadores-privados-e-instituciones-de-la-ciudad-de-la-plata\/","name":"AEHG La Plata: Mesa de trabajo de prestadores privados e instituciones de la ciudad de La Plata - AEHG La Plata","isPartOf":{"@id":"https:\/\/aehg-laplata.org.ar\/nueva\/#website"},"primaryImageOfPage":{"@id":"https:\/\/aehg-laplata.org.ar\/nueva\/aehg-la-plata-mesa-de-trabajo-de-prestadores-privados-e-instituciones-de-la-ciudad-de-la-plata\/#primaryimage"},"datePublished":"2025-10-17T17:35:23+00:00","dateModified":"2025-10-17T17:35:23+00:00","author":{"@id":"https:\/\/aehg-laplata.org.ar\/nueva\/#\/schema\/person\/7f7b2f53bda3353446a1e6bfb4837e14"},"breadcrumb":{"@id":"https:\/\/aehg-laplata.org.ar\/nueva\/aehg-la-plata-mesa-de-trabajo-de-prestadores-privados-e-instituciones-de-la-ciudad-de-la-plata\/#breadcrumb"},"inLanguage":"es-AR","potentialAction":[{"@type":"ReadAction","target":["https:\/\/aehg-laplata.org.ar\/nueva\/aehg-la-plata-mesa-de-trabajo-de-prestadores-privados-e-instituciones-de-la-ciudad-de-la-plata\/"]}]},{"@type":"BreadcrumbList","@id":"https:\/\/aehg-laplata.org.ar\/nueva\/aehg-la-plata-mesa-de-trabajo-de-prestadores-privados-e-instituciones-de-la-ciudad-de-la-plata\/#breadcrumb","itemListElement":[{"@type":"ListItem","position":1,"name":"Inicio","item":"https:\/\/aehg-laplata.org.ar\/nueva\/"},{"@type":"ListItem","position":2,"name":"AEHG La Plata: Mesa de trabajo de prestadores privados e instituciones de la ciudad de La Plata"}]},{"@type":"Person","@id":"https:\/\/aehg-laplata.org.ar\/nueva\/#\/schema\/person\/7f7b2f53bda3353446a1e6bfb4837e14","name":"ftosti","image":{"@type":"ImageObject","@id":"https:\/\/aehg-laplata.org.ar\/nueva\/#personlogo","inLanguage":"es-AR","url":"https:\/\/secure.gravatar.com\/avatar\/602f4beec51ba7ffdca86e4faf5d039c?s=96&d=mm&r=g","contentUrl":"https:\/\/secure.gravatar.com\/avatar\/602f4beec51ba7ffdca86e4faf5d039c?s=96&d=mm&r=g","caption":"ftosti"},"url":"https:\/\/aehg-laplata.org.ar\/nueva\/author\/ftosti\/"}]}},"_links":{"self":[{"href":"https:\/\/aehg-laplata.org.ar\/nueva\/wp-json\/wp\/v2\/posts\/2604"}],"collection":[{"href":"https:\/\/aehg-laplata.org.ar\/nueva\/wp-json\/wp\/v2\/posts"}],"about":[{"href":"https:\/\/aehg-laplata.org.ar\/nueva\/wp-json\/wp\/v2\/types\/post"}],"author":[{"embeddable":true,"href":"https:\/\/aehg-laplata.org.ar\/nueva\/wp-json\/wp\/v2\/users\/1"}],"replies":[{"embeddable":true,"href":"https:\/\/aehg-laplata.org.ar\/nueva\/wp-json\/wp\/v2\/comments?post=2604"}],"version-history":[{"count":1,"href":"https:\/\/aehg-laplata.org.ar\/nueva\/wp-json\/wp\/v2\/posts\/2604\/revisions"}],"predecessor-version":[{"id":2607,"href":"https:\/\/aehg-laplata.org.ar\/nueva\/wp-json\/wp\/v2\/posts\/2604\/revisions\/2607"}],"wp:featuredmedia":[{"embeddable":true,"href":"https:\/\/aehg-laplata.org.ar\/nueva\/wp-json\/wp\/v2\/media\/2605"}],"wp:attachment":[{"href":"https:\/\/aehg-laplata.org.ar\/nueva\/wp-json\/wp\/v2\/media?parent=2604"}],"wp:term":[{"taxonomy":"category","embeddable":true,"href":"https:\/\/aehg-laplata.org.ar\/nueva\/wp-json\/wp\/v2\/categories?post=2604"},{"taxonomy":"post_tag","embeddable":true,"href":"https:\/\/aehg-laplata.org.ar\/nueva\/wp-json\/wp\/v2\/tags?post=2604"}],"curies":[{"name":"wp","href":"https:\/\/api.w.org\/{rel}","templated":true}]}}