{"id":2599,"date":"2025-10-13T15:00:56","date_gmt":"2025-10-13T18:00:56","guid":{"rendered":"https:\/\/aehg-laplata.org.ar\/nueva\/?p=2599"},"modified":"2025-10-13T15:00:56","modified_gmt":"2025-10-13T18:00:56","slug":"aehg-la-plata-firma-de-convenios-con-la-municipalidad-de-carmen-de-areco","status":"publish","type":"post","link":"https:\/\/aehg-laplata.org.ar\/nueva\/aehg-la-plata-firma-de-convenios-con-la-municipalidad-de-carmen-de-areco\/","title":{"rendered":"AEHG La Plata: firma de convenios con la Municipalidad de Carmen de Areco"},"content":{"rendered":"<p>[vc_row][vc_column][vc_column_text]<\/p>\n<h3 class=\"entry-title\">AEHG La Plata: firma de convenios con la Municipalidad de Carmen de Areco<\/h3>\n<p>[\/vc_column_text][\/vc_column][\/vc_row][vc_row][vc_column css=&#8221;.vc_custom_1457772902902{margin-top: -10px !important;}&#8221;][vc_column_text]<em>Nuevas acciones conjuntas fortalecen la capacitaci\u00f3n y el turismo gastron\u00f3mico regional<\/em>[\/vc_column_text][\/vc_column][\/vc_row][vc_row equal_height=&#8221;yes&#8221;][vc_column width=&#8221;1\/2&#8243;][vc_single_image image=&#8221;2600&#8243; img_size=&#8221;full&#8221; onclick=&#8221;link_image&#8221;][\/vc_column][vc_column width=&#8221;1\/2&#8243;][vc_single_image image=&#8221;2601&#8243; img_size=&#8221;full&#8221; onclick=&#8221;link_image&#8221;][\/vc_column][\/vc_row][vc_row][vc_column css=&#8221;.vc_custom_1457772902902{margin-top: -10px !important;}&#8221;][vc_column_text]En la sede de la Asociaci\u00f3n Empresaria Hotelera, Gastron\u00f3mica y Pastelera de La Plata, el presidente, <strong>Claudio N. Aguilar,<\/strong> recibi\u00f3 al intendente municipal de <strong>Carmen de Areco, Iv\u00e1n Dar\u00edo Villagr\u00e1n,<\/strong> y a su directora de Turismo, Yenifer Mella Gonz\u00e1lez, con motivo de la <strong>r\u00fabrica de dos importantes convenios marco.<\/strong><\/p>\n<p>El <strong>primer convenio<\/strong> establece la realizaci\u00f3n de una <strong>capacitaci\u00f3n sobre \u201cManejo de Reservas para Hoteleros y Gastron\u00f3micos\u201d. <\/strong>La jornada se llevar\u00e1 a cabo el <strong>27 de octubre<\/strong>, en el marco del <strong>Programa de Capacitaciones<\/strong> que la Entidad desarrolla en distintos municipios de la regi\u00f3n junto a <strong>FEHGRA<\/strong>.<\/p>\n<p>El <strong>segundo acuerdo<\/strong> formaliza la organizaci\u00f3n de una <strong>masterclass de maridaje con gin tonic<\/strong>, abierta al p\u00fablico y dictada por un <strong>chef y docente del Instituto Gastron\u00f3mico ITGAS<\/strong>, el pr\u00f3ximo <strong>18 de octubre<\/strong>, durante la <strong>2\u00ba edici\u00f3n del \u201cGin Festival\u201d<\/strong> que se realizar\u00e1 en Carmen de Areco.<\/p>\n<p>Con estas acciones, la AEHG La Plata contin\u00faa <strong>fortaleciendo la formaci\u00f3n profesional y la promoci\u00f3n del turismo gastron\u00f3mico<\/strong> en los distintos destinos de su zona de influencia, reafirmando su compromiso con el desarrollo local y el trabajo conjunto con los municipios.[\/vc_column_text][\/vc_column][\/vc_row]<\/p>\n","protected":false},"excerpt":{"rendered":"<p>[vc_row][vc_column][vc_column_text] AEHG La Plata: firma de convenios con la Municipalidad de Carmen de Areco [\/vc_column_text][\/vc_column][\/vc_row][vc_row][vc_column css=&#8221;.vc_custom_1457772902902{margin-top: -10px !important;}&#8221;][vc_column_text]Nuevas acciones conjuntas&#8230;<\/p>\n","protected":false},"author":1,"featured_media":2600,"comment_status":"closed","ping_status":"closed","sticky":false,"template":"","format":"standard","meta":[],"categories":[4],"tags":[],"yoast_head":"<!-- This site is optimized with the Yoast SEO plugin v17.2.1 - https:\/\/yoast.com\/wordpress\/plugins\/seo\/ -->\n<title>AEHG La Plata: firma de convenios con la Municipalidad de Carmen de Areco - AEHG La Plata<\/title>\n<meta name=\"robots\" content=\"index, follow, max-snippet:-1, max-image-preview:large, max-video-preview:-1\" \/>\n<link rel=\"canonical\" href=\"https:\/\/aehg-laplata.org.ar\/nueva\/aehg-la-plata-firma-de-convenios-con-la-municipalidad-de-carmen-de-areco\/\" \/>\n<meta property=\"og:locale\" content=\"es_ES\" \/>\n<meta property=\"og:type\" content=\"article\" \/>\n<meta property=\"og:title\" content=\"AEHG La Plata: firma de convenios con la Municipalidad de Carmen de Areco - AEHG La Plata\" \/>\n<meta property=\"og:description\" content=\"[vc_row][vc_column][vc_column_text] AEHG La Plata: firma de convenios con la Municipalidad de Carmen de Areco [\/vc_column_text][\/vc_column][\/vc_row][vc_row][vc_column css=&#8221;.vc_custom_1457772902902{margin-top: -10px !important;}&#8221;][vc_column_text]Nuevas acciones conjuntas...\" \/>\n<meta property=\"og:url\" content=\"https:\/\/aehg-laplata.org.ar\/nueva\/aehg-la-plata-firma-de-convenios-con-la-municipalidad-de-carmen-de-areco\/\" \/>\n<meta property=\"og:site_name\" content=\"AEHG La Plata\" \/>\n<meta property=\"article:publisher\" content=\"https:\/\/www.facebook.com\/AehgLaPlataOK\/\" \/>\n<meta property=\"article:published_time\" content=\"2025-10-13T18:00:56+00:00\" \/>\n<meta property=\"og:image\" content=\"https:\/\/aehg-laplata.org.ar\/nueva\/wp-content\/uploads\/firma-de-convenios-con-la-Municipalidad-de-Carmen-de-Areco-1.jpg\" \/>\n\t<meta property=\"og:image:width\" content=\"600\" \/>\n\t<meta property=\"og:image:height\" content=\"800\" \/>\n<meta name=\"twitter:card\" content=\"summary_large_image\" \/>\n<meta name=\"twitter:label1\" content=\"Escrito por\" \/>\n\t<meta name=\"twitter:data1\" content=\"ftosti\" \/>\n\t<meta name=\"twitter:label2\" content=\"Tiempo de lectura\" \/>\n\t<meta name=\"twitter:data2\" content=\"1 minuto\" \/>\n<script type=\"application\/ld+json\" class=\"yoast-schema-graph\">{\"@context\":\"https:\/\/schema.org\",\"@graph\":[{\"@type\":\"WebSite\",\"@id\":\"https:\/\/aehg-laplata.org.ar\/nueva\/#website\",\"url\":\"https:\/\/aehg-laplata.org.ar\/nueva\/\",\"name\":\"AEHG La Plata\",\"description\":\"\",\"potentialAction\":[{\"@type\":\"SearchAction\",\"target\":{\"@type\":\"EntryPoint\",\"urlTemplate\":\"https:\/\/aehg-laplata.org.ar\/nueva\/?s={search_term_string}\"},\"query-input\":\"required name=search_term_string\"}],\"inLanguage\":\"es-AR\"},{\"@type\":\"ImageObject\",\"@id\":\"https:\/\/aehg-laplata.org.ar\/nueva\/aehg-la-plata-firma-de-convenios-con-la-municipalidad-de-carmen-de-areco\/#primaryimage\",\"inLanguage\":\"es-AR\",\"url\":\"https:\/\/aehg-laplata.org.ar\/nueva\/wp-content\/uploads\/firma-de-convenios-con-la-Municipalidad-de-Carmen-de-Areco-1.jpg\",\"contentUrl\":\"https:\/\/aehg-laplata.org.ar\/nueva\/wp-content\/uploads\/firma-de-convenios-con-la-Municipalidad-de-Carmen-de-Areco-1.jpg\",\"width\":600,\"height\":800},{\"@type\":\"WebPage\",\"@id\":\"https:\/\/aehg-laplata.org.ar\/nueva\/aehg-la-plata-firma-de-convenios-con-la-municipalidad-de-carmen-de-areco\/#webpage\",\"url\":\"https:\/\/aehg-laplata.org.ar\/nueva\/aehg-la-plata-firma-de-convenios-con-la-municipalidad-de-carmen-de-areco\/\",\"name\":\"AEHG La Plata: firma de convenios con la Municipalidad de Carmen de Areco - AEHG La Plata\",\"isPartOf\":{\"@id\":\"https:\/\/aehg-laplata.org.ar\/nueva\/#website\"},\"primaryImageOfPage\":{\"@id\":\"https:\/\/aehg-laplata.org.ar\/nueva\/aehg-la-plata-firma-de-convenios-con-la-municipalidad-de-carmen-de-areco\/#primaryimage\"},\"datePublished\":\"2025-10-13T18:00:56+00:00\",\"dateModified\":\"2025-10-13T18:00:56+00:00\",\"author\":{\"@id\":\"https:\/\/aehg-laplata.org.ar\/nueva\/#\/schema\/person\/7f7b2f53bda3353446a1e6bfb4837e14\"},\"breadcrumb\":{\"@id\":\"https:\/\/aehg-laplata.org.ar\/nueva\/aehg-la-plata-firma-de-convenios-con-la-municipalidad-de-carmen-de-areco\/#breadcrumb\"},\"inLanguage\":\"es-AR\",\"potentialAction\":[{\"@type\":\"ReadAction\",\"target\":[\"https:\/\/aehg-laplata.org.ar\/nueva\/aehg-la-plata-firma-de-convenios-con-la-municipalidad-de-carmen-de-areco\/\"]}]},{\"@type\":\"BreadcrumbList\",\"@id\":\"https:\/\/aehg-laplata.org.ar\/nueva\/aehg-la-plata-firma-de-convenios-con-la-municipalidad-de-carmen-de-areco\/#breadcrumb\",\"itemListElement\":[{\"@type\":\"ListItem\",\"position\":1,\"name\":\"Inicio\",\"item\":\"https:\/\/aehg-laplata.org.ar\/nueva\/\"},{\"@type\":\"ListItem\",\"position\":2,\"name\":\"AEHG La Plata: firma de convenios con la Municipalidad de Carmen de Areco\"}]},{\"@type\":\"Person\",\"@id\":\"https:\/\/aehg-laplata.org.ar\/nueva\/#\/schema\/person\/7f7b2f53bda3353446a1e6bfb4837e14\",\"name\":\"ftosti\",\"image\":{\"@type\":\"ImageObject\",\"@id\":\"https:\/\/aehg-laplata.org.ar\/nueva\/#personlogo\",\"inLanguage\":\"es-AR\",\"url\":\"https:\/\/secure.gravatar.com\/avatar\/602f4beec51ba7ffdca86e4faf5d039c?s=96&d=mm&r=g\",\"contentUrl\":\"https:\/\/secure.gravatar.com\/avatar\/602f4beec51ba7ffdca86e4faf5d039c?s=96&d=mm&r=g\",\"caption\":\"ftosti\"},\"url\":\"https:\/\/aehg-laplata.org.ar\/nueva\/author\/ftosti\/\"}]}<\/script>\n<!-- \/ Yoast SEO plugin. -->","yoast_head_json":{"title":"AEHG La Plata: firma de convenios con la Municipalidad de Carmen de Areco - AEHG La Plata","robots":{"index":"index","follow":"follow","max-snippet":"max-snippet:-1","max-image-preview":"max-image-preview:large","max-video-preview":"max-video-preview:-1"},"canonical":"https:\/\/aehg-laplata.org.ar\/nueva\/aehg-la-plata-firma-de-convenios-con-la-municipalidad-de-carmen-de-areco\/","og_locale":"es_ES","og_type":"article","og_title":"AEHG La Plata: firma de convenios con la Municipalidad de Carmen de Areco - AEHG La Plata","og_description":"[vc_row][vc_column][vc_column_text] AEHG La Plata: firma de convenios con la Municipalidad de Carmen de Areco [\/vc_column_text][\/vc_column][\/vc_row][vc_row][vc_column css=&#8221;.vc_custom_1457772902902{margin-top: -10px !important;}&#8221;][vc_column_text]Nuevas acciones conjuntas...","og_url":"https:\/\/aehg-laplata.org.ar\/nueva\/aehg-la-plata-firma-de-convenios-con-la-municipalidad-de-carmen-de-areco\/","og_site_name":"AEHG La Plata","article_publisher":"https:\/\/www.facebook.com\/AehgLaPlataOK\/","article_published_time":"2025-10-13T18:00:56+00:00","og_image":[{"width":600,"height":800,"url":"https:\/\/aehg-laplata.org.ar\/nueva\/wp-content\/uploads\/firma-de-convenios-con-la-Municipalidad-de-Carmen-de-Areco-1.jpg","path":"\/home\/c1070183\/public_html\/nueva\/wp-content\/uploads\/firma-de-convenios-con-la-Municipalidad-de-Carmen-de-Areco-1.jpg","size":"full","id":2600,"alt":"","pixels":480000,"type":"image\/jpeg"}],"twitter_card":"summary_large_image","twitter_misc":{"Escrito por":"ftosti","Tiempo de lectura":"1 minuto"},"schema":{"@context":"https:\/\/schema.org","@graph":[{"@type":"WebSite","@id":"https:\/\/aehg-laplata.org.ar\/nueva\/#website","url":"https:\/\/aehg-laplata.org.ar\/nueva\/","name":"AEHG La Plata","description":"","potentialAction":[{"@type":"SearchAction","target":{"@type":"EntryPoint","urlTemplate":"https:\/\/aehg-laplata.org.ar\/nueva\/?s={search_term_string}"},"query-input":"required name=search_term_string"}],"inLanguage":"es-AR"},{"@type":"ImageObject","@id":"https:\/\/aehg-laplata.org.ar\/nueva\/aehg-la-plata-firma-de-convenios-con-la-municipalidad-de-carmen-de-areco\/#primaryimage","inLanguage":"es-AR","url":"https:\/\/aehg-laplata.org.ar\/nueva\/wp-content\/uploads\/firma-de-convenios-con-la-Municipalidad-de-Carmen-de-Areco-1.jpg","contentUrl":"https:\/\/aehg-laplata.org.ar\/nueva\/wp-content\/uploads\/firma-de-convenios-con-la-Municipalidad-de-Carmen-de-Areco-1.jpg","width":600,"height":800},{"@type":"WebPage","@id":"https:\/\/aehg-laplata.org.ar\/nueva\/aehg-la-plata-firma-de-convenios-con-la-municipalidad-de-carmen-de-areco\/#webpage","url":"https:\/\/aehg-laplata.org.ar\/nueva\/aehg-la-plata-firma-de-convenios-con-la-municipalidad-de-carmen-de-areco\/","name":"AEHG La Plata: firma de convenios con la Municipalidad de Carmen de Areco - AEHG La Plata","isPartOf":{"@id":"https:\/\/aehg-laplata.org.ar\/nueva\/#website"},"primaryImageOfPage":{"@id":"https:\/\/aehg-laplata.org.ar\/nueva\/aehg-la-plata-firma-de-convenios-con-la-municipalidad-de-carmen-de-areco\/#primaryimage"},"datePublished":"2025-10-13T18:00:56+00:00","dateModified":"2025-10-13T18:00:56+00:00","author":{"@id":"https:\/\/aehg-laplata.org.ar\/nueva\/#\/schema\/person\/7f7b2f53bda3353446a1e6bfb4837e14"},"breadcrumb":{"@id":"https:\/\/aehg-laplata.org.ar\/nueva\/aehg-la-plata-firma-de-convenios-con-la-municipalidad-de-carmen-de-areco\/#breadcrumb"},"inLanguage":"es-AR","potentialAction":[{"@type":"ReadAction","target":["https:\/\/aehg-laplata.org.ar\/nueva\/aehg-la-plata-firma-de-convenios-con-la-municipalidad-de-carmen-de-areco\/"]}]},{"@type":"BreadcrumbList","@id":"https:\/\/aehg-laplata.org.ar\/nueva\/aehg-la-plata-firma-de-convenios-con-la-municipalidad-de-carmen-de-areco\/#breadcrumb","itemListElement":[{"@type":"ListItem","position":1,"name":"Inicio","item":"https:\/\/aehg-laplata.org.ar\/nueva\/"},{"@type":"ListItem","position":2,"name":"AEHG La Plata: firma de convenios con la Municipalidad de Carmen de Areco"}]},{"@type":"Person","@id":"https:\/\/aehg-laplata.org.ar\/nueva\/#\/schema\/person\/7f7b2f53bda3353446a1e6bfb4837e14","name":"ftosti","image":{"@type":"ImageObject","@id":"https:\/\/aehg-laplata.org.ar\/nueva\/#personlogo","inLanguage":"es-AR","url":"https:\/\/secure.gravatar.com\/avatar\/602f4beec51ba7ffdca86e4faf5d039c?s=96&d=mm&r=g","contentUrl":"https:\/\/secure.gravatar.com\/avatar\/602f4beec51ba7ffdca86e4faf5d039c?s=96&d=mm&r=g","caption":"ftosti"},"url":"https:\/\/aehg-laplata.org.ar\/nueva\/author\/ftosti\/"}]}},"_links":{"self":[{"href":"https:\/\/aehg-laplata.org.ar\/nueva\/wp-json\/wp\/v2\/posts\/2599"}],"collection":[{"href":"https:\/\/aehg-laplata.org.ar\/nueva\/wp-json\/wp\/v2\/posts"}],"about":[{"href":"https:\/\/aehg-laplata.org.ar\/nueva\/wp-json\/wp\/v2\/types\/post"}],"author":[{"embeddable":true,"href":"https:\/\/aehg-laplata.org.ar\/nueva\/wp-json\/wp\/v2\/users\/1"}],"replies":[{"embeddable":true,"href":"https:\/\/aehg-laplata.org.ar\/nueva\/wp-json\/wp\/v2\/comments?post=2599"}],"version-history":[{"count":1,"href":"https:\/\/aehg-laplata.org.ar\/nueva\/wp-json\/wp\/v2\/posts\/2599\/revisions"}],"predecessor-version":[{"id":2602,"href":"https:\/\/aehg-laplata.org.ar\/nueva\/wp-json\/wp\/v2\/posts\/2599\/revisions\/2602"}],"wp:featuredmedia":[{"embeddable":true,"href":"https:\/\/aehg-laplata.org.ar\/nueva\/wp-json\/wp\/v2\/media\/2600"}],"wp:attachment":[{"href":"https:\/\/aehg-laplata.org.ar\/nueva\/wp-json\/wp\/v2\/media?parent=2599"}],"wp:term":[{"taxonomy":"category","embeddable":true,"href":"https:\/\/aehg-laplata.org.ar\/nueva\/wp-json\/wp\/v2\/categories?post=2599"},{"taxonomy":"post_tag","embeddable":true,"href":"https:\/\/aehg-laplata.org.ar\/nueva\/wp-json\/wp\/v2\/tags?post=2599"}],"curies":[{"name":"wp","href":"https:\/\/api.w.org\/{rel}","templated":true}]}}