{"id":2595,"date":"2025-10-13T13:48:59","date_gmt":"2025-10-13T16:48:59","guid":{"rendered":"https:\/\/aehg-laplata.org.ar\/nueva\/?p=2595"},"modified":"2025-10-13T13:52:04","modified_gmt":"2025-10-13T16:52:04","slug":"aehg-la-plata-fortalece-lazos-empresariales-en-network-pymes","status":"publish","type":"post","link":"https:\/\/aehg-laplata.org.ar\/nueva\/aehg-la-plata-fortalece-lazos-empresariales-en-network-pymes\/","title":{"rendered":"AEHG La Plata fortalece lazos empresariales en Network PyMES"},"content":{"rendered":"<p>[vc_row][vc_column][vc_column_text]<\/p>\n<h3 class=\"entry-title\">AEHG La Plata fortalece lazos empresariales en Network PyMES<\/h3>\n<p>[\/vc_column_text][\/vc_column][\/vc_row][vc_row][vc_column css=&#8221;.vc_custom_1457772902902{margin-top: -10px !important;}&#8221;][vc_column_text]<strong>La Entidad particip\u00f3 en una jornada de vinculaci\u00f3n y negocios que reuni\u00f3 a empresas de distintos sectores para fortalecer el desarrollo pyme, la innovaci\u00f3n y las oportunidades comerciales.<\/strong>[\/vc_column_text][\/vc_column][\/vc_row][vc_row equal_height=&#8221;yes&#8221;][vc_column][vc_single_image image=&#8221;2596&#8243; img_size=&#8221;full&#8221; onclick=&#8221;link_image&#8221;][\/vc_column][\/vc_row][vc_row][vc_column css=&#8221;.vc_custom_1457772902902{margin-top: -10px !important;}&#8221;][vc_column_text]La Asociaci\u00f3n Empresaria Hotelera, Gastron\u00f3mica y Pastelera de La Plata y su Zona de Influencia particip\u00f3 del evento Network PyMES, realizado el 9 de octubre en Av. del Libertador 7501, N\u00fa\u00f1ez \u2013 CABA.<\/p>\n<p>Durante la jornada, se desarrollaron disertaciones y mesas tem\u00e1ticas orientadas a la vinculaci\u00f3n empresarial, el desarrollo de contactos y la generaci\u00f3n de oportunidades de negocio entre peque\u00f1as y medianas empresas.<\/p>\n<p>El encuentro incluy\u00f3 seis mesas de trabajo:<\/p>\n<ul>\n<li><em>El arte de vender en el punto de venta<\/em><\/li>\n<li><em>Financiamiento PyME e inversiones para personas y empresas<\/em><\/li>\n<li><em>Del origen al cliente: trazabilidad que suma valor<\/em><\/li>\n<li><em>Procesos eficientes: negocios que crecen<\/em><\/li>\n<li><em>Ser sustentable tambi\u00e9n es rentable<\/em><\/li>\n<li><em>Liderazgo estrat\u00e9gico<\/em><\/li>\n<\/ul>\n<p>Adem\u00e1s, se analiz\u00f3 la coyuntura econ\u00f3mica actual mediante la exposici\u00f3n de Leonardo Alanis, de la consultora <em>Scentia<\/em>, quien present\u00f3 un mapa de situaci\u00f3n y diagn\u00f3stico proyectivo hacia los pr\u00f3ximos meses, con una visi\u00f3n sobre el cierre del a\u00f1o y las proyecciones econ\u00f3micas para 2026.<\/p>\n<p>La AEHG La Plata tambi\u00e9n ofici\u00f3 de anfitriona en la ronda de negocios y vinculaci\u00f3n comercial, donde se concretaron contactos estrat\u00e9gicos con diversas empresas del sector. Algunas de las mismas fueron Chocolates Drimer, Alimentos Naturales Beepure, Crudencio Alimentaci\u00f3n Vital, el portal Planexware.com, la consultora Talent Connections, y la financiera PyME Alycbur.<\/p>\n<p>De esta manera, la Entidad contin\u00faa fortaleciendo su compromiso con el desarrollo empresarial, la innovaci\u00f3n y la articulaci\u00f3n p\u00fablico-privada, impulsando espacios de encuentro que promuevan el crecimiento del sector hotelero, gastron\u00f3mico y tur\u00edstico.[\/vc_column_text][\/vc_column][\/vc_row]<\/p>\n","protected":false},"excerpt":{"rendered":"<p>[vc_row][vc_column][vc_column_text] AEHG La Plata fortalece lazos empresariales en Network PyMES [\/vc_column_text][\/vc_column][\/vc_row][vc_row][vc_column css=&#8221;.vc_custom_1457772902902{margin-top: -10px !important;}&#8221;][vc_column_text]La Entidad particip\u00f3 en una jornada de&#8230;<\/p>\n","protected":false},"author":1,"featured_media":2596,"comment_status":"closed","ping_status":"closed","sticky":false,"template":"","format":"standard","meta":[],"categories":[4],"tags":[],"yoast_head":"<!-- This site is optimized with the Yoast SEO plugin v17.2.1 - https:\/\/yoast.com\/wordpress\/plugins\/seo\/ -->\n<title>AEHG La Plata fortalece lazos empresariales en Network PyMES - AEHG La Plata<\/title>\n<meta name=\"robots\" content=\"index, follow, max-snippet:-1, max-image-preview:large, max-video-preview:-1\" \/>\n<link rel=\"canonical\" href=\"https:\/\/aehg-laplata.org.ar\/nueva\/aehg-la-plata-fortalece-lazos-empresariales-en-network-pymes\/\" \/>\n<meta property=\"og:locale\" content=\"es_ES\" \/>\n<meta property=\"og:type\" content=\"article\" \/>\n<meta property=\"og:title\" content=\"AEHG La Plata fortalece lazos empresariales en Network PyMES - AEHG La Plata\" \/>\n<meta property=\"og:description\" content=\"[vc_row][vc_column][vc_column_text] AEHG La Plata fortalece lazos empresariales en Network PyMES [\/vc_column_text][\/vc_column][\/vc_row][vc_row][vc_column css=&#8221;.vc_custom_1457772902902{margin-top: -10px !important;}&#8221;][vc_column_text]La Entidad particip\u00f3 en una jornada de...\" \/>\n<meta property=\"og:url\" content=\"https:\/\/aehg-laplata.org.ar\/nueva\/aehg-la-plata-fortalece-lazos-empresariales-en-network-pymes\/\" \/>\n<meta property=\"og:site_name\" content=\"AEHG La Plata\" \/>\n<meta property=\"article:publisher\" content=\"https:\/\/www.facebook.com\/AehgLaPlataOK\/\" \/>\n<meta property=\"article:published_time\" content=\"2025-10-13T16:48:59+00:00\" \/>\n<meta property=\"article:modified_time\" content=\"2025-10-13T16:52:04+00:00\" \/>\n<meta property=\"og:image\" content=\"https:\/\/aehg-laplata.org.ar\/nueva\/wp-content\/uploads\/AEHG-La-Plata-fortalece-lazos-empresariales-en-Network-PyMES.jpg\" \/>\n\t<meta property=\"og:image:width\" content=\"1587\" \/>\n\t<meta property=\"og:image:height\" content=\"800\" \/>\n<meta name=\"twitter:card\" content=\"summary_large_image\" \/>\n<meta name=\"twitter:label1\" content=\"Escrito por\" \/>\n\t<meta name=\"twitter:data1\" content=\"ftosti\" \/>\n\t<meta name=\"twitter:label2\" content=\"Tiempo de lectura\" \/>\n\t<meta name=\"twitter:data2\" content=\"2 minutos\" \/>\n<script type=\"application\/ld+json\" class=\"yoast-schema-graph\">{\"@context\":\"https:\/\/schema.org\",\"@graph\":[{\"@type\":\"WebSite\",\"@id\":\"https:\/\/aehg-laplata.org.ar\/nueva\/#website\",\"url\":\"https:\/\/aehg-laplata.org.ar\/nueva\/\",\"name\":\"AEHG La Plata\",\"description\":\"\",\"potentialAction\":[{\"@type\":\"SearchAction\",\"target\":{\"@type\":\"EntryPoint\",\"urlTemplate\":\"https:\/\/aehg-laplata.org.ar\/nueva\/?s={search_term_string}\"},\"query-input\":\"required name=search_term_string\"}],\"inLanguage\":\"es-AR\"},{\"@type\":\"ImageObject\",\"@id\":\"https:\/\/aehg-laplata.org.ar\/nueva\/aehg-la-plata-fortalece-lazos-empresariales-en-network-pymes\/#primaryimage\",\"inLanguage\":\"es-AR\",\"url\":\"https:\/\/aehg-laplata.org.ar\/nueva\/wp-content\/uploads\/AEHG-La-Plata-fortalece-lazos-empresariales-en-Network-PyMES.jpg\",\"contentUrl\":\"https:\/\/aehg-laplata.org.ar\/nueva\/wp-content\/uploads\/AEHG-La-Plata-fortalece-lazos-empresariales-en-Network-PyMES.jpg\",\"width\":1587,\"height\":800},{\"@type\":\"WebPage\",\"@id\":\"https:\/\/aehg-laplata.org.ar\/nueva\/aehg-la-plata-fortalece-lazos-empresariales-en-network-pymes\/#webpage\",\"url\":\"https:\/\/aehg-laplata.org.ar\/nueva\/aehg-la-plata-fortalece-lazos-empresariales-en-network-pymes\/\",\"name\":\"AEHG La Plata fortalece lazos empresariales en Network PyMES - AEHG La Plata\",\"isPartOf\":{\"@id\":\"https:\/\/aehg-laplata.org.ar\/nueva\/#website\"},\"primaryImageOfPage\":{\"@id\":\"https:\/\/aehg-laplata.org.ar\/nueva\/aehg-la-plata-fortalece-lazos-empresariales-en-network-pymes\/#primaryimage\"},\"datePublished\":\"2025-10-13T16:48:59+00:00\",\"dateModified\":\"2025-10-13T16:52:04+00:00\",\"author\":{\"@id\":\"https:\/\/aehg-laplata.org.ar\/nueva\/#\/schema\/person\/7f7b2f53bda3353446a1e6bfb4837e14\"},\"breadcrumb\":{\"@id\":\"https:\/\/aehg-laplata.org.ar\/nueva\/aehg-la-plata-fortalece-lazos-empresariales-en-network-pymes\/#breadcrumb\"},\"inLanguage\":\"es-AR\",\"potentialAction\":[{\"@type\":\"ReadAction\",\"target\":[\"https:\/\/aehg-laplata.org.ar\/nueva\/aehg-la-plata-fortalece-lazos-empresariales-en-network-pymes\/\"]}]},{\"@type\":\"BreadcrumbList\",\"@id\":\"https:\/\/aehg-laplata.org.ar\/nueva\/aehg-la-plata-fortalece-lazos-empresariales-en-network-pymes\/#breadcrumb\",\"itemListElement\":[{\"@type\":\"ListItem\",\"position\":1,\"name\":\"Inicio\",\"item\":\"https:\/\/aehg-laplata.org.ar\/nueva\/\"},{\"@type\":\"ListItem\",\"position\":2,\"name\":\"AEHG La Plata fortalece lazos empresariales en Network PyMES\"}]},{\"@type\":\"Person\",\"@id\":\"https:\/\/aehg-laplata.org.ar\/nueva\/#\/schema\/person\/7f7b2f53bda3353446a1e6bfb4837e14\",\"name\":\"ftosti\",\"image\":{\"@type\":\"ImageObject\",\"@id\":\"https:\/\/aehg-laplata.org.ar\/nueva\/#personlogo\",\"inLanguage\":\"es-AR\",\"url\":\"https:\/\/secure.gravatar.com\/avatar\/602f4beec51ba7ffdca86e4faf5d039c?s=96&d=mm&r=g\",\"contentUrl\":\"https:\/\/secure.gravatar.com\/avatar\/602f4beec51ba7ffdca86e4faf5d039c?s=96&d=mm&r=g\",\"caption\":\"ftosti\"},\"url\":\"https:\/\/aehg-laplata.org.ar\/nueva\/author\/ftosti\/\"}]}<\/script>\n<!-- \/ Yoast SEO plugin. -->","yoast_head_json":{"title":"AEHG La Plata fortalece lazos empresariales en Network PyMES - AEHG La Plata","robots":{"index":"index","follow":"follow","max-snippet":"max-snippet:-1","max-image-preview":"max-image-preview:large","max-video-preview":"max-video-preview:-1"},"canonical":"https:\/\/aehg-laplata.org.ar\/nueva\/aehg-la-plata-fortalece-lazos-empresariales-en-network-pymes\/","og_locale":"es_ES","og_type":"article","og_title":"AEHG La Plata fortalece lazos empresariales en Network PyMES - AEHG La Plata","og_description":"[vc_row][vc_column][vc_column_text] AEHG La Plata fortalece lazos empresariales en Network PyMES [\/vc_column_text][\/vc_column][\/vc_row][vc_row][vc_column css=&#8221;.vc_custom_1457772902902{margin-top: -10px !important;}&#8221;][vc_column_text]La Entidad particip\u00f3 en una jornada de...","og_url":"https:\/\/aehg-laplata.org.ar\/nueva\/aehg-la-plata-fortalece-lazos-empresariales-en-network-pymes\/","og_site_name":"AEHG La Plata","article_publisher":"https:\/\/www.facebook.com\/AehgLaPlataOK\/","article_published_time":"2025-10-13T16:48:59+00:00","article_modified_time":"2025-10-13T16:52:04+00:00","og_image":[{"width":1587,"height":800,"url":"https:\/\/aehg-laplata.org.ar\/nueva\/wp-content\/uploads\/AEHG-La-Plata-fortalece-lazos-empresariales-en-Network-PyMES.jpg","path":"\/home\/c1070183\/public_html\/nueva\/wp-content\/uploads\/AEHG-La-Plata-fortalece-lazos-empresariales-en-Network-PyMES.jpg","size":"full","id":2596,"alt":"","pixels":1269600,"type":"image\/jpeg"}],"twitter_card":"summary_large_image","twitter_misc":{"Escrito por":"ftosti","Tiempo de lectura":"2 minutos"},"schema":{"@context":"https:\/\/schema.org","@graph":[{"@type":"WebSite","@id":"https:\/\/aehg-laplata.org.ar\/nueva\/#website","url":"https:\/\/aehg-laplata.org.ar\/nueva\/","name":"AEHG La Plata","description":"","potentialAction":[{"@type":"SearchAction","target":{"@type":"EntryPoint","urlTemplate":"https:\/\/aehg-laplata.org.ar\/nueva\/?s={search_term_string}"},"query-input":"required name=search_term_string"}],"inLanguage":"es-AR"},{"@type":"ImageObject","@id":"https:\/\/aehg-laplata.org.ar\/nueva\/aehg-la-plata-fortalece-lazos-empresariales-en-network-pymes\/#primaryimage","inLanguage":"es-AR","url":"https:\/\/aehg-laplata.org.ar\/nueva\/wp-content\/uploads\/AEHG-La-Plata-fortalece-lazos-empresariales-en-Network-PyMES.jpg","contentUrl":"https:\/\/aehg-laplata.org.ar\/nueva\/wp-content\/uploads\/AEHG-La-Plata-fortalece-lazos-empresariales-en-Network-PyMES.jpg","width":1587,"height":800},{"@type":"WebPage","@id":"https:\/\/aehg-laplata.org.ar\/nueva\/aehg-la-plata-fortalece-lazos-empresariales-en-network-pymes\/#webpage","url":"https:\/\/aehg-laplata.org.ar\/nueva\/aehg-la-plata-fortalece-lazos-empresariales-en-network-pymes\/","name":"AEHG La Plata fortalece lazos empresariales en Network PyMES - AEHG La Plata","isPartOf":{"@id":"https:\/\/aehg-laplata.org.ar\/nueva\/#website"},"primaryImageOfPage":{"@id":"https:\/\/aehg-laplata.org.ar\/nueva\/aehg-la-plata-fortalece-lazos-empresariales-en-network-pymes\/#primaryimage"},"datePublished":"2025-10-13T16:48:59+00:00","dateModified":"2025-10-13T16:52:04+00:00","author":{"@id":"https:\/\/aehg-laplata.org.ar\/nueva\/#\/schema\/person\/7f7b2f53bda3353446a1e6bfb4837e14"},"breadcrumb":{"@id":"https:\/\/aehg-laplata.org.ar\/nueva\/aehg-la-plata-fortalece-lazos-empresariales-en-network-pymes\/#breadcrumb"},"inLanguage":"es-AR","potentialAction":[{"@type":"ReadAction","target":["https:\/\/aehg-laplata.org.ar\/nueva\/aehg-la-plata-fortalece-lazos-empresariales-en-network-pymes\/"]}]},{"@type":"BreadcrumbList","@id":"https:\/\/aehg-laplata.org.ar\/nueva\/aehg-la-plata-fortalece-lazos-empresariales-en-network-pymes\/#breadcrumb","itemListElement":[{"@type":"ListItem","position":1,"name":"Inicio","item":"https:\/\/aehg-laplata.org.ar\/nueva\/"},{"@type":"ListItem","position":2,"name":"AEHG La Plata fortalece lazos empresariales en Network PyMES"}]},{"@type":"Person","@id":"https:\/\/aehg-laplata.org.ar\/nueva\/#\/schema\/person\/7f7b2f53bda3353446a1e6bfb4837e14","name":"ftosti","image":{"@type":"ImageObject","@id":"https:\/\/aehg-laplata.org.ar\/nueva\/#personlogo","inLanguage":"es-AR","url":"https:\/\/secure.gravatar.com\/avatar\/602f4beec51ba7ffdca86e4faf5d039c?s=96&d=mm&r=g","contentUrl":"https:\/\/secure.gravatar.com\/avatar\/602f4beec51ba7ffdca86e4faf5d039c?s=96&d=mm&r=g","caption":"ftosti"},"url":"https:\/\/aehg-laplata.org.ar\/nueva\/author\/ftosti\/"}]}},"_links":{"self":[{"href":"https:\/\/aehg-laplata.org.ar\/nueva\/wp-json\/wp\/v2\/posts\/2595"}],"collection":[{"href":"https:\/\/aehg-laplata.org.ar\/nueva\/wp-json\/wp\/v2\/posts"}],"about":[{"href":"https:\/\/aehg-laplata.org.ar\/nueva\/wp-json\/wp\/v2\/types\/post"}],"author":[{"embeddable":true,"href":"https:\/\/aehg-laplata.org.ar\/nueva\/wp-json\/wp\/v2\/users\/1"}],"replies":[{"embeddable":true,"href":"https:\/\/aehg-laplata.org.ar\/nueva\/wp-json\/wp\/v2\/comments?post=2595"}],"version-history":[{"count":2,"href":"https:\/\/aehg-laplata.org.ar\/nueva\/wp-json\/wp\/v2\/posts\/2595\/revisions"}],"predecessor-version":[{"id":2598,"href":"https:\/\/aehg-laplata.org.ar\/nueva\/wp-json\/wp\/v2\/posts\/2595\/revisions\/2598"}],"wp:featuredmedia":[{"embeddable":true,"href":"https:\/\/aehg-laplata.org.ar\/nueva\/wp-json\/wp\/v2\/media\/2596"}],"wp:attachment":[{"href":"https:\/\/aehg-laplata.org.ar\/nueva\/wp-json\/wp\/v2\/media?parent=2595"}],"wp:term":[{"taxonomy":"category","embeddable":true,"href":"https:\/\/aehg-laplata.org.ar\/nueva\/wp-json\/wp\/v2\/categories?post=2595"},{"taxonomy":"post_tag","embeddable":true,"href":"https:\/\/aehg-laplata.org.ar\/nueva\/wp-json\/wp\/v2\/tags?post=2595"}],"curies":[{"name":"wp","href":"https:\/\/api.w.org\/{rel}","templated":true}]}}