{"id":2589,"date":"2025-10-07T11:36:54","date_gmt":"2025-10-07T14:36:54","guid":{"rendered":"https:\/\/aehg-laplata.org.ar\/nueva\/?p=2589"},"modified":"2025-10-07T11:36:54","modified_gmt":"2025-10-07T14:36:54","slug":"aehg-la-plata-nueva-capacitacion-formativa-en-general-belgrano","status":"publish","type":"post","link":"https:\/\/aehg-laplata.org.ar\/nueva\/aehg-la-plata-nueva-capacitacion-formativa-en-general-belgrano\/","title":{"rendered":"AEHG La Plata: nueva capacitaci\u00f3n formativa en General Belgrano"},"content":{"rendered":"<p>[vc_row][vc_column][vc_column_text]<\/p>\n<h3 class=\"entry-title\">AEHG La Plata: nueva capacitaci\u00f3n formativa en General Belgrano<\/h3>\n<p>[\/vc_column_text][\/vc_column][\/vc_row][vc_row][vc_column css=&#8221;.vc_custom_1457772902902{margin-top: -10px !important;}&#8221;][vc_column_text]<em>El curso \u201cMarketing Hotelero y Gastron\u00f3mico\u201d se dictar\u00e1 los d\u00edas 7 y 8 de octubre.<\/em>[\/vc_column_text][\/vc_column][\/vc_row][vc_row equal_height=&#8221;yes&#8221;][vc_column][vc_single_image image=&#8221;2590&#8243; img_size=&#8221;full&#8221; onclick=&#8221;link_image&#8221;][\/vc_column][\/vc_row][vc_row][vc_column css=&#8221;.vc_custom_1457772902902{margin-top: -10px !important;}&#8221;][vc_column_text]La Asociaci\u00f3n Empresaria Hotelera, Gastron\u00f3mica y Pastelera de la Ciudad de La Plata y su zona de influencia, representada por su presidente <strong>Claudio N. Aguilar<\/strong>, concret\u00f3 la firma de un <strong>convenio marco de colaboraci\u00f3n institucional<\/strong> con el <strong>Jefe del \u00c1rea de Promoci\u00f3n Tur\u00edstica de General Belgrano, Mat\u00edas Barbero<\/strong>.<\/p>\n<p>En este marco, se desarrollar\u00e1 el curso <strong>\u201cMarketing Hotelero y Gastron\u00f3mico\u201d<\/strong>, impulsado por la <strong>AEHG La Plata junto a FEHGRA<\/strong>, con el prop\u00f3sito de <strong>brindar herramientas que permitan conocer el entorno competitivo, comprender el proceso del marketing, definir precios adecuados y aplicar estrategias de promoci\u00f3n eficaces<\/strong>.<\/p>\n<p>De esta manera, la AEHG La Plata <strong>reafirma su compromiso con la profesionalizaci\u00f3n del sector<\/strong> y con la promoci\u00f3n del turismo gastron\u00f3mico como <strong>motor de crecimiento econ\u00f3mico y cultural<\/strong> en la regi\u00f3n.[\/vc_column_text][\/vc_column][\/vc_row]<\/p>\n","protected":false},"excerpt":{"rendered":"<p>[vc_row][vc_column][vc_column_text] AEHG La Plata: nueva capacitaci\u00f3n formativa en General Belgrano [\/vc_column_text][\/vc_column][\/vc_row][vc_row][vc_column css=&#8221;.vc_custom_1457772902902{margin-top: -10px !important;}&#8221;][vc_column_text]El curso \u201cMarketing Hotelero y Gastron\u00f3mico\u201d se&#8230;<\/p>\n","protected":false},"author":1,"featured_media":2590,"comment_status":"closed","ping_status":"closed","sticky":false,"template":"","format":"standard","meta":[],"categories":[4],"tags":[],"yoast_head":"<!-- This site is optimized with the Yoast SEO plugin v17.2.1 - https:\/\/yoast.com\/wordpress\/plugins\/seo\/ -->\n<title>AEHG La Plata: nueva capacitaci\u00f3n formativa en General Belgrano - AEHG La Plata<\/title>\n<meta name=\"robots\" content=\"index, follow, max-snippet:-1, max-image-preview:large, max-video-preview:-1\" \/>\n<link rel=\"canonical\" href=\"https:\/\/aehg-laplata.org.ar\/nueva\/aehg-la-plata-nueva-capacitacion-formativa-en-general-belgrano\/\" \/>\n<meta property=\"og:locale\" content=\"es_ES\" \/>\n<meta property=\"og:type\" content=\"article\" \/>\n<meta property=\"og:title\" content=\"AEHG La Plata: nueva capacitaci\u00f3n formativa en General Belgrano - AEHG La Plata\" \/>\n<meta property=\"og:description\" content=\"[vc_row][vc_column][vc_column_text] AEHG La Plata: nueva capacitaci\u00f3n formativa en General Belgrano [\/vc_column_text][\/vc_column][\/vc_row][vc_row][vc_column css=&#8221;.vc_custom_1457772902902{margin-top: -10px !important;}&#8221;][vc_column_text]El curso \u201cMarketing Hotelero y Gastron\u00f3mico\u201d se...\" \/>\n<meta property=\"og:url\" content=\"https:\/\/aehg-laplata.org.ar\/nueva\/aehg-la-plata-nueva-capacitacion-formativa-en-general-belgrano\/\" \/>\n<meta property=\"og:site_name\" content=\"AEHG La Plata\" \/>\n<meta property=\"article:publisher\" content=\"https:\/\/www.facebook.com\/AehgLaPlataOK\/\" \/>\n<meta property=\"article:published_time\" content=\"2025-10-07T14:36:54+00:00\" \/>\n<meta property=\"og:image\" content=\"https:\/\/aehg-laplata.org.ar\/nueva\/wp-content\/uploads\/nueva-capacitacion-formativa-en-General-Belgrano.jpg\" \/>\n\t<meta property=\"og:image:width\" content=\"1359\" \/>\n\t<meta property=\"og:image:height\" content=\"800\" \/>\n<meta name=\"twitter:card\" content=\"summary_large_image\" \/>\n<meta name=\"twitter:label1\" content=\"Escrito por\" \/>\n\t<meta name=\"twitter:data1\" content=\"ftosti\" \/>\n\t<meta name=\"twitter:label2\" content=\"Tiempo de lectura\" \/>\n\t<meta name=\"twitter:data2\" content=\"1 minuto\" \/>\n<script type=\"application\/ld+json\" class=\"yoast-schema-graph\">{\"@context\":\"https:\/\/schema.org\",\"@graph\":[{\"@type\":\"WebSite\",\"@id\":\"https:\/\/aehg-laplata.org.ar\/nueva\/#website\",\"url\":\"https:\/\/aehg-laplata.org.ar\/nueva\/\",\"name\":\"AEHG La Plata\",\"description\":\"\",\"potentialAction\":[{\"@type\":\"SearchAction\",\"target\":{\"@type\":\"EntryPoint\",\"urlTemplate\":\"https:\/\/aehg-laplata.org.ar\/nueva\/?s={search_term_string}\"},\"query-input\":\"required name=search_term_string\"}],\"inLanguage\":\"es-AR\"},{\"@type\":\"ImageObject\",\"@id\":\"https:\/\/aehg-laplata.org.ar\/nueva\/aehg-la-plata-nueva-capacitacion-formativa-en-general-belgrano\/#primaryimage\",\"inLanguage\":\"es-AR\",\"url\":\"https:\/\/aehg-laplata.org.ar\/nueva\/wp-content\/uploads\/nueva-capacitacion-formativa-en-General-Belgrano.jpg\",\"contentUrl\":\"https:\/\/aehg-laplata.org.ar\/nueva\/wp-content\/uploads\/nueva-capacitacion-formativa-en-General-Belgrano.jpg\",\"width\":1359,\"height\":800},{\"@type\":\"WebPage\",\"@id\":\"https:\/\/aehg-laplata.org.ar\/nueva\/aehg-la-plata-nueva-capacitacion-formativa-en-general-belgrano\/#webpage\",\"url\":\"https:\/\/aehg-laplata.org.ar\/nueva\/aehg-la-plata-nueva-capacitacion-formativa-en-general-belgrano\/\",\"name\":\"AEHG La Plata: nueva capacitaci\\u00f3n formativa en General Belgrano - AEHG La Plata\",\"isPartOf\":{\"@id\":\"https:\/\/aehg-laplata.org.ar\/nueva\/#website\"},\"primaryImageOfPage\":{\"@id\":\"https:\/\/aehg-laplata.org.ar\/nueva\/aehg-la-plata-nueva-capacitacion-formativa-en-general-belgrano\/#primaryimage\"},\"datePublished\":\"2025-10-07T14:36:54+00:00\",\"dateModified\":\"2025-10-07T14:36:54+00:00\",\"author\":{\"@id\":\"https:\/\/aehg-laplata.org.ar\/nueva\/#\/schema\/person\/7f7b2f53bda3353446a1e6bfb4837e14\"},\"breadcrumb\":{\"@id\":\"https:\/\/aehg-laplata.org.ar\/nueva\/aehg-la-plata-nueva-capacitacion-formativa-en-general-belgrano\/#breadcrumb\"},\"inLanguage\":\"es-AR\",\"potentialAction\":[{\"@type\":\"ReadAction\",\"target\":[\"https:\/\/aehg-laplata.org.ar\/nueva\/aehg-la-plata-nueva-capacitacion-formativa-en-general-belgrano\/\"]}]},{\"@type\":\"BreadcrumbList\",\"@id\":\"https:\/\/aehg-laplata.org.ar\/nueva\/aehg-la-plata-nueva-capacitacion-formativa-en-general-belgrano\/#breadcrumb\",\"itemListElement\":[{\"@type\":\"ListItem\",\"position\":1,\"name\":\"Inicio\",\"item\":\"https:\/\/aehg-laplata.org.ar\/nueva\/\"},{\"@type\":\"ListItem\",\"position\":2,\"name\":\"AEHG La Plata: nueva capacitaci\\u00f3n formativa en General Belgrano\"}]},{\"@type\":\"Person\",\"@id\":\"https:\/\/aehg-laplata.org.ar\/nueva\/#\/schema\/person\/7f7b2f53bda3353446a1e6bfb4837e14\",\"name\":\"ftosti\",\"image\":{\"@type\":\"ImageObject\",\"@id\":\"https:\/\/aehg-laplata.org.ar\/nueva\/#personlogo\",\"inLanguage\":\"es-AR\",\"url\":\"https:\/\/secure.gravatar.com\/avatar\/602f4beec51ba7ffdca86e4faf5d039c?s=96&d=mm&r=g\",\"contentUrl\":\"https:\/\/secure.gravatar.com\/avatar\/602f4beec51ba7ffdca86e4faf5d039c?s=96&d=mm&r=g\",\"caption\":\"ftosti\"},\"url\":\"https:\/\/aehg-laplata.org.ar\/nueva\/author\/ftosti\/\"}]}<\/script>\n<!-- \/ Yoast SEO plugin. -->","yoast_head_json":{"title":"AEHG La Plata: nueva capacitaci\u00f3n formativa en General Belgrano - AEHG La Plata","robots":{"index":"index","follow":"follow","max-snippet":"max-snippet:-1","max-image-preview":"max-image-preview:large","max-video-preview":"max-video-preview:-1"},"canonical":"https:\/\/aehg-laplata.org.ar\/nueva\/aehg-la-plata-nueva-capacitacion-formativa-en-general-belgrano\/","og_locale":"es_ES","og_type":"article","og_title":"AEHG La Plata: nueva capacitaci\u00f3n formativa en General Belgrano - AEHG La Plata","og_description":"[vc_row][vc_column][vc_column_text] AEHG La Plata: nueva capacitaci\u00f3n formativa en General Belgrano [\/vc_column_text][\/vc_column][\/vc_row][vc_row][vc_column css=&#8221;.vc_custom_1457772902902{margin-top: -10px !important;}&#8221;][vc_column_text]El curso \u201cMarketing Hotelero y Gastron\u00f3mico\u201d se...","og_url":"https:\/\/aehg-laplata.org.ar\/nueva\/aehg-la-plata-nueva-capacitacion-formativa-en-general-belgrano\/","og_site_name":"AEHG La Plata","article_publisher":"https:\/\/www.facebook.com\/AehgLaPlataOK\/","article_published_time":"2025-10-07T14:36:54+00:00","og_image":[{"width":1359,"height":800,"url":"https:\/\/aehg-laplata.org.ar\/nueva\/wp-content\/uploads\/nueva-capacitacion-formativa-en-General-Belgrano.jpg","path":"\/home\/c1070183\/public_html\/nueva\/wp-content\/uploads\/nueva-capacitacion-formativa-en-General-Belgrano.jpg","size":"full","id":2590,"alt":"","pixels":1087200,"type":"image\/jpeg"}],"twitter_card":"summary_large_image","twitter_misc":{"Escrito por":"ftosti","Tiempo de lectura":"1 minuto"},"schema":{"@context":"https:\/\/schema.org","@graph":[{"@type":"WebSite","@id":"https:\/\/aehg-laplata.org.ar\/nueva\/#website","url":"https:\/\/aehg-laplata.org.ar\/nueva\/","name":"AEHG La Plata","description":"","potentialAction":[{"@type":"SearchAction","target":{"@type":"EntryPoint","urlTemplate":"https:\/\/aehg-laplata.org.ar\/nueva\/?s={search_term_string}"},"query-input":"required name=search_term_string"}],"inLanguage":"es-AR"},{"@type":"ImageObject","@id":"https:\/\/aehg-laplata.org.ar\/nueva\/aehg-la-plata-nueva-capacitacion-formativa-en-general-belgrano\/#primaryimage","inLanguage":"es-AR","url":"https:\/\/aehg-laplata.org.ar\/nueva\/wp-content\/uploads\/nueva-capacitacion-formativa-en-General-Belgrano.jpg","contentUrl":"https:\/\/aehg-laplata.org.ar\/nueva\/wp-content\/uploads\/nueva-capacitacion-formativa-en-General-Belgrano.jpg","width":1359,"height":800},{"@type":"WebPage","@id":"https:\/\/aehg-laplata.org.ar\/nueva\/aehg-la-plata-nueva-capacitacion-formativa-en-general-belgrano\/#webpage","url":"https:\/\/aehg-laplata.org.ar\/nueva\/aehg-la-plata-nueva-capacitacion-formativa-en-general-belgrano\/","name":"AEHG La Plata: nueva capacitaci\u00f3n formativa en General Belgrano - AEHG La Plata","isPartOf":{"@id":"https:\/\/aehg-laplata.org.ar\/nueva\/#website"},"primaryImageOfPage":{"@id":"https:\/\/aehg-laplata.org.ar\/nueva\/aehg-la-plata-nueva-capacitacion-formativa-en-general-belgrano\/#primaryimage"},"datePublished":"2025-10-07T14:36:54+00:00","dateModified":"2025-10-07T14:36:54+00:00","author":{"@id":"https:\/\/aehg-laplata.org.ar\/nueva\/#\/schema\/person\/7f7b2f53bda3353446a1e6bfb4837e14"},"breadcrumb":{"@id":"https:\/\/aehg-laplata.org.ar\/nueva\/aehg-la-plata-nueva-capacitacion-formativa-en-general-belgrano\/#breadcrumb"},"inLanguage":"es-AR","potentialAction":[{"@type":"ReadAction","target":["https:\/\/aehg-laplata.org.ar\/nueva\/aehg-la-plata-nueva-capacitacion-formativa-en-general-belgrano\/"]}]},{"@type":"BreadcrumbList","@id":"https:\/\/aehg-laplata.org.ar\/nueva\/aehg-la-plata-nueva-capacitacion-formativa-en-general-belgrano\/#breadcrumb","itemListElement":[{"@type":"ListItem","position":1,"name":"Inicio","item":"https:\/\/aehg-laplata.org.ar\/nueva\/"},{"@type":"ListItem","position":2,"name":"AEHG La Plata: nueva capacitaci\u00f3n formativa en General Belgrano"}]},{"@type":"Person","@id":"https:\/\/aehg-laplata.org.ar\/nueva\/#\/schema\/person\/7f7b2f53bda3353446a1e6bfb4837e14","name":"ftosti","image":{"@type":"ImageObject","@id":"https:\/\/aehg-laplata.org.ar\/nueva\/#personlogo","inLanguage":"es-AR","url":"https:\/\/secure.gravatar.com\/avatar\/602f4beec51ba7ffdca86e4faf5d039c?s=96&d=mm&r=g","contentUrl":"https:\/\/secure.gravatar.com\/avatar\/602f4beec51ba7ffdca86e4faf5d039c?s=96&d=mm&r=g","caption":"ftosti"},"url":"https:\/\/aehg-laplata.org.ar\/nueva\/author\/ftosti\/"}]}},"_links":{"self":[{"href":"https:\/\/aehg-laplata.org.ar\/nueva\/wp-json\/wp\/v2\/posts\/2589"}],"collection":[{"href":"https:\/\/aehg-laplata.org.ar\/nueva\/wp-json\/wp\/v2\/posts"}],"about":[{"href":"https:\/\/aehg-laplata.org.ar\/nueva\/wp-json\/wp\/v2\/types\/post"}],"author":[{"embeddable":true,"href":"https:\/\/aehg-laplata.org.ar\/nueva\/wp-json\/wp\/v2\/users\/1"}],"replies":[{"embeddable":true,"href":"https:\/\/aehg-laplata.org.ar\/nueva\/wp-json\/wp\/v2\/comments?post=2589"}],"version-history":[{"count":1,"href":"https:\/\/aehg-laplata.org.ar\/nueva\/wp-json\/wp\/v2\/posts\/2589\/revisions"}],"predecessor-version":[{"id":2591,"href":"https:\/\/aehg-laplata.org.ar\/nueva\/wp-json\/wp\/v2\/posts\/2589\/revisions\/2591"}],"wp:featuredmedia":[{"embeddable":true,"href":"https:\/\/aehg-laplata.org.ar\/nueva\/wp-json\/wp\/v2\/media\/2590"}],"wp:attachment":[{"href":"https:\/\/aehg-laplata.org.ar\/nueva\/wp-json\/wp\/v2\/media?parent=2589"}],"wp:term":[{"taxonomy":"category","embeddable":true,"href":"https:\/\/aehg-laplata.org.ar\/nueva\/wp-json\/wp\/v2\/categories?post=2589"},{"taxonomy":"post_tag","embeddable":true,"href":"https:\/\/aehg-laplata.org.ar\/nueva\/wp-json\/wp\/v2\/tags?post=2589"}],"curies":[{"name":"wp","href":"https:\/\/api.w.org\/{rel}","templated":true}]}}