{"id":2587,"date":"2025-10-06T14:07:22","date_gmt":"2025-10-06T17:07:22","guid":{"rendered":"https:\/\/aehg-laplata.org.ar\/nueva\/?p=2587"},"modified":"2025-10-06T14:07:22","modified_gmt":"2025-10-06T17:07:22","slug":"la-aehg-la-plata-presente-en-la-inauguracion-de-la-nueva-sede-del-club-tricolores","status":"publish","type":"post","link":"https:\/\/aehg-laplata.org.ar\/nueva\/la-aehg-la-plata-presente-en-la-inauguracion-de-la-nueva-sede-del-club-tricolores\/","title":{"rendered":"La AEHG La Plata presente en la inauguraci\u00f3n de la nueva sede del Club Tricolores"},"content":{"rendered":"<p>[vc_row][vc_column][vc_column_text]<\/p>\n<h3 class=\"entry-title\">La AEHG La Plata presente en la inauguraci\u00f3n de la nueva sede del Club Tricolores<\/h3>\n<p>[\/vc_column_text][\/vc_column][\/vc_row][vc_row][vc_column css=&#8221;.vc_custom_1457772902902{margin-top: -10px !important;}&#8221;][vc_column_text]<em>Acompa\u00f1ando iniciativas que fortalecen el desarrollo deportivo, educativo y social de la comunidad platense.<\/em>[\/vc_column_text][\/vc_column][\/vc_row][vc_row equal_height=&#8221;yes&#8221;][vc_column][vc_single_image image=&#8221;2585&#8243; img_size=&#8221;full&#8221; onclick=&#8221;link_image&#8221;][\/vc_column][\/vc_row][vc_row][vc_column css=&#8221;.vc_custom_1457772902902{margin-top: -10px !important;}&#8221;][vc_column_text]<em>El pasado s\u00e1bado, en Avenida 1 y calle 648 de la ciudad de La Plata, se llev\u00f3 a cabo la inauguraci\u00f3n del nuevo predio polideportivo del <strong>Club Tricolores<\/strong>, un proyecto impulsado por la <strong>Fundaci\u00f3n Florencio P\u00e9rez<\/strong> que busca fomentar el desarrollo deportivo y social en la comunidad.<\/em><\/p>\n<p><em>El acto de apertura cont\u00f3 con la presencia del intendente de La Plata, <strong>Julio Alak<\/strong>; el presidente del club, <strong>Pablo Richiardi <\/strong>junto a miembros de la Comisi\u00f3n Directiva del Club Tricolores y el presidente de la Fundaci\u00f3n Florencio P\u00e9rez, <strong>Ra\u00fal Kraiselburd<\/strong>. \u00a0En representaci\u00f3n de la <strong>Asociaci\u00f3n Empresaria Hotelera Gastron\u00f3mica y Pastelera de La Plata (AEHG La Plata)<\/strong> asistieron los miembros de la Comisi\u00f3n Directiva <strong>Vicente Morgillo<\/strong> y <strong>Jos\u00e9 Luis Rodr\u00edguez<\/strong>, acompa\u00f1ando este importante acontecimiento para la ciudad.<\/em><\/p>\n<p><em>El nuevo complejo cuenta con <strong>canchas de b\u00e1squet y de f\u00fatbol<\/strong>, y se proyecta como un \u00e1mbito de integraci\u00f3n donde ni\u00f1os, j\u00f3venes y familias puedan disfrutar de actividades deportivas, recreativas y sociales. Adem\u00e1s, el club ofrece <strong>clases de apoyo escolar<\/strong>, promovidas por la <strong>Fundaci\u00f3n Florencio P\u00e9rez<\/strong>, fortaleciendo su compromiso con la educaci\u00f3n y la inclusi\u00f3n comunitaria.<\/em><\/p>\n<p><em>La <strong>AEHG La Plata<\/strong> acompa\u00f1a y apoya este tipo de <strong>acciones que promueven la participaci\u00f3n, la inclusi\u00f3n y el desarrollo integral de la comunidad<\/strong>, reafirmando su compromiso de estar presente en los proyectos que impulsan el bienestar y el crecimiento de la ciudad.<\/em>[\/vc_column_text][\/vc_column][\/vc_row]<\/p>\n","protected":false},"excerpt":{"rendered":"<p>[vc_row][vc_column][vc_column_text] La AEHG La Plata presente en la inauguraci\u00f3n de la nueva sede del Club Tricolores [\/vc_column_text][\/vc_column][\/vc_row][vc_row][vc_column css=&#8221;.vc_custom_1457772902902{margin-top: -10px !important;}&#8221;][vc_column_text]Acompa\u00f1ando&#8230;<\/p>\n","protected":false},"author":1,"featured_media":2585,"comment_status":"closed","ping_status":"closed","sticky":false,"template":"","format":"standard","meta":[],"categories":[4],"tags":[],"yoast_head":"<!-- This site is optimized with the Yoast SEO plugin v17.2.1 - https:\/\/yoast.com\/wordpress\/plugins\/seo\/ -->\n<title>La AEHG La Plata presente en la inauguraci\u00f3n de la nueva sede del Club Tricolores - AEHG La Plata<\/title>\n<meta name=\"robots\" content=\"index, follow, max-snippet:-1, max-image-preview:large, max-video-preview:-1\" \/>\n<link rel=\"canonical\" href=\"https:\/\/aehg-laplata.org.ar\/nueva\/la-aehg-la-plata-presente-en-la-inauguracion-de-la-nueva-sede-del-club-tricolores\/\" \/>\n<meta property=\"og:locale\" content=\"es_ES\" \/>\n<meta property=\"og:type\" content=\"article\" \/>\n<meta property=\"og:title\" content=\"La AEHG La Plata presente en la inauguraci\u00f3n de la nueva sede del Club Tricolores - AEHG La Plata\" \/>\n<meta property=\"og:description\" content=\"[vc_row][vc_column][vc_column_text] La AEHG La Plata presente en la inauguraci\u00f3n de la nueva sede del Club Tricolores [\/vc_column_text][\/vc_column][\/vc_row][vc_row][vc_column css=&#8221;.vc_custom_1457772902902{margin-top: -10px !important;}&#8221;][vc_column_text]Acompa\u00f1ando...\" \/>\n<meta property=\"og:url\" content=\"https:\/\/aehg-laplata.org.ar\/nueva\/la-aehg-la-plata-presente-en-la-inauguracion-de-la-nueva-sede-del-club-tricolores\/\" \/>\n<meta property=\"og:site_name\" content=\"AEHG La Plata\" \/>\n<meta property=\"article:publisher\" content=\"https:\/\/www.facebook.com\/AehgLaPlataOK\/\" \/>\n<meta property=\"article:published_time\" content=\"2025-10-06T17:07:22+00:00\" \/>\n<meta property=\"og:image\" content=\"https:\/\/aehg-laplata.org.ar\/nueva\/wp-content\/uploads\/La-AEHG-La-Plata-presente-en-la-inauguracion-de-la-nueva-sede-del-Club-Tricolores.jpg\" \/>\n\t<meta property=\"og:image:width\" content=\"1920\" \/>\n\t<meta property=\"og:image:height\" content=\"1080\" \/>\n<meta name=\"twitter:card\" content=\"summary_large_image\" \/>\n<meta name=\"twitter:label1\" content=\"Escrito por\" \/>\n\t<meta name=\"twitter:data1\" content=\"ftosti\" \/>\n\t<meta name=\"twitter:label2\" content=\"Tiempo de lectura\" \/>\n\t<meta name=\"twitter:data2\" content=\"2 minutos\" \/>\n<script type=\"application\/ld+json\" class=\"yoast-schema-graph\">{\"@context\":\"https:\/\/schema.org\",\"@graph\":[{\"@type\":\"WebSite\",\"@id\":\"https:\/\/aehg-laplata.org.ar\/nueva\/#website\",\"url\":\"https:\/\/aehg-laplata.org.ar\/nueva\/\",\"name\":\"AEHG La Plata\",\"description\":\"\",\"potentialAction\":[{\"@type\":\"SearchAction\",\"target\":{\"@type\":\"EntryPoint\",\"urlTemplate\":\"https:\/\/aehg-laplata.org.ar\/nueva\/?s={search_term_string}\"},\"query-input\":\"required name=search_term_string\"}],\"inLanguage\":\"es-AR\"},{\"@type\":\"ImageObject\",\"@id\":\"https:\/\/aehg-laplata.org.ar\/nueva\/la-aehg-la-plata-presente-en-la-inauguracion-de-la-nueva-sede-del-club-tricolores\/#primaryimage\",\"inLanguage\":\"es-AR\",\"url\":\"https:\/\/aehg-laplata.org.ar\/nueva\/wp-content\/uploads\/La-AEHG-La-Plata-presente-en-la-inauguracion-de-la-nueva-sede-del-Club-Tricolores.jpg\",\"contentUrl\":\"https:\/\/aehg-laplata.org.ar\/nueva\/wp-content\/uploads\/La-AEHG-La-Plata-presente-en-la-inauguracion-de-la-nueva-sede-del-Club-Tricolores.jpg\",\"width\":1920,\"height\":1080},{\"@type\":\"WebPage\",\"@id\":\"https:\/\/aehg-laplata.org.ar\/nueva\/la-aehg-la-plata-presente-en-la-inauguracion-de-la-nueva-sede-del-club-tricolores\/#webpage\",\"url\":\"https:\/\/aehg-laplata.org.ar\/nueva\/la-aehg-la-plata-presente-en-la-inauguracion-de-la-nueva-sede-del-club-tricolores\/\",\"name\":\"La AEHG La Plata presente en la inauguraci\\u00f3n de la nueva sede del Club Tricolores - AEHG La Plata\",\"isPartOf\":{\"@id\":\"https:\/\/aehg-laplata.org.ar\/nueva\/#website\"},\"primaryImageOfPage\":{\"@id\":\"https:\/\/aehg-laplata.org.ar\/nueva\/la-aehg-la-plata-presente-en-la-inauguracion-de-la-nueva-sede-del-club-tricolores\/#primaryimage\"},\"datePublished\":\"2025-10-06T17:07:22+00:00\",\"dateModified\":\"2025-10-06T17:07:22+00:00\",\"author\":{\"@id\":\"https:\/\/aehg-laplata.org.ar\/nueva\/#\/schema\/person\/7f7b2f53bda3353446a1e6bfb4837e14\"},\"breadcrumb\":{\"@id\":\"https:\/\/aehg-laplata.org.ar\/nueva\/la-aehg-la-plata-presente-en-la-inauguracion-de-la-nueva-sede-del-club-tricolores\/#breadcrumb\"},\"inLanguage\":\"es-AR\",\"potentialAction\":[{\"@type\":\"ReadAction\",\"target\":[\"https:\/\/aehg-laplata.org.ar\/nueva\/la-aehg-la-plata-presente-en-la-inauguracion-de-la-nueva-sede-del-club-tricolores\/\"]}]},{\"@type\":\"BreadcrumbList\",\"@id\":\"https:\/\/aehg-laplata.org.ar\/nueva\/la-aehg-la-plata-presente-en-la-inauguracion-de-la-nueva-sede-del-club-tricolores\/#breadcrumb\",\"itemListElement\":[{\"@type\":\"ListItem\",\"position\":1,\"name\":\"Inicio\",\"item\":\"https:\/\/aehg-laplata.org.ar\/nueva\/\"},{\"@type\":\"ListItem\",\"position\":2,\"name\":\"La AEHG La Plata presente en la inauguraci\\u00f3n de la nueva sede del Club Tricolores\"}]},{\"@type\":\"Person\",\"@id\":\"https:\/\/aehg-laplata.org.ar\/nueva\/#\/schema\/person\/7f7b2f53bda3353446a1e6bfb4837e14\",\"name\":\"ftosti\",\"image\":{\"@type\":\"ImageObject\",\"@id\":\"https:\/\/aehg-laplata.org.ar\/nueva\/#personlogo\",\"inLanguage\":\"es-AR\",\"url\":\"https:\/\/secure.gravatar.com\/avatar\/602f4beec51ba7ffdca86e4faf5d039c?s=96&d=mm&r=g\",\"contentUrl\":\"https:\/\/secure.gravatar.com\/avatar\/602f4beec51ba7ffdca86e4faf5d039c?s=96&d=mm&r=g\",\"caption\":\"ftosti\"},\"url\":\"https:\/\/aehg-laplata.org.ar\/nueva\/author\/ftosti\/\"}]}<\/script>\n<!-- \/ Yoast SEO plugin. -->","yoast_head_json":{"title":"La AEHG La Plata presente en la inauguraci\u00f3n de la nueva sede del Club Tricolores - AEHG La Plata","robots":{"index":"index","follow":"follow","max-snippet":"max-snippet:-1","max-image-preview":"max-image-preview:large","max-video-preview":"max-video-preview:-1"},"canonical":"https:\/\/aehg-laplata.org.ar\/nueva\/la-aehg-la-plata-presente-en-la-inauguracion-de-la-nueva-sede-del-club-tricolores\/","og_locale":"es_ES","og_type":"article","og_title":"La AEHG La Plata presente en la inauguraci\u00f3n de la nueva sede del Club Tricolores - AEHG La Plata","og_description":"[vc_row][vc_column][vc_column_text] La AEHG La Plata presente en la inauguraci\u00f3n de la nueva sede del Club Tricolores [\/vc_column_text][\/vc_column][\/vc_row][vc_row][vc_column css=&#8221;.vc_custom_1457772902902{margin-top: -10px !important;}&#8221;][vc_column_text]Acompa\u00f1ando...","og_url":"https:\/\/aehg-laplata.org.ar\/nueva\/la-aehg-la-plata-presente-en-la-inauguracion-de-la-nueva-sede-del-club-tricolores\/","og_site_name":"AEHG La Plata","article_publisher":"https:\/\/www.facebook.com\/AehgLaPlataOK\/","article_published_time":"2025-10-06T17:07:22+00:00","og_image":[{"width":1920,"height":1080,"url":"https:\/\/aehg-laplata.org.ar\/nueva\/wp-content\/uploads\/La-AEHG-La-Plata-presente-en-la-inauguracion-de-la-nueva-sede-del-Club-Tricolores.jpg","path":"\/home\/c1070183\/public_html\/nueva\/wp-content\/uploads\/La-AEHG-La-Plata-presente-en-la-inauguracion-de-la-nueva-sede-del-Club-Tricolores.jpg","size":"full","id":2585,"alt":"","pixels":2073600,"type":"image\/jpeg"}],"twitter_card":"summary_large_image","twitter_misc":{"Escrito por":"ftosti","Tiempo de lectura":"2 minutos"},"schema":{"@context":"https:\/\/schema.org","@graph":[{"@type":"WebSite","@id":"https:\/\/aehg-laplata.org.ar\/nueva\/#website","url":"https:\/\/aehg-laplata.org.ar\/nueva\/","name":"AEHG La Plata","description":"","potentialAction":[{"@type":"SearchAction","target":{"@type":"EntryPoint","urlTemplate":"https:\/\/aehg-laplata.org.ar\/nueva\/?s={search_term_string}"},"query-input":"required name=search_term_string"}],"inLanguage":"es-AR"},{"@type":"ImageObject","@id":"https:\/\/aehg-laplata.org.ar\/nueva\/la-aehg-la-plata-presente-en-la-inauguracion-de-la-nueva-sede-del-club-tricolores\/#primaryimage","inLanguage":"es-AR","url":"https:\/\/aehg-laplata.org.ar\/nueva\/wp-content\/uploads\/La-AEHG-La-Plata-presente-en-la-inauguracion-de-la-nueva-sede-del-Club-Tricolores.jpg","contentUrl":"https:\/\/aehg-laplata.org.ar\/nueva\/wp-content\/uploads\/La-AEHG-La-Plata-presente-en-la-inauguracion-de-la-nueva-sede-del-Club-Tricolores.jpg","width":1920,"height":1080},{"@type":"WebPage","@id":"https:\/\/aehg-laplata.org.ar\/nueva\/la-aehg-la-plata-presente-en-la-inauguracion-de-la-nueva-sede-del-club-tricolores\/#webpage","url":"https:\/\/aehg-laplata.org.ar\/nueva\/la-aehg-la-plata-presente-en-la-inauguracion-de-la-nueva-sede-del-club-tricolores\/","name":"La AEHG La Plata presente en la inauguraci\u00f3n de la nueva sede del Club Tricolores - AEHG La Plata","isPartOf":{"@id":"https:\/\/aehg-laplata.org.ar\/nueva\/#website"},"primaryImageOfPage":{"@id":"https:\/\/aehg-laplata.org.ar\/nueva\/la-aehg-la-plata-presente-en-la-inauguracion-de-la-nueva-sede-del-club-tricolores\/#primaryimage"},"datePublished":"2025-10-06T17:07:22+00:00","dateModified":"2025-10-06T17:07:22+00:00","author":{"@id":"https:\/\/aehg-laplata.org.ar\/nueva\/#\/schema\/person\/7f7b2f53bda3353446a1e6bfb4837e14"},"breadcrumb":{"@id":"https:\/\/aehg-laplata.org.ar\/nueva\/la-aehg-la-plata-presente-en-la-inauguracion-de-la-nueva-sede-del-club-tricolores\/#breadcrumb"},"inLanguage":"es-AR","potentialAction":[{"@type":"ReadAction","target":["https:\/\/aehg-laplata.org.ar\/nueva\/la-aehg-la-plata-presente-en-la-inauguracion-de-la-nueva-sede-del-club-tricolores\/"]}]},{"@type":"BreadcrumbList","@id":"https:\/\/aehg-laplata.org.ar\/nueva\/la-aehg-la-plata-presente-en-la-inauguracion-de-la-nueva-sede-del-club-tricolores\/#breadcrumb","itemListElement":[{"@type":"ListItem","position":1,"name":"Inicio","item":"https:\/\/aehg-laplata.org.ar\/nueva\/"},{"@type":"ListItem","position":2,"name":"La AEHG La Plata presente en la inauguraci\u00f3n de la nueva sede del Club Tricolores"}]},{"@type":"Person","@id":"https:\/\/aehg-laplata.org.ar\/nueva\/#\/schema\/person\/7f7b2f53bda3353446a1e6bfb4837e14","name":"ftosti","image":{"@type":"ImageObject","@id":"https:\/\/aehg-laplata.org.ar\/nueva\/#personlogo","inLanguage":"es-AR","url":"https:\/\/secure.gravatar.com\/avatar\/602f4beec51ba7ffdca86e4faf5d039c?s=96&d=mm&r=g","contentUrl":"https:\/\/secure.gravatar.com\/avatar\/602f4beec51ba7ffdca86e4faf5d039c?s=96&d=mm&r=g","caption":"ftosti"},"url":"https:\/\/aehg-laplata.org.ar\/nueva\/author\/ftosti\/"}]}},"_links":{"self":[{"href":"https:\/\/aehg-laplata.org.ar\/nueva\/wp-json\/wp\/v2\/posts\/2587"}],"collection":[{"href":"https:\/\/aehg-laplata.org.ar\/nueva\/wp-json\/wp\/v2\/posts"}],"about":[{"href":"https:\/\/aehg-laplata.org.ar\/nueva\/wp-json\/wp\/v2\/types\/post"}],"author":[{"embeddable":true,"href":"https:\/\/aehg-laplata.org.ar\/nueva\/wp-json\/wp\/v2\/users\/1"}],"replies":[{"embeddable":true,"href":"https:\/\/aehg-laplata.org.ar\/nueva\/wp-json\/wp\/v2\/comments?post=2587"}],"version-history":[{"count":1,"href":"https:\/\/aehg-laplata.org.ar\/nueva\/wp-json\/wp\/v2\/posts\/2587\/revisions"}],"predecessor-version":[{"id":2588,"href":"https:\/\/aehg-laplata.org.ar\/nueva\/wp-json\/wp\/v2\/posts\/2587\/revisions\/2588"}],"wp:featuredmedia":[{"embeddable":true,"href":"https:\/\/aehg-laplata.org.ar\/nueva\/wp-json\/wp\/v2\/media\/2585"}],"wp:attachment":[{"href":"https:\/\/aehg-laplata.org.ar\/nueva\/wp-json\/wp\/v2\/media?parent=2587"}],"wp:term":[{"taxonomy":"category","embeddable":true,"href":"https:\/\/aehg-laplata.org.ar\/nueva\/wp-json\/wp\/v2\/categories?post=2587"},{"taxonomy":"post_tag","embeddable":true,"href":"https:\/\/aehg-laplata.org.ar\/nueva\/wp-json\/wp\/v2\/tags?post=2587"}],"curies":[{"name":"wp","href":"https:\/\/api.w.org\/{rel}","templated":true}]}}