{"id":2577,"date":"2025-09-30T14:22:25","date_gmt":"2025-09-30T17:22:25","guid":{"rendered":"https:\/\/aehg-laplata.org.ar\/nueva\/?p=2577"},"modified":"2025-09-30T14:22:25","modified_gmt":"2025-09-30T17:22:25","slug":"la-aehg-la-plata-presente-en-la-firma-de-convenios-estrategicos-en-fit-2025","status":"publish","type":"post","link":"https:\/\/aehg-laplata.org.ar\/nueva\/la-aehg-la-plata-presente-en-la-firma-de-convenios-estrategicos-en-fit-2025\/","title":{"rendered":"La AEHG La Plata presente en la firma de convenios estrat\u00e9gicos en FIT 2025"},"content":{"rendered":"<p>[vc_row][vc_column][vc_column_text]<\/p>\n<h3 class=\"entry-title\">La AEHG La Plata presente en la firma de convenios estrat\u00e9gicos en FIT 2025<\/h3>\n<p>[\/vc_column_text][\/vc_column][\/vc_row][vc_row][vc_column css=&#8221;.vc_custom_1457772902902{margin-top: -10px !important;}&#8221;][vc_column_text]<em>La AEHG La Plata acompa\u00f1a iniciativas que impulsan la formaci\u00f3n, la diversidad y el turismo de reuniones en la ciudad.<\/em>[\/vc_column_text][\/vc_column][\/vc_row][vc_row equal_height=&#8221;yes&#8221;][vc_column][vc_single_image image=&#8221;2578&#8243; img_size=&#8221;full&#8221; onclick=&#8221;link_image&#8221;][\/vc_column][\/vc_row][vc_row][vc_column css=&#8221;.vc_custom_1457772902902{margin-top: -10px !important;}&#8221;][vc_column_text]En el marco de la Feria Internacional de Turismo (FIT), el presidente de la Asociaci\u00f3n Empresaria Hotelera, Gastron\u00f3mica y Pastelera de La Plata y vicepresidente de FEHGRA, Claudio N. Aguilar, acompa\u00f1\u00f3 al presidente del Ente Municipal de Turismo de La Plata (EMATUR), Uriel Charne, en la firma de convenios trascendentes para el fortalecimiento del desarrollo tur\u00edstico de la ciudad.<\/p>\n<p>Los acuerdos rubricados incluyeron a Universitas, para la implementaci\u00f3n de un programa de pasant\u00edas formativas que acercar\u00e1 a los estudiantes al mundo laboral del turismo y la gastronom\u00eda; y a la C\u00e1mara de Comercio LGBTQ+ Argentina, con quien se coordinar\u00e1n acciones inclusivas y de sensibilizaci\u00f3n para promover un turismo diverso e integrador.<\/p>\n<p>En tanto, el convenio con la Asociaci\u00f3n de Organizadores y Proveedores de Exposiciones, Congresos, Ferias y Eventos (AOCA) constituye un paso estrat\u00e9gico de gran importancia para La Plata. El acuerdo busca fortalecer el posicionamiento de la ciudad dentro del segmento MICE (Meetings, Incentives, Conferences &amp; Exhibitions), fomentando la captaci\u00f3n de congresos, ferias y exposiciones nacionales e internacionales. Este tipo de iniciativas no solo generan un fuerte impacto econ\u00f3mico por el movimiento de visitantes, sino que tambi\u00e9n potencian la hoteler\u00eda, la gastronom\u00eda, el transporte y los servicios complementarios, consolidando a La Plata como sede de referencia para el turismo de reuniones y eventos.<\/p>\n<p>De esta manera, la AEHG La Plata reafirma su compromiso con la articulaci\u00f3n p\u00fablico\u2013privada y con la participaci\u00f3n activa en iniciativas que apuntan al crecimiento tur\u00edstico sostenible, posicionando a la ciudad y a la regi\u00f3n en el mapa del turismo nacional e internacional y destacando el rol del sector como motor de desarrollo econ\u00f3mico, social y cultural.[\/vc_column_text][\/vc_column][\/vc_row][vc_row equal_height=&#8221;yes&#8221;][vc_column width=&#8221;1\/3&#8243;][vc_single_image image=&#8221;2579&#8243; img_size=&#8221;full&#8221; onclick=&#8221;link_image&#8221;][\/vc_column][vc_column width=&#8221;1\/3&#8243;][vc_single_image image=&#8221;2580&#8243; img_size=&#8221;full&#8221; onclick=&#8221;link_image&#8221;][\/vc_column][vc_column width=&#8221;1\/3&#8243;][vc_single_image image=&#8221;2581&#8243; img_size=&#8221;full&#8221; onclick=&#8221;link_image&#8221;][\/vc_column][\/vc_row]<\/p>\n","protected":false},"excerpt":{"rendered":"<p>[vc_row][vc_column][vc_column_text] La AEHG La Plata presente en la firma de convenios estrat\u00e9gicos en FIT 2025 [\/vc_column_text][\/vc_column][\/vc_row][vc_row][vc_column css=&#8221;.vc_custom_1457772902902{margin-top: -10px !important;}&#8221;][vc_column_text]La AEHG&#8230;<\/p>\n","protected":false},"author":1,"featured_media":2578,"comment_status":"closed","ping_status":"closed","sticky":false,"template":"","format":"standard","meta":[],"categories":[4],"tags":[],"yoast_head":"<!-- This site is optimized with the Yoast SEO plugin v17.2.1 - https:\/\/yoast.com\/wordpress\/plugins\/seo\/ -->\n<title>La AEHG La Plata presente en la firma de convenios estrat\u00e9gicos en FIT 2025 - AEHG La Plata<\/title>\n<meta name=\"robots\" content=\"index, follow, max-snippet:-1, max-image-preview:large, max-video-preview:-1\" \/>\n<link rel=\"canonical\" href=\"https:\/\/aehg-laplata.org.ar\/nueva\/la-aehg-la-plata-presente-en-la-firma-de-convenios-estrategicos-en-fit-2025\/\" \/>\n<meta property=\"og:locale\" content=\"es_ES\" \/>\n<meta property=\"og:type\" content=\"article\" \/>\n<meta property=\"og:title\" content=\"La AEHG La Plata presente en la firma de convenios estrat\u00e9gicos en FIT 2025 - AEHG La Plata\" \/>\n<meta property=\"og:description\" content=\"[vc_row][vc_column][vc_column_text] La AEHG La Plata presente en la firma de convenios estrat\u00e9gicos en FIT 2025 [\/vc_column_text][\/vc_column][\/vc_row][vc_row][vc_column css=&#8221;.vc_custom_1457772902902{margin-top: -10px !important;}&#8221;][vc_column_text]La AEHG...\" \/>\n<meta property=\"og:url\" content=\"https:\/\/aehg-laplata.org.ar\/nueva\/la-aehg-la-plata-presente-en-la-firma-de-convenios-estrategicos-en-fit-2025\/\" \/>\n<meta property=\"og:site_name\" content=\"AEHG La Plata\" \/>\n<meta property=\"article:publisher\" content=\"https:\/\/www.facebook.com\/AehgLaPlataOK\/\" \/>\n<meta property=\"article:published_time\" content=\"2025-09-30T17:22:25+00:00\" \/>\n<meta property=\"og:image\" content=\"https:\/\/aehg-laplata.org.ar\/nueva\/wp-content\/uploads\/La-AEHG-La-Plata-presente-en-la-firma-de-convenios-estrategicos-en-FIT-2025-1.jpg\" \/>\n\t<meta property=\"og:image:width\" content=\"1620\" \/>\n\t<meta property=\"og:image:height\" content=\"1080\" \/>\n<meta name=\"twitter:card\" content=\"summary_large_image\" \/>\n<meta name=\"twitter:label1\" content=\"Escrito por\" \/>\n\t<meta name=\"twitter:data1\" content=\"ftosti\" \/>\n\t<meta name=\"twitter:label2\" content=\"Tiempo de lectura\" \/>\n\t<meta name=\"twitter:data2\" content=\"2 minutos\" \/>\n<script type=\"application\/ld+json\" class=\"yoast-schema-graph\">{\"@context\":\"https:\/\/schema.org\",\"@graph\":[{\"@type\":\"WebSite\",\"@id\":\"https:\/\/aehg-laplata.org.ar\/nueva\/#website\",\"url\":\"https:\/\/aehg-laplata.org.ar\/nueva\/\",\"name\":\"AEHG La Plata\",\"description\":\"\",\"potentialAction\":[{\"@type\":\"SearchAction\",\"target\":{\"@type\":\"EntryPoint\",\"urlTemplate\":\"https:\/\/aehg-laplata.org.ar\/nueva\/?s={search_term_string}\"},\"query-input\":\"required name=search_term_string\"}],\"inLanguage\":\"es-AR\"},{\"@type\":\"ImageObject\",\"@id\":\"https:\/\/aehg-laplata.org.ar\/nueva\/la-aehg-la-plata-presente-en-la-firma-de-convenios-estrategicos-en-fit-2025\/#primaryimage\",\"inLanguage\":\"es-AR\",\"url\":\"https:\/\/aehg-laplata.org.ar\/nueva\/wp-content\/uploads\/La-AEHG-La-Plata-presente-en-la-firma-de-convenios-estrategicos-en-FIT-2025-1.jpg\",\"contentUrl\":\"https:\/\/aehg-laplata.org.ar\/nueva\/wp-content\/uploads\/La-AEHG-La-Plata-presente-en-la-firma-de-convenios-estrategicos-en-FIT-2025-1.jpg\",\"width\":1620,\"height\":1080},{\"@type\":\"WebPage\",\"@id\":\"https:\/\/aehg-laplata.org.ar\/nueva\/la-aehg-la-plata-presente-en-la-firma-de-convenios-estrategicos-en-fit-2025\/#webpage\",\"url\":\"https:\/\/aehg-laplata.org.ar\/nueva\/la-aehg-la-plata-presente-en-la-firma-de-convenios-estrategicos-en-fit-2025\/\",\"name\":\"La AEHG La Plata presente en la firma de convenios estrat\\u00e9gicos en FIT 2025 - AEHG La Plata\",\"isPartOf\":{\"@id\":\"https:\/\/aehg-laplata.org.ar\/nueva\/#website\"},\"primaryImageOfPage\":{\"@id\":\"https:\/\/aehg-laplata.org.ar\/nueva\/la-aehg-la-plata-presente-en-la-firma-de-convenios-estrategicos-en-fit-2025\/#primaryimage\"},\"datePublished\":\"2025-09-30T17:22:25+00:00\",\"dateModified\":\"2025-09-30T17:22:25+00:00\",\"author\":{\"@id\":\"https:\/\/aehg-laplata.org.ar\/nueva\/#\/schema\/person\/7f7b2f53bda3353446a1e6bfb4837e14\"},\"breadcrumb\":{\"@id\":\"https:\/\/aehg-laplata.org.ar\/nueva\/la-aehg-la-plata-presente-en-la-firma-de-convenios-estrategicos-en-fit-2025\/#breadcrumb\"},\"inLanguage\":\"es-AR\",\"potentialAction\":[{\"@type\":\"ReadAction\",\"target\":[\"https:\/\/aehg-laplata.org.ar\/nueva\/la-aehg-la-plata-presente-en-la-firma-de-convenios-estrategicos-en-fit-2025\/\"]}]},{\"@type\":\"BreadcrumbList\",\"@id\":\"https:\/\/aehg-laplata.org.ar\/nueva\/la-aehg-la-plata-presente-en-la-firma-de-convenios-estrategicos-en-fit-2025\/#breadcrumb\",\"itemListElement\":[{\"@type\":\"ListItem\",\"position\":1,\"name\":\"Inicio\",\"item\":\"https:\/\/aehg-laplata.org.ar\/nueva\/\"},{\"@type\":\"ListItem\",\"position\":2,\"name\":\"La AEHG La Plata presente en la firma de convenios estrat\\u00e9gicos en FIT 2025\"}]},{\"@type\":\"Person\",\"@id\":\"https:\/\/aehg-laplata.org.ar\/nueva\/#\/schema\/person\/7f7b2f53bda3353446a1e6bfb4837e14\",\"name\":\"ftosti\",\"image\":{\"@type\":\"ImageObject\",\"@id\":\"https:\/\/aehg-laplata.org.ar\/nueva\/#personlogo\",\"inLanguage\":\"es-AR\",\"url\":\"https:\/\/secure.gravatar.com\/avatar\/602f4beec51ba7ffdca86e4faf5d039c?s=96&d=mm&r=g\",\"contentUrl\":\"https:\/\/secure.gravatar.com\/avatar\/602f4beec51ba7ffdca86e4faf5d039c?s=96&d=mm&r=g\",\"caption\":\"ftosti\"},\"url\":\"https:\/\/aehg-laplata.org.ar\/nueva\/author\/ftosti\/\"}]}<\/script>\n<!-- \/ Yoast SEO plugin. -->","yoast_head_json":{"title":"La AEHG La Plata presente en la firma de convenios estrat\u00e9gicos en FIT 2025 - AEHG La Plata","robots":{"index":"index","follow":"follow","max-snippet":"max-snippet:-1","max-image-preview":"max-image-preview:large","max-video-preview":"max-video-preview:-1"},"canonical":"https:\/\/aehg-laplata.org.ar\/nueva\/la-aehg-la-plata-presente-en-la-firma-de-convenios-estrategicos-en-fit-2025\/","og_locale":"es_ES","og_type":"article","og_title":"La AEHG La Plata presente en la firma de convenios estrat\u00e9gicos en FIT 2025 - AEHG La Plata","og_description":"[vc_row][vc_column][vc_column_text] La AEHG La Plata presente en la firma de convenios estrat\u00e9gicos en FIT 2025 [\/vc_column_text][\/vc_column][\/vc_row][vc_row][vc_column css=&#8221;.vc_custom_1457772902902{margin-top: -10px !important;}&#8221;][vc_column_text]La AEHG...","og_url":"https:\/\/aehg-laplata.org.ar\/nueva\/la-aehg-la-plata-presente-en-la-firma-de-convenios-estrategicos-en-fit-2025\/","og_site_name":"AEHG La Plata","article_publisher":"https:\/\/www.facebook.com\/AehgLaPlataOK\/","article_published_time":"2025-09-30T17:22:25+00:00","og_image":[{"width":1620,"height":1080,"url":"https:\/\/aehg-laplata.org.ar\/nueva\/wp-content\/uploads\/La-AEHG-La-Plata-presente-en-la-firma-de-convenios-estrategicos-en-FIT-2025-1.jpg","path":"\/home\/c1070183\/public_html\/nueva\/wp-content\/uploads\/La-AEHG-La-Plata-presente-en-la-firma-de-convenios-estrategicos-en-FIT-2025-1.jpg","size":"full","id":2578,"alt":"","pixels":1749600,"type":"image\/jpeg"}],"twitter_card":"summary_large_image","twitter_misc":{"Escrito por":"ftosti","Tiempo de lectura":"2 minutos"},"schema":{"@context":"https:\/\/schema.org","@graph":[{"@type":"WebSite","@id":"https:\/\/aehg-laplata.org.ar\/nueva\/#website","url":"https:\/\/aehg-laplata.org.ar\/nueva\/","name":"AEHG La Plata","description":"","potentialAction":[{"@type":"SearchAction","target":{"@type":"EntryPoint","urlTemplate":"https:\/\/aehg-laplata.org.ar\/nueva\/?s={search_term_string}"},"query-input":"required name=search_term_string"}],"inLanguage":"es-AR"},{"@type":"ImageObject","@id":"https:\/\/aehg-laplata.org.ar\/nueva\/la-aehg-la-plata-presente-en-la-firma-de-convenios-estrategicos-en-fit-2025\/#primaryimage","inLanguage":"es-AR","url":"https:\/\/aehg-laplata.org.ar\/nueva\/wp-content\/uploads\/La-AEHG-La-Plata-presente-en-la-firma-de-convenios-estrategicos-en-FIT-2025-1.jpg","contentUrl":"https:\/\/aehg-laplata.org.ar\/nueva\/wp-content\/uploads\/La-AEHG-La-Plata-presente-en-la-firma-de-convenios-estrategicos-en-FIT-2025-1.jpg","width":1620,"height":1080},{"@type":"WebPage","@id":"https:\/\/aehg-laplata.org.ar\/nueva\/la-aehg-la-plata-presente-en-la-firma-de-convenios-estrategicos-en-fit-2025\/#webpage","url":"https:\/\/aehg-laplata.org.ar\/nueva\/la-aehg-la-plata-presente-en-la-firma-de-convenios-estrategicos-en-fit-2025\/","name":"La AEHG La Plata presente en la firma de convenios estrat\u00e9gicos en FIT 2025 - AEHG La Plata","isPartOf":{"@id":"https:\/\/aehg-laplata.org.ar\/nueva\/#website"},"primaryImageOfPage":{"@id":"https:\/\/aehg-laplata.org.ar\/nueva\/la-aehg-la-plata-presente-en-la-firma-de-convenios-estrategicos-en-fit-2025\/#primaryimage"},"datePublished":"2025-09-30T17:22:25+00:00","dateModified":"2025-09-30T17:22:25+00:00","author":{"@id":"https:\/\/aehg-laplata.org.ar\/nueva\/#\/schema\/person\/7f7b2f53bda3353446a1e6bfb4837e14"},"breadcrumb":{"@id":"https:\/\/aehg-laplata.org.ar\/nueva\/la-aehg-la-plata-presente-en-la-firma-de-convenios-estrategicos-en-fit-2025\/#breadcrumb"},"inLanguage":"es-AR","potentialAction":[{"@type":"ReadAction","target":["https:\/\/aehg-laplata.org.ar\/nueva\/la-aehg-la-plata-presente-en-la-firma-de-convenios-estrategicos-en-fit-2025\/"]}]},{"@type":"BreadcrumbList","@id":"https:\/\/aehg-laplata.org.ar\/nueva\/la-aehg-la-plata-presente-en-la-firma-de-convenios-estrategicos-en-fit-2025\/#breadcrumb","itemListElement":[{"@type":"ListItem","position":1,"name":"Inicio","item":"https:\/\/aehg-laplata.org.ar\/nueva\/"},{"@type":"ListItem","position":2,"name":"La AEHG La Plata presente en la firma de convenios estrat\u00e9gicos en FIT 2025"}]},{"@type":"Person","@id":"https:\/\/aehg-laplata.org.ar\/nueva\/#\/schema\/person\/7f7b2f53bda3353446a1e6bfb4837e14","name":"ftosti","image":{"@type":"ImageObject","@id":"https:\/\/aehg-laplata.org.ar\/nueva\/#personlogo","inLanguage":"es-AR","url":"https:\/\/secure.gravatar.com\/avatar\/602f4beec51ba7ffdca86e4faf5d039c?s=96&d=mm&r=g","contentUrl":"https:\/\/secure.gravatar.com\/avatar\/602f4beec51ba7ffdca86e4faf5d039c?s=96&d=mm&r=g","caption":"ftosti"},"url":"https:\/\/aehg-laplata.org.ar\/nueva\/author\/ftosti\/"}]}},"_links":{"self":[{"href":"https:\/\/aehg-laplata.org.ar\/nueva\/wp-json\/wp\/v2\/posts\/2577"}],"collection":[{"href":"https:\/\/aehg-laplata.org.ar\/nueva\/wp-json\/wp\/v2\/posts"}],"about":[{"href":"https:\/\/aehg-laplata.org.ar\/nueva\/wp-json\/wp\/v2\/types\/post"}],"author":[{"embeddable":true,"href":"https:\/\/aehg-laplata.org.ar\/nueva\/wp-json\/wp\/v2\/users\/1"}],"replies":[{"embeddable":true,"href":"https:\/\/aehg-laplata.org.ar\/nueva\/wp-json\/wp\/v2\/comments?post=2577"}],"version-history":[{"count":2,"href":"https:\/\/aehg-laplata.org.ar\/nueva\/wp-json\/wp\/v2\/posts\/2577\/revisions"}],"predecessor-version":[{"id":2586,"href":"https:\/\/aehg-laplata.org.ar\/nueva\/wp-json\/wp\/v2\/posts\/2577\/revisions\/2586"}],"wp:featuredmedia":[{"embeddable":true,"href":"https:\/\/aehg-laplata.org.ar\/nueva\/wp-json\/wp\/v2\/media\/2578"}],"wp:attachment":[{"href":"https:\/\/aehg-laplata.org.ar\/nueva\/wp-json\/wp\/v2\/media?parent=2577"}],"wp:term":[{"taxonomy":"category","embeddable":true,"href":"https:\/\/aehg-laplata.org.ar\/nueva\/wp-json\/wp\/v2\/categories?post=2577"},{"taxonomy":"post_tag","embeddable":true,"href":"https:\/\/aehg-laplata.org.ar\/nueva\/wp-json\/wp\/v2\/tags?post=2577"}],"curies":[{"name":"wp","href":"https:\/\/api.w.org\/{rel}","templated":true}]}}