{"id":2574,"date":"2025-09-30T13:17:02","date_gmt":"2025-09-30T16:17:02","guid":{"rendered":"https:\/\/aehg-laplata.org.ar\/nueva\/?p=2574"},"modified":"2025-09-30T13:17:02","modified_gmt":"2025-09-30T16:17:02","slug":"aehg-la-plata-fit-2025-espacio-estrategico-de-negocios-y-turismo-internacional","status":"publish","type":"post","link":"https:\/\/aehg-laplata.org.ar\/nueva\/aehg-la-plata-fit-2025-espacio-estrategico-de-negocios-y-turismo-internacional\/","title":{"rendered":"AEHG La Plata: FIT 2025, espacio estrat\u00e9gico de negocios y turismo internacional"},"content":{"rendered":"<p>[vc_row][vc_column][vc_column_text]<\/p>\n<h3 class=\"entry-title\">AEHG La Plata: FIT 2025, espacio estrat\u00e9gico de negocios y turismo internacional<\/h3>\n<p>[\/vc_column_text][\/vc_column][\/vc_row][vc_row][vc_column css=&#8221;.vc_custom_1457772902902{margin-top: -10px !important;}&#8221;][vc_column_text]<em>Punto de encuentro clave para el turismo nacional e internacional, consolidando a Argentina como protagonista en la agenda tur\u00edstica global.<\/em>[\/vc_column_text][\/vc_column][\/vc_row][vc_row equal_height=&#8221;yes&#8221;][vc_column][vc_single_image image=&#8221;2575&#8243; img_size=&#8221;full&#8221; onclick=&#8221;link_image&#8221;][\/vc_column][\/vc_row][vc_row][vc_column css=&#8221;.vc_custom_1457772902902{margin-top: -10px !important;}&#8221;][vc_column_text]El vicepresidente de FEHGRA y presidente de la AEHG La Plata, <strong>Claudio N. Aguilar<\/strong>, particip\u00f3 del acto de apertura oficial de la <strong>Feria Internacional de Turismo de Am\u00e9rica Latina (FIT)<\/strong>, acompa\u00f1ado por los miembros de la Comisi\u00f3n Directiva <strong>Vicente Morgillo, Daniel Beninati y Dionisio Demattei<\/strong>. La ceremonia fue encabezada por el Presidente de la Naci\u00f3n, <strong>Javier Milei<\/strong>, junto a autoridades nacionales e internacionales como <strong>Daniel Scioli<\/strong>, <strong>Patricia Bullrich<\/strong> y la secretaria General electa de <strong>ONU Turismo<\/strong>.<\/p>\n<p>La FIT se consolida como uno de los encuentros m\u00e1s importantes del sector, reuniendo a los destinos tur\u00edsticos argentinos y a m\u00e1s de <strong>50 pa\u00edses<\/strong>. Durante la feria se desarrollan actividades estrat\u00e9gicas que fortalecen el v\u00ednculo con empresarios, dirigentes y profesionales, consolidando a la Argentina y a la regi\u00f3n en el <strong>mapa tur\u00edstico internacional<\/strong> y mostrando la diversidad y calidad de la hoteler\u00eda, gastronom\u00eda y servicios tur\u00edsticos del pa\u00eds.<\/p>\n<p>En la inauguraci\u00f3n, el presidente del Banco Naci\u00f3n, <strong>Daniel Tillard<\/strong>, present\u00f3 un programa de beneficios para el turismo y la gastronom\u00eda a trav\u00e9s de <strong>MODO BNA+<\/strong>, con propuestas como cuotas sin inter\u00e9s en agencias, alojamiento, alquiler de autos y transporte de larga distancia; adem\u00e1s de descuentos en gastronom\u00eda, balnearios y productos regionales, impulsando as\u00ed el consumo y la promoci\u00f3n de la actividad en todo el territorio nacional.[\/vc_column_text][\/vc_column][\/vc_row]<\/p>\n","protected":false},"excerpt":{"rendered":"<p>[vc_row][vc_column][vc_column_text] AEHG La Plata: FIT 2025, espacio estrat\u00e9gico de negocios y turismo internacional [\/vc_column_text][\/vc_column][\/vc_row][vc_row][vc_column css=&#8221;.vc_custom_1457772902902{margin-top: -10px !important;}&#8221;][vc_column_text]Punto de encuentro clave&#8230;<\/p>\n","protected":false},"author":1,"featured_media":2575,"comment_status":"closed","ping_status":"closed","sticky":false,"template":"","format":"standard","meta":[],"categories":[4],"tags":[],"yoast_head":"<!-- This site is optimized with the Yoast SEO plugin v17.2.1 - https:\/\/yoast.com\/wordpress\/plugins\/seo\/ -->\n<title>AEHG La Plata: FIT 2025, espacio estrat\u00e9gico de negocios y turismo internacional - AEHG La Plata<\/title>\n<meta name=\"robots\" content=\"index, follow, max-snippet:-1, max-image-preview:large, max-video-preview:-1\" \/>\n<link rel=\"canonical\" href=\"https:\/\/aehg-laplata.org.ar\/nueva\/aehg-la-plata-fit-2025-espacio-estrategico-de-negocios-y-turismo-internacional\/\" \/>\n<meta property=\"og:locale\" content=\"es_ES\" \/>\n<meta property=\"og:type\" content=\"article\" \/>\n<meta property=\"og:title\" content=\"AEHG La Plata: FIT 2025, espacio estrat\u00e9gico de negocios y turismo internacional - AEHG La Plata\" \/>\n<meta property=\"og:description\" content=\"[vc_row][vc_column][vc_column_text] AEHG La Plata: FIT 2025, espacio estrat\u00e9gico de negocios y turismo internacional [\/vc_column_text][\/vc_column][\/vc_row][vc_row][vc_column css=&#8221;.vc_custom_1457772902902{margin-top: -10px !important;}&#8221;][vc_column_text]Punto de encuentro clave...\" \/>\n<meta property=\"og:url\" content=\"https:\/\/aehg-laplata.org.ar\/nueva\/aehg-la-plata-fit-2025-espacio-estrategico-de-negocios-y-turismo-internacional\/\" \/>\n<meta property=\"og:site_name\" content=\"AEHG La Plata\" \/>\n<meta property=\"article:publisher\" content=\"https:\/\/www.facebook.com\/AehgLaPlataOK\/\" \/>\n<meta property=\"article:published_time\" content=\"2025-09-30T16:17:02+00:00\" \/>\n<meta property=\"og:image\" content=\"https:\/\/aehg-laplata.org.ar\/nueva\/wp-content\/uploads\/FIT-2025.jpg\" \/>\n\t<meta property=\"og:image:width\" content=\"889\" \/>\n\t<meta property=\"og:image:height\" content=\"800\" \/>\n<meta name=\"twitter:card\" content=\"summary_large_image\" \/>\n<meta name=\"twitter:label1\" content=\"Escrito por\" \/>\n\t<meta name=\"twitter:data1\" content=\"ftosti\" \/>\n\t<meta name=\"twitter:label2\" content=\"Tiempo de lectura\" \/>\n\t<meta name=\"twitter:data2\" content=\"2 minutos\" \/>\n<script type=\"application\/ld+json\" class=\"yoast-schema-graph\">{\"@context\":\"https:\/\/schema.org\",\"@graph\":[{\"@type\":\"WebSite\",\"@id\":\"https:\/\/aehg-laplata.org.ar\/nueva\/#website\",\"url\":\"https:\/\/aehg-laplata.org.ar\/nueva\/\",\"name\":\"AEHG La Plata\",\"description\":\"\",\"potentialAction\":[{\"@type\":\"SearchAction\",\"target\":{\"@type\":\"EntryPoint\",\"urlTemplate\":\"https:\/\/aehg-laplata.org.ar\/nueva\/?s={search_term_string}\"},\"query-input\":\"required name=search_term_string\"}],\"inLanguage\":\"es-AR\"},{\"@type\":\"ImageObject\",\"@id\":\"https:\/\/aehg-laplata.org.ar\/nueva\/aehg-la-plata-fit-2025-espacio-estrategico-de-negocios-y-turismo-internacional\/#primaryimage\",\"inLanguage\":\"es-AR\",\"url\":\"https:\/\/aehg-laplata.org.ar\/nueva\/wp-content\/uploads\/FIT-2025.jpg\",\"contentUrl\":\"https:\/\/aehg-laplata.org.ar\/nueva\/wp-content\/uploads\/FIT-2025.jpg\",\"width\":889,\"height\":800},{\"@type\":\"WebPage\",\"@id\":\"https:\/\/aehg-laplata.org.ar\/nueva\/aehg-la-plata-fit-2025-espacio-estrategico-de-negocios-y-turismo-internacional\/#webpage\",\"url\":\"https:\/\/aehg-laplata.org.ar\/nueva\/aehg-la-plata-fit-2025-espacio-estrategico-de-negocios-y-turismo-internacional\/\",\"name\":\"AEHG La Plata: FIT 2025, espacio estrat\\u00e9gico de negocios y turismo internacional - AEHG La Plata\",\"isPartOf\":{\"@id\":\"https:\/\/aehg-laplata.org.ar\/nueva\/#website\"},\"primaryImageOfPage\":{\"@id\":\"https:\/\/aehg-laplata.org.ar\/nueva\/aehg-la-plata-fit-2025-espacio-estrategico-de-negocios-y-turismo-internacional\/#primaryimage\"},\"datePublished\":\"2025-09-30T16:17:02+00:00\",\"dateModified\":\"2025-09-30T16:17:02+00:00\",\"author\":{\"@id\":\"https:\/\/aehg-laplata.org.ar\/nueva\/#\/schema\/person\/7f7b2f53bda3353446a1e6bfb4837e14\"},\"breadcrumb\":{\"@id\":\"https:\/\/aehg-laplata.org.ar\/nueva\/aehg-la-plata-fit-2025-espacio-estrategico-de-negocios-y-turismo-internacional\/#breadcrumb\"},\"inLanguage\":\"es-AR\",\"potentialAction\":[{\"@type\":\"ReadAction\",\"target\":[\"https:\/\/aehg-laplata.org.ar\/nueva\/aehg-la-plata-fit-2025-espacio-estrategico-de-negocios-y-turismo-internacional\/\"]}]},{\"@type\":\"BreadcrumbList\",\"@id\":\"https:\/\/aehg-laplata.org.ar\/nueva\/aehg-la-plata-fit-2025-espacio-estrategico-de-negocios-y-turismo-internacional\/#breadcrumb\",\"itemListElement\":[{\"@type\":\"ListItem\",\"position\":1,\"name\":\"Inicio\",\"item\":\"https:\/\/aehg-laplata.org.ar\/nueva\/\"},{\"@type\":\"ListItem\",\"position\":2,\"name\":\"AEHG La Plata: FIT 2025, espacio estrat\\u00e9gico de negocios y turismo internacional\"}]},{\"@type\":\"Person\",\"@id\":\"https:\/\/aehg-laplata.org.ar\/nueva\/#\/schema\/person\/7f7b2f53bda3353446a1e6bfb4837e14\",\"name\":\"ftosti\",\"image\":{\"@type\":\"ImageObject\",\"@id\":\"https:\/\/aehg-laplata.org.ar\/nueva\/#personlogo\",\"inLanguage\":\"es-AR\",\"url\":\"https:\/\/secure.gravatar.com\/avatar\/602f4beec51ba7ffdca86e4faf5d039c?s=96&d=mm&r=g\",\"contentUrl\":\"https:\/\/secure.gravatar.com\/avatar\/602f4beec51ba7ffdca86e4faf5d039c?s=96&d=mm&r=g\",\"caption\":\"ftosti\"},\"url\":\"https:\/\/aehg-laplata.org.ar\/nueva\/author\/ftosti\/\"}]}<\/script>\n<!-- \/ Yoast SEO plugin. -->","yoast_head_json":{"title":"AEHG La Plata: FIT 2025, espacio estrat\u00e9gico de negocios y turismo internacional - AEHG La Plata","robots":{"index":"index","follow":"follow","max-snippet":"max-snippet:-1","max-image-preview":"max-image-preview:large","max-video-preview":"max-video-preview:-1"},"canonical":"https:\/\/aehg-laplata.org.ar\/nueva\/aehg-la-plata-fit-2025-espacio-estrategico-de-negocios-y-turismo-internacional\/","og_locale":"es_ES","og_type":"article","og_title":"AEHG La Plata: FIT 2025, espacio estrat\u00e9gico de negocios y turismo internacional - AEHG La Plata","og_description":"[vc_row][vc_column][vc_column_text] AEHG La Plata: FIT 2025, espacio estrat\u00e9gico de negocios y turismo internacional [\/vc_column_text][\/vc_column][\/vc_row][vc_row][vc_column css=&#8221;.vc_custom_1457772902902{margin-top: -10px !important;}&#8221;][vc_column_text]Punto de encuentro clave...","og_url":"https:\/\/aehg-laplata.org.ar\/nueva\/aehg-la-plata-fit-2025-espacio-estrategico-de-negocios-y-turismo-internacional\/","og_site_name":"AEHG La Plata","article_publisher":"https:\/\/www.facebook.com\/AehgLaPlataOK\/","article_published_time":"2025-09-30T16:17:02+00:00","og_image":[{"width":889,"height":800,"url":"https:\/\/aehg-laplata.org.ar\/nueva\/wp-content\/uploads\/FIT-2025.jpg","path":"\/home\/c1070183\/public_html\/nueva\/wp-content\/uploads\/FIT-2025.jpg","size":"full","id":2575,"alt":"","pixels":711200,"type":"image\/jpeg"}],"twitter_card":"summary_large_image","twitter_misc":{"Escrito por":"ftosti","Tiempo de lectura":"2 minutos"},"schema":{"@context":"https:\/\/schema.org","@graph":[{"@type":"WebSite","@id":"https:\/\/aehg-laplata.org.ar\/nueva\/#website","url":"https:\/\/aehg-laplata.org.ar\/nueva\/","name":"AEHG La Plata","description":"","potentialAction":[{"@type":"SearchAction","target":{"@type":"EntryPoint","urlTemplate":"https:\/\/aehg-laplata.org.ar\/nueva\/?s={search_term_string}"},"query-input":"required name=search_term_string"}],"inLanguage":"es-AR"},{"@type":"ImageObject","@id":"https:\/\/aehg-laplata.org.ar\/nueva\/aehg-la-plata-fit-2025-espacio-estrategico-de-negocios-y-turismo-internacional\/#primaryimage","inLanguage":"es-AR","url":"https:\/\/aehg-laplata.org.ar\/nueva\/wp-content\/uploads\/FIT-2025.jpg","contentUrl":"https:\/\/aehg-laplata.org.ar\/nueva\/wp-content\/uploads\/FIT-2025.jpg","width":889,"height":800},{"@type":"WebPage","@id":"https:\/\/aehg-laplata.org.ar\/nueva\/aehg-la-plata-fit-2025-espacio-estrategico-de-negocios-y-turismo-internacional\/#webpage","url":"https:\/\/aehg-laplata.org.ar\/nueva\/aehg-la-plata-fit-2025-espacio-estrategico-de-negocios-y-turismo-internacional\/","name":"AEHG La Plata: FIT 2025, espacio estrat\u00e9gico de negocios y turismo internacional - AEHG La Plata","isPartOf":{"@id":"https:\/\/aehg-laplata.org.ar\/nueva\/#website"},"primaryImageOfPage":{"@id":"https:\/\/aehg-laplata.org.ar\/nueva\/aehg-la-plata-fit-2025-espacio-estrategico-de-negocios-y-turismo-internacional\/#primaryimage"},"datePublished":"2025-09-30T16:17:02+00:00","dateModified":"2025-09-30T16:17:02+00:00","author":{"@id":"https:\/\/aehg-laplata.org.ar\/nueva\/#\/schema\/person\/7f7b2f53bda3353446a1e6bfb4837e14"},"breadcrumb":{"@id":"https:\/\/aehg-laplata.org.ar\/nueva\/aehg-la-plata-fit-2025-espacio-estrategico-de-negocios-y-turismo-internacional\/#breadcrumb"},"inLanguage":"es-AR","potentialAction":[{"@type":"ReadAction","target":["https:\/\/aehg-laplata.org.ar\/nueva\/aehg-la-plata-fit-2025-espacio-estrategico-de-negocios-y-turismo-internacional\/"]}]},{"@type":"BreadcrumbList","@id":"https:\/\/aehg-laplata.org.ar\/nueva\/aehg-la-plata-fit-2025-espacio-estrategico-de-negocios-y-turismo-internacional\/#breadcrumb","itemListElement":[{"@type":"ListItem","position":1,"name":"Inicio","item":"https:\/\/aehg-laplata.org.ar\/nueva\/"},{"@type":"ListItem","position":2,"name":"AEHG La Plata: FIT 2025, espacio estrat\u00e9gico de negocios y turismo internacional"}]},{"@type":"Person","@id":"https:\/\/aehg-laplata.org.ar\/nueva\/#\/schema\/person\/7f7b2f53bda3353446a1e6bfb4837e14","name":"ftosti","image":{"@type":"ImageObject","@id":"https:\/\/aehg-laplata.org.ar\/nueva\/#personlogo","inLanguage":"es-AR","url":"https:\/\/secure.gravatar.com\/avatar\/602f4beec51ba7ffdca86e4faf5d039c?s=96&d=mm&r=g","contentUrl":"https:\/\/secure.gravatar.com\/avatar\/602f4beec51ba7ffdca86e4faf5d039c?s=96&d=mm&r=g","caption":"ftosti"},"url":"https:\/\/aehg-laplata.org.ar\/nueva\/author\/ftosti\/"}]}},"_links":{"self":[{"href":"https:\/\/aehg-laplata.org.ar\/nueva\/wp-json\/wp\/v2\/posts\/2574"}],"collection":[{"href":"https:\/\/aehg-laplata.org.ar\/nueva\/wp-json\/wp\/v2\/posts"}],"about":[{"href":"https:\/\/aehg-laplata.org.ar\/nueva\/wp-json\/wp\/v2\/types\/post"}],"author":[{"embeddable":true,"href":"https:\/\/aehg-laplata.org.ar\/nueva\/wp-json\/wp\/v2\/users\/1"}],"replies":[{"embeddable":true,"href":"https:\/\/aehg-laplata.org.ar\/nueva\/wp-json\/wp\/v2\/comments?post=2574"}],"version-history":[{"count":1,"href":"https:\/\/aehg-laplata.org.ar\/nueva\/wp-json\/wp\/v2\/posts\/2574\/revisions"}],"predecessor-version":[{"id":2576,"href":"https:\/\/aehg-laplata.org.ar\/nueva\/wp-json\/wp\/v2\/posts\/2574\/revisions\/2576"}],"wp:featuredmedia":[{"embeddable":true,"href":"https:\/\/aehg-laplata.org.ar\/nueva\/wp-json\/wp\/v2\/media\/2575"}],"wp:attachment":[{"href":"https:\/\/aehg-laplata.org.ar\/nueva\/wp-json\/wp\/v2\/media?parent=2574"}],"wp:term":[{"taxonomy":"category","embeddable":true,"href":"https:\/\/aehg-laplata.org.ar\/nueva\/wp-json\/wp\/v2\/categories?post=2574"},{"taxonomy":"post_tag","embeddable":true,"href":"https:\/\/aehg-laplata.org.ar\/nueva\/wp-json\/wp\/v2\/tags?post=2574"}],"curies":[{"name":"wp","href":"https:\/\/api.w.org\/{rel}","templated":true}]}}