{"id":2569,"date":"2025-09-24T08:42:28","date_gmt":"2025-09-24T11:42:28","guid":{"rendered":"https:\/\/aehg-laplata.org.ar\/nueva\/?p=2569"},"modified":"2025-09-25T08:39:09","modified_gmt":"2025-09-25T11:39:09","slug":"la-aehg-la-plata-presente-en-la-experiencia-gastronomia-5-0-en-mendoza","status":"publish","type":"post","link":"https:\/\/aehg-laplata.org.ar\/nueva\/la-aehg-la-plata-presente-en-la-experiencia-gastronomia-5-0-en-mendoza\/","title":{"rendered":"La AEHG La Plata presente en la Experiencia Gastronom\u00eda 5.0 en Mendoza"},"content":{"rendered":"<p>[vc_row][vc_column][vc_column_text]<\/p>\n<h3 class=\"entry-title\">La AEHG La Plata presente en la Experiencia Gastronom\u00eda 5.0 en Mendoza<\/h3>\n<p>[\/vc_column_text][\/vc_column][\/vc_row][vc_row][vc_column css=&#8221;.vc_custom_1457772902902{margin-top: -10px !important;}&#8221;][vc_column_text]<strong><em>Mendoza, epicentro de la innovaci\u00f3n gastron\u00f3mica latinoamericana.<\/em><\/strong>[\/vc_column_text][\/vc_column][\/vc_row][vc_row equal_height=&#8221;yes&#8221;][vc_column][vc_single_image image=&#8221;2570&#8243; img_size=&#8221;full&#8221; onclick=&#8221;link_image&#8221;][\/vc_column][\/vc_row][vc_row][vc_column css=&#8221;.vc_custom_1457772902902{margin-top: -10px !important;}&#8221;][vc_column_text]El vicepresidente 2\u00ba de la Federaci\u00f3n Empresaria Hotelera Gastron\u00f3mica Argentina Claudio N. Aguilar, junto al miembro de Comisi\u00f3n Directiva de la AEHG La Plata, N\u00e9stor Casaprima, participaron de Gastronom\u00eda 5.0, una experiencia inmersiva de formaci\u00f3n y desarrollo organizada por la Asociaci\u00f3n Empresaria Hotelero Gastron\u00f3mica y Afines de Mendoza (AEHGA).<\/p>\n<p>El programa, realizado del 15 al 19 de septiembre en Mendoza, reuni\u00f3 a empresarios gastron\u00f3micos de toda Latinoam\u00e9rica en un itinerario que combin\u00f3 talleres, networking y experiencias de alto nivel, con un enfoque en innovaci\u00f3n, sostenibilidad, marketing, gesti\u00f3n eficiente y cultura del vino.<\/p>\n<p>Durante las jornadas, los participantes recorrieron espacios emblem\u00e1ticos como Bodega Zuccardi, el Restaurante Centauro, Casa Vigil y Rutas de Bares de Autor sumando vivencias que integraron la tradici\u00f3n vitivin\u00edcola con la vanguardia culinaria argentina.<\/p>\n<p>La AEHG La Plata sigue participando activamente en los principales espacios de formaci\u00f3n y networking del sector, acompa\u00f1ando la innovaci\u00f3n, la sostenibilidad y la cultura gastron\u00f3mica.[\/vc_column_text][\/vc_column][\/vc_row]<\/p>\n","protected":false},"excerpt":{"rendered":"<p>[vc_row][vc_column][vc_column_text] La AEHG La Plata presente en la Experiencia Gastronom\u00eda 5.0 en Mendoza [\/vc_column_text][\/vc_column][\/vc_row][vc_row][vc_column css=&#8221;.vc_custom_1457772902902{margin-top: -10px !important;}&#8221;][vc_column_text]Mendoza, epicentro de la&#8230;<\/p>\n","protected":false},"author":1,"featured_media":2570,"comment_status":"closed","ping_status":"closed","sticky":false,"template":"","format":"standard","meta":[],"categories":[4],"tags":[],"yoast_head":"<!-- This site is optimized with the Yoast SEO plugin v17.2.1 - https:\/\/yoast.com\/wordpress\/plugins\/seo\/ -->\n<title>La AEHG La Plata presente en la Experiencia Gastronom\u00eda 5.0 en Mendoza - AEHG La Plata<\/title>\n<meta name=\"robots\" content=\"index, follow, max-snippet:-1, max-image-preview:large, max-video-preview:-1\" \/>\n<link rel=\"canonical\" href=\"https:\/\/aehg-laplata.org.ar\/nueva\/la-aehg-la-plata-presente-en-la-experiencia-gastronomia-5-0-en-mendoza\/\" \/>\n<meta property=\"og:locale\" content=\"es_ES\" \/>\n<meta property=\"og:type\" content=\"article\" \/>\n<meta property=\"og:title\" content=\"La AEHG La Plata presente en la Experiencia Gastronom\u00eda 5.0 en Mendoza - AEHG La Plata\" \/>\n<meta property=\"og:description\" content=\"[vc_row][vc_column][vc_column_text] La AEHG La Plata presente en la Experiencia Gastronom\u00eda 5.0 en Mendoza [\/vc_column_text][\/vc_column][\/vc_row][vc_row][vc_column css=&#8221;.vc_custom_1457772902902{margin-top: -10px !important;}&#8221;][vc_column_text]Mendoza, epicentro de la...\" \/>\n<meta property=\"og:url\" content=\"https:\/\/aehg-laplata.org.ar\/nueva\/la-aehg-la-plata-presente-en-la-experiencia-gastronomia-5-0-en-mendoza\/\" \/>\n<meta property=\"og:site_name\" content=\"AEHG La Plata\" \/>\n<meta property=\"article:publisher\" content=\"https:\/\/www.facebook.com\/AehgLaPlataOK\/\" \/>\n<meta property=\"article:published_time\" content=\"2025-09-24T11:42:28+00:00\" \/>\n<meta property=\"article:modified_time\" content=\"2025-09-25T11:39:09+00:00\" \/>\n<meta property=\"og:image\" content=\"https:\/\/aehg-laplata.org.ar\/nueva\/wp-content\/uploads\/La-AEHG-La-Plata-presente-en-la-Experiencia-Gastronomia-5-0-en-Mendoza.jpg\" \/>\n\t<meta property=\"og:image:width\" content=\"1065\" \/>\n\t<meta property=\"og:image:height\" content=\"800\" \/>\n<meta name=\"twitter:card\" content=\"summary_large_image\" \/>\n<meta name=\"twitter:label1\" content=\"Escrito por\" \/>\n\t<meta name=\"twitter:data1\" content=\"ftosti\" \/>\n\t<meta name=\"twitter:label2\" content=\"Tiempo de lectura\" \/>\n\t<meta name=\"twitter:data2\" content=\"1 minuto\" \/>\n<script type=\"application\/ld+json\" class=\"yoast-schema-graph\">{\"@context\":\"https:\/\/schema.org\",\"@graph\":[{\"@type\":\"WebSite\",\"@id\":\"https:\/\/aehg-laplata.org.ar\/nueva\/#website\",\"url\":\"https:\/\/aehg-laplata.org.ar\/nueva\/\",\"name\":\"AEHG La Plata\",\"description\":\"\",\"potentialAction\":[{\"@type\":\"SearchAction\",\"target\":{\"@type\":\"EntryPoint\",\"urlTemplate\":\"https:\/\/aehg-laplata.org.ar\/nueva\/?s={search_term_string}\"},\"query-input\":\"required name=search_term_string\"}],\"inLanguage\":\"es-AR\"},{\"@type\":\"ImageObject\",\"@id\":\"https:\/\/aehg-laplata.org.ar\/nueva\/la-aehg-la-plata-presente-en-la-experiencia-gastronomia-5-0-en-mendoza\/#primaryimage\",\"inLanguage\":\"es-AR\",\"url\":\"https:\/\/aehg-laplata.org.ar\/nueva\/wp-content\/uploads\/La-AEHG-La-Plata-presente-en-la-Experiencia-Gastronomia-5-0-en-Mendoza.jpg\",\"contentUrl\":\"https:\/\/aehg-laplata.org.ar\/nueva\/wp-content\/uploads\/La-AEHG-La-Plata-presente-en-la-Experiencia-Gastronomia-5-0-en-Mendoza.jpg\",\"width\":1065,\"height\":800},{\"@type\":\"WebPage\",\"@id\":\"https:\/\/aehg-laplata.org.ar\/nueva\/la-aehg-la-plata-presente-en-la-experiencia-gastronomia-5-0-en-mendoza\/#webpage\",\"url\":\"https:\/\/aehg-laplata.org.ar\/nueva\/la-aehg-la-plata-presente-en-la-experiencia-gastronomia-5-0-en-mendoza\/\",\"name\":\"La AEHG La Plata presente en la Experiencia Gastronom\\u00eda 5.0 en Mendoza - AEHG La Plata\",\"isPartOf\":{\"@id\":\"https:\/\/aehg-laplata.org.ar\/nueva\/#website\"},\"primaryImageOfPage\":{\"@id\":\"https:\/\/aehg-laplata.org.ar\/nueva\/la-aehg-la-plata-presente-en-la-experiencia-gastronomia-5-0-en-mendoza\/#primaryimage\"},\"datePublished\":\"2025-09-24T11:42:28+00:00\",\"dateModified\":\"2025-09-25T11:39:09+00:00\",\"author\":{\"@id\":\"https:\/\/aehg-laplata.org.ar\/nueva\/#\/schema\/person\/7f7b2f53bda3353446a1e6bfb4837e14\"},\"breadcrumb\":{\"@id\":\"https:\/\/aehg-laplata.org.ar\/nueva\/la-aehg-la-plata-presente-en-la-experiencia-gastronomia-5-0-en-mendoza\/#breadcrumb\"},\"inLanguage\":\"es-AR\",\"potentialAction\":[{\"@type\":\"ReadAction\",\"target\":[\"https:\/\/aehg-laplata.org.ar\/nueva\/la-aehg-la-plata-presente-en-la-experiencia-gastronomia-5-0-en-mendoza\/\"]}]},{\"@type\":\"BreadcrumbList\",\"@id\":\"https:\/\/aehg-laplata.org.ar\/nueva\/la-aehg-la-plata-presente-en-la-experiencia-gastronomia-5-0-en-mendoza\/#breadcrumb\",\"itemListElement\":[{\"@type\":\"ListItem\",\"position\":1,\"name\":\"Inicio\",\"item\":\"https:\/\/aehg-laplata.org.ar\/nueva\/\"},{\"@type\":\"ListItem\",\"position\":2,\"name\":\"La AEHG La Plata presente en la Experiencia Gastronom\\u00eda 5.0 en Mendoza\"}]},{\"@type\":\"Person\",\"@id\":\"https:\/\/aehg-laplata.org.ar\/nueva\/#\/schema\/person\/7f7b2f53bda3353446a1e6bfb4837e14\",\"name\":\"ftosti\",\"image\":{\"@type\":\"ImageObject\",\"@id\":\"https:\/\/aehg-laplata.org.ar\/nueva\/#personlogo\",\"inLanguage\":\"es-AR\",\"url\":\"https:\/\/secure.gravatar.com\/avatar\/602f4beec51ba7ffdca86e4faf5d039c?s=96&d=mm&r=g\",\"contentUrl\":\"https:\/\/secure.gravatar.com\/avatar\/602f4beec51ba7ffdca86e4faf5d039c?s=96&d=mm&r=g\",\"caption\":\"ftosti\"},\"url\":\"https:\/\/aehg-laplata.org.ar\/nueva\/author\/ftosti\/\"}]}<\/script>\n<!-- \/ Yoast SEO plugin. -->","yoast_head_json":{"title":"La AEHG La Plata presente en la Experiencia Gastronom\u00eda 5.0 en Mendoza - AEHG La Plata","robots":{"index":"index","follow":"follow","max-snippet":"max-snippet:-1","max-image-preview":"max-image-preview:large","max-video-preview":"max-video-preview:-1"},"canonical":"https:\/\/aehg-laplata.org.ar\/nueva\/la-aehg-la-plata-presente-en-la-experiencia-gastronomia-5-0-en-mendoza\/","og_locale":"es_ES","og_type":"article","og_title":"La AEHG La Plata presente en la Experiencia Gastronom\u00eda 5.0 en Mendoza - AEHG La Plata","og_description":"[vc_row][vc_column][vc_column_text] La AEHG La Plata presente en la Experiencia Gastronom\u00eda 5.0 en Mendoza [\/vc_column_text][\/vc_column][\/vc_row][vc_row][vc_column css=&#8221;.vc_custom_1457772902902{margin-top: -10px !important;}&#8221;][vc_column_text]Mendoza, epicentro de la...","og_url":"https:\/\/aehg-laplata.org.ar\/nueva\/la-aehg-la-plata-presente-en-la-experiencia-gastronomia-5-0-en-mendoza\/","og_site_name":"AEHG La Plata","article_publisher":"https:\/\/www.facebook.com\/AehgLaPlataOK\/","article_published_time":"2025-09-24T11:42:28+00:00","article_modified_time":"2025-09-25T11:39:09+00:00","og_image":[{"width":1065,"height":800,"url":"https:\/\/aehg-laplata.org.ar\/nueva\/wp-content\/uploads\/La-AEHG-La-Plata-presente-en-la-Experiencia-Gastronomia-5-0-en-Mendoza.jpg","path":"\/home\/c1070183\/public_html\/nueva\/wp-content\/uploads\/La-AEHG-La-Plata-presente-en-la-Experiencia-Gastronomia-5-0-en-Mendoza.jpg","size":"full","id":2570,"alt":"","pixels":852000,"type":"image\/jpeg"}],"twitter_card":"summary_large_image","twitter_misc":{"Escrito por":"ftosti","Tiempo de lectura":"1 minuto"},"schema":{"@context":"https:\/\/schema.org","@graph":[{"@type":"WebSite","@id":"https:\/\/aehg-laplata.org.ar\/nueva\/#website","url":"https:\/\/aehg-laplata.org.ar\/nueva\/","name":"AEHG La Plata","description":"","potentialAction":[{"@type":"SearchAction","target":{"@type":"EntryPoint","urlTemplate":"https:\/\/aehg-laplata.org.ar\/nueva\/?s={search_term_string}"},"query-input":"required name=search_term_string"}],"inLanguage":"es-AR"},{"@type":"ImageObject","@id":"https:\/\/aehg-laplata.org.ar\/nueva\/la-aehg-la-plata-presente-en-la-experiencia-gastronomia-5-0-en-mendoza\/#primaryimage","inLanguage":"es-AR","url":"https:\/\/aehg-laplata.org.ar\/nueva\/wp-content\/uploads\/La-AEHG-La-Plata-presente-en-la-Experiencia-Gastronomia-5-0-en-Mendoza.jpg","contentUrl":"https:\/\/aehg-laplata.org.ar\/nueva\/wp-content\/uploads\/La-AEHG-La-Plata-presente-en-la-Experiencia-Gastronomia-5-0-en-Mendoza.jpg","width":1065,"height":800},{"@type":"WebPage","@id":"https:\/\/aehg-laplata.org.ar\/nueva\/la-aehg-la-plata-presente-en-la-experiencia-gastronomia-5-0-en-mendoza\/#webpage","url":"https:\/\/aehg-laplata.org.ar\/nueva\/la-aehg-la-plata-presente-en-la-experiencia-gastronomia-5-0-en-mendoza\/","name":"La AEHG La Plata presente en la Experiencia Gastronom\u00eda 5.0 en Mendoza - AEHG La Plata","isPartOf":{"@id":"https:\/\/aehg-laplata.org.ar\/nueva\/#website"},"primaryImageOfPage":{"@id":"https:\/\/aehg-laplata.org.ar\/nueva\/la-aehg-la-plata-presente-en-la-experiencia-gastronomia-5-0-en-mendoza\/#primaryimage"},"datePublished":"2025-09-24T11:42:28+00:00","dateModified":"2025-09-25T11:39:09+00:00","author":{"@id":"https:\/\/aehg-laplata.org.ar\/nueva\/#\/schema\/person\/7f7b2f53bda3353446a1e6bfb4837e14"},"breadcrumb":{"@id":"https:\/\/aehg-laplata.org.ar\/nueva\/la-aehg-la-plata-presente-en-la-experiencia-gastronomia-5-0-en-mendoza\/#breadcrumb"},"inLanguage":"es-AR","potentialAction":[{"@type":"ReadAction","target":["https:\/\/aehg-laplata.org.ar\/nueva\/la-aehg-la-plata-presente-en-la-experiencia-gastronomia-5-0-en-mendoza\/"]}]},{"@type":"BreadcrumbList","@id":"https:\/\/aehg-laplata.org.ar\/nueva\/la-aehg-la-plata-presente-en-la-experiencia-gastronomia-5-0-en-mendoza\/#breadcrumb","itemListElement":[{"@type":"ListItem","position":1,"name":"Inicio","item":"https:\/\/aehg-laplata.org.ar\/nueva\/"},{"@type":"ListItem","position":2,"name":"La AEHG La Plata presente en la Experiencia Gastronom\u00eda 5.0 en Mendoza"}]},{"@type":"Person","@id":"https:\/\/aehg-laplata.org.ar\/nueva\/#\/schema\/person\/7f7b2f53bda3353446a1e6bfb4837e14","name":"ftosti","image":{"@type":"ImageObject","@id":"https:\/\/aehg-laplata.org.ar\/nueva\/#personlogo","inLanguage":"es-AR","url":"https:\/\/secure.gravatar.com\/avatar\/602f4beec51ba7ffdca86e4faf5d039c?s=96&d=mm&r=g","contentUrl":"https:\/\/secure.gravatar.com\/avatar\/602f4beec51ba7ffdca86e4faf5d039c?s=96&d=mm&r=g","caption":"ftosti"},"url":"https:\/\/aehg-laplata.org.ar\/nueva\/author\/ftosti\/"}]}},"_links":{"self":[{"href":"https:\/\/aehg-laplata.org.ar\/nueva\/wp-json\/wp\/v2\/posts\/2569"}],"collection":[{"href":"https:\/\/aehg-laplata.org.ar\/nueva\/wp-json\/wp\/v2\/posts"}],"about":[{"href":"https:\/\/aehg-laplata.org.ar\/nueva\/wp-json\/wp\/v2\/types\/post"}],"author":[{"embeddable":true,"href":"https:\/\/aehg-laplata.org.ar\/nueva\/wp-json\/wp\/v2\/users\/1"}],"replies":[{"embeddable":true,"href":"https:\/\/aehg-laplata.org.ar\/nueva\/wp-json\/wp\/v2\/comments?post=2569"}],"version-history":[{"count":3,"href":"https:\/\/aehg-laplata.org.ar\/nueva\/wp-json\/wp\/v2\/posts\/2569\/revisions"}],"predecessor-version":[{"id":2573,"href":"https:\/\/aehg-laplata.org.ar\/nueva\/wp-json\/wp\/v2\/posts\/2569\/revisions\/2573"}],"wp:featuredmedia":[{"embeddable":true,"href":"https:\/\/aehg-laplata.org.ar\/nueva\/wp-json\/wp\/v2\/media\/2570"}],"wp:attachment":[{"href":"https:\/\/aehg-laplata.org.ar\/nueva\/wp-json\/wp\/v2\/media?parent=2569"}],"wp:term":[{"taxonomy":"category","embeddable":true,"href":"https:\/\/aehg-laplata.org.ar\/nueva\/wp-json\/wp\/v2\/categories?post=2569"},{"taxonomy":"post_tag","embeddable":true,"href":"https:\/\/aehg-laplata.org.ar\/nueva\/wp-json\/wp\/v2\/tags?post=2569"}],"curies":[{"name":"wp","href":"https:\/\/api.w.org\/{rel}","templated":true}]}}