{"id":2554,"date":"2025-09-11T09:24:20","date_gmt":"2025-09-11T12:24:20","guid":{"rendered":"https:\/\/aehg-laplata.org.ar\/nueva\/?p=2554"},"modified":"2025-09-11T09:24:20","modified_gmt":"2025-09-11T12:24:20","slug":"aehg-la-plata-llevo-a-cabo-nuevas-instancias-de-formacion-en-chascomus","status":"publish","type":"post","link":"https:\/\/aehg-laplata.org.ar\/nueva\/aehg-la-plata-llevo-a-cabo-nuevas-instancias-de-formacion-en-chascomus\/","title":{"rendered":"AEHG La Plata llev\u00f3 a cabo nuevas instancias de formaci\u00f3n en Chascom\u00fas"},"content":{"rendered":"<p>[vc_row][vc_column][vc_column_text]<\/p>\n<h3 class=\"entry-title\">AEHG La Plata llev\u00f3 a cabo nuevas instancias de formaci\u00f3n en Chascom\u00fas<\/h3>\n<p>[\/vc_column_text][\/vc_column][\/vc_row][vc_row][vc_column css=&#8221;.vc_custom_1457772902902{margin-top: -10px !important;}&#8221;][vc_column_text]<em>Chascom\u00fas reuni\u00f3 a 20 asistentes en dos capacitaciones junto a la AEHG La Plata, FEHGRA y el Municipio. <\/em>[\/vc_column_text][\/vc_column][\/vc_row][vc_row equal_height=&#8221;yes&#8221;][vc_column][vc_single_image image=&#8221;2555&#8243; img_size=&#8221;full&#8221; onclick=&#8221;link_image&#8221;][\/vc_column][\/vc_row][vc_row][vc_column css=&#8221;.vc_custom_1457772902902{margin-top: -10px !important;}&#8221;][vc_column_text]La\u00a0<strong>Asociaci\u00f3n Empresaria Hotelera, Gastron\u00f3mica y Pastelera de La Plata y su Zona de Influencia (AEHG La Plata)<\/strong>, en conjunto con el\u00a0<strong>Municipio de Chascom\u00fas<\/strong>\u00a0y la\u00a0<strong>Federaci\u00f3n Empresaria Hotelera Gastron\u00f3mica de la Rep\u00fablica Argentina (FEHGRA)<\/strong>, llev\u00f3 adelante dos\u00a0<strong>capacitaciones: Atenci\u00f3n al Cliente y Manejo de Quejas, y Mozos y Camareras<\/strong>, dictadas por la\u00a0<strong>Lic. Gabriela Renter\u00eda. <\/strong><\/p>\n<p>La propuesta se desarroll\u00f3 en tres jornadas de cuatro horas cada una, los d\u00edas\u00a0<strong>9, 10 y 11 de septiembre<\/strong>, brindando a los participantes\u00a0<strong>herramientas para incorporar pr\u00e1cticas para mejorar la calidad del servicio y la atenci\u00f3n al cliente, reforzando principios y procedimientos en el \u00e1rea de alimentos y bebidas, resaltando la importancia de la actitud y la excelencia en cada puesto de trabajo.<\/strong><\/p>\n<p>En el cierre y entrega de certificados participaron, en representaci\u00f3n de la AEHG La Plata, los miembros de Comisi\u00f3n Directiva Vicente Morgillo, Mar\u00eda Celia Bareiro y Juan Ignacio Castoldi, junto a la Subsecretaria de Promoci\u00f3n, Desarrollo y Turismo de Chascom\u00fas, Jimena Arano.<\/p>\n<p>Con estas acciones, la AEHG La Plata reafirma su compromiso de\u00a0<strong>profesionalizar los recursos humanos del sector hotelero y gastron\u00f3mico, elevar la calidad de los servicios y contribuir al desarrollo tur\u00edstico de la regi\u00f3n<\/strong>.[\/vc_column_text][\/vc_column][\/vc_row]<\/p>\n","protected":false},"excerpt":{"rendered":"<p>[vc_row][vc_column][vc_column_text] AEHG La Plata llev\u00f3 a cabo nuevas instancias de formaci\u00f3n en Chascom\u00fas [\/vc_column_text][\/vc_column][\/vc_row][vc_row][vc_column css=&#8221;.vc_custom_1457772902902{margin-top: -10px !important;}&#8221;][vc_column_text]Chascom\u00fas reuni\u00f3 a 20&#8230;<\/p>\n","protected":false},"author":1,"featured_media":2555,"comment_status":"closed","ping_status":"closed","sticky":false,"template":"","format":"standard","meta":[],"categories":[4],"tags":[],"yoast_head":"<!-- This site is optimized with the Yoast SEO plugin v17.2.1 - https:\/\/yoast.com\/wordpress\/plugins\/seo\/ -->\n<title>AEHG La Plata llev\u00f3 a cabo nuevas instancias de formaci\u00f3n en Chascom\u00fas - AEHG La Plata<\/title>\n<meta name=\"robots\" content=\"index, follow, max-snippet:-1, max-image-preview:large, max-video-preview:-1\" \/>\n<link rel=\"canonical\" href=\"https:\/\/aehg-laplata.org.ar\/nueva\/aehg-la-plata-llevo-a-cabo-nuevas-instancias-de-formacion-en-chascomus\/\" \/>\n<meta property=\"og:locale\" content=\"es_ES\" \/>\n<meta property=\"og:type\" content=\"article\" \/>\n<meta property=\"og:title\" content=\"AEHG La Plata llev\u00f3 a cabo nuevas instancias de formaci\u00f3n en Chascom\u00fas - AEHG La Plata\" \/>\n<meta property=\"og:description\" content=\"[vc_row][vc_column][vc_column_text] AEHG La Plata llev\u00f3 a cabo nuevas instancias de formaci\u00f3n en Chascom\u00fas [\/vc_column_text][\/vc_column][\/vc_row][vc_row][vc_column css=&#8221;.vc_custom_1457772902902{margin-top: -10px !important;}&#8221;][vc_column_text]Chascom\u00fas reuni\u00f3 a 20...\" \/>\n<meta property=\"og:url\" content=\"https:\/\/aehg-laplata.org.ar\/nueva\/aehg-la-plata-llevo-a-cabo-nuevas-instancias-de-formacion-en-chascomus\/\" \/>\n<meta property=\"og:site_name\" content=\"AEHG La Plata\" \/>\n<meta property=\"article:publisher\" content=\"https:\/\/www.facebook.com\/AehgLaPlataOK\/\" \/>\n<meta property=\"article:published_time\" content=\"2025-09-11T12:24:20+00:00\" \/>\n<meta property=\"og:image\" content=\"https:\/\/aehg-laplata.org.ar\/nueva\/wp-content\/uploads\/AEHG-La-Plata-llevo-a-cabo-nuevas-instancias-de-formacion-en-Chascomus.jpg\" \/>\n\t<meta property=\"og:image:width\" content=\"1738\" \/>\n\t<meta property=\"og:image:height\" content=\"800\" \/>\n<meta name=\"twitter:card\" content=\"summary_large_image\" \/>\n<meta name=\"twitter:label1\" content=\"Escrito por\" \/>\n\t<meta name=\"twitter:data1\" content=\"ftosti\" \/>\n\t<meta name=\"twitter:label2\" content=\"Tiempo de lectura\" \/>\n\t<meta name=\"twitter:data2\" content=\"2 minutos\" \/>\n<script type=\"application\/ld+json\" class=\"yoast-schema-graph\">{\"@context\":\"https:\/\/schema.org\",\"@graph\":[{\"@type\":\"WebSite\",\"@id\":\"https:\/\/aehg-laplata.org.ar\/nueva\/#website\",\"url\":\"https:\/\/aehg-laplata.org.ar\/nueva\/\",\"name\":\"AEHG La Plata\",\"description\":\"\",\"potentialAction\":[{\"@type\":\"SearchAction\",\"target\":{\"@type\":\"EntryPoint\",\"urlTemplate\":\"https:\/\/aehg-laplata.org.ar\/nueva\/?s={search_term_string}\"},\"query-input\":\"required name=search_term_string\"}],\"inLanguage\":\"es-AR\"},{\"@type\":\"ImageObject\",\"@id\":\"https:\/\/aehg-laplata.org.ar\/nueva\/aehg-la-plata-llevo-a-cabo-nuevas-instancias-de-formacion-en-chascomus\/#primaryimage\",\"inLanguage\":\"es-AR\",\"url\":\"https:\/\/aehg-laplata.org.ar\/nueva\/wp-content\/uploads\/AEHG-La-Plata-llevo-a-cabo-nuevas-instancias-de-formacion-en-Chascomus.jpg\",\"contentUrl\":\"https:\/\/aehg-laplata.org.ar\/nueva\/wp-content\/uploads\/AEHG-La-Plata-llevo-a-cabo-nuevas-instancias-de-formacion-en-Chascomus.jpg\",\"width\":1738,\"height\":800},{\"@type\":\"WebPage\",\"@id\":\"https:\/\/aehg-laplata.org.ar\/nueva\/aehg-la-plata-llevo-a-cabo-nuevas-instancias-de-formacion-en-chascomus\/#webpage\",\"url\":\"https:\/\/aehg-laplata.org.ar\/nueva\/aehg-la-plata-llevo-a-cabo-nuevas-instancias-de-formacion-en-chascomus\/\",\"name\":\"AEHG La Plata llev\\u00f3 a cabo nuevas instancias de formaci\\u00f3n en Chascom\\u00fas - AEHG La Plata\",\"isPartOf\":{\"@id\":\"https:\/\/aehg-laplata.org.ar\/nueva\/#website\"},\"primaryImageOfPage\":{\"@id\":\"https:\/\/aehg-laplata.org.ar\/nueva\/aehg-la-plata-llevo-a-cabo-nuevas-instancias-de-formacion-en-chascomus\/#primaryimage\"},\"datePublished\":\"2025-09-11T12:24:20+00:00\",\"dateModified\":\"2025-09-11T12:24:20+00:00\",\"author\":{\"@id\":\"https:\/\/aehg-laplata.org.ar\/nueva\/#\/schema\/person\/7f7b2f53bda3353446a1e6bfb4837e14\"},\"breadcrumb\":{\"@id\":\"https:\/\/aehg-laplata.org.ar\/nueva\/aehg-la-plata-llevo-a-cabo-nuevas-instancias-de-formacion-en-chascomus\/#breadcrumb\"},\"inLanguage\":\"es-AR\",\"potentialAction\":[{\"@type\":\"ReadAction\",\"target\":[\"https:\/\/aehg-laplata.org.ar\/nueva\/aehg-la-plata-llevo-a-cabo-nuevas-instancias-de-formacion-en-chascomus\/\"]}]},{\"@type\":\"BreadcrumbList\",\"@id\":\"https:\/\/aehg-laplata.org.ar\/nueva\/aehg-la-plata-llevo-a-cabo-nuevas-instancias-de-formacion-en-chascomus\/#breadcrumb\",\"itemListElement\":[{\"@type\":\"ListItem\",\"position\":1,\"name\":\"Inicio\",\"item\":\"https:\/\/aehg-laplata.org.ar\/nueva\/\"},{\"@type\":\"ListItem\",\"position\":2,\"name\":\"AEHG La Plata llev\\u00f3 a cabo nuevas instancias de formaci\\u00f3n en Chascom\\u00fas\"}]},{\"@type\":\"Person\",\"@id\":\"https:\/\/aehg-laplata.org.ar\/nueva\/#\/schema\/person\/7f7b2f53bda3353446a1e6bfb4837e14\",\"name\":\"ftosti\",\"image\":{\"@type\":\"ImageObject\",\"@id\":\"https:\/\/aehg-laplata.org.ar\/nueva\/#personlogo\",\"inLanguage\":\"es-AR\",\"url\":\"https:\/\/secure.gravatar.com\/avatar\/602f4beec51ba7ffdca86e4faf5d039c?s=96&d=mm&r=g\",\"contentUrl\":\"https:\/\/secure.gravatar.com\/avatar\/602f4beec51ba7ffdca86e4faf5d039c?s=96&d=mm&r=g\",\"caption\":\"ftosti\"},\"url\":\"https:\/\/aehg-laplata.org.ar\/nueva\/author\/ftosti\/\"}]}<\/script>\n<!-- \/ Yoast SEO plugin. -->","yoast_head_json":{"title":"AEHG La Plata llev\u00f3 a cabo nuevas instancias de formaci\u00f3n en Chascom\u00fas - AEHG La Plata","robots":{"index":"index","follow":"follow","max-snippet":"max-snippet:-1","max-image-preview":"max-image-preview:large","max-video-preview":"max-video-preview:-1"},"canonical":"https:\/\/aehg-laplata.org.ar\/nueva\/aehg-la-plata-llevo-a-cabo-nuevas-instancias-de-formacion-en-chascomus\/","og_locale":"es_ES","og_type":"article","og_title":"AEHG La Plata llev\u00f3 a cabo nuevas instancias de formaci\u00f3n en Chascom\u00fas - AEHG La Plata","og_description":"[vc_row][vc_column][vc_column_text] AEHG La Plata llev\u00f3 a cabo nuevas instancias de formaci\u00f3n en Chascom\u00fas [\/vc_column_text][\/vc_column][\/vc_row][vc_row][vc_column css=&#8221;.vc_custom_1457772902902{margin-top: -10px !important;}&#8221;][vc_column_text]Chascom\u00fas reuni\u00f3 a 20...","og_url":"https:\/\/aehg-laplata.org.ar\/nueva\/aehg-la-plata-llevo-a-cabo-nuevas-instancias-de-formacion-en-chascomus\/","og_site_name":"AEHG La Plata","article_publisher":"https:\/\/www.facebook.com\/AehgLaPlataOK\/","article_published_time":"2025-09-11T12:24:20+00:00","og_image":[{"width":1738,"height":800,"url":"https:\/\/aehg-laplata.org.ar\/nueva\/wp-content\/uploads\/AEHG-La-Plata-llevo-a-cabo-nuevas-instancias-de-formacion-en-Chascomus.jpg","path":"\/home\/c1070183\/public_html\/nueva\/wp-content\/uploads\/AEHG-La-Plata-llevo-a-cabo-nuevas-instancias-de-formacion-en-Chascomus.jpg","size":"full","id":2555,"alt":"","pixels":1390400,"type":"image\/jpeg"}],"twitter_card":"summary_large_image","twitter_misc":{"Escrito por":"ftosti","Tiempo de lectura":"2 minutos"},"schema":{"@context":"https:\/\/schema.org","@graph":[{"@type":"WebSite","@id":"https:\/\/aehg-laplata.org.ar\/nueva\/#website","url":"https:\/\/aehg-laplata.org.ar\/nueva\/","name":"AEHG La Plata","description":"","potentialAction":[{"@type":"SearchAction","target":{"@type":"EntryPoint","urlTemplate":"https:\/\/aehg-laplata.org.ar\/nueva\/?s={search_term_string}"},"query-input":"required name=search_term_string"}],"inLanguage":"es-AR"},{"@type":"ImageObject","@id":"https:\/\/aehg-laplata.org.ar\/nueva\/aehg-la-plata-llevo-a-cabo-nuevas-instancias-de-formacion-en-chascomus\/#primaryimage","inLanguage":"es-AR","url":"https:\/\/aehg-laplata.org.ar\/nueva\/wp-content\/uploads\/AEHG-La-Plata-llevo-a-cabo-nuevas-instancias-de-formacion-en-Chascomus.jpg","contentUrl":"https:\/\/aehg-laplata.org.ar\/nueva\/wp-content\/uploads\/AEHG-La-Plata-llevo-a-cabo-nuevas-instancias-de-formacion-en-Chascomus.jpg","width":1738,"height":800},{"@type":"WebPage","@id":"https:\/\/aehg-laplata.org.ar\/nueva\/aehg-la-plata-llevo-a-cabo-nuevas-instancias-de-formacion-en-chascomus\/#webpage","url":"https:\/\/aehg-laplata.org.ar\/nueva\/aehg-la-plata-llevo-a-cabo-nuevas-instancias-de-formacion-en-chascomus\/","name":"AEHG La Plata llev\u00f3 a cabo nuevas instancias de formaci\u00f3n en Chascom\u00fas - AEHG La Plata","isPartOf":{"@id":"https:\/\/aehg-laplata.org.ar\/nueva\/#website"},"primaryImageOfPage":{"@id":"https:\/\/aehg-laplata.org.ar\/nueva\/aehg-la-plata-llevo-a-cabo-nuevas-instancias-de-formacion-en-chascomus\/#primaryimage"},"datePublished":"2025-09-11T12:24:20+00:00","dateModified":"2025-09-11T12:24:20+00:00","author":{"@id":"https:\/\/aehg-laplata.org.ar\/nueva\/#\/schema\/person\/7f7b2f53bda3353446a1e6bfb4837e14"},"breadcrumb":{"@id":"https:\/\/aehg-laplata.org.ar\/nueva\/aehg-la-plata-llevo-a-cabo-nuevas-instancias-de-formacion-en-chascomus\/#breadcrumb"},"inLanguage":"es-AR","potentialAction":[{"@type":"ReadAction","target":["https:\/\/aehg-laplata.org.ar\/nueva\/aehg-la-plata-llevo-a-cabo-nuevas-instancias-de-formacion-en-chascomus\/"]}]},{"@type":"BreadcrumbList","@id":"https:\/\/aehg-laplata.org.ar\/nueva\/aehg-la-plata-llevo-a-cabo-nuevas-instancias-de-formacion-en-chascomus\/#breadcrumb","itemListElement":[{"@type":"ListItem","position":1,"name":"Inicio","item":"https:\/\/aehg-laplata.org.ar\/nueva\/"},{"@type":"ListItem","position":2,"name":"AEHG La Plata llev\u00f3 a cabo nuevas instancias de formaci\u00f3n en Chascom\u00fas"}]},{"@type":"Person","@id":"https:\/\/aehg-laplata.org.ar\/nueva\/#\/schema\/person\/7f7b2f53bda3353446a1e6bfb4837e14","name":"ftosti","image":{"@type":"ImageObject","@id":"https:\/\/aehg-laplata.org.ar\/nueva\/#personlogo","inLanguage":"es-AR","url":"https:\/\/secure.gravatar.com\/avatar\/602f4beec51ba7ffdca86e4faf5d039c?s=96&d=mm&r=g","contentUrl":"https:\/\/secure.gravatar.com\/avatar\/602f4beec51ba7ffdca86e4faf5d039c?s=96&d=mm&r=g","caption":"ftosti"},"url":"https:\/\/aehg-laplata.org.ar\/nueva\/author\/ftosti\/"}]}},"_links":{"self":[{"href":"https:\/\/aehg-laplata.org.ar\/nueva\/wp-json\/wp\/v2\/posts\/2554"}],"collection":[{"href":"https:\/\/aehg-laplata.org.ar\/nueva\/wp-json\/wp\/v2\/posts"}],"about":[{"href":"https:\/\/aehg-laplata.org.ar\/nueva\/wp-json\/wp\/v2\/types\/post"}],"author":[{"embeddable":true,"href":"https:\/\/aehg-laplata.org.ar\/nueva\/wp-json\/wp\/v2\/users\/1"}],"replies":[{"embeddable":true,"href":"https:\/\/aehg-laplata.org.ar\/nueva\/wp-json\/wp\/v2\/comments?post=2554"}],"version-history":[{"count":1,"href":"https:\/\/aehg-laplata.org.ar\/nueva\/wp-json\/wp\/v2\/posts\/2554\/revisions"}],"predecessor-version":[{"id":2556,"href":"https:\/\/aehg-laplata.org.ar\/nueva\/wp-json\/wp\/v2\/posts\/2554\/revisions\/2556"}],"wp:featuredmedia":[{"embeddable":true,"href":"https:\/\/aehg-laplata.org.ar\/nueva\/wp-json\/wp\/v2\/media\/2555"}],"wp:attachment":[{"href":"https:\/\/aehg-laplata.org.ar\/nueva\/wp-json\/wp\/v2\/media?parent=2554"}],"wp:term":[{"taxonomy":"category","embeddable":true,"href":"https:\/\/aehg-laplata.org.ar\/nueva\/wp-json\/wp\/v2\/categories?post=2554"},{"taxonomy":"post_tag","embeddable":true,"href":"https:\/\/aehg-laplata.org.ar\/nueva\/wp-json\/wp\/v2\/tags?post=2554"}],"curies":[{"name":"wp","href":"https:\/\/api.w.org\/{rel}","templated":true}]}}