{"id":2537,"date":"2025-08-27T11:32:59","date_gmt":"2025-08-27T14:32:59","guid":{"rendered":"https:\/\/aehg-laplata.org.ar\/nueva\/?p=2537"},"modified":"2025-08-27T11:32:59","modified_gmt":"2025-08-27T14:32:59","slug":"aehg-la-plata-presentacion-de-la-26a-fiesta-nacional-del-ave-de-raza-de-rauch-en-la-sede-de-fehgra-ante-medios-nacionales","status":"publish","type":"post","link":"https:\/\/aehg-laplata.org.ar\/nueva\/aehg-la-plata-presentacion-de-la-26a-fiesta-nacional-del-ave-de-raza-de-rauch-en-la-sede-de-fehgra-ante-medios-nacionales\/","title":{"rendered":"AEHG La Plata: Presentaci\u00f3n de la 26\u00aa Fiesta Nacional del Ave de Raza de Rauch en la sede de FEHGRA ante medios nacionales"},"content":{"rendered":"<p>[vc_row][vc_column][vc_column_text]<\/p>\n<h3 class=\"entry-title\">AEHG La Plata: Presentaci\u00f3n de la 26\u00aa Fiesta Nacional del Ave de Raza de Rauch en la sede de FEHGRA ante medios nacionales<\/h3>\n<p>[\/vc_column_text][\/vc_column][\/vc_row][vc_row][vc_column css=&#8221;.vc_custom_1457772902902{margin-top: -10px !important;}&#8221;][vc_column_text]<strong>La entidad platense, junto al Municipio de Rauch y FEHGRA, impuls\u00f3 la difusi\u00f3n nacional de una de las celebraciones m\u00e1s tradicionales de la provincia de Buenos Aires.<\/strong>[\/vc_column_text][\/vc_column][\/vc_row][vc_row equal_height=&#8221;yes&#8221;][vc_column width=&#8221;1\/2&#8243;][vc_single_image image=&#8221;2539&#8243; img_size=&#8221;full&#8221; onclick=&#8221;link_image&#8221;][\/vc_column][vc_column width=&#8221;1\/2&#8243;][vc_single_image image=&#8221;2538&#8243; img_size=&#8221;full&#8221; onclick=&#8221;link_image&#8221;][\/vc_column][\/vc_row][vc_row][vc_column css=&#8221;.vc_custom_1457772902902{margin-top: -10px !important;}&#8221;][vc_column_text]La Asociaci\u00f3n Empresaria Hotelera, Gastron\u00f3mica y Pastelera de La Plata, junto a la Federaci\u00f3n Empresaria Hotelera Gastron\u00f3mica de la Rep\u00fablica Argentina (FEHGRA) y el Municipio de Rauch, present\u00f3 oficialmente la 26\u00aa edici\u00f3n de la Fiesta Nacional del Ave de Raza, que se realizar\u00e1 del 12 al 14 de septiembre, celebrando los 50 a\u00f1os de su primera edici\u00f3n.<\/p>\n<p>El lanzamiento se llev\u00f3 a cabo en la prestigiosa sede de FEHGRA, en Buenos Aires, ante m\u00e1s de una decena de medios nacionales. Participaron el intendente de Rauch, <strong>Maximiliano Suescun<\/strong>; el vicepresidente de FEHGRA y presidente de la AEHG La Plata, <strong>Claudio N. Aguilar<\/strong>; la secretaria de actas de FEHGRA, <strong>Silvina Ripke<\/strong>; la presidenta de la Fiesta, <strong>Cecilia Bard\u00f3n<\/strong>; la embajadora, <strong>Bianca Lacoren<\/strong>; el presidente del Club Av\u00edcola Plymouth Rock Blanco, <strong>Carlos Vaqueiro<\/strong>; y la directora de Turismo de Rauch, <strong>Mar\u00eda Jos\u00e9 Rem\u00f3n<\/strong>. Acompa\u00f1aron autoridades municipales, miembros de la comisi\u00f3n organizadora, emprendedores, hoteleros y referentes del sector tur\u00edstico y gastron\u00f3mico.<\/p>\n<p>Claudio Aguilar destac\u00f3 que el evento en la \u201cCasa de la Hoteler\u00eda y la Gastronom\u00eda\u201d visibiliza las fiestas populares que generan movimiento tur\u00edstico y fortalecen la identidad local.<\/p>\n<p>La Fiesta Nacional del Ave de Raza, nacida en 1975, re\u00fane productores, turistas y familias de todo el pa\u00eds. Esta edici\u00f3n ofrecer\u00e1 exposiciones av\u00edcolas, feria de emprendedores, espect\u00e1culos musicales \u2013con Luciano Pereyra como figura central\u2013, desfile y elecci\u00f3n de embajadoras.<\/p>\n<p>Una vez m\u00e1s, <strong>la AEHG La Plata reafirma su compromiso con el desarrollo tur\u00edstico y gastron\u00f3mico de la regi\u00f3n, acompa\u00f1ando a las comunidades bonaerenses y generando espacios de visibilidad en escenarios nacionales.<\/strong>[\/vc_column_text][\/vc_column][\/vc_row]<\/p>\n","protected":false},"excerpt":{"rendered":"<p>[vc_row][vc_column][vc_column_text] AEHG La Plata: Presentaci\u00f3n de la 26\u00aa Fiesta Nacional del Ave de Raza de Rauch en la sede de&#8230;<\/p>\n","protected":false},"author":1,"featured_media":2539,"comment_status":"closed","ping_status":"closed","sticky":false,"template":"","format":"standard","meta":[],"categories":[4],"tags":[],"yoast_head":"<!-- This site is optimized with the Yoast SEO plugin v17.2.1 - https:\/\/yoast.com\/wordpress\/plugins\/seo\/ -->\n<title>AEHG La Plata: Presentaci\u00f3n de la 26\u00aa Fiesta Nacional del Ave de Raza de Rauch en la sede de FEHGRA ante medios nacionales - AEHG La Plata<\/title>\n<meta name=\"robots\" content=\"index, follow, max-snippet:-1, max-image-preview:large, max-video-preview:-1\" \/>\n<link rel=\"canonical\" href=\"https:\/\/aehg-laplata.org.ar\/nueva\/aehg-la-plata-presentacion-de-la-26a-fiesta-nacional-del-ave-de-raza-de-rauch-en-la-sede-de-fehgra-ante-medios-nacionales\/\" \/>\n<meta property=\"og:locale\" content=\"es_ES\" \/>\n<meta property=\"og:type\" content=\"article\" \/>\n<meta property=\"og:title\" content=\"AEHG La Plata: Presentaci\u00f3n de la 26\u00aa Fiesta Nacional del Ave de Raza de Rauch en la sede de FEHGRA ante medios nacionales - AEHG La Plata\" \/>\n<meta property=\"og:description\" content=\"[vc_row][vc_column][vc_column_text] AEHG La Plata: Presentaci\u00f3n de la 26\u00aa Fiesta Nacional del Ave de Raza de Rauch en la sede de...\" \/>\n<meta property=\"og:url\" content=\"https:\/\/aehg-laplata.org.ar\/nueva\/aehg-la-plata-presentacion-de-la-26a-fiesta-nacional-del-ave-de-raza-de-rauch-en-la-sede-de-fehgra-ante-medios-nacionales\/\" \/>\n<meta property=\"og:site_name\" content=\"AEHG La Plata\" \/>\n<meta property=\"article:publisher\" content=\"https:\/\/www.facebook.com\/AehgLaPlataOK\/\" \/>\n<meta property=\"article:published_time\" content=\"2025-08-27T14:32:59+00:00\" \/>\n<meta property=\"og:image\" content=\"https:\/\/aehg-laplata.org.ar\/nueva\/wp-content\/uploads\/Presentacion-de-la-26-Fiesta-Nacional-del-Ave-de-Raza-de-Rauch-2.jpg\" \/>\n\t<meta property=\"og:image:width\" content=\"1423\" \/>\n\t<meta property=\"og:image:height\" content=\"800\" \/>\n<meta name=\"twitter:card\" content=\"summary_large_image\" \/>\n<meta name=\"twitter:label1\" content=\"Escrito por\" \/>\n\t<meta name=\"twitter:data1\" content=\"ftosti\" \/>\n\t<meta name=\"twitter:label2\" content=\"Tiempo de lectura\" \/>\n\t<meta name=\"twitter:data2\" content=\"2 minutos\" \/>\n<script type=\"application\/ld+json\" class=\"yoast-schema-graph\">{\"@context\":\"https:\/\/schema.org\",\"@graph\":[{\"@type\":\"WebSite\",\"@id\":\"https:\/\/aehg-laplata.org.ar\/nueva\/#website\",\"url\":\"https:\/\/aehg-laplata.org.ar\/nueva\/\",\"name\":\"AEHG La Plata\",\"description\":\"\",\"potentialAction\":[{\"@type\":\"SearchAction\",\"target\":{\"@type\":\"EntryPoint\",\"urlTemplate\":\"https:\/\/aehg-laplata.org.ar\/nueva\/?s={search_term_string}\"},\"query-input\":\"required name=search_term_string\"}],\"inLanguage\":\"es-AR\"},{\"@type\":\"ImageObject\",\"@id\":\"https:\/\/aehg-laplata.org.ar\/nueva\/aehg-la-plata-presentacion-de-la-26a-fiesta-nacional-del-ave-de-raza-de-rauch-en-la-sede-de-fehgra-ante-medios-nacionales\/#primaryimage\",\"inLanguage\":\"es-AR\",\"url\":\"https:\/\/aehg-laplata.org.ar\/nueva\/wp-content\/uploads\/Presentacion-de-la-26-Fiesta-Nacional-del-Ave-de-Raza-de-Rauch-2.jpg\",\"contentUrl\":\"https:\/\/aehg-laplata.org.ar\/nueva\/wp-content\/uploads\/Presentacion-de-la-26-Fiesta-Nacional-del-Ave-de-Raza-de-Rauch-2.jpg\",\"width\":1423,\"height\":800},{\"@type\":\"WebPage\",\"@id\":\"https:\/\/aehg-laplata.org.ar\/nueva\/aehg-la-plata-presentacion-de-la-26a-fiesta-nacional-del-ave-de-raza-de-rauch-en-la-sede-de-fehgra-ante-medios-nacionales\/#webpage\",\"url\":\"https:\/\/aehg-laplata.org.ar\/nueva\/aehg-la-plata-presentacion-de-la-26a-fiesta-nacional-del-ave-de-raza-de-rauch-en-la-sede-de-fehgra-ante-medios-nacionales\/\",\"name\":\"AEHG La Plata: Presentaci\\u00f3n de la 26\\u00aa Fiesta Nacional del Ave de Raza de Rauch en la sede de FEHGRA ante medios nacionales - AEHG La Plata\",\"isPartOf\":{\"@id\":\"https:\/\/aehg-laplata.org.ar\/nueva\/#website\"},\"primaryImageOfPage\":{\"@id\":\"https:\/\/aehg-laplata.org.ar\/nueva\/aehg-la-plata-presentacion-de-la-26a-fiesta-nacional-del-ave-de-raza-de-rauch-en-la-sede-de-fehgra-ante-medios-nacionales\/#primaryimage\"},\"datePublished\":\"2025-08-27T14:32:59+00:00\",\"dateModified\":\"2025-08-27T14:32:59+00:00\",\"author\":{\"@id\":\"https:\/\/aehg-laplata.org.ar\/nueva\/#\/schema\/person\/7f7b2f53bda3353446a1e6bfb4837e14\"},\"breadcrumb\":{\"@id\":\"https:\/\/aehg-laplata.org.ar\/nueva\/aehg-la-plata-presentacion-de-la-26a-fiesta-nacional-del-ave-de-raza-de-rauch-en-la-sede-de-fehgra-ante-medios-nacionales\/#breadcrumb\"},\"inLanguage\":\"es-AR\",\"potentialAction\":[{\"@type\":\"ReadAction\",\"target\":[\"https:\/\/aehg-laplata.org.ar\/nueva\/aehg-la-plata-presentacion-de-la-26a-fiesta-nacional-del-ave-de-raza-de-rauch-en-la-sede-de-fehgra-ante-medios-nacionales\/\"]}]},{\"@type\":\"BreadcrumbList\",\"@id\":\"https:\/\/aehg-laplata.org.ar\/nueva\/aehg-la-plata-presentacion-de-la-26a-fiesta-nacional-del-ave-de-raza-de-rauch-en-la-sede-de-fehgra-ante-medios-nacionales\/#breadcrumb\",\"itemListElement\":[{\"@type\":\"ListItem\",\"position\":1,\"name\":\"Inicio\",\"item\":\"https:\/\/aehg-laplata.org.ar\/nueva\/\"},{\"@type\":\"ListItem\",\"position\":2,\"name\":\"AEHG La Plata: Presentaci\\u00f3n de la 26\\u00aa Fiesta Nacional del Ave de Raza de Rauch en la sede de FEHGRA ante medios nacionales\"}]},{\"@type\":\"Person\",\"@id\":\"https:\/\/aehg-laplata.org.ar\/nueva\/#\/schema\/person\/7f7b2f53bda3353446a1e6bfb4837e14\",\"name\":\"ftosti\",\"image\":{\"@type\":\"ImageObject\",\"@id\":\"https:\/\/aehg-laplata.org.ar\/nueva\/#personlogo\",\"inLanguage\":\"es-AR\",\"url\":\"https:\/\/secure.gravatar.com\/avatar\/602f4beec51ba7ffdca86e4faf5d039c?s=96&d=mm&r=g\",\"contentUrl\":\"https:\/\/secure.gravatar.com\/avatar\/602f4beec51ba7ffdca86e4faf5d039c?s=96&d=mm&r=g\",\"caption\":\"ftosti\"},\"url\":\"https:\/\/aehg-laplata.org.ar\/nueva\/author\/ftosti\/\"}]}<\/script>\n<!-- \/ Yoast SEO plugin. -->","yoast_head_json":{"title":"AEHG La Plata: Presentaci\u00f3n de la 26\u00aa Fiesta Nacional del Ave de Raza de Rauch en la sede de FEHGRA ante medios nacionales - AEHG La Plata","robots":{"index":"index","follow":"follow","max-snippet":"max-snippet:-1","max-image-preview":"max-image-preview:large","max-video-preview":"max-video-preview:-1"},"canonical":"https:\/\/aehg-laplata.org.ar\/nueva\/aehg-la-plata-presentacion-de-la-26a-fiesta-nacional-del-ave-de-raza-de-rauch-en-la-sede-de-fehgra-ante-medios-nacionales\/","og_locale":"es_ES","og_type":"article","og_title":"AEHG La Plata: Presentaci\u00f3n de la 26\u00aa Fiesta Nacional del Ave de Raza de Rauch en la sede de FEHGRA ante medios nacionales - AEHG La Plata","og_description":"[vc_row][vc_column][vc_column_text] AEHG La Plata: Presentaci\u00f3n de la 26\u00aa Fiesta Nacional del Ave de Raza de Rauch en la sede de...","og_url":"https:\/\/aehg-laplata.org.ar\/nueva\/aehg-la-plata-presentacion-de-la-26a-fiesta-nacional-del-ave-de-raza-de-rauch-en-la-sede-de-fehgra-ante-medios-nacionales\/","og_site_name":"AEHG La Plata","article_publisher":"https:\/\/www.facebook.com\/AehgLaPlataOK\/","article_published_time":"2025-08-27T14:32:59+00:00","og_image":[{"width":1423,"height":800,"url":"https:\/\/aehg-laplata.org.ar\/nueva\/wp-content\/uploads\/Presentacion-de-la-26-Fiesta-Nacional-del-Ave-de-Raza-de-Rauch-2.jpg","path":"\/home\/c1070183\/public_html\/nueva\/wp-content\/uploads\/Presentacion-de-la-26-Fiesta-Nacional-del-Ave-de-Raza-de-Rauch-2.jpg","size":"full","id":2539,"alt":"","pixels":1138400,"type":"image\/jpeg"}],"twitter_card":"summary_large_image","twitter_misc":{"Escrito por":"ftosti","Tiempo de lectura":"2 minutos"},"schema":{"@context":"https:\/\/schema.org","@graph":[{"@type":"WebSite","@id":"https:\/\/aehg-laplata.org.ar\/nueva\/#website","url":"https:\/\/aehg-laplata.org.ar\/nueva\/","name":"AEHG La Plata","description":"","potentialAction":[{"@type":"SearchAction","target":{"@type":"EntryPoint","urlTemplate":"https:\/\/aehg-laplata.org.ar\/nueva\/?s={search_term_string}"},"query-input":"required name=search_term_string"}],"inLanguage":"es-AR"},{"@type":"ImageObject","@id":"https:\/\/aehg-laplata.org.ar\/nueva\/aehg-la-plata-presentacion-de-la-26a-fiesta-nacional-del-ave-de-raza-de-rauch-en-la-sede-de-fehgra-ante-medios-nacionales\/#primaryimage","inLanguage":"es-AR","url":"https:\/\/aehg-laplata.org.ar\/nueva\/wp-content\/uploads\/Presentacion-de-la-26-Fiesta-Nacional-del-Ave-de-Raza-de-Rauch-2.jpg","contentUrl":"https:\/\/aehg-laplata.org.ar\/nueva\/wp-content\/uploads\/Presentacion-de-la-26-Fiesta-Nacional-del-Ave-de-Raza-de-Rauch-2.jpg","width":1423,"height":800},{"@type":"WebPage","@id":"https:\/\/aehg-laplata.org.ar\/nueva\/aehg-la-plata-presentacion-de-la-26a-fiesta-nacional-del-ave-de-raza-de-rauch-en-la-sede-de-fehgra-ante-medios-nacionales\/#webpage","url":"https:\/\/aehg-laplata.org.ar\/nueva\/aehg-la-plata-presentacion-de-la-26a-fiesta-nacional-del-ave-de-raza-de-rauch-en-la-sede-de-fehgra-ante-medios-nacionales\/","name":"AEHG La Plata: Presentaci\u00f3n de la 26\u00aa Fiesta Nacional del Ave de Raza de Rauch en la sede de FEHGRA ante medios nacionales - AEHG La Plata","isPartOf":{"@id":"https:\/\/aehg-laplata.org.ar\/nueva\/#website"},"primaryImageOfPage":{"@id":"https:\/\/aehg-laplata.org.ar\/nueva\/aehg-la-plata-presentacion-de-la-26a-fiesta-nacional-del-ave-de-raza-de-rauch-en-la-sede-de-fehgra-ante-medios-nacionales\/#primaryimage"},"datePublished":"2025-08-27T14:32:59+00:00","dateModified":"2025-08-27T14:32:59+00:00","author":{"@id":"https:\/\/aehg-laplata.org.ar\/nueva\/#\/schema\/person\/7f7b2f53bda3353446a1e6bfb4837e14"},"breadcrumb":{"@id":"https:\/\/aehg-laplata.org.ar\/nueva\/aehg-la-plata-presentacion-de-la-26a-fiesta-nacional-del-ave-de-raza-de-rauch-en-la-sede-de-fehgra-ante-medios-nacionales\/#breadcrumb"},"inLanguage":"es-AR","potentialAction":[{"@type":"ReadAction","target":["https:\/\/aehg-laplata.org.ar\/nueva\/aehg-la-plata-presentacion-de-la-26a-fiesta-nacional-del-ave-de-raza-de-rauch-en-la-sede-de-fehgra-ante-medios-nacionales\/"]}]},{"@type":"BreadcrumbList","@id":"https:\/\/aehg-laplata.org.ar\/nueva\/aehg-la-plata-presentacion-de-la-26a-fiesta-nacional-del-ave-de-raza-de-rauch-en-la-sede-de-fehgra-ante-medios-nacionales\/#breadcrumb","itemListElement":[{"@type":"ListItem","position":1,"name":"Inicio","item":"https:\/\/aehg-laplata.org.ar\/nueva\/"},{"@type":"ListItem","position":2,"name":"AEHG La Plata: Presentaci\u00f3n de la 26\u00aa Fiesta Nacional del Ave de Raza de Rauch en la sede de FEHGRA ante medios nacionales"}]},{"@type":"Person","@id":"https:\/\/aehg-laplata.org.ar\/nueva\/#\/schema\/person\/7f7b2f53bda3353446a1e6bfb4837e14","name":"ftosti","image":{"@type":"ImageObject","@id":"https:\/\/aehg-laplata.org.ar\/nueva\/#personlogo","inLanguage":"es-AR","url":"https:\/\/secure.gravatar.com\/avatar\/602f4beec51ba7ffdca86e4faf5d039c?s=96&d=mm&r=g","contentUrl":"https:\/\/secure.gravatar.com\/avatar\/602f4beec51ba7ffdca86e4faf5d039c?s=96&d=mm&r=g","caption":"ftosti"},"url":"https:\/\/aehg-laplata.org.ar\/nueva\/author\/ftosti\/"}]}},"_links":{"self":[{"href":"https:\/\/aehg-laplata.org.ar\/nueva\/wp-json\/wp\/v2\/posts\/2537"}],"collection":[{"href":"https:\/\/aehg-laplata.org.ar\/nueva\/wp-json\/wp\/v2\/posts"}],"about":[{"href":"https:\/\/aehg-laplata.org.ar\/nueva\/wp-json\/wp\/v2\/types\/post"}],"author":[{"embeddable":true,"href":"https:\/\/aehg-laplata.org.ar\/nueva\/wp-json\/wp\/v2\/users\/1"}],"replies":[{"embeddable":true,"href":"https:\/\/aehg-laplata.org.ar\/nueva\/wp-json\/wp\/v2\/comments?post=2537"}],"version-history":[{"count":1,"href":"https:\/\/aehg-laplata.org.ar\/nueva\/wp-json\/wp\/v2\/posts\/2537\/revisions"}],"predecessor-version":[{"id":2540,"href":"https:\/\/aehg-laplata.org.ar\/nueva\/wp-json\/wp\/v2\/posts\/2537\/revisions\/2540"}],"wp:featuredmedia":[{"embeddable":true,"href":"https:\/\/aehg-laplata.org.ar\/nueva\/wp-json\/wp\/v2\/media\/2539"}],"wp:attachment":[{"href":"https:\/\/aehg-laplata.org.ar\/nueva\/wp-json\/wp\/v2\/media?parent=2537"}],"wp:term":[{"taxonomy":"category","embeddable":true,"href":"https:\/\/aehg-laplata.org.ar\/nueva\/wp-json\/wp\/v2\/categories?post=2537"},{"taxonomy":"post_tag","embeddable":true,"href":"https:\/\/aehg-laplata.org.ar\/nueva\/wp-json\/wp\/v2\/tags?post=2537"}],"curies":[{"name":"wp","href":"https:\/\/api.w.org\/{rel}","templated":true}]}}