{"id":2316,"date":"2025-01-15T11:55:45","date_gmt":"2025-01-15T14:55:45","guid":{"rendered":"https:\/\/aehg-laplata.org.ar\/nueva\/?p=2316"},"modified":"2025-01-15T11:55:45","modified_gmt":"2025-01-15T14:55:45","slug":"bandas-en-vivo-en-trenque-lauquen-y-el-tradicional-carnaval-en-25-de-mayo","status":"publish","type":"post","link":"https:\/\/aehg-laplata.org.ar\/nueva\/bandas-en-vivo-en-trenque-lauquen-y-el-tradicional-carnaval-en-25-de-mayo\/","title":{"rendered":"Bandas en vivo en Trenque Lauquen y el tradicional carnaval en 25 de Mayo"},"content":{"rendered":"<p>[vc_row][vc_column][vc_column_text]<\/p>\n<h3 class=\"entry-title\">Bandas en vivo en Trenque Lauquen y el tradicional carnaval en 25 de Mayo<\/h3>\n<p>[\/vc_column_text][\/vc_column][\/vc_row][vc_row][vc_column css=&#8221;.vc_custom_1457772902902{margin-top: -10px !important;}&#8221;][vc_column_text]Los municipios de la provincia de Buenos Aires contin\u00faan con celebraciones y festivales para disfrutar durante este verano. En esta ocasi\u00f3n presentamos M\u00fasica en la Estaci\u00f3n en Trenque Lauquen, y los Carnavales en 25 de Mayo.[\/vc_column_text][\/vc_column][\/vc_row][vc_row][vc_column width=&#8221;1\/2&#8243;][vc_single_image image=&#8221;2317&#8243; img_size=&#8221;full&#8221;][\/vc_column][vc_column width=&#8221;1\/2&#8243;][vc_single_image image=&#8221;2318&#8243; img_size=&#8221;full&#8221;][\/vc_column][\/vc_row][vc_row][vc_column css=&#8221;.vc_custom_1457772902902{margin-top: -10px !important;}&#8221;][vc_column_text]El 19 de enero se realizar\u00e1 el primer domingo de M\u00fasica en la Estaci\u00f3n, organizado por la Municipalidad de Trenque Lauquen, con la presentaci\u00f3n de la Triple M, Tres Acordes, Los Reyes de la Peluquer\u00eda, Los Americanos (de Rivadavia) y gran cierre con Eber Herrera.<\/p>\n<p>El evento se realizar\u00e1 en el play\u00f3n del Ferrocarril, con entrada libre y gratuita, y contar\u00e1 con una cantina por noche a cargo de instituciones locales. Los encuentros continuar\u00e1n el 26 de enero y los d\u00edas 2, 9 y 23 de febrero.<\/p>\n<p><strong>Carnaval en 25 de Mayo<\/strong><\/p>\n<p>En el municipio de 25 de Mayo, por otra parte, el 18 y 19 de enero comienzan los tradicionales festejos de Carnaval, en un escenario al aire libre con la participaci\u00f3n de 500 pasistas de tres comparsas y dos batucadas.<\/p>\n<p>Los carnavales de 25 de mayo invitan a vivir la magia, la m\u00fasica y el color que sigue brillando en cada rinc\u00f3n del corso. Las comparsas, carrozas y batucadas se lucir\u00e1n con todo su esplendor, desde las 22 hs y hasta entrada la madrugada.<\/p>\n<p>Se puede disfrutar del espect\u00e1culo con amigos, familia, o con quien se quiera, porque esta fiesta es para todos.<\/p>\n<p>Todo el ritmo contagioso de las comparsas, los espectaculares trajes y la energ\u00eda que se siente en el aire. \u00a1Es un evento \u00fanico!<\/p>\n<p>De esta forma, AEHG La Plata contin\u00faa apoyando y visibilizando las celebraciones que se realizan en la provincia de Buenos Aires, con el objetivo de promover y fomentar la actividad tur\u00edstica.[\/vc_column_text][\/vc_column][\/vc_row]<\/p>\n","protected":false},"excerpt":{"rendered":"<p>[vc_row][vc_column][vc_column_text] Bandas en vivo en Trenque Lauquen y el tradicional carnaval en 25 de Mayo [\/vc_column_text][\/vc_column][\/vc_row][vc_row][vc_column css=&#8221;.vc_custom_1457772902902{margin-top: -10px !important;}&#8221;][vc_column_text]Los municipios&#8230;<\/p>\n","protected":false},"author":1,"featured_media":2318,"comment_status":"closed","ping_status":"closed","sticky":false,"template":"","format":"standard","meta":[],"categories":[4],"tags":[],"yoast_head":"<!-- This site is optimized with the Yoast SEO plugin v17.2.1 - https:\/\/yoast.com\/wordpress\/plugins\/seo\/ -->\n<title>Bandas en vivo en Trenque Lauquen y el tradicional carnaval en 25 de Mayo - AEHG La Plata<\/title>\n<meta name=\"robots\" content=\"index, follow, max-snippet:-1, max-image-preview:large, max-video-preview:-1\" \/>\n<link rel=\"canonical\" href=\"https:\/\/aehg-laplata.org.ar\/nueva\/bandas-en-vivo-en-trenque-lauquen-y-el-tradicional-carnaval-en-25-de-mayo\/\" \/>\n<meta property=\"og:locale\" content=\"es_ES\" \/>\n<meta property=\"og:type\" content=\"article\" \/>\n<meta property=\"og:title\" content=\"Bandas en vivo en Trenque Lauquen y el tradicional carnaval en 25 de Mayo - AEHG La Plata\" \/>\n<meta property=\"og:description\" content=\"[vc_row][vc_column][vc_column_text] Bandas en vivo en Trenque Lauquen y el tradicional carnaval en 25 de Mayo [\/vc_column_text][\/vc_column][\/vc_row][vc_row][vc_column css=&#8221;.vc_custom_1457772902902{margin-top: -10px !important;}&#8221;][vc_column_text]Los municipios...\" \/>\n<meta property=\"og:url\" content=\"https:\/\/aehg-laplata.org.ar\/nueva\/bandas-en-vivo-en-trenque-lauquen-y-el-tradicional-carnaval-en-25-de-mayo\/\" \/>\n<meta property=\"og:site_name\" content=\"AEHG La Plata\" \/>\n<meta property=\"article:publisher\" content=\"https:\/\/www.facebook.com\/AehgLaPlataOK\/\" \/>\n<meta property=\"article:published_time\" content=\"2025-01-15T14:55:45+00:00\" \/>\n<meta property=\"og:image\" content=\"https:\/\/aehg-laplata.org.ar\/nueva\/wp-content\/uploads\/Bandas-en-vivo-en-Trenque-Lauquen-y-el-tradicional-carnaval-en-25-de-Mayo-2.jpg\" \/>\n\t<meta property=\"og:image:width\" content=\"1080\" \/>\n\t<meta property=\"og:image:height\" content=\"1080\" \/>\n<meta name=\"twitter:card\" content=\"summary_large_image\" \/>\n<meta name=\"twitter:label1\" content=\"Escrito por\" \/>\n\t<meta name=\"twitter:data1\" content=\"ftosti\" \/>\n\t<meta name=\"twitter:label2\" content=\"Tiempo de lectura\" \/>\n\t<meta name=\"twitter:data2\" content=\"2 minutos\" \/>\n<script type=\"application\/ld+json\" class=\"yoast-schema-graph\">{\"@context\":\"https:\/\/schema.org\",\"@graph\":[{\"@type\":\"WebSite\",\"@id\":\"https:\/\/aehg-laplata.org.ar\/nueva\/#website\",\"url\":\"https:\/\/aehg-laplata.org.ar\/nueva\/\",\"name\":\"AEHG La Plata\",\"description\":\"\",\"potentialAction\":[{\"@type\":\"SearchAction\",\"target\":{\"@type\":\"EntryPoint\",\"urlTemplate\":\"https:\/\/aehg-laplata.org.ar\/nueva\/?s={search_term_string}\"},\"query-input\":\"required name=search_term_string\"}],\"inLanguage\":\"es-AR\"},{\"@type\":\"ImageObject\",\"@id\":\"https:\/\/aehg-laplata.org.ar\/nueva\/bandas-en-vivo-en-trenque-lauquen-y-el-tradicional-carnaval-en-25-de-mayo\/#primaryimage\",\"inLanguage\":\"es-AR\",\"url\":\"https:\/\/aehg-laplata.org.ar\/nueva\/wp-content\/uploads\/Bandas-en-vivo-en-Trenque-Lauquen-y-el-tradicional-carnaval-en-25-de-Mayo-2.jpg\",\"contentUrl\":\"https:\/\/aehg-laplata.org.ar\/nueva\/wp-content\/uploads\/Bandas-en-vivo-en-Trenque-Lauquen-y-el-tradicional-carnaval-en-25-de-Mayo-2.jpg\",\"width\":1080,\"height\":1080},{\"@type\":\"WebPage\",\"@id\":\"https:\/\/aehg-laplata.org.ar\/nueva\/bandas-en-vivo-en-trenque-lauquen-y-el-tradicional-carnaval-en-25-de-mayo\/#webpage\",\"url\":\"https:\/\/aehg-laplata.org.ar\/nueva\/bandas-en-vivo-en-trenque-lauquen-y-el-tradicional-carnaval-en-25-de-mayo\/\",\"name\":\"Bandas en vivo en Trenque Lauquen y el tradicional carnaval en 25 de Mayo - AEHG La Plata\",\"isPartOf\":{\"@id\":\"https:\/\/aehg-laplata.org.ar\/nueva\/#website\"},\"primaryImageOfPage\":{\"@id\":\"https:\/\/aehg-laplata.org.ar\/nueva\/bandas-en-vivo-en-trenque-lauquen-y-el-tradicional-carnaval-en-25-de-mayo\/#primaryimage\"},\"datePublished\":\"2025-01-15T14:55:45+00:00\",\"dateModified\":\"2025-01-15T14:55:45+00:00\",\"author\":{\"@id\":\"https:\/\/aehg-laplata.org.ar\/nueva\/#\/schema\/person\/7f7b2f53bda3353446a1e6bfb4837e14\"},\"breadcrumb\":{\"@id\":\"https:\/\/aehg-laplata.org.ar\/nueva\/bandas-en-vivo-en-trenque-lauquen-y-el-tradicional-carnaval-en-25-de-mayo\/#breadcrumb\"},\"inLanguage\":\"es-AR\",\"potentialAction\":[{\"@type\":\"ReadAction\",\"target\":[\"https:\/\/aehg-laplata.org.ar\/nueva\/bandas-en-vivo-en-trenque-lauquen-y-el-tradicional-carnaval-en-25-de-mayo\/\"]}]},{\"@type\":\"BreadcrumbList\",\"@id\":\"https:\/\/aehg-laplata.org.ar\/nueva\/bandas-en-vivo-en-trenque-lauquen-y-el-tradicional-carnaval-en-25-de-mayo\/#breadcrumb\",\"itemListElement\":[{\"@type\":\"ListItem\",\"position\":1,\"name\":\"Inicio\",\"item\":\"https:\/\/aehg-laplata.org.ar\/nueva\/\"},{\"@type\":\"ListItem\",\"position\":2,\"name\":\"Bandas en vivo en Trenque Lauquen y el tradicional carnaval en 25 de Mayo\"}]},{\"@type\":\"Person\",\"@id\":\"https:\/\/aehg-laplata.org.ar\/nueva\/#\/schema\/person\/7f7b2f53bda3353446a1e6bfb4837e14\",\"name\":\"ftosti\",\"image\":{\"@type\":\"ImageObject\",\"@id\":\"https:\/\/aehg-laplata.org.ar\/nueva\/#personlogo\",\"inLanguage\":\"es-AR\",\"url\":\"https:\/\/secure.gravatar.com\/avatar\/602f4beec51ba7ffdca86e4faf5d039c?s=96&d=mm&r=g\",\"contentUrl\":\"https:\/\/secure.gravatar.com\/avatar\/602f4beec51ba7ffdca86e4faf5d039c?s=96&d=mm&r=g\",\"caption\":\"ftosti\"},\"url\":\"https:\/\/aehg-laplata.org.ar\/nueva\/author\/ftosti\/\"}]}<\/script>\n<!-- \/ Yoast SEO plugin. -->","yoast_head_json":{"title":"Bandas en vivo en Trenque Lauquen y el tradicional carnaval en 25 de Mayo - AEHG La Plata","robots":{"index":"index","follow":"follow","max-snippet":"max-snippet:-1","max-image-preview":"max-image-preview:large","max-video-preview":"max-video-preview:-1"},"canonical":"https:\/\/aehg-laplata.org.ar\/nueva\/bandas-en-vivo-en-trenque-lauquen-y-el-tradicional-carnaval-en-25-de-mayo\/","og_locale":"es_ES","og_type":"article","og_title":"Bandas en vivo en Trenque Lauquen y el tradicional carnaval en 25 de Mayo - AEHG La Plata","og_description":"[vc_row][vc_column][vc_column_text] Bandas en vivo en Trenque Lauquen y el tradicional carnaval en 25 de Mayo [\/vc_column_text][\/vc_column][\/vc_row][vc_row][vc_column css=&#8221;.vc_custom_1457772902902{margin-top: -10px !important;}&#8221;][vc_column_text]Los municipios...","og_url":"https:\/\/aehg-laplata.org.ar\/nueva\/bandas-en-vivo-en-trenque-lauquen-y-el-tradicional-carnaval-en-25-de-mayo\/","og_site_name":"AEHG La Plata","article_publisher":"https:\/\/www.facebook.com\/AehgLaPlataOK\/","article_published_time":"2025-01-15T14:55:45+00:00","og_image":[{"width":1080,"height":1080,"url":"https:\/\/aehg-laplata.org.ar\/nueva\/wp-content\/uploads\/Bandas-en-vivo-en-Trenque-Lauquen-y-el-tradicional-carnaval-en-25-de-Mayo-2.jpg","path":"\/home\/c1070183\/public_html\/nueva\/wp-content\/uploads\/Bandas-en-vivo-en-Trenque-Lauquen-y-el-tradicional-carnaval-en-25-de-Mayo-2.jpg","size":"full","id":2318,"alt":"","pixels":1166400,"type":"image\/jpeg"}],"twitter_card":"summary_large_image","twitter_misc":{"Escrito por":"ftosti","Tiempo de lectura":"2 minutos"},"schema":{"@context":"https:\/\/schema.org","@graph":[{"@type":"WebSite","@id":"https:\/\/aehg-laplata.org.ar\/nueva\/#website","url":"https:\/\/aehg-laplata.org.ar\/nueva\/","name":"AEHG La Plata","description":"","potentialAction":[{"@type":"SearchAction","target":{"@type":"EntryPoint","urlTemplate":"https:\/\/aehg-laplata.org.ar\/nueva\/?s={search_term_string}"},"query-input":"required name=search_term_string"}],"inLanguage":"es-AR"},{"@type":"ImageObject","@id":"https:\/\/aehg-laplata.org.ar\/nueva\/bandas-en-vivo-en-trenque-lauquen-y-el-tradicional-carnaval-en-25-de-mayo\/#primaryimage","inLanguage":"es-AR","url":"https:\/\/aehg-laplata.org.ar\/nueva\/wp-content\/uploads\/Bandas-en-vivo-en-Trenque-Lauquen-y-el-tradicional-carnaval-en-25-de-Mayo-2.jpg","contentUrl":"https:\/\/aehg-laplata.org.ar\/nueva\/wp-content\/uploads\/Bandas-en-vivo-en-Trenque-Lauquen-y-el-tradicional-carnaval-en-25-de-Mayo-2.jpg","width":1080,"height":1080},{"@type":"WebPage","@id":"https:\/\/aehg-laplata.org.ar\/nueva\/bandas-en-vivo-en-trenque-lauquen-y-el-tradicional-carnaval-en-25-de-mayo\/#webpage","url":"https:\/\/aehg-laplata.org.ar\/nueva\/bandas-en-vivo-en-trenque-lauquen-y-el-tradicional-carnaval-en-25-de-mayo\/","name":"Bandas en vivo en Trenque Lauquen y el tradicional carnaval en 25 de Mayo - AEHG La Plata","isPartOf":{"@id":"https:\/\/aehg-laplata.org.ar\/nueva\/#website"},"primaryImageOfPage":{"@id":"https:\/\/aehg-laplata.org.ar\/nueva\/bandas-en-vivo-en-trenque-lauquen-y-el-tradicional-carnaval-en-25-de-mayo\/#primaryimage"},"datePublished":"2025-01-15T14:55:45+00:00","dateModified":"2025-01-15T14:55:45+00:00","author":{"@id":"https:\/\/aehg-laplata.org.ar\/nueva\/#\/schema\/person\/7f7b2f53bda3353446a1e6bfb4837e14"},"breadcrumb":{"@id":"https:\/\/aehg-laplata.org.ar\/nueva\/bandas-en-vivo-en-trenque-lauquen-y-el-tradicional-carnaval-en-25-de-mayo\/#breadcrumb"},"inLanguage":"es-AR","potentialAction":[{"@type":"ReadAction","target":["https:\/\/aehg-laplata.org.ar\/nueva\/bandas-en-vivo-en-trenque-lauquen-y-el-tradicional-carnaval-en-25-de-mayo\/"]}]},{"@type":"BreadcrumbList","@id":"https:\/\/aehg-laplata.org.ar\/nueva\/bandas-en-vivo-en-trenque-lauquen-y-el-tradicional-carnaval-en-25-de-mayo\/#breadcrumb","itemListElement":[{"@type":"ListItem","position":1,"name":"Inicio","item":"https:\/\/aehg-laplata.org.ar\/nueva\/"},{"@type":"ListItem","position":2,"name":"Bandas en vivo en Trenque Lauquen y el tradicional carnaval en 25 de Mayo"}]},{"@type":"Person","@id":"https:\/\/aehg-laplata.org.ar\/nueva\/#\/schema\/person\/7f7b2f53bda3353446a1e6bfb4837e14","name":"ftosti","image":{"@type":"ImageObject","@id":"https:\/\/aehg-laplata.org.ar\/nueva\/#personlogo","inLanguage":"es-AR","url":"https:\/\/secure.gravatar.com\/avatar\/602f4beec51ba7ffdca86e4faf5d039c?s=96&d=mm&r=g","contentUrl":"https:\/\/secure.gravatar.com\/avatar\/602f4beec51ba7ffdca86e4faf5d039c?s=96&d=mm&r=g","caption":"ftosti"},"url":"https:\/\/aehg-laplata.org.ar\/nueva\/author\/ftosti\/"}]}},"_links":{"self":[{"href":"https:\/\/aehg-laplata.org.ar\/nueva\/wp-json\/wp\/v2\/posts\/2316"}],"collection":[{"href":"https:\/\/aehg-laplata.org.ar\/nueva\/wp-json\/wp\/v2\/posts"}],"about":[{"href":"https:\/\/aehg-laplata.org.ar\/nueva\/wp-json\/wp\/v2\/types\/post"}],"author":[{"embeddable":true,"href":"https:\/\/aehg-laplata.org.ar\/nueva\/wp-json\/wp\/v2\/users\/1"}],"replies":[{"embeddable":true,"href":"https:\/\/aehg-laplata.org.ar\/nueva\/wp-json\/wp\/v2\/comments?post=2316"}],"version-history":[{"count":1,"href":"https:\/\/aehg-laplata.org.ar\/nueva\/wp-json\/wp\/v2\/posts\/2316\/revisions"}],"predecessor-version":[{"id":2319,"href":"https:\/\/aehg-laplata.org.ar\/nueva\/wp-json\/wp\/v2\/posts\/2316\/revisions\/2319"}],"wp:featuredmedia":[{"embeddable":true,"href":"https:\/\/aehg-laplata.org.ar\/nueva\/wp-json\/wp\/v2\/media\/2318"}],"wp:attachment":[{"href":"https:\/\/aehg-laplata.org.ar\/nueva\/wp-json\/wp\/v2\/media?parent=2316"}],"wp:term":[{"taxonomy":"category","embeddable":true,"href":"https:\/\/aehg-laplata.org.ar\/nueva\/wp-json\/wp\/v2\/categories?post=2316"},{"taxonomy":"post_tag","embeddable":true,"href":"https:\/\/aehg-laplata.org.ar\/nueva\/wp-json\/wp\/v2\/tags?post=2316"}],"curies":[{"name":"wp","href":"https:\/\/api.w.org\/{rel}","templated":true}]}}