{"id":1680,"date":"2023-05-04T12:11:09","date_gmt":"2023-05-04T15:11:09","guid":{"rendered":"https:\/\/aehg-laplata.org.ar\/nueva\/?p=1680"},"modified":"2023-05-04T12:11:09","modified_gmt":"2023-05-04T15:11:09","slug":"campo-estancias-y-lagunas-en-nueve-de-julio","status":"publish","type":"post","link":"https:\/\/aehg-laplata.org.ar\/nueva\/campo-estancias-y-lagunas-en-nueve-de-julio\/","title":{"rendered":"Campo, estancias y lagunas en Nueve de Julio"},"content":{"rendered":"<p>[vc_row][vc_column][vc_column_text]<\/p>\n<h3 class=\"entry-title\">Campo, estancias y lagunas en Nueve de Julio<\/h3>\n<p>[\/vc_column_text][\/vc_column][\/vc_row][vc_row][vc_column][vc_single_image image=&#8221;1685&#8243; img_size=&#8221;full&#8221; alignment=&#8221;center&#8221;][\/vc_column][\/vc_row][vc_row][vc_column css=&#8221;.vc_custom_1457772902902{margin-top: -10px !important;}&#8221;][vc_column_text]Ubicada en el centro de la provincia de Buenos Aires, la ciudad de Nueve de Julio extiende sus campos de cultivo, lagunas y paseos arbolados en una llamada irresistible al turismo.<\/p>\n<p>Encabeza un Partido de definitiva tendencia rural, que se compone por estancias de trayectoria hist\u00f3rica actualmente volcadas al desarrollo de seductores programas tur\u00edsticos. Desde el centro urbano y hacia los cuatro puntos cardinales, las carteleras se disparan en numerosas opciones, tentando las m\u00e1s diversas preferencias y cumpliendo siempre sus promesas de entretenimiento, cultura y distensi\u00f3n.<\/p>\n<p>Cuenta con varios hoteles donde alojarse, hospital, comercios y restaurantes, garantizando as\u00ed una estad\u00eda perfecta. La amplia variedad gastron\u00f3mica se completa con las tradiciones de los pueblos cercanos que esperan al turista con los caracter\u00edsticos asados y platos de la zona.<\/p>\n<p>Como un inmenso jard\u00edn verde se alza en la ciudad el Parque Municipal General San Mart\u00edn, ostentando orgulloso su laguna interna -para\u00edso de pescadores-, y m\u00e1s a\u00fan la inimaginable isla erigida en medio del espejo de agua, a la cual se accede atravesando un pintoresco puentecito.<\/p>\n<p>Otras tantas lagunas se dispersan por el territorio de Nueve de Julio invitando a la captura de tarariras, pejerreyes y dem\u00e1s especies, y permitiendo el deleite familiar en jornadas seguras al aire libre.<\/p>\n<p>El Campo de Golf del Club Atl\u00e9tico 9 de Julio; el Museo Hist\u00f3rico dedicado a reunir documentaci\u00f3n y piezas sobre el pasado local; y el pueblo rural La Ni\u00f1a, cuyo panorama sufri\u00f3 en la \u00faltima d\u00e9cada transformaciones naturales que arrastraron a sus pobladores a modificar su estilo de vida orient\u00e1ndose a la recepci\u00f3n tur\u00edstica, son algunos de los espacios que ning\u00fan visitante de esta ciudad puede dejar de conocer y disfrutar.<\/p>\n<p>Caza de pato, equitaci\u00f3n, polo en estancia, toda la comodidad y la atenci\u00f3n cordial de los lugare\u00f1os. Nueve de Julio es un destino tur\u00edstico de caracter\u00edstica excepcional para quien busca el descanso sereno y el entretenimiento saludable en un marco de naturaleza exquisita.[\/vc_column_text][\/vc_column][\/vc_row][vc_row][vc_column][vc_gallery type=&#8221;flexslider_slide&#8221; interval=&#8221;3&#8243; images=&#8221;1685,1684,1683,1682,1681&#8243; img_size=&#8221;full&#8221;][\/vc_column][\/vc_row]<\/p>\n","protected":false},"excerpt":{"rendered":"<p>[vc_row][vc_column][vc_column_text] Campo, estancias y lagunas en Nueve de Julio [\/vc_column_text][\/vc_column][\/vc_row][vc_row][vc_column][vc_single_image image=&#8221;1685&#8243; img_size=&#8221;full&#8221; alignment=&#8221;center&#8221;][\/vc_column][\/vc_row][vc_row][vc_column css=&#8221;.vc_custom_1457772902902{margin-top: -10px !important;}&#8221;][vc_column_text]Ubicada en el centro de&#8230;<\/p>\n","protected":false},"author":1,"featured_media":1685,"comment_status":"closed","ping_status":"closed","sticky":false,"template":"","format":"standard","meta":[],"categories":[4],"tags":[],"yoast_head":"<!-- This site is optimized with the Yoast SEO plugin v17.2.1 - https:\/\/yoast.com\/wordpress\/plugins\/seo\/ -->\n<title>Campo, estancias y lagunas en Nueve de Julio - AEHG La Plata<\/title>\n<meta name=\"robots\" content=\"index, follow, max-snippet:-1, max-image-preview:large, max-video-preview:-1\" \/>\n<link rel=\"canonical\" href=\"https:\/\/aehg-laplata.org.ar\/nueva\/campo-estancias-y-lagunas-en-nueve-de-julio\/\" \/>\n<meta property=\"og:locale\" content=\"es_ES\" \/>\n<meta property=\"og:type\" content=\"article\" \/>\n<meta property=\"og:title\" content=\"Campo, estancias y lagunas en Nueve de Julio - AEHG La Plata\" \/>\n<meta property=\"og:description\" content=\"[vc_row][vc_column][vc_column_text] Campo, estancias y lagunas en Nueve de Julio [\/vc_column_text][\/vc_column][\/vc_row][vc_row][vc_column][vc_single_image image=&#8221;1685&#8243; img_size=&#8221;full&#8221; alignment=&#8221;center&#8221;][\/vc_column][\/vc_row][vc_row][vc_column css=&#8221;.vc_custom_1457772902902{margin-top: -10px !important;}&#8221;][vc_column_text]Ubicada en el centro de...\" \/>\n<meta property=\"og:url\" content=\"https:\/\/aehg-laplata.org.ar\/nueva\/campo-estancias-y-lagunas-en-nueve-de-julio\/\" \/>\n<meta property=\"og:site_name\" content=\"AEHG La Plata\" \/>\n<meta property=\"article:publisher\" content=\"https:\/\/www.facebook.com\/AehgLaPlataOK\/\" \/>\n<meta property=\"article:published_time\" content=\"2023-05-04T15:11:09+00:00\" \/>\n<meta property=\"og:image\" content=\"https:\/\/aehg-laplata.org.ar\/nueva\/wp-content\/uploads\/05-1.jpg\" \/>\n\t<meta property=\"og:image:width\" content=\"800\" \/>\n\t<meta property=\"og:image:height\" content=\"599\" \/>\n<meta name=\"twitter:card\" content=\"summary_large_image\" \/>\n<meta name=\"twitter:label1\" content=\"Escrito por\" \/>\n\t<meta name=\"twitter:data1\" content=\"ftosti\" \/>\n\t<meta name=\"twitter:label2\" content=\"Tiempo de lectura\" \/>\n\t<meta name=\"twitter:data2\" content=\"2 minutos\" \/>\n<script type=\"application\/ld+json\" class=\"yoast-schema-graph\">{\"@context\":\"https:\/\/schema.org\",\"@graph\":[{\"@type\":\"WebSite\",\"@id\":\"https:\/\/aehg-laplata.org.ar\/nueva\/#website\",\"url\":\"https:\/\/aehg-laplata.org.ar\/nueva\/\",\"name\":\"AEHG La Plata\",\"description\":\"\",\"potentialAction\":[{\"@type\":\"SearchAction\",\"target\":{\"@type\":\"EntryPoint\",\"urlTemplate\":\"https:\/\/aehg-laplata.org.ar\/nueva\/?s={search_term_string}\"},\"query-input\":\"required name=search_term_string\"}],\"inLanguage\":\"es-AR\"},{\"@type\":\"ImageObject\",\"@id\":\"https:\/\/aehg-laplata.org.ar\/nueva\/campo-estancias-y-lagunas-en-nueve-de-julio\/#primaryimage\",\"inLanguage\":\"es-AR\",\"url\":\"https:\/\/aehg-laplata.org.ar\/nueva\/wp-content\/uploads\/05-1.jpg\",\"contentUrl\":\"https:\/\/aehg-laplata.org.ar\/nueva\/wp-content\/uploads\/05-1.jpg\",\"width\":800,\"height\":599},{\"@type\":\"WebPage\",\"@id\":\"https:\/\/aehg-laplata.org.ar\/nueva\/campo-estancias-y-lagunas-en-nueve-de-julio\/#webpage\",\"url\":\"https:\/\/aehg-laplata.org.ar\/nueva\/campo-estancias-y-lagunas-en-nueve-de-julio\/\",\"name\":\"Campo, estancias y lagunas en Nueve de Julio - AEHG La Plata\",\"isPartOf\":{\"@id\":\"https:\/\/aehg-laplata.org.ar\/nueva\/#website\"},\"primaryImageOfPage\":{\"@id\":\"https:\/\/aehg-laplata.org.ar\/nueva\/campo-estancias-y-lagunas-en-nueve-de-julio\/#primaryimage\"},\"datePublished\":\"2023-05-04T15:11:09+00:00\",\"dateModified\":\"2023-05-04T15:11:09+00:00\",\"author\":{\"@id\":\"https:\/\/aehg-laplata.org.ar\/nueva\/#\/schema\/person\/7f7b2f53bda3353446a1e6bfb4837e14\"},\"breadcrumb\":{\"@id\":\"https:\/\/aehg-laplata.org.ar\/nueva\/campo-estancias-y-lagunas-en-nueve-de-julio\/#breadcrumb\"},\"inLanguage\":\"es-AR\",\"potentialAction\":[{\"@type\":\"ReadAction\",\"target\":[\"https:\/\/aehg-laplata.org.ar\/nueva\/campo-estancias-y-lagunas-en-nueve-de-julio\/\"]}]},{\"@type\":\"BreadcrumbList\",\"@id\":\"https:\/\/aehg-laplata.org.ar\/nueva\/campo-estancias-y-lagunas-en-nueve-de-julio\/#breadcrumb\",\"itemListElement\":[{\"@type\":\"ListItem\",\"position\":1,\"name\":\"Inicio\",\"item\":\"https:\/\/aehg-laplata.org.ar\/nueva\/\"},{\"@type\":\"ListItem\",\"position\":2,\"name\":\"Campo, estancias y lagunas en Nueve de Julio\"}]},{\"@type\":\"Person\",\"@id\":\"https:\/\/aehg-laplata.org.ar\/nueva\/#\/schema\/person\/7f7b2f53bda3353446a1e6bfb4837e14\",\"name\":\"ftosti\",\"image\":{\"@type\":\"ImageObject\",\"@id\":\"https:\/\/aehg-laplata.org.ar\/nueva\/#personlogo\",\"inLanguage\":\"es-AR\",\"url\":\"https:\/\/secure.gravatar.com\/avatar\/602f4beec51ba7ffdca86e4faf5d039c?s=96&d=mm&r=g\",\"contentUrl\":\"https:\/\/secure.gravatar.com\/avatar\/602f4beec51ba7ffdca86e4faf5d039c?s=96&d=mm&r=g\",\"caption\":\"ftosti\"},\"url\":\"https:\/\/aehg-laplata.org.ar\/nueva\/author\/ftosti\/\"}]}<\/script>\n<!-- \/ Yoast SEO plugin. -->","yoast_head_json":{"title":"Campo, estancias y lagunas en Nueve de Julio - AEHG La Plata","robots":{"index":"index","follow":"follow","max-snippet":"max-snippet:-1","max-image-preview":"max-image-preview:large","max-video-preview":"max-video-preview:-1"},"canonical":"https:\/\/aehg-laplata.org.ar\/nueva\/campo-estancias-y-lagunas-en-nueve-de-julio\/","og_locale":"es_ES","og_type":"article","og_title":"Campo, estancias y lagunas en Nueve de Julio - AEHG La Plata","og_description":"[vc_row][vc_column][vc_column_text] Campo, estancias y lagunas en Nueve de Julio [\/vc_column_text][\/vc_column][\/vc_row][vc_row][vc_column][vc_single_image image=&#8221;1685&#8243; img_size=&#8221;full&#8221; alignment=&#8221;center&#8221;][\/vc_column][\/vc_row][vc_row][vc_column css=&#8221;.vc_custom_1457772902902{margin-top: -10px !important;}&#8221;][vc_column_text]Ubicada en el centro de...","og_url":"https:\/\/aehg-laplata.org.ar\/nueva\/campo-estancias-y-lagunas-en-nueve-de-julio\/","og_site_name":"AEHG La Plata","article_publisher":"https:\/\/www.facebook.com\/AehgLaPlataOK\/","article_published_time":"2023-05-04T15:11:09+00:00","og_image":[{"width":800,"height":599,"url":"https:\/\/aehg-laplata.org.ar\/nueva\/wp-content\/uploads\/05-1.jpg","path":"\/home\/c1070183\/public_html\/nueva\/wp-content\/uploads\/05-1.jpg","size":"full","id":1685,"alt":"","pixels":479200,"type":"image\/jpeg"}],"twitter_card":"summary_large_image","twitter_misc":{"Escrito por":"ftosti","Tiempo de lectura":"2 minutos"},"schema":{"@context":"https:\/\/schema.org","@graph":[{"@type":"WebSite","@id":"https:\/\/aehg-laplata.org.ar\/nueva\/#website","url":"https:\/\/aehg-laplata.org.ar\/nueva\/","name":"AEHG La Plata","description":"","potentialAction":[{"@type":"SearchAction","target":{"@type":"EntryPoint","urlTemplate":"https:\/\/aehg-laplata.org.ar\/nueva\/?s={search_term_string}"},"query-input":"required name=search_term_string"}],"inLanguage":"es-AR"},{"@type":"ImageObject","@id":"https:\/\/aehg-laplata.org.ar\/nueva\/campo-estancias-y-lagunas-en-nueve-de-julio\/#primaryimage","inLanguage":"es-AR","url":"https:\/\/aehg-laplata.org.ar\/nueva\/wp-content\/uploads\/05-1.jpg","contentUrl":"https:\/\/aehg-laplata.org.ar\/nueva\/wp-content\/uploads\/05-1.jpg","width":800,"height":599},{"@type":"WebPage","@id":"https:\/\/aehg-laplata.org.ar\/nueva\/campo-estancias-y-lagunas-en-nueve-de-julio\/#webpage","url":"https:\/\/aehg-laplata.org.ar\/nueva\/campo-estancias-y-lagunas-en-nueve-de-julio\/","name":"Campo, estancias y lagunas en Nueve de Julio - AEHG La Plata","isPartOf":{"@id":"https:\/\/aehg-laplata.org.ar\/nueva\/#website"},"primaryImageOfPage":{"@id":"https:\/\/aehg-laplata.org.ar\/nueva\/campo-estancias-y-lagunas-en-nueve-de-julio\/#primaryimage"},"datePublished":"2023-05-04T15:11:09+00:00","dateModified":"2023-05-04T15:11:09+00:00","author":{"@id":"https:\/\/aehg-laplata.org.ar\/nueva\/#\/schema\/person\/7f7b2f53bda3353446a1e6bfb4837e14"},"breadcrumb":{"@id":"https:\/\/aehg-laplata.org.ar\/nueva\/campo-estancias-y-lagunas-en-nueve-de-julio\/#breadcrumb"},"inLanguage":"es-AR","potentialAction":[{"@type":"ReadAction","target":["https:\/\/aehg-laplata.org.ar\/nueva\/campo-estancias-y-lagunas-en-nueve-de-julio\/"]}]},{"@type":"BreadcrumbList","@id":"https:\/\/aehg-laplata.org.ar\/nueva\/campo-estancias-y-lagunas-en-nueve-de-julio\/#breadcrumb","itemListElement":[{"@type":"ListItem","position":1,"name":"Inicio","item":"https:\/\/aehg-laplata.org.ar\/nueva\/"},{"@type":"ListItem","position":2,"name":"Campo, estancias y lagunas en Nueve de Julio"}]},{"@type":"Person","@id":"https:\/\/aehg-laplata.org.ar\/nueva\/#\/schema\/person\/7f7b2f53bda3353446a1e6bfb4837e14","name":"ftosti","image":{"@type":"ImageObject","@id":"https:\/\/aehg-laplata.org.ar\/nueva\/#personlogo","inLanguage":"es-AR","url":"https:\/\/secure.gravatar.com\/avatar\/602f4beec51ba7ffdca86e4faf5d039c?s=96&d=mm&r=g","contentUrl":"https:\/\/secure.gravatar.com\/avatar\/602f4beec51ba7ffdca86e4faf5d039c?s=96&d=mm&r=g","caption":"ftosti"},"url":"https:\/\/aehg-laplata.org.ar\/nueva\/author\/ftosti\/"}]}},"_links":{"self":[{"href":"https:\/\/aehg-laplata.org.ar\/nueva\/wp-json\/wp\/v2\/posts\/1680"}],"collection":[{"href":"https:\/\/aehg-laplata.org.ar\/nueva\/wp-json\/wp\/v2\/posts"}],"about":[{"href":"https:\/\/aehg-laplata.org.ar\/nueva\/wp-json\/wp\/v2\/types\/post"}],"author":[{"embeddable":true,"href":"https:\/\/aehg-laplata.org.ar\/nueva\/wp-json\/wp\/v2\/users\/1"}],"replies":[{"embeddable":true,"href":"https:\/\/aehg-laplata.org.ar\/nueva\/wp-json\/wp\/v2\/comments?post=1680"}],"version-history":[{"count":1,"href":"https:\/\/aehg-laplata.org.ar\/nueva\/wp-json\/wp\/v2\/posts\/1680\/revisions"}],"predecessor-version":[{"id":1686,"href":"https:\/\/aehg-laplata.org.ar\/nueva\/wp-json\/wp\/v2\/posts\/1680\/revisions\/1686"}],"wp:featuredmedia":[{"embeddable":true,"href":"https:\/\/aehg-laplata.org.ar\/nueva\/wp-json\/wp\/v2\/media\/1685"}],"wp:attachment":[{"href":"https:\/\/aehg-laplata.org.ar\/nueva\/wp-json\/wp\/v2\/media?parent=1680"}],"wp:term":[{"taxonomy":"category","embeddable":true,"href":"https:\/\/aehg-laplata.org.ar\/nueva\/wp-json\/wp\/v2\/categories?post=1680"},{"taxonomy":"post_tag","embeddable":true,"href":"https:\/\/aehg-laplata.org.ar\/nueva\/wp-json\/wp\/v2\/tags?post=1680"}],"curies":[{"name":"wp","href":"https:\/\/api.w.org\/{rel}","templated":true}]}}