{"id":1593,"date":"2023-01-19T10:54:47","date_gmt":"2023-01-19T13:54:47","guid":{"rendered":"https:\/\/aehg-laplata.org.ar\/nueva\/?p=1593"},"modified":"2023-01-19T10:54:47","modified_gmt":"2023-01-19T13:54:47","slug":"turismo-gastronomico-en-bragado","status":"publish","type":"post","link":"https:\/\/aehg-laplata.org.ar\/nueva\/turismo-gastronomico-en-bragado\/","title":{"rendered":"Turismo gastron\u00f3mico en Bragado"},"content":{"rendered":"<p>[vc_row][vc_column][vc_column_text]<\/p>\n<h3 class=\"entry-title\">Turismo gastron\u00f3mico en Bragado<\/h3>\n<p>[\/vc_column_text][\/vc_column][\/vc_row][vc_row][vc_column][vc_single_image image=&#8221;1595&#8243; img_size=&#8221;full&#8221; alignment=&#8221;center&#8221;][\/vc_column][\/vc_row][vc_row][vc_column css=&#8221;.vc_custom_1457772902902{margin-top: -10px !important;}&#8221;][vc_column_text]A 270 km de la capital provincial, Bragado se destaca por su capacidad en el sector tur\u00edstico. La realizaci\u00f3n de distintas festividades conforma una reconocida ruta de turismo gastron\u00f3mico de la que participan habitantes de toda la regi\u00f3n.<\/p>\n<p>Se destacan la Fiesta Nacional del Caballo, la competencia cicl\u00edstica Doble Bragado, la Fiesta de la Tradici\u00f3n, la Fiesta del Chorizo Seco, la Expovinos Bragado y la Fiesta del Ferroviario. La ciudad adem\u00e1s cuenta con el Parque General San Mart\u00edn Reserva Hist\u00f3rica Natural, Laguna de Bragado.<\/p>\n<p>El lugar es ideal para pasar un fin de semana descansando y disfrutando de la naturaleza, reunirse con amigos, acampar y disfrutar de sus inigualables atardeceres. Tambi\u00e9n es posible practicar deportes al aire libre, pescar y comer un asado.<\/p>\n<p>En plena llanura pampeana, sus campos f\u00e9rtiles no dejan de producir y esto beneficia al turista que desee conocer como es la vida de campo o comer un rico asado hecho por gauchos pampeanos.<\/p>\n<p>Para quienes le interesen los trenes, a pocos kil\u00f3metros podr\u00e1n conocer un pueblo hist\u00f3rico ferroviario llamado Mechita, que posee un gran patrimonio hist\u00f3rico, cultural y social.<\/p>\n<p>A su vez, para los amantes de los deportes, hay muchos clubes, el Golf y el Parque General San Mart\u00edn que se encuentra junto a la Laguna del Bragado. All\u00ed podr\u00e1n realizar deportes n\u00e1uticos y disfrutar de los agradables d\u00edas en la ciudad.<\/p>\n<p>El Museo Hist\u00f3rico Municipal se abri\u00f3 en 1996 en una casona construida por los ingleses due\u00f1os del Ferrocarril Oeste a fines del siglo XIX. Posee diversas salas con exposiciones permanentes y temporarias, sala de lectura adecuada para quienes desean consultar documentos exhibidos.<\/p>\n<p>El Parque Lacunario General San Mart\u00edn es un espacio verde que fue construido junto a la laguna, con comodidades para el miniturismo. Est\u00e1 ubicado a 2 km del centro de Bragado y cuenta con 600 ha con servicios e instalaciones que permiten la c\u00f3moda estad\u00eda, propuestas deportivas y recreativas, purificaci\u00f3n, entretenimientos, juegos para ni\u00f1os, cabalgatas guiadas los fines de semana por la tarde, canchas de padel, v\u00f3ley, f\u00fatbol y deportes n\u00e1uticos.<\/p>\n<p>El Complejo Cultural Teatro Florencio Constantino se inaugur\u00f3 en 1912, tiene capacidad para 2.200 personas y constituye la sala teatral m\u00e1s importante del centro y noroeste de la provincia de Buenos Aires, con una riqueza arquitect\u00f3nica donde su sala ac\u00fastica es acogida con gran m\u00e9rito por grandes profesionales del arte esc\u00e9nico.<\/p>\n<p>Una de los eventos m\u00e1s conocidos en Bragado es la Fiesta Nacional del Caballo, que desde la d\u00e9cada de 1970 se celebra con varias jornadas y muy diversas actividades. La programaci\u00f3n incluye fogones, espect\u00e1culos, jineteadas y conferencias, entre otras actividades.[\/vc_column_text][\/vc_column][\/vc_row][vc_row][vc_column][vc_gallery type=&#8221;flexslider_slide&#8221; interval=&#8221;3&#8243; images=&#8221;1598,1597,1596,1595,1594&#8243; img_size=&#8221;full&#8221;][\/vc_column][\/vc_row]<\/p>\n","protected":false},"excerpt":{"rendered":"<p>[vc_row][vc_column][vc_column_text] Turismo gastron\u00f3mico en Bragado [\/vc_column_text][\/vc_column][\/vc_row][vc_row][vc_column][vc_single_image image=&#8221;1595&#8243; img_size=&#8221;full&#8221; alignment=&#8221;center&#8221;][\/vc_column][\/vc_row][vc_row][vc_column css=&#8221;.vc_custom_1457772902902{margin-top: -10px !important;}&#8221;][vc_column_text]A 270 km de la capital provincial, Bragado se&#8230;<\/p>\n","protected":false},"author":1,"featured_media":1595,"comment_status":"closed","ping_status":"closed","sticky":false,"template":"","format":"standard","meta":[],"categories":[4],"tags":[],"yoast_head":"<!-- This site is optimized with the Yoast SEO plugin v17.2.1 - https:\/\/yoast.com\/wordpress\/plugins\/seo\/ -->\n<title>Turismo gastron\u00f3mico en Bragado - AEHG La Plata<\/title>\n<meta name=\"robots\" content=\"index, follow, max-snippet:-1, max-image-preview:large, max-video-preview:-1\" \/>\n<link rel=\"canonical\" href=\"https:\/\/aehg-laplata.org.ar\/nueva\/turismo-gastronomico-en-bragado\/\" \/>\n<meta property=\"og:locale\" content=\"es_ES\" \/>\n<meta property=\"og:type\" content=\"article\" \/>\n<meta property=\"og:title\" content=\"Turismo gastron\u00f3mico en Bragado - AEHG La Plata\" \/>\n<meta property=\"og:description\" content=\"[vc_row][vc_column][vc_column_text] Turismo gastron\u00f3mico en Bragado [\/vc_column_text][\/vc_column][\/vc_row][vc_row][vc_column][vc_single_image image=&#8221;1595&#8243; img_size=&#8221;full&#8221; alignment=&#8221;center&#8221;][\/vc_column][\/vc_row][vc_row][vc_column css=&#8221;.vc_custom_1457772902902{margin-top: -10px !important;}&#8221;][vc_column_text]A 270 km de la capital provincial, Bragado se...\" \/>\n<meta property=\"og:url\" content=\"https:\/\/aehg-laplata.org.ar\/nueva\/turismo-gastronomico-en-bragado\/\" \/>\n<meta property=\"og:site_name\" content=\"AEHG La Plata\" \/>\n<meta property=\"article:publisher\" content=\"https:\/\/www.facebook.com\/AehgLaPlataOK\/\" \/>\n<meta property=\"article:published_time\" content=\"2023-01-19T13:54:47+00:00\" \/>\n<meta property=\"og:image\" content=\"https:\/\/aehg-laplata.org.ar\/nueva\/wp-content\/uploads\/2-35.jpg\" \/>\n\t<meta property=\"og:image:width\" content=\"960\" \/>\n\t<meta property=\"og:image:height\" content=\"540\" \/>\n<meta name=\"twitter:card\" content=\"summary_large_image\" \/>\n<meta name=\"twitter:label1\" content=\"Escrito por\" \/>\n\t<meta name=\"twitter:data1\" content=\"ftosti\" \/>\n\t<meta name=\"twitter:label2\" content=\"Tiempo de lectura\" \/>\n\t<meta name=\"twitter:data2\" content=\"2 minutos\" \/>\n<script type=\"application\/ld+json\" class=\"yoast-schema-graph\">{\"@context\":\"https:\/\/schema.org\",\"@graph\":[{\"@type\":\"WebSite\",\"@id\":\"https:\/\/aehg-laplata.org.ar\/nueva\/#website\",\"url\":\"https:\/\/aehg-laplata.org.ar\/nueva\/\",\"name\":\"AEHG La Plata\",\"description\":\"\",\"potentialAction\":[{\"@type\":\"SearchAction\",\"target\":{\"@type\":\"EntryPoint\",\"urlTemplate\":\"https:\/\/aehg-laplata.org.ar\/nueva\/?s={search_term_string}\"},\"query-input\":\"required name=search_term_string\"}],\"inLanguage\":\"es-AR\"},{\"@type\":\"ImageObject\",\"@id\":\"https:\/\/aehg-laplata.org.ar\/nueva\/turismo-gastronomico-en-bragado\/#primaryimage\",\"inLanguage\":\"es-AR\",\"url\":\"https:\/\/aehg-laplata.org.ar\/nueva\/wp-content\/uploads\/2-35.jpg\",\"contentUrl\":\"https:\/\/aehg-laplata.org.ar\/nueva\/wp-content\/uploads\/2-35.jpg\",\"width\":960,\"height\":540},{\"@type\":\"WebPage\",\"@id\":\"https:\/\/aehg-laplata.org.ar\/nueva\/turismo-gastronomico-en-bragado\/#webpage\",\"url\":\"https:\/\/aehg-laplata.org.ar\/nueva\/turismo-gastronomico-en-bragado\/\",\"name\":\"Turismo gastron\\u00f3mico en Bragado - AEHG La Plata\",\"isPartOf\":{\"@id\":\"https:\/\/aehg-laplata.org.ar\/nueva\/#website\"},\"primaryImageOfPage\":{\"@id\":\"https:\/\/aehg-laplata.org.ar\/nueva\/turismo-gastronomico-en-bragado\/#primaryimage\"},\"datePublished\":\"2023-01-19T13:54:47+00:00\",\"dateModified\":\"2023-01-19T13:54:47+00:00\",\"author\":{\"@id\":\"https:\/\/aehg-laplata.org.ar\/nueva\/#\/schema\/person\/7f7b2f53bda3353446a1e6bfb4837e14\"},\"breadcrumb\":{\"@id\":\"https:\/\/aehg-laplata.org.ar\/nueva\/turismo-gastronomico-en-bragado\/#breadcrumb\"},\"inLanguage\":\"es-AR\",\"potentialAction\":[{\"@type\":\"ReadAction\",\"target\":[\"https:\/\/aehg-laplata.org.ar\/nueva\/turismo-gastronomico-en-bragado\/\"]}]},{\"@type\":\"BreadcrumbList\",\"@id\":\"https:\/\/aehg-laplata.org.ar\/nueva\/turismo-gastronomico-en-bragado\/#breadcrumb\",\"itemListElement\":[{\"@type\":\"ListItem\",\"position\":1,\"name\":\"Inicio\",\"item\":\"https:\/\/aehg-laplata.org.ar\/nueva\/\"},{\"@type\":\"ListItem\",\"position\":2,\"name\":\"Turismo gastron\\u00f3mico en Bragado\"}]},{\"@type\":\"Person\",\"@id\":\"https:\/\/aehg-laplata.org.ar\/nueva\/#\/schema\/person\/7f7b2f53bda3353446a1e6bfb4837e14\",\"name\":\"ftosti\",\"image\":{\"@type\":\"ImageObject\",\"@id\":\"https:\/\/aehg-laplata.org.ar\/nueva\/#personlogo\",\"inLanguage\":\"es-AR\",\"url\":\"https:\/\/secure.gravatar.com\/avatar\/602f4beec51ba7ffdca86e4faf5d039c?s=96&d=mm&r=g\",\"contentUrl\":\"https:\/\/secure.gravatar.com\/avatar\/602f4beec51ba7ffdca86e4faf5d039c?s=96&d=mm&r=g\",\"caption\":\"ftosti\"},\"url\":\"https:\/\/aehg-laplata.org.ar\/nueva\/author\/ftosti\/\"}]}<\/script>\n<!-- \/ Yoast SEO plugin. -->","yoast_head_json":{"title":"Turismo gastron\u00f3mico en Bragado - AEHG La Plata","robots":{"index":"index","follow":"follow","max-snippet":"max-snippet:-1","max-image-preview":"max-image-preview:large","max-video-preview":"max-video-preview:-1"},"canonical":"https:\/\/aehg-laplata.org.ar\/nueva\/turismo-gastronomico-en-bragado\/","og_locale":"es_ES","og_type":"article","og_title":"Turismo gastron\u00f3mico en Bragado - AEHG La Plata","og_description":"[vc_row][vc_column][vc_column_text] Turismo gastron\u00f3mico en Bragado [\/vc_column_text][\/vc_column][\/vc_row][vc_row][vc_column][vc_single_image image=&#8221;1595&#8243; img_size=&#8221;full&#8221; alignment=&#8221;center&#8221;][\/vc_column][\/vc_row][vc_row][vc_column css=&#8221;.vc_custom_1457772902902{margin-top: -10px !important;}&#8221;][vc_column_text]A 270 km de la capital provincial, Bragado se...","og_url":"https:\/\/aehg-laplata.org.ar\/nueva\/turismo-gastronomico-en-bragado\/","og_site_name":"AEHG La Plata","article_publisher":"https:\/\/www.facebook.com\/AehgLaPlataOK\/","article_published_time":"2023-01-19T13:54:47+00:00","og_image":[{"width":960,"height":540,"url":"https:\/\/aehg-laplata.org.ar\/nueva\/wp-content\/uploads\/2-35.jpg","path":"\/home\/c1070183\/public_html\/nueva\/wp-content\/uploads\/2-35.jpg","size":"full","id":1595,"alt":"","pixels":518400,"type":"image\/jpeg"}],"twitter_card":"summary_large_image","twitter_misc":{"Escrito por":"ftosti","Tiempo de lectura":"2 minutos"},"schema":{"@context":"https:\/\/schema.org","@graph":[{"@type":"WebSite","@id":"https:\/\/aehg-laplata.org.ar\/nueva\/#website","url":"https:\/\/aehg-laplata.org.ar\/nueva\/","name":"AEHG La Plata","description":"","potentialAction":[{"@type":"SearchAction","target":{"@type":"EntryPoint","urlTemplate":"https:\/\/aehg-laplata.org.ar\/nueva\/?s={search_term_string}"},"query-input":"required name=search_term_string"}],"inLanguage":"es-AR"},{"@type":"ImageObject","@id":"https:\/\/aehg-laplata.org.ar\/nueva\/turismo-gastronomico-en-bragado\/#primaryimage","inLanguage":"es-AR","url":"https:\/\/aehg-laplata.org.ar\/nueva\/wp-content\/uploads\/2-35.jpg","contentUrl":"https:\/\/aehg-laplata.org.ar\/nueva\/wp-content\/uploads\/2-35.jpg","width":960,"height":540},{"@type":"WebPage","@id":"https:\/\/aehg-laplata.org.ar\/nueva\/turismo-gastronomico-en-bragado\/#webpage","url":"https:\/\/aehg-laplata.org.ar\/nueva\/turismo-gastronomico-en-bragado\/","name":"Turismo gastron\u00f3mico en Bragado - AEHG La Plata","isPartOf":{"@id":"https:\/\/aehg-laplata.org.ar\/nueva\/#website"},"primaryImageOfPage":{"@id":"https:\/\/aehg-laplata.org.ar\/nueva\/turismo-gastronomico-en-bragado\/#primaryimage"},"datePublished":"2023-01-19T13:54:47+00:00","dateModified":"2023-01-19T13:54:47+00:00","author":{"@id":"https:\/\/aehg-laplata.org.ar\/nueva\/#\/schema\/person\/7f7b2f53bda3353446a1e6bfb4837e14"},"breadcrumb":{"@id":"https:\/\/aehg-laplata.org.ar\/nueva\/turismo-gastronomico-en-bragado\/#breadcrumb"},"inLanguage":"es-AR","potentialAction":[{"@type":"ReadAction","target":["https:\/\/aehg-laplata.org.ar\/nueva\/turismo-gastronomico-en-bragado\/"]}]},{"@type":"BreadcrumbList","@id":"https:\/\/aehg-laplata.org.ar\/nueva\/turismo-gastronomico-en-bragado\/#breadcrumb","itemListElement":[{"@type":"ListItem","position":1,"name":"Inicio","item":"https:\/\/aehg-laplata.org.ar\/nueva\/"},{"@type":"ListItem","position":2,"name":"Turismo gastron\u00f3mico en Bragado"}]},{"@type":"Person","@id":"https:\/\/aehg-laplata.org.ar\/nueva\/#\/schema\/person\/7f7b2f53bda3353446a1e6bfb4837e14","name":"ftosti","image":{"@type":"ImageObject","@id":"https:\/\/aehg-laplata.org.ar\/nueva\/#personlogo","inLanguage":"es-AR","url":"https:\/\/secure.gravatar.com\/avatar\/602f4beec51ba7ffdca86e4faf5d039c?s=96&d=mm&r=g","contentUrl":"https:\/\/secure.gravatar.com\/avatar\/602f4beec51ba7ffdca86e4faf5d039c?s=96&d=mm&r=g","caption":"ftosti"},"url":"https:\/\/aehg-laplata.org.ar\/nueva\/author\/ftosti\/"}]}},"_links":{"self":[{"href":"https:\/\/aehg-laplata.org.ar\/nueva\/wp-json\/wp\/v2\/posts\/1593"}],"collection":[{"href":"https:\/\/aehg-laplata.org.ar\/nueva\/wp-json\/wp\/v2\/posts"}],"about":[{"href":"https:\/\/aehg-laplata.org.ar\/nueva\/wp-json\/wp\/v2\/types\/post"}],"author":[{"embeddable":true,"href":"https:\/\/aehg-laplata.org.ar\/nueva\/wp-json\/wp\/v2\/users\/1"}],"replies":[{"embeddable":true,"href":"https:\/\/aehg-laplata.org.ar\/nueva\/wp-json\/wp\/v2\/comments?post=1593"}],"version-history":[{"count":1,"href":"https:\/\/aehg-laplata.org.ar\/nueva\/wp-json\/wp\/v2\/posts\/1593\/revisions"}],"predecessor-version":[{"id":1599,"href":"https:\/\/aehg-laplata.org.ar\/nueva\/wp-json\/wp\/v2\/posts\/1593\/revisions\/1599"}],"wp:featuredmedia":[{"embeddable":true,"href":"https:\/\/aehg-laplata.org.ar\/nueva\/wp-json\/wp\/v2\/media\/1595"}],"wp:attachment":[{"href":"https:\/\/aehg-laplata.org.ar\/nueva\/wp-json\/wp\/v2\/media?parent=1593"}],"wp:term":[{"taxonomy":"category","embeddable":true,"href":"https:\/\/aehg-laplata.org.ar\/nueva\/wp-json\/wp\/v2\/categories?post=1593"},{"taxonomy":"post_tag","embeddable":true,"href":"https:\/\/aehg-laplata.org.ar\/nueva\/wp-json\/wp\/v2\/tags?post=1593"}],"curies":[{"name":"wp","href":"https:\/\/api.w.org\/{rel}","templated":true}]}}