{"id":1586,"date":"2023-01-12T08:38:42","date_gmt":"2023-01-12T11:38:42","guid":{"rendered":"https:\/\/aehg-laplata.org.ar\/nueva\/?p=1586"},"modified":"2023-01-12T08:38:42","modified_gmt":"2023-01-12T11:38:42","slug":"naturaleza-a-la-vera-del-rio-en-campana","status":"publish","type":"post","link":"https:\/\/aehg-laplata.org.ar\/nueva\/naturaleza-a-la-vera-del-rio-en-campana\/","title":{"rendered":"Naturaleza a la vera del r\u00edo en Campana"},"content":{"rendered":"<p>[vc_row][vc_column][vc_column_text]<\/p>\n<h3 class=\"entry-title\">Naturaleza a la vera del r\u00edo en Campana<\/h3>\n<p>[\/vc_column_text][\/vc_column][\/vc_row][vc_row][vc_column][vc_single_image image=&#8221;1588&#8243; img_size=&#8221;full&#8221; alignment=&#8221;center&#8221;][\/vc_column][\/vc_row][vc_row][vc_column css=&#8221;.vc_custom_1457772902902{margin-top: -10px !important;}&#8221;][vc_column_text]Con la naturaleza ribere\u00f1a como su principal atractivo, al igual que otros municipios de la provincia de Buenos Aires, Campana invita a los visitantes a tomar una pausa junto al r\u00edo y disfrutar del sonido del agua.<\/p>\n<p>Encantos hist\u00f3ricos y culturales, balneario municipal y puerto desde donde parten las lanchas hacia los recreos isle\u00f1os, son caracter\u00edsticos de esta localidad, adem\u00e1s del cl\u00e1sico Parque Nacional Ciervo de los Pantanos y el Museo del Ferroviario V\u00edctor Luis Capusso.<\/p>\n<p>El Parque Nacional conserva pastizales naturales, barrancas y baj\u00edos ribere\u00f1os, dentro del \u00e1rea protegida con 5.000 hect\u00e1reas que aportan al almacenamiento y purificaci\u00f3n del agua para consumo de las localidades vecinas. Su preservaci\u00f3n es fundamental para moderar el clima, servir de refugio a la diversidad natural y ofrecer un gran espacio natural de recreaci\u00f3n.<\/p>\n<p>All\u00ed, en 1990 se cre\u00f3 la Reserva Natural Otamendi en honor al antiguo due\u00f1o y luego fue convertida en el Parque Nacional Ciervo de los Pantanos.<\/p>\n<p>El Museo del Ferroviario V\u00edctor Luis Capusso, por su parte, tiene como finalidad reunir, mantener y acrecentar el acervo ferroviario. La sala de exposici\u00f3n, que cuenta con m\u00e1s de 200 piezas, fue tomando forma gracias al apoyo de coleccionistas privados y ex trabajadores del tren, quienes donaron los objetos para su puesta en funcionamiento.<\/p>\n<p>El tren lleg\u00f3 por primera vez a Campana en 1874, con un servicio que iba desde Retiro a Rosario, por iniciativa de los fundadores, los hermanos Costa, quienes vieron la necesidad de que los habitantes del pueblo tuvieran ese transporte p\u00fablico.<\/p>\n<p>Los turistas que decidan visitar Campana tambi\u00e9n pueden recorrer la Catedral Santa Florentina, un templo de l\u00edneas modernas cuya construcci\u00f3n se debe al ingenio de los arquitectos Massa Lynch. Presenta el campanario separado del edificio principal, con uno de los mejores murales de Ra\u00fal Soldi en el altar mayor.<\/p>\n<p>El edificio de la Estaci\u00f3n del Ferrocarril es de estilo franc\u00e9s, fue inaugurado en el a\u00f1o 1926 y declarado como Monumento Hist\u00f3rico Municipal.<\/p>\n<p>En la actualidad se explotan las islas con servicios tur\u00edsticos de gran importancia para la zona.[\/vc_column_text][\/vc_column][\/vc_row][vc_row][vc_column][vc_gallery type=&#8221;flexslider_slide&#8221; interval=&#8221;3&#8243; images=&#8221;1587,1588,1589,1590,1591&#8243; img_size=&#8221;full&#8221;][\/vc_column][\/vc_row]<\/p>\n","protected":false},"excerpt":{"rendered":"<p>[vc_row][vc_column][vc_column_text] Naturaleza a la vera del r\u00edo en Campana [\/vc_column_text][\/vc_column][\/vc_row][vc_row][vc_column][vc_single_image image=&#8221;1588&#8243; img_size=&#8221;full&#8221; alignment=&#8221;center&#8221;][\/vc_column][\/vc_row][vc_row][vc_column css=&#8221;.vc_custom_1457772902902{margin-top: -10px !important;}&#8221;][vc_column_text]Con la naturaleza ribere\u00f1a como&#8230;<\/p>\n","protected":false},"author":1,"featured_media":1588,"comment_status":"closed","ping_status":"closed","sticky":false,"template":"","format":"standard","meta":[],"categories":[4],"tags":[],"yoast_head":"<!-- This site is optimized with the Yoast SEO plugin v17.2.1 - https:\/\/yoast.com\/wordpress\/plugins\/seo\/ -->\n<title>Naturaleza a la vera del r\u00edo en Campana - AEHG La Plata<\/title>\n<meta name=\"robots\" content=\"index, follow, max-snippet:-1, max-image-preview:large, max-video-preview:-1\" \/>\n<link rel=\"canonical\" href=\"https:\/\/aehg-laplata.org.ar\/nueva\/naturaleza-a-la-vera-del-rio-en-campana\/\" \/>\n<meta property=\"og:locale\" content=\"es_ES\" \/>\n<meta property=\"og:type\" content=\"article\" \/>\n<meta property=\"og:title\" content=\"Naturaleza a la vera del r\u00edo en Campana - AEHG La Plata\" \/>\n<meta property=\"og:description\" content=\"[vc_row][vc_column][vc_column_text] Naturaleza a la vera del r\u00edo en Campana [\/vc_column_text][\/vc_column][\/vc_row][vc_row][vc_column][vc_single_image image=&#8221;1588&#8243; img_size=&#8221;full&#8221; alignment=&#8221;center&#8221;][\/vc_column][\/vc_row][vc_row][vc_column css=&#8221;.vc_custom_1457772902902{margin-top: -10px !important;}&#8221;][vc_column_text]Con la naturaleza ribere\u00f1a como...\" \/>\n<meta property=\"og:url\" content=\"https:\/\/aehg-laplata.org.ar\/nueva\/naturaleza-a-la-vera-del-rio-en-campana\/\" \/>\n<meta property=\"og:site_name\" content=\"AEHG La Plata\" \/>\n<meta property=\"article:publisher\" content=\"https:\/\/www.facebook.com\/AehgLaPlataOK\/\" \/>\n<meta property=\"article:published_time\" content=\"2023-01-12T11:38:42+00:00\" \/>\n<meta property=\"og:image\" content=\"https:\/\/aehg-laplata.org.ar\/nueva\/wp-content\/uploads\/1-47.jpg\" \/>\n\t<meta property=\"og:image:width\" content=\"1024\" \/>\n\t<meta property=\"og:image:height\" content=\"662\" \/>\n<meta name=\"twitter:card\" content=\"summary_large_image\" \/>\n<meta name=\"twitter:label1\" content=\"Escrito por\" \/>\n\t<meta name=\"twitter:data1\" content=\"ftosti\" \/>\n\t<meta name=\"twitter:label2\" content=\"Tiempo de lectura\" \/>\n\t<meta name=\"twitter:data2\" content=\"2 minutos\" \/>\n<script type=\"application\/ld+json\" class=\"yoast-schema-graph\">{\"@context\":\"https:\/\/schema.org\",\"@graph\":[{\"@type\":\"WebSite\",\"@id\":\"https:\/\/aehg-laplata.org.ar\/nueva\/#website\",\"url\":\"https:\/\/aehg-laplata.org.ar\/nueva\/\",\"name\":\"AEHG La Plata\",\"description\":\"\",\"potentialAction\":[{\"@type\":\"SearchAction\",\"target\":{\"@type\":\"EntryPoint\",\"urlTemplate\":\"https:\/\/aehg-laplata.org.ar\/nueva\/?s={search_term_string}\"},\"query-input\":\"required name=search_term_string\"}],\"inLanguage\":\"es-AR\"},{\"@type\":\"ImageObject\",\"@id\":\"https:\/\/aehg-laplata.org.ar\/nueva\/naturaleza-a-la-vera-del-rio-en-campana\/#primaryimage\",\"inLanguage\":\"es-AR\",\"url\":\"https:\/\/aehg-laplata.org.ar\/nueva\/wp-content\/uploads\/1-47.jpg\",\"contentUrl\":\"https:\/\/aehg-laplata.org.ar\/nueva\/wp-content\/uploads\/1-47.jpg\",\"width\":1024,\"height\":662,\"caption\":\"DCIM100GOPROGOPR0381.JPG\"},{\"@type\":\"WebPage\",\"@id\":\"https:\/\/aehg-laplata.org.ar\/nueva\/naturaleza-a-la-vera-del-rio-en-campana\/#webpage\",\"url\":\"https:\/\/aehg-laplata.org.ar\/nueva\/naturaleza-a-la-vera-del-rio-en-campana\/\",\"name\":\"Naturaleza a la vera del r\\u00edo en Campana - AEHG La Plata\",\"isPartOf\":{\"@id\":\"https:\/\/aehg-laplata.org.ar\/nueva\/#website\"},\"primaryImageOfPage\":{\"@id\":\"https:\/\/aehg-laplata.org.ar\/nueva\/naturaleza-a-la-vera-del-rio-en-campana\/#primaryimage\"},\"datePublished\":\"2023-01-12T11:38:42+00:00\",\"dateModified\":\"2023-01-12T11:38:42+00:00\",\"author\":{\"@id\":\"https:\/\/aehg-laplata.org.ar\/nueva\/#\/schema\/person\/7f7b2f53bda3353446a1e6bfb4837e14\"},\"breadcrumb\":{\"@id\":\"https:\/\/aehg-laplata.org.ar\/nueva\/naturaleza-a-la-vera-del-rio-en-campana\/#breadcrumb\"},\"inLanguage\":\"es-AR\",\"potentialAction\":[{\"@type\":\"ReadAction\",\"target\":[\"https:\/\/aehg-laplata.org.ar\/nueva\/naturaleza-a-la-vera-del-rio-en-campana\/\"]}]},{\"@type\":\"BreadcrumbList\",\"@id\":\"https:\/\/aehg-laplata.org.ar\/nueva\/naturaleza-a-la-vera-del-rio-en-campana\/#breadcrumb\",\"itemListElement\":[{\"@type\":\"ListItem\",\"position\":1,\"name\":\"Inicio\",\"item\":\"https:\/\/aehg-laplata.org.ar\/nueva\/\"},{\"@type\":\"ListItem\",\"position\":2,\"name\":\"Naturaleza a la vera del r\\u00edo en Campana\"}]},{\"@type\":\"Person\",\"@id\":\"https:\/\/aehg-laplata.org.ar\/nueva\/#\/schema\/person\/7f7b2f53bda3353446a1e6bfb4837e14\",\"name\":\"ftosti\",\"image\":{\"@type\":\"ImageObject\",\"@id\":\"https:\/\/aehg-laplata.org.ar\/nueva\/#personlogo\",\"inLanguage\":\"es-AR\",\"url\":\"https:\/\/secure.gravatar.com\/avatar\/602f4beec51ba7ffdca86e4faf5d039c?s=96&d=mm&r=g\",\"contentUrl\":\"https:\/\/secure.gravatar.com\/avatar\/602f4beec51ba7ffdca86e4faf5d039c?s=96&d=mm&r=g\",\"caption\":\"ftosti\"},\"url\":\"https:\/\/aehg-laplata.org.ar\/nueva\/author\/ftosti\/\"}]}<\/script>\n<!-- \/ Yoast SEO plugin. -->","yoast_head_json":{"title":"Naturaleza a la vera del r\u00edo en Campana - AEHG La Plata","robots":{"index":"index","follow":"follow","max-snippet":"max-snippet:-1","max-image-preview":"max-image-preview:large","max-video-preview":"max-video-preview:-1"},"canonical":"https:\/\/aehg-laplata.org.ar\/nueva\/naturaleza-a-la-vera-del-rio-en-campana\/","og_locale":"es_ES","og_type":"article","og_title":"Naturaleza a la vera del r\u00edo en Campana - AEHG La Plata","og_description":"[vc_row][vc_column][vc_column_text] Naturaleza a la vera del r\u00edo en Campana [\/vc_column_text][\/vc_column][\/vc_row][vc_row][vc_column][vc_single_image image=&#8221;1588&#8243; img_size=&#8221;full&#8221; alignment=&#8221;center&#8221;][\/vc_column][\/vc_row][vc_row][vc_column css=&#8221;.vc_custom_1457772902902{margin-top: -10px !important;}&#8221;][vc_column_text]Con la naturaleza ribere\u00f1a como...","og_url":"https:\/\/aehg-laplata.org.ar\/nueva\/naturaleza-a-la-vera-del-rio-en-campana\/","og_site_name":"AEHG La Plata","article_publisher":"https:\/\/www.facebook.com\/AehgLaPlataOK\/","article_published_time":"2023-01-12T11:38:42+00:00","og_image":[{"width":1024,"height":662,"url":"https:\/\/aehg-laplata.org.ar\/nueva\/wp-content\/uploads\/1-47.jpg","path":"\/home\/c1070183\/public_html\/nueva\/wp-content\/uploads\/1-47.jpg","size":"full","id":1588,"alt":"","pixels":677888,"type":"image\/jpeg"}],"twitter_card":"summary_large_image","twitter_misc":{"Escrito por":"ftosti","Tiempo de lectura":"2 minutos"},"schema":{"@context":"https:\/\/schema.org","@graph":[{"@type":"WebSite","@id":"https:\/\/aehg-laplata.org.ar\/nueva\/#website","url":"https:\/\/aehg-laplata.org.ar\/nueva\/","name":"AEHG La Plata","description":"","potentialAction":[{"@type":"SearchAction","target":{"@type":"EntryPoint","urlTemplate":"https:\/\/aehg-laplata.org.ar\/nueva\/?s={search_term_string}"},"query-input":"required name=search_term_string"}],"inLanguage":"es-AR"},{"@type":"ImageObject","@id":"https:\/\/aehg-laplata.org.ar\/nueva\/naturaleza-a-la-vera-del-rio-en-campana\/#primaryimage","inLanguage":"es-AR","url":"https:\/\/aehg-laplata.org.ar\/nueva\/wp-content\/uploads\/1-47.jpg","contentUrl":"https:\/\/aehg-laplata.org.ar\/nueva\/wp-content\/uploads\/1-47.jpg","width":1024,"height":662,"caption":"DCIM100GOPROGOPR0381.JPG"},{"@type":"WebPage","@id":"https:\/\/aehg-laplata.org.ar\/nueva\/naturaleza-a-la-vera-del-rio-en-campana\/#webpage","url":"https:\/\/aehg-laplata.org.ar\/nueva\/naturaleza-a-la-vera-del-rio-en-campana\/","name":"Naturaleza a la vera del r\u00edo en Campana - AEHG La Plata","isPartOf":{"@id":"https:\/\/aehg-laplata.org.ar\/nueva\/#website"},"primaryImageOfPage":{"@id":"https:\/\/aehg-laplata.org.ar\/nueva\/naturaleza-a-la-vera-del-rio-en-campana\/#primaryimage"},"datePublished":"2023-01-12T11:38:42+00:00","dateModified":"2023-01-12T11:38:42+00:00","author":{"@id":"https:\/\/aehg-laplata.org.ar\/nueva\/#\/schema\/person\/7f7b2f53bda3353446a1e6bfb4837e14"},"breadcrumb":{"@id":"https:\/\/aehg-laplata.org.ar\/nueva\/naturaleza-a-la-vera-del-rio-en-campana\/#breadcrumb"},"inLanguage":"es-AR","potentialAction":[{"@type":"ReadAction","target":["https:\/\/aehg-laplata.org.ar\/nueva\/naturaleza-a-la-vera-del-rio-en-campana\/"]}]},{"@type":"BreadcrumbList","@id":"https:\/\/aehg-laplata.org.ar\/nueva\/naturaleza-a-la-vera-del-rio-en-campana\/#breadcrumb","itemListElement":[{"@type":"ListItem","position":1,"name":"Inicio","item":"https:\/\/aehg-laplata.org.ar\/nueva\/"},{"@type":"ListItem","position":2,"name":"Naturaleza a la vera del r\u00edo en Campana"}]},{"@type":"Person","@id":"https:\/\/aehg-laplata.org.ar\/nueva\/#\/schema\/person\/7f7b2f53bda3353446a1e6bfb4837e14","name":"ftosti","image":{"@type":"ImageObject","@id":"https:\/\/aehg-laplata.org.ar\/nueva\/#personlogo","inLanguage":"es-AR","url":"https:\/\/secure.gravatar.com\/avatar\/602f4beec51ba7ffdca86e4faf5d039c?s=96&d=mm&r=g","contentUrl":"https:\/\/secure.gravatar.com\/avatar\/602f4beec51ba7ffdca86e4faf5d039c?s=96&d=mm&r=g","caption":"ftosti"},"url":"https:\/\/aehg-laplata.org.ar\/nueva\/author\/ftosti\/"}]}},"_links":{"self":[{"href":"https:\/\/aehg-laplata.org.ar\/nueva\/wp-json\/wp\/v2\/posts\/1586"}],"collection":[{"href":"https:\/\/aehg-laplata.org.ar\/nueva\/wp-json\/wp\/v2\/posts"}],"about":[{"href":"https:\/\/aehg-laplata.org.ar\/nueva\/wp-json\/wp\/v2\/types\/post"}],"author":[{"embeddable":true,"href":"https:\/\/aehg-laplata.org.ar\/nueva\/wp-json\/wp\/v2\/users\/1"}],"replies":[{"embeddable":true,"href":"https:\/\/aehg-laplata.org.ar\/nueva\/wp-json\/wp\/v2\/comments?post=1586"}],"version-history":[{"count":1,"href":"https:\/\/aehg-laplata.org.ar\/nueva\/wp-json\/wp\/v2\/posts\/1586\/revisions"}],"predecessor-version":[{"id":1592,"href":"https:\/\/aehg-laplata.org.ar\/nueva\/wp-json\/wp\/v2\/posts\/1586\/revisions\/1592"}],"wp:featuredmedia":[{"embeddable":true,"href":"https:\/\/aehg-laplata.org.ar\/nueva\/wp-json\/wp\/v2\/media\/1588"}],"wp:attachment":[{"href":"https:\/\/aehg-laplata.org.ar\/nueva\/wp-json\/wp\/v2\/media?parent=1586"}],"wp:term":[{"taxonomy":"category","embeddable":true,"href":"https:\/\/aehg-laplata.org.ar\/nueva\/wp-json\/wp\/v2\/categories?post=1586"},{"taxonomy":"post_tag","embeddable":true,"href":"https:\/\/aehg-laplata.org.ar\/nueva\/wp-json\/wp\/v2\/tags?post=1586"}],"curies":[{"name":"wp","href":"https:\/\/api.w.org\/{rel}","templated":true}]}}