{"id":1533,"date":"2022-12-15T08:33:06","date_gmt":"2022-12-15T11:33:06","guid":{"rendered":"https:\/\/aehg-laplata.org.ar\/nueva\/?p=1533"},"modified":"2022-12-15T09:02:46","modified_gmt":"2022-12-15T12:02:46","slug":"aehg-la-plata-participo-de-la-ultima-reunion-de-la-caturpba","status":"publish","type":"post","link":"https:\/\/aehg-laplata.org.ar\/nueva\/aehg-la-plata-participo-de-la-ultima-reunion-de-la-caturpba\/","title":{"rendered":"AEHG La Plata particip\u00f3 de la \u00faltima reuni\u00f3n de la CATURPBA"},"content":{"rendered":"<p>[vc_row][vc_column][vc_column_text]<\/p>\n<h3 class=\"entry-title\">AEHG La Plata particip\u00f3 de la \u00faltima reuni\u00f3n de la CATURPBA<\/h3>\n<p>[\/vc_column_text][\/vc_column][\/vc_row][vc_row][vc_column][vc_single_image image=&#8221;1534&#8243; img_size=&#8221;full&#8221;][\/vc_column][\/vc_row][vc_row][vc_column css=&#8221;.vc_custom_1457772902902{margin-top: -10px !important;}&#8221;][vc_column_text]El presidente de AEHG La Plata y vicepresidente de la Regi\u00f3n Cuenca del Salado de la CATUR, particip\u00f3 el 13 de diciembre de la \u00faltima reuni\u00f3n de la CATURPBA en formato h\u00edbrido, en las instalaciones del Hotel Grand Brizo. Fue encabezada por el presidente Roberto C. Rodr\u00edguez.<\/p>\n<p>\u201cNuestro trabajo es contribuir a la consolidaci\u00f3n del turismo y fortalecimiento de la entidad&#8221;, dijo a los miembros titulares de la comisi\u00f3n directiva.<\/p>\n<p>Las actividades desarrolladas, admisiones y la gobernanza ocuparon un lugar central en el encuentro de dirigentes empresarios bonaerenses que participaron.<\/p>\n<p>La C\u00e1mara busca sinergizar pol\u00edticas para actores del sector p\u00fablico y privado, abordar los problemas m\u00e1s apremiantes del turismo y establecre la agenda para los pr\u00f3ximos a\u00f1os.<\/p>\n<p>Este a\u00f1o en torno al tema &#8220;Repensar el turismo&#8221;, la reuni\u00f3n reflej\u00f3 la creciente relevancia del turismo para el bienestar econ\u00f3mico y social.[\/vc_column_text][\/vc_column][\/vc_row]<\/p>\n","protected":false},"excerpt":{"rendered":"<p>[vc_row][vc_column][vc_column_text] AEHG La Plata particip\u00f3 de la \u00faltima reuni\u00f3n de la CATURPBA [\/vc_column_text][\/vc_column][\/vc_row][vc_row][vc_column][vc_single_image image=&#8221;1534&#8243; img_size=&#8221;full&#8221;][\/vc_column][\/vc_row][vc_row][vc_column css=&#8221;.vc_custom_1457772902902{margin-top: -10px !important;}&#8221;][vc_column_text]El presidente de&#8230;<\/p>\n","protected":false},"author":1,"featured_media":1534,"comment_status":"closed","ping_status":"closed","sticky":false,"template":"","format":"standard","meta":[],"categories":[4],"tags":[],"yoast_head":"<!-- This site is optimized with the Yoast SEO plugin v17.2.1 - https:\/\/yoast.com\/wordpress\/plugins\/seo\/ -->\n<title>AEHG La Plata particip\u00f3 de la \u00faltima reuni\u00f3n de la CATURPBA - AEHG La Plata<\/title>\n<meta name=\"robots\" content=\"index, follow, max-snippet:-1, max-image-preview:large, max-video-preview:-1\" \/>\n<link rel=\"canonical\" href=\"https:\/\/aehg-laplata.org.ar\/nueva\/aehg-la-plata-participo-de-la-ultima-reunion-de-la-caturpba\/\" \/>\n<meta property=\"og:locale\" content=\"es_ES\" \/>\n<meta property=\"og:type\" content=\"article\" \/>\n<meta property=\"og:title\" content=\"AEHG La Plata particip\u00f3 de la \u00faltima reuni\u00f3n de la CATURPBA - AEHG La Plata\" \/>\n<meta property=\"og:description\" content=\"[vc_row][vc_column][vc_column_text] AEHG La Plata particip\u00f3 de la \u00faltima reuni\u00f3n de la CATURPBA [\/vc_column_text][\/vc_column][\/vc_row][vc_row][vc_column][vc_single_image image=&#8221;1534&#8243; img_size=&#8221;full&#8221;][\/vc_column][\/vc_row][vc_row][vc_column css=&#8221;.vc_custom_1457772902902{margin-top: -10px !important;}&#8221;][vc_column_text]El presidente de...\" \/>\n<meta property=\"og:url\" content=\"https:\/\/aehg-laplata.org.ar\/nueva\/aehg-la-plata-participo-de-la-ultima-reunion-de-la-caturpba\/\" \/>\n<meta property=\"og:site_name\" content=\"AEHG La Plata\" \/>\n<meta property=\"article:publisher\" content=\"https:\/\/www.facebook.com\/AehgLaPlataOK\/\" \/>\n<meta property=\"article:published_time\" content=\"2022-12-15T11:33:06+00:00\" \/>\n<meta property=\"article:modified_time\" content=\"2022-12-15T12:02:46+00:00\" \/>\n<meta property=\"og:image\" content=\"https:\/\/aehg-laplata.org.ar\/nueva\/wp-content\/uploads\/AEHG-La-Plata-participo-de-la-ultima-reunion-de-la-CATURPBA.jpg\" \/>\n\t<meta property=\"og:image:width\" content=\"800\" \/>\n\t<meta property=\"og:image:height\" content=\"800\" \/>\n<meta name=\"twitter:card\" content=\"summary_large_image\" \/>\n<meta name=\"twitter:label1\" content=\"Escrito por\" \/>\n\t<meta name=\"twitter:data1\" content=\"ftosti\" \/>\n\t<meta name=\"twitter:label2\" content=\"Tiempo de lectura\" \/>\n\t<meta name=\"twitter:data2\" content=\"1 minuto\" \/>\n<script type=\"application\/ld+json\" class=\"yoast-schema-graph\">{\"@context\":\"https:\/\/schema.org\",\"@graph\":[{\"@type\":\"WebSite\",\"@id\":\"https:\/\/aehg-laplata.org.ar\/nueva\/#website\",\"url\":\"https:\/\/aehg-laplata.org.ar\/nueva\/\",\"name\":\"AEHG La Plata\",\"description\":\"\",\"potentialAction\":[{\"@type\":\"SearchAction\",\"target\":{\"@type\":\"EntryPoint\",\"urlTemplate\":\"https:\/\/aehg-laplata.org.ar\/nueva\/?s={search_term_string}\"},\"query-input\":\"required name=search_term_string\"}],\"inLanguage\":\"es-AR\"},{\"@type\":\"ImageObject\",\"@id\":\"https:\/\/aehg-laplata.org.ar\/nueva\/aehg-la-plata-participo-de-la-ultima-reunion-de-la-caturpba\/#primaryimage\",\"inLanguage\":\"es-AR\",\"url\":\"https:\/\/aehg-laplata.org.ar\/nueva\/wp-content\/uploads\/AEHG-La-Plata-participo-de-la-ultima-reunion-de-la-CATURPBA.jpg\",\"contentUrl\":\"https:\/\/aehg-laplata.org.ar\/nueva\/wp-content\/uploads\/AEHG-La-Plata-participo-de-la-ultima-reunion-de-la-CATURPBA.jpg\",\"width\":800,\"height\":800},{\"@type\":\"WebPage\",\"@id\":\"https:\/\/aehg-laplata.org.ar\/nueva\/aehg-la-plata-participo-de-la-ultima-reunion-de-la-caturpba\/#webpage\",\"url\":\"https:\/\/aehg-laplata.org.ar\/nueva\/aehg-la-plata-participo-de-la-ultima-reunion-de-la-caturpba\/\",\"name\":\"AEHG La Plata particip\\u00f3 de la \\u00faltima reuni\\u00f3n de la CATURPBA - AEHG La Plata\",\"isPartOf\":{\"@id\":\"https:\/\/aehg-laplata.org.ar\/nueva\/#website\"},\"primaryImageOfPage\":{\"@id\":\"https:\/\/aehg-laplata.org.ar\/nueva\/aehg-la-plata-participo-de-la-ultima-reunion-de-la-caturpba\/#primaryimage\"},\"datePublished\":\"2022-12-15T11:33:06+00:00\",\"dateModified\":\"2022-12-15T12:02:46+00:00\",\"author\":{\"@id\":\"https:\/\/aehg-laplata.org.ar\/nueva\/#\/schema\/person\/7f7b2f53bda3353446a1e6bfb4837e14\"},\"breadcrumb\":{\"@id\":\"https:\/\/aehg-laplata.org.ar\/nueva\/aehg-la-plata-participo-de-la-ultima-reunion-de-la-caturpba\/#breadcrumb\"},\"inLanguage\":\"es-AR\",\"potentialAction\":[{\"@type\":\"ReadAction\",\"target\":[\"https:\/\/aehg-laplata.org.ar\/nueva\/aehg-la-plata-participo-de-la-ultima-reunion-de-la-caturpba\/\"]}]},{\"@type\":\"BreadcrumbList\",\"@id\":\"https:\/\/aehg-laplata.org.ar\/nueva\/aehg-la-plata-participo-de-la-ultima-reunion-de-la-caturpba\/#breadcrumb\",\"itemListElement\":[{\"@type\":\"ListItem\",\"position\":1,\"name\":\"Inicio\",\"item\":\"https:\/\/aehg-laplata.org.ar\/nueva\/\"},{\"@type\":\"ListItem\",\"position\":2,\"name\":\"AEHG La Plata particip\\u00f3 de la \\u00faltima reuni\\u00f3n de la CATURPBA\"}]},{\"@type\":\"Person\",\"@id\":\"https:\/\/aehg-laplata.org.ar\/nueva\/#\/schema\/person\/7f7b2f53bda3353446a1e6bfb4837e14\",\"name\":\"ftosti\",\"image\":{\"@type\":\"ImageObject\",\"@id\":\"https:\/\/aehg-laplata.org.ar\/nueva\/#personlogo\",\"inLanguage\":\"es-AR\",\"url\":\"https:\/\/secure.gravatar.com\/avatar\/602f4beec51ba7ffdca86e4faf5d039c?s=96&d=mm&r=g\",\"contentUrl\":\"https:\/\/secure.gravatar.com\/avatar\/602f4beec51ba7ffdca86e4faf5d039c?s=96&d=mm&r=g\",\"caption\":\"ftosti\"},\"url\":\"https:\/\/aehg-laplata.org.ar\/nueva\/author\/ftosti\/\"}]}<\/script>\n<!-- \/ Yoast SEO plugin. -->","yoast_head_json":{"title":"AEHG La Plata particip\u00f3 de la \u00faltima reuni\u00f3n de la CATURPBA - AEHG La Plata","robots":{"index":"index","follow":"follow","max-snippet":"max-snippet:-1","max-image-preview":"max-image-preview:large","max-video-preview":"max-video-preview:-1"},"canonical":"https:\/\/aehg-laplata.org.ar\/nueva\/aehg-la-plata-participo-de-la-ultima-reunion-de-la-caturpba\/","og_locale":"es_ES","og_type":"article","og_title":"AEHG La Plata particip\u00f3 de la \u00faltima reuni\u00f3n de la CATURPBA - AEHG La Plata","og_description":"[vc_row][vc_column][vc_column_text] AEHG La Plata particip\u00f3 de la \u00faltima reuni\u00f3n de la CATURPBA [\/vc_column_text][\/vc_column][\/vc_row][vc_row][vc_column][vc_single_image image=&#8221;1534&#8243; img_size=&#8221;full&#8221;][\/vc_column][\/vc_row][vc_row][vc_column css=&#8221;.vc_custom_1457772902902{margin-top: -10px !important;}&#8221;][vc_column_text]El presidente de...","og_url":"https:\/\/aehg-laplata.org.ar\/nueva\/aehg-la-plata-participo-de-la-ultima-reunion-de-la-caturpba\/","og_site_name":"AEHG La Plata","article_publisher":"https:\/\/www.facebook.com\/AehgLaPlataOK\/","article_published_time":"2022-12-15T11:33:06+00:00","article_modified_time":"2022-12-15T12:02:46+00:00","og_image":[{"width":800,"height":800,"url":"https:\/\/aehg-laplata.org.ar\/nueva\/wp-content\/uploads\/AEHG-La-Plata-participo-de-la-ultima-reunion-de-la-CATURPBA.jpg","path":"\/home\/c1070183\/public_html\/nueva\/wp-content\/uploads\/AEHG-La-Plata-participo-de-la-ultima-reunion-de-la-CATURPBA.jpg","size":"full","id":1534,"alt":"","pixels":640000,"type":"image\/jpeg"}],"twitter_card":"summary_large_image","twitter_misc":{"Escrito por":"ftosti","Tiempo de lectura":"1 minuto"},"schema":{"@context":"https:\/\/schema.org","@graph":[{"@type":"WebSite","@id":"https:\/\/aehg-laplata.org.ar\/nueva\/#website","url":"https:\/\/aehg-laplata.org.ar\/nueva\/","name":"AEHG La Plata","description":"","potentialAction":[{"@type":"SearchAction","target":{"@type":"EntryPoint","urlTemplate":"https:\/\/aehg-laplata.org.ar\/nueva\/?s={search_term_string}"},"query-input":"required name=search_term_string"}],"inLanguage":"es-AR"},{"@type":"ImageObject","@id":"https:\/\/aehg-laplata.org.ar\/nueva\/aehg-la-plata-participo-de-la-ultima-reunion-de-la-caturpba\/#primaryimage","inLanguage":"es-AR","url":"https:\/\/aehg-laplata.org.ar\/nueva\/wp-content\/uploads\/AEHG-La-Plata-participo-de-la-ultima-reunion-de-la-CATURPBA.jpg","contentUrl":"https:\/\/aehg-laplata.org.ar\/nueva\/wp-content\/uploads\/AEHG-La-Plata-participo-de-la-ultima-reunion-de-la-CATURPBA.jpg","width":800,"height":800},{"@type":"WebPage","@id":"https:\/\/aehg-laplata.org.ar\/nueva\/aehg-la-plata-participo-de-la-ultima-reunion-de-la-caturpba\/#webpage","url":"https:\/\/aehg-laplata.org.ar\/nueva\/aehg-la-plata-participo-de-la-ultima-reunion-de-la-caturpba\/","name":"AEHG La Plata particip\u00f3 de la \u00faltima reuni\u00f3n de la CATURPBA - AEHG La Plata","isPartOf":{"@id":"https:\/\/aehg-laplata.org.ar\/nueva\/#website"},"primaryImageOfPage":{"@id":"https:\/\/aehg-laplata.org.ar\/nueva\/aehg-la-plata-participo-de-la-ultima-reunion-de-la-caturpba\/#primaryimage"},"datePublished":"2022-12-15T11:33:06+00:00","dateModified":"2022-12-15T12:02:46+00:00","author":{"@id":"https:\/\/aehg-laplata.org.ar\/nueva\/#\/schema\/person\/7f7b2f53bda3353446a1e6bfb4837e14"},"breadcrumb":{"@id":"https:\/\/aehg-laplata.org.ar\/nueva\/aehg-la-plata-participo-de-la-ultima-reunion-de-la-caturpba\/#breadcrumb"},"inLanguage":"es-AR","potentialAction":[{"@type":"ReadAction","target":["https:\/\/aehg-laplata.org.ar\/nueva\/aehg-la-plata-participo-de-la-ultima-reunion-de-la-caturpba\/"]}]},{"@type":"BreadcrumbList","@id":"https:\/\/aehg-laplata.org.ar\/nueva\/aehg-la-plata-participo-de-la-ultima-reunion-de-la-caturpba\/#breadcrumb","itemListElement":[{"@type":"ListItem","position":1,"name":"Inicio","item":"https:\/\/aehg-laplata.org.ar\/nueva\/"},{"@type":"ListItem","position":2,"name":"AEHG La Plata particip\u00f3 de la \u00faltima reuni\u00f3n de la CATURPBA"}]},{"@type":"Person","@id":"https:\/\/aehg-laplata.org.ar\/nueva\/#\/schema\/person\/7f7b2f53bda3353446a1e6bfb4837e14","name":"ftosti","image":{"@type":"ImageObject","@id":"https:\/\/aehg-laplata.org.ar\/nueva\/#personlogo","inLanguage":"es-AR","url":"https:\/\/secure.gravatar.com\/avatar\/602f4beec51ba7ffdca86e4faf5d039c?s=96&d=mm&r=g","contentUrl":"https:\/\/secure.gravatar.com\/avatar\/602f4beec51ba7ffdca86e4faf5d039c?s=96&d=mm&r=g","caption":"ftosti"},"url":"https:\/\/aehg-laplata.org.ar\/nueva\/author\/ftosti\/"}]}},"_links":{"self":[{"href":"https:\/\/aehg-laplata.org.ar\/nueva\/wp-json\/wp\/v2\/posts\/1533"}],"collection":[{"href":"https:\/\/aehg-laplata.org.ar\/nueva\/wp-json\/wp\/v2\/posts"}],"about":[{"href":"https:\/\/aehg-laplata.org.ar\/nueva\/wp-json\/wp\/v2\/types\/post"}],"author":[{"embeddable":true,"href":"https:\/\/aehg-laplata.org.ar\/nueva\/wp-json\/wp\/v2\/users\/1"}],"replies":[{"embeddable":true,"href":"https:\/\/aehg-laplata.org.ar\/nueva\/wp-json\/wp\/v2\/comments?post=1533"}],"version-history":[{"count":1,"href":"https:\/\/aehg-laplata.org.ar\/nueva\/wp-json\/wp\/v2\/posts\/1533\/revisions"}],"predecessor-version":[{"id":1535,"href":"https:\/\/aehg-laplata.org.ar\/nueva\/wp-json\/wp\/v2\/posts\/1533\/revisions\/1535"}],"wp:featuredmedia":[{"embeddable":true,"href":"https:\/\/aehg-laplata.org.ar\/nueva\/wp-json\/wp\/v2\/media\/1534"}],"wp:attachment":[{"href":"https:\/\/aehg-laplata.org.ar\/nueva\/wp-json\/wp\/v2\/media?parent=1533"}],"wp:term":[{"taxonomy":"category","embeddable":true,"href":"https:\/\/aehg-laplata.org.ar\/nueva\/wp-json\/wp\/v2\/categories?post=1533"},{"taxonomy":"post_tag","embeddable":true,"href":"https:\/\/aehg-laplata.org.ar\/nueva\/wp-json\/wp\/v2\/tags?post=1533"}],"curies":[{"name":"wp","href":"https:\/\/api.w.org\/{rel}","templated":true}]}}