{"id":1530,"date":"2022-12-15T08:30:36","date_gmt":"2022-12-15T11:30:36","guid":{"rendered":"https:\/\/aehg-laplata.org.ar\/nueva\/?p=1530"},"modified":"2022-12-15T09:02:56","modified_gmt":"2022-12-15T12:02:56","slug":"aehg-la-plata-en-el-tradicional-encuentro-para-despedir-el-ano-organizado-por-aehgar-rosario","status":"publish","type":"post","link":"https:\/\/aehg-laplata.org.ar\/nueva\/aehg-la-plata-en-el-tradicional-encuentro-para-despedir-el-ano-organizado-por-aehgar-rosario\/","title":{"rendered":"AEHG La Plata en el tradicional encuentro para despedir el a\u00f1o organizado por AEHGAR Rosario"},"content":{"rendered":"<p>[vc_row][vc_column][vc_column_text]<\/p>\n<h3 class=\"entry-title\">AEHG La Plata en el tradicional encuentro para despedir el a\u00f1o organizado por AEHGAR Rosario<\/h3>\n<p>[\/vc_column_text][\/vc_column][\/vc_row][vc_row][vc_column][vc_single_image image=&#8221;1531&#8243; img_size=&#8221;full&#8221;][\/vc_column][\/vc_row][vc_row][vc_column css=&#8221;.vc_custom_1457772902902{margin-top: -10px !important;}&#8221;][vc_column_text]El presidente de AEHG La Plata y vicepresidente de FEHGRA, Claudio N. Aguilar, particip\u00f3 el 6 de diciembre del tradicional encuentro para despedir el a\u00f1o, efectuado por la Asociaci\u00f3n Civil Empresaria Hotelero Gastron\u00f3mica y Afines Rosario (AEHGAR). El evento se llev\u00f3 a cabo en el Centro de Innovaci\u00f3n y Desarrollo Hotelero Gastron\u00f3mico Rosario.<\/p>\n<p>La apertura fue encabezada por el presidente de AEHGAR, Carlos Mellano; el tesorero y coordinador de la C\u00e1mara Hotelera de la instituci\u00f3n, Dami\u00e1n Auzunbud; y el secretario de Turismo de la Provincia de Santa Fe, Alejandro Grandinetti.<\/p>\n<p>Previamente se realiz\u00f3 un homenaje a quien fuera su vicepresidente 1\u00b0, coordinador de la Comisi\u00f3n de Asociados, miembro de la Comisi\u00f3n Directiva y colega apreciado de la actividad: el ingeniero Gustavo Gardebled, quien falleci\u00f3 este a\u00f1o.<\/p>\n<p>En este marco se realiz\u00f3 la entrega de Premios del tradicional Concurso de Fotograf\u00eda de Cultura Gastron\u00f3mica \u201cRosario y sus Bares\u201d, que la Asociaci\u00f3n realiza cada a\u00f1o, y en el que se busca difundir y apreciar aspectos culturales y patrimoniales de la actividad hotelero gastron\u00f3mica de la ciudad.<\/p>\n<p>AEHGAR agradeci\u00f3 la presencia de todos los asistentes, cerrando la velada con un brindis para que 2023 sea un a\u00f1o de crecimiento y desarrollo para todo el sector empresario y productivo de nuestro pa\u00eds.[\/vc_column_text][\/vc_column][\/vc_row]<\/p>\n","protected":false},"excerpt":{"rendered":"<p>[vc_row][vc_column][vc_column_text] AEHG La Plata en el tradicional encuentro para despedir el a\u00f1o organizado por AEHGAR Rosario [\/vc_column_text][\/vc_column][\/vc_row][vc_row][vc_column][vc_single_image image=&#8221;1531&#8243; img_size=&#8221;full&#8221;][\/vc_column][\/vc_row][vc_row][vc_column css=&#8221;.vc_custom_1457772902902{margin-top:&#8230;<\/p>\n","protected":false},"author":1,"featured_media":1531,"comment_status":"closed","ping_status":"closed","sticky":false,"template":"","format":"standard","meta":[],"categories":[4],"tags":[],"yoast_head":"<!-- This site is optimized with the Yoast SEO plugin v17.2.1 - https:\/\/yoast.com\/wordpress\/plugins\/seo\/ -->\n<title>AEHG La Plata en el tradicional encuentro para despedir el a\u00f1o organizado por AEHGAR Rosario - AEHG La Plata<\/title>\n<meta name=\"robots\" content=\"index, follow, max-snippet:-1, max-image-preview:large, max-video-preview:-1\" \/>\n<link rel=\"canonical\" href=\"https:\/\/aehg-laplata.org.ar\/nueva\/aehg-la-plata-en-el-tradicional-encuentro-para-despedir-el-ano-organizado-por-aehgar-rosario\/\" \/>\n<meta property=\"og:locale\" content=\"es_ES\" \/>\n<meta property=\"og:type\" content=\"article\" \/>\n<meta property=\"og:title\" content=\"AEHG La Plata en el tradicional encuentro para despedir el a\u00f1o organizado por AEHGAR Rosario - AEHG La Plata\" \/>\n<meta property=\"og:description\" content=\"[vc_row][vc_column][vc_column_text] AEHG La Plata en el tradicional encuentro para despedir el a\u00f1o organizado por AEHGAR Rosario [\/vc_column_text][\/vc_column][\/vc_row][vc_row][vc_column][vc_single_image image=&#8221;1531&#8243; img_size=&#8221;full&#8221;][\/vc_column][\/vc_row][vc_row][vc_column css=&#8221;.vc_custom_1457772902902{margin-top:...\" \/>\n<meta property=\"og:url\" content=\"https:\/\/aehg-laplata.org.ar\/nueva\/aehg-la-plata-en-el-tradicional-encuentro-para-despedir-el-ano-organizado-por-aehgar-rosario\/\" \/>\n<meta property=\"og:site_name\" content=\"AEHG La Plata\" \/>\n<meta property=\"article:publisher\" content=\"https:\/\/www.facebook.com\/AehgLaPlataOK\/\" \/>\n<meta property=\"article:published_time\" content=\"2022-12-15T11:30:36+00:00\" \/>\n<meta property=\"article:modified_time\" content=\"2022-12-15T12:02:56+00:00\" \/>\n<meta property=\"og:image\" content=\"https:\/\/aehg-laplata.org.ar\/nueva\/wp-content\/uploads\/AEHG-La-Plata-en-el-tradicional-encuentro-para-despedir-el-ano-organizado-por-AEHGAR-Rosario.jpg\" \/>\n\t<meta property=\"og:image:width\" content=\"800\" \/>\n\t<meta property=\"og:image:height\" content=\"534\" \/>\n<meta name=\"twitter:card\" content=\"summary_large_image\" \/>\n<meta name=\"twitter:label1\" content=\"Escrito por\" \/>\n\t<meta name=\"twitter:data1\" content=\"ftosti\" \/>\n\t<meta name=\"twitter:label2\" content=\"Tiempo de lectura\" \/>\n\t<meta name=\"twitter:data2\" content=\"2 minutos\" \/>\n<script type=\"application\/ld+json\" class=\"yoast-schema-graph\">{\"@context\":\"https:\/\/schema.org\",\"@graph\":[{\"@type\":\"WebSite\",\"@id\":\"https:\/\/aehg-laplata.org.ar\/nueva\/#website\",\"url\":\"https:\/\/aehg-laplata.org.ar\/nueva\/\",\"name\":\"AEHG La Plata\",\"description\":\"\",\"potentialAction\":[{\"@type\":\"SearchAction\",\"target\":{\"@type\":\"EntryPoint\",\"urlTemplate\":\"https:\/\/aehg-laplata.org.ar\/nueva\/?s={search_term_string}\"},\"query-input\":\"required name=search_term_string\"}],\"inLanguage\":\"es-AR\"},{\"@type\":\"ImageObject\",\"@id\":\"https:\/\/aehg-laplata.org.ar\/nueva\/aehg-la-plata-en-el-tradicional-encuentro-para-despedir-el-ano-organizado-por-aehgar-rosario\/#primaryimage\",\"inLanguage\":\"es-AR\",\"url\":\"https:\/\/aehg-laplata.org.ar\/nueva\/wp-content\/uploads\/AEHG-La-Plata-en-el-tradicional-encuentro-para-despedir-el-ano-organizado-por-AEHGAR-Rosario.jpg\",\"contentUrl\":\"https:\/\/aehg-laplata.org.ar\/nueva\/wp-content\/uploads\/AEHG-La-Plata-en-el-tradicional-encuentro-para-despedir-el-ano-organizado-por-AEHGAR-Rosario.jpg\",\"width\":800,\"height\":534},{\"@type\":\"WebPage\",\"@id\":\"https:\/\/aehg-laplata.org.ar\/nueva\/aehg-la-plata-en-el-tradicional-encuentro-para-despedir-el-ano-organizado-por-aehgar-rosario\/#webpage\",\"url\":\"https:\/\/aehg-laplata.org.ar\/nueva\/aehg-la-plata-en-el-tradicional-encuentro-para-despedir-el-ano-organizado-por-aehgar-rosario\/\",\"name\":\"AEHG La Plata en el tradicional encuentro para despedir el a\\u00f1o organizado por AEHGAR Rosario - AEHG La Plata\",\"isPartOf\":{\"@id\":\"https:\/\/aehg-laplata.org.ar\/nueva\/#website\"},\"primaryImageOfPage\":{\"@id\":\"https:\/\/aehg-laplata.org.ar\/nueva\/aehg-la-plata-en-el-tradicional-encuentro-para-despedir-el-ano-organizado-por-aehgar-rosario\/#primaryimage\"},\"datePublished\":\"2022-12-15T11:30:36+00:00\",\"dateModified\":\"2022-12-15T12:02:56+00:00\",\"author\":{\"@id\":\"https:\/\/aehg-laplata.org.ar\/nueva\/#\/schema\/person\/7f7b2f53bda3353446a1e6bfb4837e14\"},\"breadcrumb\":{\"@id\":\"https:\/\/aehg-laplata.org.ar\/nueva\/aehg-la-plata-en-el-tradicional-encuentro-para-despedir-el-ano-organizado-por-aehgar-rosario\/#breadcrumb\"},\"inLanguage\":\"es-AR\",\"potentialAction\":[{\"@type\":\"ReadAction\",\"target\":[\"https:\/\/aehg-laplata.org.ar\/nueva\/aehg-la-plata-en-el-tradicional-encuentro-para-despedir-el-ano-organizado-por-aehgar-rosario\/\"]}]},{\"@type\":\"BreadcrumbList\",\"@id\":\"https:\/\/aehg-laplata.org.ar\/nueva\/aehg-la-plata-en-el-tradicional-encuentro-para-despedir-el-ano-organizado-por-aehgar-rosario\/#breadcrumb\",\"itemListElement\":[{\"@type\":\"ListItem\",\"position\":1,\"name\":\"Inicio\",\"item\":\"https:\/\/aehg-laplata.org.ar\/nueva\/\"},{\"@type\":\"ListItem\",\"position\":2,\"name\":\"AEHG La Plata en el tradicional encuentro para despedir el a\\u00f1o organizado por AEHGAR Rosario\"}]},{\"@type\":\"Person\",\"@id\":\"https:\/\/aehg-laplata.org.ar\/nueva\/#\/schema\/person\/7f7b2f53bda3353446a1e6bfb4837e14\",\"name\":\"ftosti\",\"image\":{\"@type\":\"ImageObject\",\"@id\":\"https:\/\/aehg-laplata.org.ar\/nueva\/#personlogo\",\"inLanguage\":\"es-AR\",\"url\":\"https:\/\/secure.gravatar.com\/avatar\/602f4beec51ba7ffdca86e4faf5d039c?s=96&d=mm&r=g\",\"contentUrl\":\"https:\/\/secure.gravatar.com\/avatar\/602f4beec51ba7ffdca86e4faf5d039c?s=96&d=mm&r=g\",\"caption\":\"ftosti\"},\"url\":\"https:\/\/aehg-laplata.org.ar\/nueva\/author\/ftosti\/\"}]}<\/script>\n<!-- \/ Yoast SEO plugin. -->","yoast_head_json":{"title":"AEHG La Plata en el tradicional encuentro para despedir el a\u00f1o organizado por AEHGAR Rosario - AEHG La Plata","robots":{"index":"index","follow":"follow","max-snippet":"max-snippet:-1","max-image-preview":"max-image-preview:large","max-video-preview":"max-video-preview:-1"},"canonical":"https:\/\/aehg-laplata.org.ar\/nueva\/aehg-la-plata-en-el-tradicional-encuentro-para-despedir-el-ano-organizado-por-aehgar-rosario\/","og_locale":"es_ES","og_type":"article","og_title":"AEHG La Plata en el tradicional encuentro para despedir el a\u00f1o organizado por AEHGAR Rosario - AEHG La Plata","og_description":"[vc_row][vc_column][vc_column_text] AEHG La Plata en el tradicional encuentro para despedir el a\u00f1o organizado por AEHGAR Rosario [\/vc_column_text][\/vc_column][\/vc_row][vc_row][vc_column][vc_single_image image=&#8221;1531&#8243; img_size=&#8221;full&#8221;][\/vc_column][\/vc_row][vc_row][vc_column css=&#8221;.vc_custom_1457772902902{margin-top:...","og_url":"https:\/\/aehg-laplata.org.ar\/nueva\/aehg-la-plata-en-el-tradicional-encuentro-para-despedir-el-ano-organizado-por-aehgar-rosario\/","og_site_name":"AEHG La Plata","article_publisher":"https:\/\/www.facebook.com\/AehgLaPlataOK\/","article_published_time":"2022-12-15T11:30:36+00:00","article_modified_time":"2022-12-15T12:02:56+00:00","og_image":[{"width":800,"height":534,"url":"https:\/\/aehg-laplata.org.ar\/nueva\/wp-content\/uploads\/AEHG-La-Plata-en-el-tradicional-encuentro-para-despedir-el-ano-organizado-por-AEHGAR-Rosario.jpg","path":"\/home\/c1070183\/public_html\/nueva\/wp-content\/uploads\/AEHG-La-Plata-en-el-tradicional-encuentro-para-despedir-el-ano-organizado-por-AEHGAR-Rosario.jpg","size":"full","id":1531,"alt":"","pixels":427200,"type":"image\/jpeg"}],"twitter_card":"summary_large_image","twitter_misc":{"Escrito por":"ftosti","Tiempo de lectura":"2 minutos"},"schema":{"@context":"https:\/\/schema.org","@graph":[{"@type":"WebSite","@id":"https:\/\/aehg-laplata.org.ar\/nueva\/#website","url":"https:\/\/aehg-laplata.org.ar\/nueva\/","name":"AEHG La Plata","description":"","potentialAction":[{"@type":"SearchAction","target":{"@type":"EntryPoint","urlTemplate":"https:\/\/aehg-laplata.org.ar\/nueva\/?s={search_term_string}"},"query-input":"required name=search_term_string"}],"inLanguage":"es-AR"},{"@type":"ImageObject","@id":"https:\/\/aehg-laplata.org.ar\/nueva\/aehg-la-plata-en-el-tradicional-encuentro-para-despedir-el-ano-organizado-por-aehgar-rosario\/#primaryimage","inLanguage":"es-AR","url":"https:\/\/aehg-laplata.org.ar\/nueva\/wp-content\/uploads\/AEHG-La-Plata-en-el-tradicional-encuentro-para-despedir-el-ano-organizado-por-AEHGAR-Rosario.jpg","contentUrl":"https:\/\/aehg-laplata.org.ar\/nueva\/wp-content\/uploads\/AEHG-La-Plata-en-el-tradicional-encuentro-para-despedir-el-ano-organizado-por-AEHGAR-Rosario.jpg","width":800,"height":534},{"@type":"WebPage","@id":"https:\/\/aehg-laplata.org.ar\/nueva\/aehg-la-plata-en-el-tradicional-encuentro-para-despedir-el-ano-organizado-por-aehgar-rosario\/#webpage","url":"https:\/\/aehg-laplata.org.ar\/nueva\/aehg-la-plata-en-el-tradicional-encuentro-para-despedir-el-ano-organizado-por-aehgar-rosario\/","name":"AEHG La Plata en el tradicional encuentro para despedir el a\u00f1o organizado por AEHGAR Rosario - AEHG La Plata","isPartOf":{"@id":"https:\/\/aehg-laplata.org.ar\/nueva\/#website"},"primaryImageOfPage":{"@id":"https:\/\/aehg-laplata.org.ar\/nueva\/aehg-la-plata-en-el-tradicional-encuentro-para-despedir-el-ano-organizado-por-aehgar-rosario\/#primaryimage"},"datePublished":"2022-12-15T11:30:36+00:00","dateModified":"2022-12-15T12:02:56+00:00","author":{"@id":"https:\/\/aehg-laplata.org.ar\/nueva\/#\/schema\/person\/7f7b2f53bda3353446a1e6bfb4837e14"},"breadcrumb":{"@id":"https:\/\/aehg-laplata.org.ar\/nueva\/aehg-la-plata-en-el-tradicional-encuentro-para-despedir-el-ano-organizado-por-aehgar-rosario\/#breadcrumb"},"inLanguage":"es-AR","potentialAction":[{"@type":"ReadAction","target":["https:\/\/aehg-laplata.org.ar\/nueva\/aehg-la-plata-en-el-tradicional-encuentro-para-despedir-el-ano-organizado-por-aehgar-rosario\/"]}]},{"@type":"BreadcrumbList","@id":"https:\/\/aehg-laplata.org.ar\/nueva\/aehg-la-plata-en-el-tradicional-encuentro-para-despedir-el-ano-organizado-por-aehgar-rosario\/#breadcrumb","itemListElement":[{"@type":"ListItem","position":1,"name":"Inicio","item":"https:\/\/aehg-laplata.org.ar\/nueva\/"},{"@type":"ListItem","position":2,"name":"AEHG La Plata en el tradicional encuentro para despedir el a\u00f1o organizado por AEHGAR Rosario"}]},{"@type":"Person","@id":"https:\/\/aehg-laplata.org.ar\/nueva\/#\/schema\/person\/7f7b2f53bda3353446a1e6bfb4837e14","name":"ftosti","image":{"@type":"ImageObject","@id":"https:\/\/aehg-laplata.org.ar\/nueva\/#personlogo","inLanguage":"es-AR","url":"https:\/\/secure.gravatar.com\/avatar\/602f4beec51ba7ffdca86e4faf5d039c?s=96&d=mm&r=g","contentUrl":"https:\/\/secure.gravatar.com\/avatar\/602f4beec51ba7ffdca86e4faf5d039c?s=96&d=mm&r=g","caption":"ftosti"},"url":"https:\/\/aehg-laplata.org.ar\/nueva\/author\/ftosti\/"}]}},"_links":{"self":[{"href":"https:\/\/aehg-laplata.org.ar\/nueva\/wp-json\/wp\/v2\/posts\/1530"}],"collection":[{"href":"https:\/\/aehg-laplata.org.ar\/nueva\/wp-json\/wp\/v2\/posts"}],"about":[{"href":"https:\/\/aehg-laplata.org.ar\/nueva\/wp-json\/wp\/v2\/types\/post"}],"author":[{"embeddable":true,"href":"https:\/\/aehg-laplata.org.ar\/nueva\/wp-json\/wp\/v2\/users\/1"}],"replies":[{"embeddable":true,"href":"https:\/\/aehg-laplata.org.ar\/nueva\/wp-json\/wp\/v2\/comments?post=1530"}],"version-history":[{"count":1,"href":"https:\/\/aehg-laplata.org.ar\/nueva\/wp-json\/wp\/v2\/posts\/1530\/revisions"}],"predecessor-version":[{"id":1532,"href":"https:\/\/aehg-laplata.org.ar\/nueva\/wp-json\/wp\/v2\/posts\/1530\/revisions\/1532"}],"wp:featuredmedia":[{"embeddable":true,"href":"https:\/\/aehg-laplata.org.ar\/nueva\/wp-json\/wp\/v2\/media\/1531"}],"wp:attachment":[{"href":"https:\/\/aehg-laplata.org.ar\/nueva\/wp-json\/wp\/v2\/media?parent=1530"}],"wp:term":[{"taxonomy":"category","embeddable":true,"href":"https:\/\/aehg-laplata.org.ar\/nueva\/wp-json\/wp\/v2\/categories?post=1530"},{"taxonomy":"post_tag","embeddable":true,"href":"https:\/\/aehg-laplata.org.ar\/nueva\/wp-json\/wp\/v2\/tags?post=1530"}],"curies":[{"name":"wp","href":"https:\/\/api.w.org\/{rel}","templated":true}]}}