{"id":1522,"date":"2022-12-13T09:21:47","date_gmt":"2022-12-13T12:21:47","guid":{"rendered":"https:\/\/aehg-laplata.org.ar\/nueva\/?p=1522"},"modified":"2022-12-15T08:48:11","modified_gmt":"2022-12-15T11:48:11","slug":"presentaron-el-programa-tu-empresa-en-un-tramite","status":"publish","type":"post","link":"https:\/\/aehg-laplata.org.ar\/nueva\/presentaron-el-programa-tu-empresa-en-un-tramite\/","title":{"rendered":"Presentaron el programa \u201cTu Empresa en un Tr\u00e1mite\u201d"},"content":{"rendered":"<p>[vc_row][vc_column][vc_column_text]<\/p>\n<h3 class=\"entry-title\">Presentaron el programa \u201cTu Empresa en un Tr\u00e1mite\u201d<\/h3>\n<p>[\/vc_column_text][\/vc_column][\/vc_row][vc_row][vc_column][vc_single_image image=&#8221;1538&#8243; img_size=&#8221;full&#8221; alignment=&#8221;center&#8221;][\/vc_column][\/vc_row][vc_row][vc_column css=&#8221;.vc_custom_1457772902902{margin-top: -10px !important;}&#8221;][vc_column_text]El presidente de AEHG La Plata, Claudio N. Aguilar, particip\u00f3 de la presentaci\u00f3n del programa \u201cTu Empresa en un Tr\u00e1mite\u201d, encabezada por el gobernador de la provincia de Buenos Aires, Axel Kicillof y el ministro de Justicia y Derechos Humanos, Julio Alak.<\/p>\n<p>Se trata de la primera ventanilla \u00fanica que se implementa en el pa\u00eds para simplificar, digitalizar y unificar los tr\u00e1mites de constituci\u00f3n e inicio de actividades de empresas, sociedades, fideicomisos, asociaciones civiles y fundaciones.<\/p>\n<p>La presentaci\u00f3n se llev\u00f3 a cabo en el Sal\u00f3n Dorado de la Casa de Gobierno, con la participaci\u00f3n del presidente del Banco Provincia, Juan Cuattromo; y el director ejecutivo de ARBA, Cristian Girard.<\/p>\n<p>La iniciativa est\u00e1 destinada a desburocratizar e imprimirle celeridad -de manera \u00e1gil, segura y eficaz- a la formaci\u00f3n legal, alta fiscal y puesta en marcha de empresas y entidades civiles bonaerenses. Para ello, el programa permitir\u00e1 evitar los tr\u00e1mites presenciales y facilitar\u00e1, mediante una presentaci\u00f3n administrativa digital y remota, el acceso autom\u00e1tico al CUIT y domicilio fiscal electr\u00f3nico ante la AFIP, el alta en ARBA, la apertura de una cuenta operativa en el Banco Provincia y la inscripci\u00f3n en la Direcci\u00f3n Provincial de Personas Jur\u00eddicas.<\/p>\n<p>La simplificaci\u00f3n de estos tr\u00e1mites posibilita a los bonaerenses el acceso al proceso de inscripci\u00f3n digital sin la necesidad de recurrir a terceros. Adem\u00e1s, la digitalizaci\u00f3n impedir\u00e1 el extrav\u00edo y el deterioro de los documentos, as\u00ed como su preservaci\u00f3n sin que puedan ser adulterados. Para iniciar la gesti\u00f3n, los interesados deber\u00e1n ingresar al siguiente link de la Direcci\u00f3n Provincial de Personas Jur\u00eddicas: <a href=\"https:\/\/www.gba.gob.ar\/dppj\/tu_empresa_en_un_tramite\">https:\/\/www.gba.gob.ar\/dppj\/tu_empresa_en_un_tramite<\/a>.<\/p>\n<p>Tambi\u00e9n estuvieron presentes la subsecretaria de Industrias, Pymes y Cooperativas, Mariela Bembi; el subsecretario de Desarrollo Comercial y Promoci\u00f3n de Inversiones, Ariel Aguilar; la presidente del FOGABA, Ver\u00f3nica Wejchenberg; la diputada provincial Luc\u00eda Ia\u00f1ez; el legislador Juan Malpeli; la concejala Cintia Mansilla; los concejales Guillermo Escudero y Guillermo Cara.<\/p>\n<p>Beneficios de la ventanilla \u00fanica<\/p>\n<p>&#8211; Alta en AFIP. El alta del CUIT es simult\u00e1nea con la inscripci\u00f3n de Sociedades An\u00f3nimas (SA), Sociedades de Responsabilidad Limitada (SRL) y Asociaciones Civiles, la constituci\u00f3n del Domicilio Fiscal Electr\u00f3nico y la vinculaci\u00f3n del representante legal como Administrador de Relaciones, sin ning\u00fan tr\u00e1mite ni tasa adicional al requerido ante DPPJ para tramitar la conformaci\u00f3n.<\/p>\n<p>&#8211; Alta en ARBA. El tr\u00e1mite de la Clave de Identificaci\u00f3n Tributaria (CIT) y constituci\u00f3n de Domicilio Fiscal Electr\u00f3nico ante ARBA se realiza junto con el tr\u00e1mite de conformaci\u00f3n de Sociedades An\u00f3nimas (SA), Sociedades de Responsabilidad Limitada (SRL) o Asociaciones Civiles, sin ning\u00fan tr\u00e1mite ni tasa adicional al requerido para la conformaci\u00f3n ante DPPJ.<\/p>\n<p>&#8211; Banco Provincia. La integraci\u00f3n del capital social en conformaciones se puede hacer y acreditar sin necesidad de trasladarse hasta la sucursal bancaria y mediante un sencillo tr\u00e1mite digital en l\u00ednea con Banco Provincia (art\u00edculos 149 y 187 de la Ley 19.550, y el art\u00edculo 140 de la Disposici\u00f3n DPPJ 45\/2015).[\/vc_column_text][\/vc_column][\/vc_row][vc_row][vc_column][vc_gallery type=&#8221;flexslider_slide&#8221; interval=&#8221;3&#8243; images=&#8221;1523,1524,1525,1526,1527&#8243; img_size=&#8221;full&#8221;][\/vc_column][\/vc_row]<\/p>\n","protected":false},"excerpt":{"rendered":"<p>[vc_row][vc_column][vc_column_text] Presentaron el programa \u201cTu Empresa en un Tr\u00e1mite\u201d [\/vc_column_text][\/vc_column][\/vc_row][vc_row][vc_column][vc_single_image image=&#8221;1538&#8243; img_size=&#8221;full&#8221; alignment=&#8221;center&#8221;][\/vc_column][\/vc_row][vc_row][vc_column css=&#8221;.vc_custom_1457772902902{margin-top: -10px !important;}&#8221;][vc_column_text]El presidente de AEHG La&#8230;<\/p>\n","protected":false},"author":1,"featured_media":1538,"comment_status":"closed","ping_status":"closed","sticky":false,"template":"","format":"standard","meta":[],"categories":[4],"tags":[],"yoast_head":"<!-- This site is optimized with the Yoast SEO plugin v17.2.1 - https:\/\/yoast.com\/wordpress\/plugins\/seo\/ -->\n<title>Presentaron el programa \u201cTu Empresa en un Tr\u00e1mite\u201d - AEHG La Plata<\/title>\n<meta name=\"robots\" content=\"index, follow, max-snippet:-1, max-image-preview:large, max-video-preview:-1\" \/>\n<link rel=\"canonical\" href=\"https:\/\/aehg-laplata.org.ar\/nueva\/presentaron-el-programa-tu-empresa-en-un-tramite\/\" \/>\n<meta property=\"og:locale\" content=\"es_ES\" \/>\n<meta property=\"og:type\" content=\"article\" \/>\n<meta property=\"og:title\" content=\"Presentaron el programa \u201cTu Empresa en un Tr\u00e1mite\u201d - AEHG La Plata\" \/>\n<meta property=\"og:description\" content=\"[vc_row][vc_column][vc_column_text] Presentaron el programa \u201cTu Empresa en un Tr\u00e1mite\u201d [\/vc_column_text][\/vc_column][\/vc_row][vc_row][vc_column][vc_single_image image=&#8221;1538&#8243; img_size=&#8221;full&#8221; alignment=&#8221;center&#8221;][\/vc_column][\/vc_row][vc_row][vc_column css=&#8221;.vc_custom_1457772902902{margin-top: -10px !important;}&#8221;][vc_column_text]El presidente de AEHG La...\" \/>\n<meta property=\"og:url\" content=\"https:\/\/aehg-laplata.org.ar\/nueva\/presentaron-el-programa-tu-empresa-en-un-tramite\/\" \/>\n<meta property=\"og:site_name\" content=\"AEHG La Plata\" \/>\n<meta property=\"article:publisher\" content=\"https:\/\/www.facebook.com\/AehgLaPlataOK\/\" \/>\n<meta property=\"article:published_time\" content=\"2022-12-13T12:21:47+00:00\" \/>\n<meta property=\"article:modified_time\" content=\"2022-12-15T11:48:11+00:00\" \/>\n<meta property=\"og:image\" content=\"https:\/\/aehg-laplata.org.ar\/nueva\/wp-content\/uploads\/a.jpg\" \/>\n\t<meta property=\"og:image:width\" content=\"800\" \/>\n\t<meta property=\"og:image:height\" content=\"800\" \/>\n<meta name=\"twitter:card\" content=\"summary_large_image\" \/>\n<meta name=\"twitter:label1\" content=\"Escrito por\" \/>\n\t<meta name=\"twitter:data1\" content=\"ftosti\" \/>\n\t<meta name=\"twitter:label2\" content=\"Tiempo de lectura\" \/>\n\t<meta name=\"twitter:data2\" content=\"3 minutos\" \/>\n<script type=\"application\/ld+json\" class=\"yoast-schema-graph\">{\"@context\":\"https:\/\/schema.org\",\"@graph\":[{\"@type\":\"WebSite\",\"@id\":\"https:\/\/aehg-laplata.org.ar\/nueva\/#website\",\"url\":\"https:\/\/aehg-laplata.org.ar\/nueva\/\",\"name\":\"AEHG La Plata\",\"description\":\"\",\"potentialAction\":[{\"@type\":\"SearchAction\",\"target\":{\"@type\":\"EntryPoint\",\"urlTemplate\":\"https:\/\/aehg-laplata.org.ar\/nueva\/?s={search_term_string}\"},\"query-input\":\"required name=search_term_string\"}],\"inLanguage\":\"es-AR\"},{\"@type\":\"ImageObject\",\"@id\":\"https:\/\/aehg-laplata.org.ar\/nueva\/presentaron-el-programa-tu-empresa-en-un-tramite\/#primaryimage\",\"inLanguage\":\"es-AR\",\"url\":\"https:\/\/aehg-laplata.org.ar\/nueva\/wp-content\/uploads\/a.jpg\",\"contentUrl\":\"https:\/\/aehg-laplata.org.ar\/nueva\/wp-content\/uploads\/a.jpg\",\"width\":800,\"height\":800},{\"@type\":\"WebPage\",\"@id\":\"https:\/\/aehg-laplata.org.ar\/nueva\/presentaron-el-programa-tu-empresa-en-un-tramite\/#webpage\",\"url\":\"https:\/\/aehg-laplata.org.ar\/nueva\/presentaron-el-programa-tu-empresa-en-un-tramite\/\",\"name\":\"Presentaron el programa \\u201cTu Empresa en un Tr\\u00e1mite\\u201d - AEHG La Plata\",\"isPartOf\":{\"@id\":\"https:\/\/aehg-laplata.org.ar\/nueva\/#website\"},\"primaryImageOfPage\":{\"@id\":\"https:\/\/aehg-laplata.org.ar\/nueva\/presentaron-el-programa-tu-empresa-en-un-tramite\/#primaryimage\"},\"datePublished\":\"2022-12-13T12:21:47+00:00\",\"dateModified\":\"2022-12-15T11:48:11+00:00\",\"author\":{\"@id\":\"https:\/\/aehg-laplata.org.ar\/nueva\/#\/schema\/person\/7f7b2f53bda3353446a1e6bfb4837e14\"},\"breadcrumb\":{\"@id\":\"https:\/\/aehg-laplata.org.ar\/nueva\/presentaron-el-programa-tu-empresa-en-un-tramite\/#breadcrumb\"},\"inLanguage\":\"es-AR\",\"potentialAction\":[{\"@type\":\"ReadAction\",\"target\":[\"https:\/\/aehg-laplata.org.ar\/nueva\/presentaron-el-programa-tu-empresa-en-un-tramite\/\"]}]},{\"@type\":\"BreadcrumbList\",\"@id\":\"https:\/\/aehg-laplata.org.ar\/nueva\/presentaron-el-programa-tu-empresa-en-un-tramite\/#breadcrumb\",\"itemListElement\":[{\"@type\":\"ListItem\",\"position\":1,\"name\":\"Inicio\",\"item\":\"https:\/\/aehg-laplata.org.ar\/nueva\/\"},{\"@type\":\"ListItem\",\"position\":2,\"name\":\"Presentaron el programa \\u201cTu Empresa en un Tr\\u00e1mite\\u201d\"}]},{\"@type\":\"Person\",\"@id\":\"https:\/\/aehg-laplata.org.ar\/nueva\/#\/schema\/person\/7f7b2f53bda3353446a1e6bfb4837e14\",\"name\":\"ftosti\",\"image\":{\"@type\":\"ImageObject\",\"@id\":\"https:\/\/aehg-laplata.org.ar\/nueva\/#personlogo\",\"inLanguage\":\"es-AR\",\"url\":\"https:\/\/secure.gravatar.com\/avatar\/602f4beec51ba7ffdca86e4faf5d039c?s=96&d=mm&r=g\",\"contentUrl\":\"https:\/\/secure.gravatar.com\/avatar\/602f4beec51ba7ffdca86e4faf5d039c?s=96&d=mm&r=g\",\"caption\":\"ftosti\"},\"url\":\"https:\/\/aehg-laplata.org.ar\/nueva\/author\/ftosti\/\"}]}<\/script>\n<!-- \/ Yoast SEO plugin. -->","yoast_head_json":{"title":"Presentaron el programa \u201cTu Empresa en un Tr\u00e1mite\u201d - AEHG La Plata","robots":{"index":"index","follow":"follow","max-snippet":"max-snippet:-1","max-image-preview":"max-image-preview:large","max-video-preview":"max-video-preview:-1"},"canonical":"https:\/\/aehg-laplata.org.ar\/nueva\/presentaron-el-programa-tu-empresa-en-un-tramite\/","og_locale":"es_ES","og_type":"article","og_title":"Presentaron el programa \u201cTu Empresa en un Tr\u00e1mite\u201d - AEHG La Plata","og_description":"[vc_row][vc_column][vc_column_text] Presentaron el programa \u201cTu Empresa en un Tr\u00e1mite\u201d [\/vc_column_text][\/vc_column][\/vc_row][vc_row][vc_column][vc_single_image image=&#8221;1538&#8243; img_size=&#8221;full&#8221; alignment=&#8221;center&#8221;][\/vc_column][\/vc_row][vc_row][vc_column css=&#8221;.vc_custom_1457772902902{margin-top: -10px !important;}&#8221;][vc_column_text]El presidente de AEHG La...","og_url":"https:\/\/aehg-laplata.org.ar\/nueva\/presentaron-el-programa-tu-empresa-en-un-tramite\/","og_site_name":"AEHG La Plata","article_publisher":"https:\/\/www.facebook.com\/AehgLaPlataOK\/","article_published_time":"2022-12-13T12:21:47+00:00","article_modified_time":"2022-12-15T11:48:11+00:00","og_image":[{"width":800,"height":800,"url":"https:\/\/aehg-laplata.org.ar\/nueva\/wp-content\/uploads\/a.jpg","path":"\/home\/c1070183\/public_html\/nueva\/wp-content\/uploads\/a.jpg","size":"full","id":1538,"alt":"","pixels":640000,"type":"image\/jpeg"}],"twitter_card":"summary_large_image","twitter_misc":{"Escrito por":"ftosti","Tiempo de lectura":"3 minutos"},"schema":{"@context":"https:\/\/schema.org","@graph":[{"@type":"WebSite","@id":"https:\/\/aehg-laplata.org.ar\/nueva\/#website","url":"https:\/\/aehg-laplata.org.ar\/nueva\/","name":"AEHG La Plata","description":"","potentialAction":[{"@type":"SearchAction","target":{"@type":"EntryPoint","urlTemplate":"https:\/\/aehg-laplata.org.ar\/nueva\/?s={search_term_string}"},"query-input":"required name=search_term_string"}],"inLanguage":"es-AR"},{"@type":"ImageObject","@id":"https:\/\/aehg-laplata.org.ar\/nueva\/presentaron-el-programa-tu-empresa-en-un-tramite\/#primaryimage","inLanguage":"es-AR","url":"https:\/\/aehg-laplata.org.ar\/nueva\/wp-content\/uploads\/a.jpg","contentUrl":"https:\/\/aehg-laplata.org.ar\/nueva\/wp-content\/uploads\/a.jpg","width":800,"height":800},{"@type":"WebPage","@id":"https:\/\/aehg-laplata.org.ar\/nueva\/presentaron-el-programa-tu-empresa-en-un-tramite\/#webpage","url":"https:\/\/aehg-laplata.org.ar\/nueva\/presentaron-el-programa-tu-empresa-en-un-tramite\/","name":"Presentaron el programa \u201cTu Empresa en un Tr\u00e1mite\u201d - AEHG La Plata","isPartOf":{"@id":"https:\/\/aehg-laplata.org.ar\/nueva\/#website"},"primaryImageOfPage":{"@id":"https:\/\/aehg-laplata.org.ar\/nueva\/presentaron-el-programa-tu-empresa-en-un-tramite\/#primaryimage"},"datePublished":"2022-12-13T12:21:47+00:00","dateModified":"2022-12-15T11:48:11+00:00","author":{"@id":"https:\/\/aehg-laplata.org.ar\/nueva\/#\/schema\/person\/7f7b2f53bda3353446a1e6bfb4837e14"},"breadcrumb":{"@id":"https:\/\/aehg-laplata.org.ar\/nueva\/presentaron-el-programa-tu-empresa-en-un-tramite\/#breadcrumb"},"inLanguage":"es-AR","potentialAction":[{"@type":"ReadAction","target":["https:\/\/aehg-laplata.org.ar\/nueva\/presentaron-el-programa-tu-empresa-en-un-tramite\/"]}]},{"@type":"BreadcrumbList","@id":"https:\/\/aehg-laplata.org.ar\/nueva\/presentaron-el-programa-tu-empresa-en-un-tramite\/#breadcrumb","itemListElement":[{"@type":"ListItem","position":1,"name":"Inicio","item":"https:\/\/aehg-laplata.org.ar\/nueva\/"},{"@type":"ListItem","position":2,"name":"Presentaron el programa \u201cTu Empresa en un Tr\u00e1mite\u201d"}]},{"@type":"Person","@id":"https:\/\/aehg-laplata.org.ar\/nueva\/#\/schema\/person\/7f7b2f53bda3353446a1e6bfb4837e14","name":"ftosti","image":{"@type":"ImageObject","@id":"https:\/\/aehg-laplata.org.ar\/nueva\/#personlogo","inLanguage":"es-AR","url":"https:\/\/secure.gravatar.com\/avatar\/602f4beec51ba7ffdca86e4faf5d039c?s=96&d=mm&r=g","contentUrl":"https:\/\/secure.gravatar.com\/avatar\/602f4beec51ba7ffdca86e4faf5d039c?s=96&d=mm&r=g","caption":"ftosti"},"url":"https:\/\/aehg-laplata.org.ar\/nueva\/author\/ftosti\/"}]}},"_links":{"self":[{"href":"https:\/\/aehg-laplata.org.ar\/nueva\/wp-json\/wp\/v2\/posts\/1522"}],"collection":[{"href":"https:\/\/aehg-laplata.org.ar\/nueva\/wp-json\/wp\/v2\/posts"}],"about":[{"href":"https:\/\/aehg-laplata.org.ar\/nueva\/wp-json\/wp\/v2\/types\/post"}],"author":[{"embeddable":true,"href":"https:\/\/aehg-laplata.org.ar\/nueva\/wp-json\/wp\/v2\/users\/1"}],"replies":[{"embeddable":true,"href":"https:\/\/aehg-laplata.org.ar\/nueva\/wp-json\/wp\/v2\/comments?post=1522"}],"version-history":[{"count":3,"href":"https:\/\/aehg-laplata.org.ar\/nueva\/wp-json\/wp\/v2\/posts\/1522\/revisions"}],"predecessor-version":[{"id":1540,"href":"https:\/\/aehg-laplata.org.ar\/nueva\/wp-json\/wp\/v2\/posts\/1522\/revisions\/1540"}],"wp:featuredmedia":[{"embeddable":true,"href":"https:\/\/aehg-laplata.org.ar\/nueva\/wp-json\/wp\/v2\/media\/1538"}],"wp:attachment":[{"href":"https:\/\/aehg-laplata.org.ar\/nueva\/wp-json\/wp\/v2\/media?parent=1522"}],"wp:term":[{"taxonomy":"category","embeddable":true,"href":"https:\/\/aehg-laplata.org.ar\/nueva\/wp-json\/wp\/v2\/categories?post=1522"},{"taxonomy":"post_tag","embeddable":true,"href":"https:\/\/aehg-laplata.org.ar\/nueva\/wp-json\/wp\/v2\/tags?post=1522"}],"curies":[{"name":"wp","href":"https:\/\/api.w.org\/{rel}","templated":true}]}}