{"id":1506,"date":"2022-11-23T10:56:25","date_gmt":"2022-11-23T13:56:25","guid":{"rendered":"https:\/\/aehg-laplata.org.ar\/nueva\/?p=1506"},"modified":"2022-11-23T11:08:04","modified_gmt":"2022-11-23T14:08:04","slug":"acuerdo-de-unificacion-salarial-entre-fehgra-y-uthgra","status":"publish","type":"post","link":"https:\/\/aehg-laplata.org.ar\/nueva\/acuerdo-de-unificacion-salarial-entre-fehgra-y-uthgra\/","title":{"rendered":"Acuerdo de Unificaci\u00f3n Salarial entre FEHGRA y UTHGRA"},"content":{"rendered":"<p>[vc_row][vc_column][vc_column_text]<\/p>\n<h3 class=\"entry-title\">Acuerdo de Unificaci\u00f3n Salarial entre FEHGRA y UTHGRA<\/h3>\n<p>[\/vc_column_text][\/vc_column][\/vc_row][vc_row][vc_column][vc_single_image image=&#8221;1507&#8243; img_size=&#8221;medium&#8221;][\/vc_column][\/vc_row][vc_row][vc_column css=&#8221;.vc_custom_1457772902902{margin-top: -10px !important;}&#8221;][vc_column_text]El 18 de noviembre, FEHGRA y UTHGRA firmaron el Acta Acuerdo Unificaci\u00f3n Salarial, que fue presentado en el Ministerio de Trabajo, Empleo y Seguridad Social.<\/p>\n<p>El mismo se enmarca en el monitoreo comprometido en el punto Quinto del Acta Acuerdo del 29 de abril de 2022, y, en particular, del preacuerdo del 30.9.22 y en continuidad a su informe del 1.10.22.<\/p>\n<p>Como referencia de contexto, debe remarcarse que el Acta finalmente suscripta se inscribe en el marco de las pretensiones y reclamos exteriorizados en numerosas de las Asociaciones que integran esta Federaci\u00f3n, a lo largo y lo ancho del territorio nacional, en relaci\u00f3n al planteo general de redefinici\u00f3n de la regionalizaci\u00f3n que desde noviembre de 2005 se viniera instrumentando peri\u00f3dicamente a trav\u00e9s de los acuerdos paritarios.<\/p>\n<p>En ese estado de situaci\u00f3n, a partir del din\u00e1mico proceso de requerimientos de mandato e interconsultas llevado a cabo entre las diferentes Entidades Miembro y la FEHGRA, as\u00ed como del informe proporcionado por el Departamento de Pol\u00edtica Laboral y Social en la reciente reuni\u00f3n de Consejo Directivo, se ha convenido la unificaci\u00f3n de las escalas salariales que se vinieran identificando como ANEXO I, ANEXO II, ANEXO III-I y ANEXO III-II, a trav\u00e9s de un proceso de integraci\u00f3n progresivo conforme los siguientes alcances y condiciones:<\/p>\n<p>La diferencia entre el importe del Salario B\u00e1sico del Anexo en que el personal se encontrare encuadrado al 30.9.22, y el importe de la misma categor\u00eda del ANEXO II, se reducir\u00e1 proporcionalmente en un 33,33% a partir del 1.10.22;<\/p>\n<p>La diferencia entre el importe del Salario B\u00e1sico del Anexo en que el personal se encontrare encuadrado al 30.9.22, y el importe de la misma categor\u00eda del ANEXO II, se reducir\u00e1 proporcionalmente en un 66,66% a partir del 1.04.23;<\/p>\n<p>La diferencia entre el importe del Salario B\u00e1sico del Anexo en que el personal se encontrare encuadrado al 30.9.22, y el importe de la misma categor\u00eda del ANEXO II, se reducir\u00e1 en un 100% a partir del 1.12.23; fecha a partir de la cual, en consecuencia, regir\u00e1 una \u00fanica escala salarial de B\u00e1sicos.<\/p>\n<p>El importe equivalente al diferencial retroactivo al 1.10.22 por el mes de octubre, se abonar\u00e1 bajo el concepto de gratificaci\u00f3n extraordinaria y no remunerativa, juntamente con la liquidaci\u00f3n de salarios del mes de noviembre\/22.<\/p>\n<p>Los importes de la gratificaci\u00f3n extraordinaria pagadera por octubre, y de las escalas de b\u00e1sicos a implementarse en cada uno de los tramos, se identifican en las planillas que se incluyen como adjunto al presente. (*: en relaci\u00f3n a la planilla TDF\/Diciembre 2023 se detect\u00f3 un error de tipeo involuntario en tanto los valores finales deben coincidir con las restantes planillas -unificadas-. El mismo ser\u00e1 subsanado juntamente con el sindicato al momento de la ratificaci\u00f3n.)<\/p>\n<p>Los empleadores que hubieran venido abonando a su personal importes superadores de las escalas paritarias vigentes de acuerdo a su regionalizaci\u00f3n actual, podr\u00e1n absorber hasta su concurrencia la posible incidencia que resultare del presente acuerdo.<\/p>\n<p>Paz Social. En el Punto SEXTO, las partes ratifican el compromiso de mantener la Paz Social, y la entidad sindical expresamente a dejar sin efecto las medidas de acci\u00f3n directa, protesta y\/o conflicto que hubieran sido objeto de anuncio y\/o implementaci\u00f3n en las diferentes localidades.<\/p>\n<p>El Acta ha sido presentada ante el Ministerio de Trabajo, Empleo y Seguridad Social de la Naci\u00f3n en el d\u00eda de ayer, a los fines de procederse oportunamente a su ratificaci\u00f3n, y requerirse el dictado de la disposici\u00f3n homologatoria a todos sus efectos.[\/vc_column_text][\/vc_column][\/vc_row]<\/p>\n","protected":false},"excerpt":{"rendered":"<p>[vc_row][vc_column][vc_column_text] Acuerdo de Unificaci\u00f3n Salarial entre FEHGRA y UTHGRA [\/vc_column_text][\/vc_column][\/vc_row][vc_row][vc_column][vc_single_image image=&#8221;1507&#8243; img_size=&#8221;medium&#8221;][\/vc_column][\/vc_row][vc_row][vc_column css=&#8221;.vc_custom_1457772902902{margin-top: -10px !important;}&#8221;][vc_column_text]El 18 de noviembre, FEHGRA y&#8230;<\/p>\n","protected":false},"author":1,"featured_media":1507,"comment_status":"closed","ping_status":"closed","sticky":false,"template":"","format":"standard","meta":[],"categories":[4],"tags":[],"yoast_head":"<!-- This site is optimized with the Yoast SEO plugin v17.2.1 - https:\/\/yoast.com\/wordpress\/plugins\/seo\/ -->\n<title>Acuerdo de Unificaci\u00f3n Salarial entre FEHGRA y UTHGRA - AEHG La Plata<\/title>\n<meta name=\"robots\" content=\"index, follow, max-snippet:-1, max-image-preview:large, max-video-preview:-1\" \/>\n<link rel=\"canonical\" href=\"https:\/\/aehg-laplata.org.ar\/nueva\/acuerdo-de-unificacion-salarial-entre-fehgra-y-uthgra\/\" \/>\n<meta property=\"og:locale\" content=\"es_ES\" \/>\n<meta property=\"og:type\" content=\"article\" \/>\n<meta property=\"og:title\" content=\"Acuerdo de Unificaci\u00f3n Salarial entre FEHGRA y UTHGRA - AEHG La Plata\" \/>\n<meta property=\"og:description\" content=\"[vc_row][vc_column][vc_column_text] Acuerdo de Unificaci\u00f3n Salarial entre FEHGRA y UTHGRA [\/vc_column_text][\/vc_column][\/vc_row][vc_row][vc_column][vc_single_image image=&#8221;1507&#8243; img_size=&#8221;medium&#8221;][\/vc_column][\/vc_row][vc_row][vc_column css=&#8221;.vc_custom_1457772902902{margin-top: -10px !important;}&#8221;][vc_column_text]El 18 de noviembre, FEHGRA y...\" \/>\n<meta property=\"og:url\" content=\"https:\/\/aehg-laplata.org.ar\/nueva\/acuerdo-de-unificacion-salarial-entre-fehgra-y-uthgra\/\" \/>\n<meta property=\"og:site_name\" content=\"AEHG La Plata\" \/>\n<meta property=\"article:publisher\" content=\"https:\/\/www.facebook.com\/AehgLaPlataOK\/\" \/>\n<meta property=\"article:published_time\" content=\"2022-11-23T13:56:25+00:00\" \/>\n<meta property=\"article:modified_time\" content=\"2022-11-23T14:08:04+00:00\" \/>\n<meta property=\"og:image\" content=\"https:\/\/aehg-laplata.org.ar\/nueva\/wp-content\/uploads\/fehgra.jpg\" \/>\n\t<meta property=\"og:image:width\" content=\"800\" \/>\n\t<meta property=\"og:image:height\" content=\"800\" \/>\n<meta name=\"twitter:card\" content=\"summary_large_image\" \/>\n<meta name=\"twitter:label1\" content=\"Escrito por\" \/>\n\t<meta name=\"twitter:data1\" content=\"ftosti\" \/>\n\t<meta name=\"twitter:label2\" content=\"Tiempo de lectura\" \/>\n\t<meta name=\"twitter:data2\" content=\"3 minutos\" \/>\n<script type=\"application\/ld+json\" class=\"yoast-schema-graph\">{\"@context\":\"https:\/\/schema.org\",\"@graph\":[{\"@type\":\"WebSite\",\"@id\":\"https:\/\/aehg-laplata.org.ar\/nueva\/#website\",\"url\":\"https:\/\/aehg-laplata.org.ar\/nueva\/\",\"name\":\"AEHG La Plata\",\"description\":\"\",\"potentialAction\":[{\"@type\":\"SearchAction\",\"target\":{\"@type\":\"EntryPoint\",\"urlTemplate\":\"https:\/\/aehg-laplata.org.ar\/nueva\/?s={search_term_string}\"},\"query-input\":\"required name=search_term_string\"}],\"inLanguage\":\"es-AR\"},{\"@type\":\"ImageObject\",\"@id\":\"https:\/\/aehg-laplata.org.ar\/nueva\/acuerdo-de-unificacion-salarial-entre-fehgra-y-uthgra\/#primaryimage\",\"inLanguage\":\"es-AR\",\"url\":\"https:\/\/aehg-laplata.org.ar\/nueva\/wp-content\/uploads\/fehgra.jpg\",\"contentUrl\":\"https:\/\/aehg-laplata.org.ar\/nueva\/wp-content\/uploads\/fehgra.jpg\",\"width\":800,\"height\":800},{\"@type\":\"WebPage\",\"@id\":\"https:\/\/aehg-laplata.org.ar\/nueva\/acuerdo-de-unificacion-salarial-entre-fehgra-y-uthgra\/#webpage\",\"url\":\"https:\/\/aehg-laplata.org.ar\/nueva\/acuerdo-de-unificacion-salarial-entre-fehgra-y-uthgra\/\",\"name\":\"Acuerdo de Unificaci\\u00f3n Salarial entre FEHGRA y UTHGRA - AEHG La Plata\",\"isPartOf\":{\"@id\":\"https:\/\/aehg-laplata.org.ar\/nueva\/#website\"},\"primaryImageOfPage\":{\"@id\":\"https:\/\/aehg-laplata.org.ar\/nueva\/acuerdo-de-unificacion-salarial-entre-fehgra-y-uthgra\/#primaryimage\"},\"datePublished\":\"2022-11-23T13:56:25+00:00\",\"dateModified\":\"2022-11-23T14:08:04+00:00\",\"author\":{\"@id\":\"https:\/\/aehg-laplata.org.ar\/nueva\/#\/schema\/person\/7f7b2f53bda3353446a1e6bfb4837e14\"},\"breadcrumb\":{\"@id\":\"https:\/\/aehg-laplata.org.ar\/nueva\/acuerdo-de-unificacion-salarial-entre-fehgra-y-uthgra\/#breadcrumb\"},\"inLanguage\":\"es-AR\",\"potentialAction\":[{\"@type\":\"ReadAction\",\"target\":[\"https:\/\/aehg-laplata.org.ar\/nueva\/acuerdo-de-unificacion-salarial-entre-fehgra-y-uthgra\/\"]}]},{\"@type\":\"BreadcrumbList\",\"@id\":\"https:\/\/aehg-laplata.org.ar\/nueva\/acuerdo-de-unificacion-salarial-entre-fehgra-y-uthgra\/#breadcrumb\",\"itemListElement\":[{\"@type\":\"ListItem\",\"position\":1,\"name\":\"Inicio\",\"item\":\"https:\/\/aehg-laplata.org.ar\/nueva\/\"},{\"@type\":\"ListItem\",\"position\":2,\"name\":\"Acuerdo de Unificaci\\u00f3n Salarial entre FEHGRA y UTHGRA\"}]},{\"@type\":\"Person\",\"@id\":\"https:\/\/aehg-laplata.org.ar\/nueva\/#\/schema\/person\/7f7b2f53bda3353446a1e6bfb4837e14\",\"name\":\"ftosti\",\"image\":{\"@type\":\"ImageObject\",\"@id\":\"https:\/\/aehg-laplata.org.ar\/nueva\/#personlogo\",\"inLanguage\":\"es-AR\",\"url\":\"https:\/\/secure.gravatar.com\/avatar\/602f4beec51ba7ffdca86e4faf5d039c?s=96&d=mm&r=g\",\"contentUrl\":\"https:\/\/secure.gravatar.com\/avatar\/602f4beec51ba7ffdca86e4faf5d039c?s=96&d=mm&r=g\",\"caption\":\"ftosti\"},\"url\":\"https:\/\/aehg-laplata.org.ar\/nueva\/author\/ftosti\/\"}]}<\/script>\n<!-- \/ Yoast SEO plugin. -->","yoast_head_json":{"title":"Acuerdo de Unificaci\u00f3n Salarial entre FEHGRA y UTHGRA - AEHG La Plata","robots":{"index":"index","follow":"follow","max-snippet":"max-snippet:-1","max-image-preview":"max-image-preview:large","max-video-preview":"max-video-preview:-1"},"canonical":"https:\/\/aehg-laplata.org.ar\/nueva\/acuerdo-de-unificacion-salarial-entre-fehgra-y-uthgra\/","og_locale":"es_ES","og_type":"article","og_title":"Acuerdo de Unificaci\u00f3n Salarial entre FEHGRA y UTHGRA - AEHG La Plata","og_description":"[vc_row][vc_column][vc_column_text] Acuerdo de Unificaci\u00f3n Salarial entre FEHGRA y UTHGRA [\/vc_column_text][\/vc_column][\/vc_row][vc_row][vc_column][vc_single_image image=&#8221;1507&#8243; img_size=&#8221;medium&#8221;][\/vc_column][\/vc_row][vc_row][vc_column css=&#8221;.vc_custom_1457772902902{margin-top: -10px !important;}&#8221;][vc_column_text]El 18 de noviembre, FEHGRA y...","og_url":"https:\/\/aehg-laplata.org.ar\/nueva\/acuerdo-de-unificacion-salarial-entre-fehgra-y-uthgra\/","og_site_name":"AEHG La Plata","article_publisher":"https:\/\/www.facebook.com\/AehgLaPlataOK\/","article_published_time":"2022-11-23T13:56:25+00:00","article_modified_time":"2022-11-23T14:08:04+00:00","og_image":[{"width":800,"height":800,"url":"https:\/\/aehg-laplata.org.ar\/nueva\/wp-content\/uploads\/fehgra.jpg","path":"\/home\/c1070183\/public_html\/nueva\/wp-content\/uploads\/fehgra.jpg","size":"full","id":1507,"alt":"","pixels":640000,"type":"image\/jpeg"}],"twitter_card":"summary_large_image","twitter_misc":{"Escrito por":"ftosti","Tiempo de lectura":"3 minutos"},"schema":{"@context":"https:\/\/schema.org","@graph":[{"@type":"WebSite","@id":"https:\/\/aehg-laplata.org.ar\/nueva\/#website","url":"https:\/\/aehg-laplata.org.ar\/nueva\/","name":"AEHG La Plata","description":"","potentialAction":[{"@type":"SearchAction","target":{"@type":"EntryPoint","urlTemplate":"https:\/\/aehg-laplata.org.ar\/nueva\/?s={search_term_string}"},"query-input":"required name=search_term_string"}],"inLanguage":"es-AR"},{"@type":"ImageObject","@id":"https:\/\/aehg-laplata.org.ar\/nueva\/acuerdo-de-unificacion-salarial-entre-fehgra-y-uthgra\/#primaryimage","inLanguage":"es-AR","url":"https:\/\/aehg-laplata.org.ar\/nueva\/wp-content\/uploads\/fehgra.jpg","contentUrl":"https:\/\/aehg-laplata.org.ar\/nueva\/wp-content\/uploads\/fehgra.jpg","width":800,"height":800},{"@type":"WebPage","@id":"https:\/\/aehg-laplata.org.ar\/nueva\/acuerdo-de-unificacion-salarial-entre-fehgra-y-uthgra\/#webpage","url":"https:\/\/aehg-laplata.org.ar\/nueva\/acuerdo-de-unificacion-salarial-entre-fehgra-y-uthgra\/","name":"Acuerdo de Unificaci\u00f3n Salarial entre FEHGRA y UTHGRA - AEHG La Plata","isPartOf":{"@id":"https:\/\/aehg-laplata.org.ar\/nueva\/#website"},"primaryImageOfPage":{"@id":"https:\/\/aehg-laplata.org.ar\/nueva\/acuerdo-de-unificacion-salarial-entre-fehgra-y-uthgra\/#primaryimage"},"datePublished":"2022-11-23T13:56:25+00:00","dateModified":"2022-11-23T14:08:04+00:00","author":{"@id":"https:\/\/aehg-laplata.org.ar\/nueva\/#\/schema\/person\/7f7b2f53bda3353446a1e6bfb4837e14"},"breadcrumb":{"@id":"https:\/\/aehg-laplata.org.ar\/nueva\/acuerdo-de-unificacion-salarial-entre-fehgra-y-uthgra\/#breadcrumb"},"inLanguage":"es-AR","potentialAction":[{"@type":"ReadAction","target":["https:\/\/aehg-laplata.org.ar\/nueva\/acuerdo-de-unificacion-salarial-entre-fehgra-y-uthgra\/"]}]},{"@type":"BreadcrumbList","@id":"https:\/\/aehg-laplata.org.ar\/nueva\/acuerdo-de-unificacion-salarial-entre-fehgra-y-uthgra\/#breadcrumb","itemListElement":[{"@type":"ListItem","position":1,"name":"Inicio","item":"https:\/\/aehg-laplata.org.ar\/nueva\/"},{"@type":"ListItem","position":2,"name":"Acuerdo de Unificaci\u00f3n Salarial entre FEHGRA y UTHGRA"}]},{"@type":"Person","@id":"https:\/\/aehg-laplata.org.ar\/nueva\/#\/schema\/person\/7f7b2f53bda3353446a1e6bfb4837e14","name":"ftosti","image":{"@type":"ImageObject","@id":"https:\/\/aehg-laplata.org.ar\/nueva\/#personlogo","inLanguage":"es-AR","url":"https:\/\/secure.gravatar.com\/avatar\/602f4beec51ba7ffdca86e4faf5d039c?s=96&d=mm&r=g","contentUrl":"https:\/\/secure.gravatar.com\/avatar\/602f4beec51ba7ffdca86e4faf5d039c?s=96&d=mm&r=g","caption":"ftosti"},"url":"https:\/\/aehg-laplata.org.ar\/nueva\/author\/ftosti\/"}]}},"_links":{"self":[{"href":"https:\/\/aehg-laplata.org.ar\/nueva\/wp-json\/wp\/v2\/posts\/1506"}],"collection":[{"href":"https:\/\/aehg-laplata.org.ar\/nueva\/wp-json\/wp\/v2\/posts"}],"about":[{"href":"https:\/\/aehg-laplata.org.ar\/nueva\/wp-json\/wp\/v2\/types\/post"}],"author":[{"embeddable":true,"href":"https:\/\/aehg-laplata.org.ar\/nueva\/wp-json\/wp\/v2\/users\/1"}],"replies":[{"embeddable":true,"href":"https:\/\/aehg-laplata.org.ar\/nueva\/wp-json\/wp\/v2\/comments?post=1506"}],"version-history":[{"count":2,"href":"https:\/\/aehg-laplata.org.ar\/nueva\/wp-json\/wp\/v2\/posts\/1506\/revisions"}],"predecessor-version":[{"id":1509,"href":"https:\/\/aehg-laplata.org.ar\/nueva\/wp-json\/wp\/v2\/posts\/1506\/revisions\/1509"}],"wp:featuredmedia":[{"embeddable":true,"href":"https:\/\/aehg-laplata.org.ar\/nueva\/wp-json\/wp\/v2\/media\/1507"}],"wp:attachment":[{"href":"https:\/\/aehg-laplata.org.ar\/nueva\/wp-json\/wp\/v2\/media?parent=1506"}],"wp:term":[{"taxonomy":"category","embeddable":true,"href":"https:\/\/aehg-laplata.org.ar\/nueva\/wp-json\/wp\/v2\/categories?post=1506"},{"taxonomy":"post_tag","embeddable":true,"href":"https:\/\/aehg-laplata.org.ar\/nueva\/wp-json\/wp\/v2\/tags?post=1506"}],"curies":[{"name":"wp","href":"https:\/\/api.w.org\/{rel}","templated":true}]}}