{"id":1497,"date":"2022-11-15T10:18:05","date_gmt":"2022-11-15T13:18:05","guid":{"rendered":"https:\/\/aehg-laplata.org.ar\/nueva\/?p=1497"},"modified":"2022-11-15T10:18:05","modified_gmt":"2022-11-15T13:18:05","slug":"230o-reunion-de-consejo-directivo-y-asambleas-extraordinaria-y-ordinaria-de-fehgra","status":"publish","type":"post","link":"https:\/\/aehg-laplata.org.ar\/nueva\/230o-reunion-de-consejo-directivo-y-asambleas-extraordinaria-y-ordinaria-de-fehgra\/","title":{"rendered":"230\u00ba Reuni\u00f3n de Consejo Directivo y Asambleas Extraordinaria y Ordinaria de FEHGRA"},"content":{"rendered":"<p>[vc_row][vc_column][vc_column_text]<\/p>\n<h3 class=\"entry-title\">230\u00ba Reuni\u00f3n de Consejo Directivo y Asambleas Extraordinaria y Ordinaria de FEHGRA<\/h3>\n<p>[\/vc_column_text][\/vc_column][\/vc_row][vc_row][vc_column][vc_single_image image=&#8221;1498&#8243; img_size=&#8221;full&#8221;][\/vc_column][\/vc_row][vc_row][vc_column css=&#8221;.vc_custom_1457772902902{margin-top: -10px !important;}&#8221;][vc_column_text]El presidente de AEHG La Plata, Claudio N. Aguilar, junto a otros representantes de la Asociaci\u00f3n, participaron de la 230\u00b0 Reuni\u00f3n de Consejo Directivo y Asambleas Extraordinaria y Ordinaria de FEHGRA, en la ciudad de Santa Fe.<\/p>\n<p>El encuentro se llev\u00f3 a cabo los d\u00edas 8 y 9 de noviembre, organizado por FEHGRA y la Asociaci\u00f3n Empresaria Hotelera Gastron\u00f3mica de Santa Fe, con renovaci\u00f3n de parte del Consejo Directivo y del Comit\u00e9 Ejecutivo.<\/p>\n<p>Por parte de AEHG La Plata tambi\u00e9n estuvieron presentes Vicente Morgillo, como Delegado Suplente de Asamblea Ordinaria, Delegado Titular de Asamblea Extraordinaria y Consejero Titular del Consejo Directivo; Juan Ignacio Contin, como Delegado Suplente; y Mat\u00edas Barone, como Revisor de Cuentas. Adem\u00e1s, acompa\u00f1aron el Vocal Suplente 2\u00ba de AEHG La Plata, Dionisio Demattei; y Vocal Suplente 4\u00ba, Juan Carlos De Acetis.<\/p>\n<p>La apertura estuvo encabezada por el presidente de FEHGRA, Fernando Desbots; el intendente de Santa Fe, Emilio Jat\u00f3n; el secretario de Turismo de la Provincia de Santa Fe, Alejandro Grandinetti; el presidente de la Asociaci\u00f3n local, Rodrigo Gay\u00e1; y los integrantes del Comit\u00e9 Ejecutivo de la Federaci\u00f3n.<\/p>\n<p>Se desarroll\u00f3 frente a un auditorio conformado por m\u00e1s de 200 empresarios hoteleros y gastron\u00f3micos de todo el pa\u00eds, representantes de las 57 entidades asociadas e invitados especiales, quienes analizaron los temas que inciden en el desempe\u00f1o de la actividad y proyectaron la agenda futura.<\/p>\n<p>La Reuni\u00f3n fue declarada de \u201cInter\u00e9s Tur\u00edstico para la Ciudad de Santa Fe\u201d, seg\u00fan resoluci\u00f3n emitida por el SAFETUR; y por el Concejo Municipal de la Ciudad de Santa Fe.<\/p>\n<p>Durante la Reuni\u00f3n de Consejo Directivo se puso a consideraci\u00f3n la tarea desarrollada por el Comit\u00e9 Ejecutivo durante los \u00faltimos meses, y se notificaron avances y novedades de todos los Departamentos que integran la estructura de la Federaci\u00f3n: Capacitaci\u00f3n y Formaci\u00f3n Profesional, Relaci\u00f3n con Filiales, Pol\u00edtica Laboral y Social, Pol\u00edtica Tributaria, Actividades Informales, Derechos Intelectuales y Turismo.<\/p>\n<p>\u201cAgradezco a todo el equipo la dedicaci\u00f3n y el compromiso. Durante estos meses llevamos adelante una ambiciosa agenda de trabajo, en un a\u00f1o que ya antes de iniciar estaba signado para ser el de la reactivaci\u00f3n y la recuperaci\u00f3n. Y tambi\u00e9n el del reencuentro. En esta Federaci\u00f3n somos un equipo, y en este equipo tenemos que cultivar la perseverancia, la paciencia, la templanza, no renunciamos cuando todo parece dif\u00edcil o estancado, sabemos que los obst\u00e1culos forman parte del camino. Seguiremos esta misma l\u00ednea de trabajo en 2023. Le damos la bienvenida a los nuevos integrantes del Consejo Directivo y del Comit\u00e9 Ejecutivo\u201d, destac\u00f3 Desbots.<\/p>\n<p>El Comit\u00e9 Ejecutivo qued\u00f3 conformado por:<\/p>\n<p>Presidente: Fernando Desbots (C\u00f3rdoba)<\/p>\n<p>Vicepresidente 1: Rafael Miranda (CABA)<\/p>\n<p>Vicepresidente 2: Claudio Aguilar (La Plata)<\/p>\n<p>Vicepresidente 3: Rodrigo Verde (Santa Fe)<\/p>\n<p>Vicepresidente 4: Florencia Landivar (Las Termas de R\u00edo Hondo)<\/p>\n<p>Secretario: Jos\u00e9 Luis Recchia (Tierra del Fuego)<\/p>\n<p>Tesorero: Ra\u00fal F. Roitman (Mendoza)<\/p>\n<p>Prosecretaria: Ver\u00f3nica S\u00e1nchez (CABA)<\/p>\n<p>Protesorera: Bel\u00e9n Garc\u00eda Bertone (Bariloche)<\/p>\n<p>Secretaria de Actas: Fabiana Sadir (Jujuy)<\/p>\n<p>Revisores de Cuentas Titulares: Daniel Suffredini (Mar del Plata), Marcelo Barsuglia (Paran\u00e1), Juan Chib\u00e1n (Salta)<\/p>\n<p>Revisores de Cuentas Suplentes: Mat\u00edas Barone (La Plata) y Antonio Roqueta (Comodoro Rivadavia)<\/p>\n<p>Coordinadores Regionales<\/p>\n<p>CABA: Camilo Su\u00e1rez<\/p>\n<p>Centro: Pablo Ort\u00edz<\/p>\n<p>CUYO: Silvina Ripke<\/p>\n<p>NEA: Leandro Lapiduz<\/p>\n<p>NOA: Cristian Boglione<\/p>\n<p>Patagonia: Vicente Bua<\/p>\n<p>Provincia de Buenos Aires: Juan Ignacio Serra[\/vc_column_text][\/vc_column][\/vc_row]<\/p>\n","protected":false},"excerpt":{"rendered":"<p>[vc_row][vc_column][vc_column_text] 230\u00ba Reuni\u00f3n de Consejo Directivo y Asambleas Extraordinaria y Ordinaria de FEHGRA [\/vc_column_text][\/vc_column][\/vc_row][vc_row][vc_column][vc_single_image image=&#8221;1498&#8243; img_size=&#8221;full&#8221;][\/vc_column][\/vc_row][vc_row][vc_column css=&#8221;.vc_custom_1457772902902{margin-top: -10px !important;}&#8221;][vc_column_text]El presidente&#8230;<\/p>\n","protected":false},"author":1,"featured_media":1498,"comment_status":"closed","ping_status":"closed","sticky":false,"template":"","format":"standard","meta":[],"categories":[4],"tags":[],"yoast_head":"<!-- This site is optimized with the Yoast SEO plugin v17.2.1 - https:\/\/yoast.com\/wordpress\/plugins\/seo\/ -->\n<title>230\u00ba Reuni\u00f3n de Consejo Directivo y Asambleas Extraordinaria y Ordinaria de FEHGRA - AEHG La Plata<\/title>\n<meta name=\"robots\" content=\"index, follow, max-snippet:-1, max-image-preview:large, max-video-preview:-1\" \/>\n<link rel=\"canonical\" href=\"https:\/\/aehg-laplata.org.ar\/nueva\/230o-reunion-de-consejo-directivo-y-asambleas-extraordinaria-y-ordinaria-de-fehgra\/\" \/>\n<meta property=\"og:locale\" content=\"es_ES\" \/>\n<meta property=\"og:type\" content=\"article\" \/>\n<meta property=\"og:title\" content=\"230\u00ba Reuni\u00f3n de Consejo Directivo y Asambleas Extraordinaria y Ordinaria de FEHGRA - AEHG La Plata\" \/>\n<meta property=\"og:description\" content=\"[vc_row][vc_column][vc_column_text] 230\u00ba Reuni\u00f3n de Consejo Directivo y Asambleas Extraordinaria y Ordinaria de FEHGRA [\/vc_column_text][\/vc_column][\/vc_row][vc_row][vc_column][vc_single_image image=&#8221;1498&#8243; img_size=&#8221;full&#8221;][\/vc_column][\/vc_row][vc_row][vc_column css=&#8221;.vc_custom_1457772902902{margin-top: -10px !important;}&#8221;][vc_column_text]El presidente...\" \/>\n<meta property=\"og:url\" content=\"https:\/\/aehg-laplata.org.ar\/nueva\/230o-reunion-de-consejo-directivo-y-asambleas-extraordinaria-y-ordinaria-de-fehgra\/\" \/>\n<meta property=\"og:site_name\" content=\"AEHG La Plata\" \/>\n<meta property=\"article:publisher\" content=\"https:\/\/www.facebook.com\/AehgLaPlataOK\/\" \/>\n<meta property=\"article:published_time\" content=\"2022-11-15T13:18:05+00:00\" \/>\n<meta property=\"og:image\" content=\"https:\/\/aehg-laplata.org.ar\/nueva\/wp-content\/uploads\/230o-Reunion-de-Consejo-Directivo-y-Asambleas-Extraordinaria-y-Ordinaria-de-FEHGRA.jpg\" \/>\n\t<meta property=\"og:image:width\" content=\"800\" \/>\n\t<meta property=\"og:image:height\" content=\"522\" \/>\n<meta name=\"twitter:card\" content=\"summary_large_image\" \/>\n<meta name=\"twitter:label1\" content=\"Escrito por\" \/>\n\t<meta name=\"twitter:data1\" content=\"ftosti\" \/>\n\t<meta name=\"twitter:label2\" content=\"Tiempo de lectura\" \/>\n\t<meta name=\"twitter:data2\" content=\"3 minutos\" \/>\n<script type=\"application\/ld+json\" class=\"yoast-schema-graph\">{\"@context\":\"https:\/\/schema.org\",\"@graph\":[{\"@type\":\"WebSite\",\"@id\":\"https:\/\/aehg-laplata.org.ar\/nueva\/#website\",\"url\":\"https:\/\/aehg-laplata.org.ar\/nueva\/\",\"name\":\"AEHG La Plata\",\"description\":\"\",\"potentialAction\":[{\"@type\":\"SearchAction\",\"target\":{\"@type\":\"EntryPoint\",\"urlTemplate\":\"https:\/\/aehg-laplata.org.ar\/nueva\/?s={search_term_string}\"},\"query-input\":\"required name=search_term_string\"}],\"inLanguage\":\"es-AR\"},{\"@type\":\"ImageObject\",\"@id\":\"https:\/\/aehg-laplata.org.ar\/nueva\/230o-reunion-de-consejo-directivo-y-asambleas-extraordinaria-y-ordinaria-de-fehgra\/#primaryimage\",\"inLanguage\":\"es-AR\",\"url\":\"https:\/\/aehg-laplata.org.ar\/nueva\/wp-content\/uploads\/230o-Reunion-de-Consejo-Directivo-y-Asambleas-Extraordinaria-y-Ordinaria-de-FEHGRA.jpg\",\"contentUrl\":\"https:\/\/aehg-laplata.org.ar\/nueva\/wp-content\/uploads\/230o-Reunion-de-Consejo-Directivo-y-Asambleas-Extraordinaria-y-Ordinaria-de-FEHGRA.jpg\",\"width\":800,\"height\":522},{\"@type\":\"WebPage\",\"@id\":\"https:\/\/aehg-laplata.org.ar\/nueva\/230o-reunion-de-consejo-directivo-y-asambleas-extraordinaria-y-ordinaria-de-fehgra\/#webpage\",\"url\":\"https:\/\/aehg-laplata.org.ar\/nueva\/230o-reunion-de-consejo-directivo-y-asambleas-extraordinaria-y-ordinaria-de-fehgra\/\",\"name\":\"230\\u00ba Reuni\\u00f3n de Consejo Directivo y Asambleas Extraordinaria y Ordinaria de FEHGRA - AEHG La Plata\",\"isPartOf\":{\"@id\":\"https:\/\/aehg-laplata.org.ar\/nueva\/#website\"},\"primaryImageOfPage\":{\"@id\":\"https:\/\/aehg-laplata.org.ar\/nueva\/230o-reunion-de-consejo-directivo-y-asambleas-extraordinaria-y-ordinaria-de-fehgra\/#primaryimage\"},\"datePublished\":\"2022-11-15T13:18:05+00:00\",\"dateModified\":\"2022-11-15T13:18:05+00:00\",\"author\":{\"@id\":\"https:\/\/aehg-laplata.org.ar\/nueva\/#\/schema\/person\/7f7b2f53bda3353446a1e6bfb4837e14\"},\"breadcrumb\":{\"@id\":\"https:\/\/aehg-laplata.org.ar\/nueva\/230o-reunion-de-consejo-directivo-y-asambleas-extraordinaria-y-ordinaria-de-fehgra\/#breadcrumb\"},\"inLanguage\":\"es-AR\",\"potentialAction\":[{\"@type\":\"ReadAction\",\"target\":[\"https:\/\/aehg-laplata.org.ar\/nueva\/230o-reunion-de-consejo-directivo-y-asambleas-extraordinaria-y-ordinaria-de-fehgra\/\"]}]},{\"@type\":\"BreadcrumbList\",\"@id\":\"https:\/\/aehg-laplata.org.ar\/nueva\/230o-reunion-de-consejo-directivo-y-asambleas-extraordinaria-y-ordinaria-de-fehgra\/#breadcrumb\",\"itemListElement\":[{\"@type\":\"ListItem\",\"position\":1,\"name\":\"Inicio\",\"item\":\"https:\/\/aehg-laplata.org.ar\/nueva\/\"},{\"@type\":\"ListItem\",\"position\":2,\"name\":\"230\\u00ba Reuni\\u00f3n de Consejo Directivo y Asambleas Extraordinaria y Ordinaria de FEHGRA\"}]},{\"@type\":\"Person\",\"@id\":\"https:\/\/aehg-laplata.org.ar\/nueva\/#\/schema\/person\/7f7b2f53bda3353446a1e6bfb4837e14\",\"name\":\"ftosti\",\"image\":{\"@type\":\"ImageObject\",\"@id\":\"https:\/\/aehg-laplata.org.ar\/nueva\/#personlogo\",\"inLanguage\":\"es-AR\",\"url\":\"https:\/\/secure.gravatar.com\/avatar\/602f4beec51ba7ffdca86e4faf5d039c?s=96&d=mm&r=g\",\"contentUrl\":\"https:\/\/secure.gravatar.com\/avatar\/602f4beec51ba7ffdca86e4faf5d039c?s=96&d=mm&r=g\",\"caption\":\"ftosti\"},\"url\":\"https:\/\/aehg-laplata.org.ar\/nueva\/author\/ftosti\/\"}]}<\/script>\n<!-- \/ Yoast SEO plugin. -->","yoast_head_json":{"title":"230\u00ba Reuni\u00f3n de Consejo Directivo y Asambleas Extraordinaria y Ordinaria de FEHGRA - AEHG La Plata","robots":{"index":"index","follow":"follow","max-snippet":"max-snippet:-1","max-image-preview":"max-image-preview:large","max-video-preview":"max-video-preview:-1"},"canonical":"https:\/\/aehg-laplata.org.ar\/nueva\/230o-reunion-de-consejo-directivo-y-asambleas-extraordinaria-y-ordinaria-de-fehgra\/","og_locale":"es_ES","og_type":"article","og_title":"230\u00ba Reuni\u00f3n de Consejo Directivo y Asambleas Extraordinaria y Ordinaria de FEHGRA - AEHG La Plata","og_description":"[vc_row][vc_column][vc_column_text] 230\u00ba Reuni\u00f3n de Consejo Directivo y Asambleas Extraordinaria y Ordinaria de FEHGRA [\/vc_column_text][\/vc_column][\/vc_row][vc_row][vc_column][vc_single_image image=&#8221;1498&#8243; img_size=&#8221;full&#8221;][\/vc_column][\/vc_row][vc_row][vc_column css=&#8221;.vc_custom_1457772902902{margin-top: -10px !important;}&#8221;][vc_column_text]El presidente...","og_url":"https:\/\/aehg-laplata.org.ar\/nueva\/230o-reunion-de-consejo-directivo-y-asambleas-extraordinaria-y-ordinaria-de-fehgra\/","og_site_name":"AEHG La Plata","article_publisher":"https:\/\/www.facebook.com\/AehgLaPlataOK\/","article_published_time":"2022-11-15T13:18:05+00:00","og_image":[{"width":800,"height":522,"url":"https:\/\/aehg-laplata.org.ar\/nueva\/wp-content\/uploads\/230o-Reunion-de-Consejo-Directivo-y-Asambleas-Extraordinaria-y-Ordinaria-de-FEHGRA.jpg","path":"\/home\/c1070183\/public_html\/nueva\/wp-content\/uploads\/230o-Reunion-de-Consejo-Directivo-y-Asambleas-Extraordinaria-y-Ordinaria-de-FEHGRA.jpg","size":"full","id":1498,"alt":"","pixels":417600,"type":"image\/jpeg"}],"twitter_card":"summary_large_image","twitter_misc":{"Escrito por":"ftosti","Tiempo de lectura":"3 minutos"},"schema":{"@context":"https:\/\/schema.org","@graph":[{"@type":"WebSite","@id":"https:\/\/aehg-laplata.org.ar\/nueva\/#website","url":"https:\/\/aehg-laplata.org.ar\/nueva\/","name":"AEHG La Plata","description":"","potentialAction":[{"@type":"SearchAction","target":{"@type":"EntryPoint","urlTemplate":"https:\/\/aehg-laplata.org.ar\/nueva\/?s={search_term_string}"},"query-input":"required name=search_term_string"}],"inLanguage":"es-AR"},{"@type":"ImageObject","@id":"https:\/\/aehg-laplata.org.ar\/nueva\/230o-reunion-de-consejo-directivo-y-asambleas-extraordinaria-y-ordinaria-de-fehgra\/#primaryimage","inLanguage":"es-AR","url":"https:\/\/aehg-laplata.org.ar\/nueva\/wp-content\/uploads\/230o-Reunion-de-Consejo-Directivo-y-Asambleas-Extraordinaria-y-Ordinaria-de-FEHGRA.jpg","contentUrl":"https:\/\/aehg-laplata.org.ar\/nueva\/wp-content\/uploads\/230o-Reunion-de-Consejo-Directivo-y-Asambleas-Extraordinaria-y-Ordinaria-de-FEHGRA.jpg","width":800,"height":522},{"@type":"WebPage","@id":"https:\/\/aehg-laplata.org.ar\/nueva\/230o-reunion-de-consejo-directivo-y-asambleas-extraordinaria-y-ordinaria-de-fehgra\/#webpage","url":"https:\/\/aehg-laplata.org.ar\/nueva\/230o-reunion-de-consejo-directivo-y-asambleas-extraordinaria-y-ordinaria-de-fehgra\/","name":"230\u00ba Reuni\u00f3n de Consejo Directivo y Asambleas Extraordinaria y Ordinaria de FEHGRA - AEHG La Plata","isPartOf":{"@id":"https:\/\/aehg-laplata.org.ar\/nueva\/#website"},"primaryImageOfPage":{"@id":"https:\/\/aehg-laplata.org.ar\/nueva\/230o-reunion-de-consejo-directivo-y-asambleas-extraordinaria-y-ordinaria-de-fehgra\/#primaryimage"},"datePublished":"2022-11-15T13:18:05+00:00","dateModified":"2022-11-15T13:18:05+00:00","author":{"@id":"https:\/\/aehg-laplata.org.ar\/nueva\/#\/schema\/person\/7f7b2f53bda3353446a1e6bfb4837e14"},"breadcrumb":{"@id":"https:\/\/aehg-laplata.org.ar\/nueva\/230o-reunion-de-consejo-directivo-y-asambleas-extraordinaria-y-ordinaria-de-fehgra\/#breadcrumb"},"inLanguage":"es-AR","potentialAction":[{"@type":"ReadAction","target":["https:\/\/aehg-laplata.org.ar\/nueva\/230o-reunion-de-consejo-directivo-y-asambleas-extraordinaria-y-ordinaria-de-fehgra\/"]}]},{"@type":"BreadcrumbList","@id":"https:\/\/aehg-laplata.org.ar\/nueva\/230o-reunion-de-consejo-directivo-y-asambleas-extraordinaria-y-ordinaria-de-fehgra\/#breadcrumb","itemListElement":[{"@type":"ListItem","position":1,"name":"Inicio","item":"https:\/\/aehg-laplata.org.ar\/nueva\/"},{"@type":"ListItem","position":2,"name":"230\u00ba Reuni\u00f3n de Consejo Directivo y Asambleas Extraordinaria y Ordinaria de FEHGRA"}]},{"@type":"Person","@id":"https:\/\/aehg-laplata.org.ar\/nueva\/#\/schema\/person\/7f7b2f53bda3353446a1e6bfb4837e14","name":"ftosti","image":{"@type":"ImageObject","@id":"https:\/\/aehg-laplata.org.ar\/nueva\/#personlogo","inLanguage":"es-AR","url":"https:\/\/secure.gravatar.com\/avatar\/602f4beec51ba7ffdca86e4faf5d039c?s=96&d=mm&r=g","contentUrl":"https:\/\/secure.gravatar.com\/avatar\/602f4beec51ba7ffdca86e4faf5d039c?s=96&d=mm&r=g","caption":"ftosti"},"url":"https:\/\/aehg-laplata.org.ar\/nueva\/author\/ftosti\/"}]}},"_links":{"self":[{"href":"https:\/\/aehg-laplata.org.ar\/nueva\/wp-json\/wp\/v2\/posts\/1497"}],"collection":[{"href":"https:\/\/aehg-laplata.org.ar\/nueva\/wp-json\/wp\/v2\/posts"}],"about":[{"href":"https:\/\/aehg-laplata.org.ar\/nueva\/wp-json\/wp\/v2\/types\/post"}],"author":[{"embeddable":true,"href":"https:\/\/aehg-laplata.org.ar\/nueva\/wp-json\/wp\/v2\/users\/1"}],"replies":[{"embeddable":true,"href":"https:\/\/aehg-laplata.org.ar\/nueva\/wp-json\/wp\/v2\/comments?post=1497"}],"version-history":[{"count":2,"href":"https:\/\/aehg-laplata.org.ar\/nueva\/wp-json\/wp\/v2\/posts\/1497\/revisions"}],"predecessor-version":[{"id":1500,"href":"https:\/\/aehg-laplata.org.ar\/nueva\/wp-json\/wp\/v2\/posts\/1497\/revisions\/1500"}],"wp:featuredmedia":[{"embeddable":true,"href":"https:\/\/aehg-laplata.org.ar\/nueva\/wp-json\/wp\/v2\/media\/1498"}],"wp:attachment":[{"href":"https:\/\/aehg-laplata.org.ar\/nueva\/wp-json\/wp\/v2\/media?parent=1497"}],"wp:term":[{"taxonomy":"category","embeddable":true,"href":"https:\/\/aehg-laplata.org.ar\/nueva\/wp-json\/wp\/v2\/categories?post=1497"},{"taxonomy":"post_tag","embeddable":true,"href":"https:\/\/aehg-laplata.org.ar\/nueva\/wp-json\/wp\/v2\/tags?post=1497"}],"curies":[{"name":"wp","href":"https:\/\/api.w.org\/{rel}","templated":true}]}}