{"id":1486,"date":"2022-10-31T13:10:39","date_gmt":"2022-10-31T16:10:39","guid":{"rendered":"https:\/\/aehg-laplata.org.ar\/nueva\/?p=1486"},"modified":"2022-10-31T13:10:39","modified_gmt":"2022-10-31T16:10:39","slug":"asamblea-general-ordinaria-2022","status":"publish","type":"post","link":"https:\/\/aehg-laplata.org.ar\/nueva\/asamblea-general-ordinaria-2022\/","title":{"rendered":"Asamblea General Ordinaria 2022"},"content":{"rendered":"<p>[vc_row][vc_column][vc_column_text]<\/p>\n<h3 class=\"entry-title\">Asamblea General Ordinaria 2022<\/h3>\n<p>[\/vc_column_text][\/vc_column][\/vc_row][vc_row][vc_column][vc_single_image image=&#8221;1487&#8243; img_size=&#8221;full&#8221;][\/vc_column][\/vc_row][vc_row][vc_column css=&#8221;.vc_custom_1457772902902{margin-top: -10px !important;}&#8221;][vc_column_text]AEHG La Plata dio a conocer su Memoria Anual y el Informe de Comisi\u00f3n Revisora de Cuentas, en el marco de la Asamblea General Ordinaria de 2022.<\/p>\n<p>Durante el encuentro, que se llev\u00f3 a cabo el pasado 24 de octubre, el tesorero de la instituci\u00f3n, Aldo Fazio, expuso el Balance correspondiente al cierre del ejercicio de julio 2021 a junio 2022.<\/p>\n<p>Tambi\u00e9n se present\u00f3 la lista propuesta para el nuevo Consejo Directivo, que se aprob\u00f3 de manera un\u00e1nime, quedando conformada de la siguiente manera:<\/p>\n<p>Presidente: Claudio N. Aguilar<\/p>\n<p>Vicepresidente 1: Mario N. Aguilar<\/p>\n<p>Vicepresidente 2: Domingo Silvano<\/p>\n<p>Secretario: Vicente Morgillo<\/p>\n<p>Prosecretario: Pedro Picciau<\/p>\n<p>Tesorero: Aldo Renato Fazio<\/p>\n<p>Pro-Tesorero: Daniel Beninati<\/p>\n<p>Vocal Titular 1\u00ba: Juan Ignacio Contin<\/p>\n<p>Vocal Titular 2\u00ba: Emilio Lucio Bori<\/p>\n<p>Vocal Titular 3\u00ba: Jos\u00e9 Augusto Boccabella<\/p>\n<p>Vocal Titular 4\u00ba: Pedro Garropoli<\/p>\n<p>Vocal Suplente 1\u00ba: Mar\u00eda Laura Nina<\/p>\n<p>Vocal Suplente 2\u00ba: Dionisio Demattei<\/p>\n<p>Vocal Suplente 3\u00ba: Fernando Serenelli<\/p>\n<p>Vocal Suplente 4\u00ba: Juan Carlos De Acetis<\/p>\n<p>Revisor de Cuentas Titular 1\u00ba: Martin Raina<\/p>\n<p>Revisor de Cuentas Titular 2\u00ba: Germ\u00e1n Aguilar<\/p>\n<p>Revisor de Cuentas Titular 3\u00ba: Jos\u00e9 Luis Olivari<\/p>\n<p>Revisor de Cuentas Suplente 1\u00ba: Juan Ignacio Castoldi<\/p>\n<p>Revisor de Cuentas Suplente 2\u00ba: Lucio Gimenez<\/p>\n<p>Al finalizar la Asamblea, el Presidente, junto al Secretario y al Tesorero, agradecieron la participaci\u00f3n y el apoyo de quienes estuvieron presentes e invitaron a seguir trabajando a la par, para gestionar soluciones y alternativas que puedan mejorar la situaci\u00f3n del sector hotelero &#8211; gastron\u00f3mico.[\/vc_column_text][\/vc_column][\/vc_row]<\/p>\n","protected":false},"excerpt":{"rendered":"<p>[vc_row][vc_column][vc_column_text] Asamblea General Ordinaria 2022 [\/vc_column_text][\/vc_column][\/vc_row][vc_row][vc_column][vc_single_image image=&#8221;1487&#8243; img_size=&#8221;full&#8221;][\/vc_column][\/vc_row][vc_row][vc_column css=&#8221;.vc_custom_1457772902902{margin-top: -10px !important;}&#8221;][vc_column_text]AEHG La Plata dio a conocer su Memoria Anual y&#8230;<\/p>\n","protected":false},"author":1,"featured_media":1487,"comment_status":"closed","ping_status":"closed","sticky":false,"template":"","format":"standard","meta":[],"categories":[4],"tags":[],"yoast_head":"<!-- This site is optimized with the Yoast SEO plugin v17.2.1 - https:\/\/yoast.com\/wordpress\/plugins\/seo\/ -->\n<title>Asamblea General Ordinaria 2022 - AEHG La Plata<\/title>\n<meta name=\"robots\" content=\"index, follow, max-snippet:-1, max-image-preview:large, max-video-preview:-1\" \/>\n<link rel=\"canonical\" href=\"https:\/\/aehg-laplata.org.ar\/nueva\/asamblea-general-ordinaria-2022\/\" \/>\n<meta property=\"og:locale\" content=\"es_ES\" \/>\n<meta property=\"og:type\" content=\"article\" \/>\n<meta property=\"og:title\" content=\"Asamblea General Ordinaria 2022 - AEHG La Plata\" \/>\n<meta property=\"og:description\" content=\"[vc_row][vc_column][vc_column_text] Asamblea General Ordinaria 2022 [\/vc_column_text][\/vc_column][\/vc_row][vc_row][vc_column][vc_single_image image=&#8221;1487&#8243; img_size=&#8221;full&#8221;][\/vc_column][\/vc_row][vc_row][vc_column css=&#8221;.vc_custom_1457772902902{margin-top: -10px !important;}&#8221;][vc_column_text]AEHG La Plata dio a conocer su Memoria Anual y...\" \/>\n<meta property=\"og:url\" content=\"https:\/\/aehg-laplata.org.ar\/nueva\/asamblea-general-ordinaria-2022\/\" \/>\n<meta property=\"og:site_name\" content=\"AEHG La Plata\" \/>\n<meta property=\"article:publisher\" content=\"https:\/\/www.facebook.com\/AehgLaPlataOK\/\" \/>\n<meta property=\"article:published_time\" content=\"2022-10-31T16:10:39+00:00\" \/>\n<meta property=\"og:image\" content=\"https:\/\/aehg-laplata.org.ar\/nueva\/wp-content\/uploads\/Asamblea-General-Ordinaria-2022.jpg\" \/>\n\t<meta property=\"og:image:width\" content=\"1300\" \/>\n\t<meta property=\"og:image:height\" content=\"732\" \/>\n<meta name=\"twitter:card\" content=\"summary_large_image\" \/>\n<meta name=\"twitter:label1\" content=\"Escrito por\" \/>\n\t<meta name=\"twitter:data1\" content=\"ftosti\" \/>\n\t<meta name=\"twitter:label2\" content=\"Tiempo de lectura\" \/>\n\t<meta name=\"twitter:data2\" content=\"2 minutos\" \/>\n<script type=\"application\/ld+json\" class=\"yoast-schema-graph\">{\"@context\":\"https:\/\/schema.org\",\"@graph\":[{\"@type\":\"WebSite\",\"@id\":\"https:\/\/aehg-laplata.org.ar\/nueva\/#website\",\"url\":\"https:\/\/aehg-laplata.org.ar\/nueva\/\",\"name\":\"AEHG La Plata\",\"description\":\"\",\"potentialAction\":[{\"@type\":\"SearchAction\",\"target\":{\"@type\":\"EntryPoint\",\"urlTemplate\":\"https:\/\/aehg-laplata.org.ar\/nueva\/?s={search_term_string}\"},\"query-input\":\"required name=search_term_string\"}],\"inLanguage\":\"es-AR\"},{\"@type\":\"ImageObject\",\"@id\":\"https:\/\/aehg-laplata.org.ar\/nueva\/asamblea-general-ordinaria-2022\/#primaryimage\",\"inLanguage\":\"es-AR\",\"url\":\"https:\/\/aehg-laplata.org.ar\/nueva\/wp-content\/uploads\/Asamblea-General-Ordinaria-2022.jpg\",\"contentUrl\":\"https:\/\/aehg-laplata.org.ar\/nueva\/wp-content\/uploads\/Asamblea-General-Ordinaria-2022.jpg\",\"width\":1300,\"height\":732},{\"@type\":\"WebPage\",\"@id\":\"https:\/\/aehg-laplata.org.ar\/nueva\/asamblea-general-ordinaria-2022\/#webpage\",\"url\":\"https:\/\/aehg-laplata.org.ar\/nueva\/asamblea-general-ordinaria-2022\/\",\"name\":\"Asamblea General Ordinaria 2022 - AEHG La Plata\",\"isPartOf\":{\"@id\":\"https:\/\/aehg-laplata.org.ar\/nueva\/#website\"},\"primaryImageOfPage\":{\"@id\":\"https:\/\/aehg-laplata.org.ar\/nueva\/asamblea-general-ordinaria-2022\/#primaryimage\"},\"datePublished\":\"2022-10-31T16:10:39+00:00\",\"dateModified\":\"2022-10-31T16:10:39+00:00\",\"author\":{\"@id\":\"https:\/\/aehg-laplata.org.ar\/nueva\/#\/schema\/person\/7f7b2f53bda3353446a1e6bfb4837e14\"},\"breadcrumb\":{\"@id\":\"https:\/\/aehg-laplata.org.ar\/nueva\/asamblea-general-ordinaria-2022\/#breadcrumb\"},\"inLanguage\":\"es-AR\",\"potentialAction\":[{\"@type\":\"ReadAction\",\"target\":[\"https:\/\/aehg-laplata.org.ar\/nueva\/asamblea-general-ordinaria-2022\/\"]}]},{\"@type\":\"BreadcrumbList\",\"@id\":\"https:\/\/aehg-laplata.org.ar\/nueva\/asamblea-general-ordinaria-2022\/#breadcrumb\",\"itemListElement\":[{\"@type\":\"ListItem\",\"position\":1,\"name\":\"Inicio\",\"item\":\"https:\/\/aehg-laplata.org.ar\/nueva\/\"},{\"@type\":\"ListItem\",\"position\":2,\"name\":\"Asamblea General Ordinaria 2022\"}]},{\"@type\":\"Person\",\"@id\":\"https:\/\/aehg-laplata.org.ar\/nueva\/#\/schema\/person\/7f7b2f53bda3353446a1e6bfb4837e14\",\"name\":\"ftosti\",\"image\":{\"@type\":\"ImageObject\",\"@id\":\"https:\/\/aehg-laplata.org.ar\/nueva\/#personlogo\",\"inLanguage\":\"es-AR\",\"url\":\"https:\/\/secure.gravatar.com\/avatar\/602f4beec51ba7ffdca86e4faf5d039c?s=96&d=mm&r=g\",\"contentUrl\":\"https:\/\/secure.gravatar.com\/avatar\/602f4beec51ba7ffdca86e4faf5d039c?s=96&d=mm&r=g\",\"caption\":\"ftosti\"},\"url\":\"https:\/\/aehg-laplata.org.ar\/nueva\/author\/ftosti\/\"}]}<\/script>\n<!-- \/ Yoast SEO plugin. -->","yoast_head_json":{"title":"Asamblea General Ordinaria 2022 - AEHG La Plata","robots":{"index":"index","follow":"follow","max-snippet":"max-snippet:-1","max-image-preview":"max-image-preview:large","max-video-preview":"max-video-preview:-1"},"canonical":"https:\/\/aehg-laplata.org.ar\/nueva\/asamblea-general-ordinaria-2022\/","og_locale":"es_ES","og_type":"article","og_title":"Asamblea General Ordinaria 2022 - AEHG La Plata","og_description":"[vc_row][vc_column][vc_column_text] Asamblea General Ordinaria 2022 [\/vc_column_text][\/vc_column][\/vc_row][vc_row][vc_column][vc_single_image image=&#8221;1487&#8243; img_size=&#8221;full&#8221;][\/vc_column][\/vc_row][vc_row][vc_column css=&#8221;.vc_custom_1457772902902{margin-top: -10px !important;}&#8221;][vc_column_text]AEHG La Plata dio a conocer su Memoria Anual y...","og_url":"https:\/\/aehg-laplata.org.ar\/nueva\/asamblea-general-ordinaria-2022\/","og_site_name":"AEHG La Plata","article_publisher":"https:\/\/www.facebook.com\/AehgLaPlataOK\/","article_published_time":"2022-10-31T16:10:39+00:00","og_image":[{"width":1300,"height":732,"url":"https:\/\/aehg-laplata.org.ar\/nueva\/wp-content\/uploads\/Asamblea-General-Ordinaria-2022.jpg","path":"\/home\/c1070183\/public_html\/nueva\/wp-content\/uploads\/Asamblea-General-Ordinaria-2022.jpg","size":"full","id":1487,"alt":"","pixels":951600,"type":"image\/jpeg"}],"twitter_card":"summary_large_image","twitter_misc":{"Escrito por":"ftosti","Tiempo de lectura":"2 minutos"},"schema":{"@context":"https:\/\/schema.org","@graph":[{"@type":"WebSite","@id":"https:\/\/aehg-laplata.org.ar\/nueva\/#website","url":"https:\/\/aehg-laplata.org.ar\/nueva\/","name":"AEHG La Plata","description":"","potentialAction":[{"@type":"SearchAction","target":{"@type":"EntryPoint","urlTemplate":"https:\/\/aehg-laplata.org.ar\/nueva\/?s={search_term_string}"},"query-input":"required name=search_term_string"}],"inLanguage":"es-AR"},{"@type":"ImageObject","@id":"https:\/\/aehg-laplata.org.ar\/nueva\/asamblea-general-ordinaria-2022\/#primaryimage","inLanguage":"es-AR","url":"https:\/\/aehg-laplata.org.ar\/nueva\/wp-content\/uploads\/Asamblea-General-Ordinaria-2022.jpg","contentUrl":"https:\/\/aehg-laplata.org.ar\/nueva\/wp-content\/uploads\/Asamblea-General-Ordinaria-2022.jpg","width":1300,"height":732},{"@type":"WebPage","@id":"https:\/\/aehg-laplata.org.ar\/nueva\/asamblea-general-ordinaria-2022\/#webpage","url":"https:\/\/aehg-laplata.org.ar\/nueva\/asamblea-general-ordinaria-2022\/","name":"Asamblea General Ordinaria 2022 - AEHG La Plata","isPartOf":{"@id":"https:\/\/aehg-laplata.org.ar\/nueva\/#website"},"primaryImageOfPage":{"@id":"https:\/\/aehg-laplata.org.ar\/nueva\/asamblea-general-ordinaria-2022\/#primaryimage"},"datePublished":"2022-10-31T16:10:39+00:00","dateModified":"2022-10-31T16:10:39+00:00","author":{"@id":"https:\/\/aehg-laplata.org.ar\/nueva\/#\/schema\/person\/7f7b2f53bda3353446a1e6bfb4837e14"},"breadcrumb":{"@id":"https:\/\/aehg-laplata.org.ar\/nueva\/asamblea-general-ordinaria-2022\/#breadcrumb"},"inLanguage":"es-AR","potentialAction":[{"@type":"ReadAction","target":["https:\/\/aehg-laplata.org.ar\/nueva\/asamblea-general-ordinaria-2022\/"]}]},{"@type":"BreadcrumbList","@id":"https:\/\/aehg-laplata.org.ar\/nueva\/asamblea-general-ordinaria-2022\/#breadcrumb","itemListElement":[{"@type":"ListItem","position":1,"name":"Inicio","item":"https:\/\/aehg-laplata.org.ar\/nueva\/"},{"@type":"ListItem","position":2,"name":"Asamblea General Ordinaria 2022"}]},{"@type":"Person","@id":"https:\/\/aehg-laplata.org.ar\/nueva\/#\/schema\/person\/7f7b2f53bda3353446a1e6bfb4837e14","name":"ftosti","image":{"@type":"ImageObject","@id":"https:\/\/aehg-laplata.org.ar\/nueva\/#personlogo","inLanguage":"es-AR","url":"https:\/\/secure.gravatar.com\/avatar\/602f4beec51ba7ffdca86e4faf5d039c?s=96&d=mm&r=g","contentUrl":"https:\/\/secure.gravatar.com\/avatar\/602f4beec51ba7ffdca86e4faf5d039c?s=96&d=mm&r=g","caption":"ftosti"},"url":"https:\/\/aehg-laplata.org.ar\/nueva\/author\/ftosti\/"}]}},"_links":{"self":[{"href":"https:\/\/aehg-laplata.org.ar\/nueva\/wp-json\/wp\/v2\/posts\/1486"}],"collection":[{"href":"https:\/\/aehg-laplata.org.ar\/nueva\/wp-json\/wp\/v2\/posts"}],"about":[{"href":"https:\/\/aehg-laplata.org.ar\/nueva\/wp-json\/wp\/v2\/types\/post"}],"author":[{"embeddable":true,"href":"https:\/\/aehg-laplata.org.ar\/nueva\/wp-json\/wp\/v2\/users\/1"}],"replies":[{"embeddable":true,"href":"https:\/\/aehg-laplata.org.ar\/nueva\/wp-json\/wp\/v2\/comments?post=1486"}],"version-history":[{"count":1,"href":"https:\/\/aehg-laplata.org.ar\/nueva\/wp-json\/wp\/v2\/posts\/1486\/revisions"}],"predecessor-version":[{"id":1488,"href":"https:\/\/aehg-laplata.org.ar\/nueva\/wp-json\/wp\/v2\/posts\/1486\/revisions\/1488"}],"wp:featuredmedia":[{"embeddable":true,"href":"https:\/\/aehg-laplata.org.ar\/nueva\/wp-json\/wp\/v2\/media\/1487"}],"wp:attachment":[{"href":"https:\/\/aehg-laplata.org.ar\/nueva\/wp-json\/wp\/v2\/media?parent=1486"}],"wp:term":[{"taxonomy":"category","embeddable":true,"href":"https:\/\/aehg-laplata.org.ar\/nueva\/wp-json\/wp\/v2\/categories?post=1486"},{"taxonomy":"post_tag","embeddable":true,"href":"https:\/\/aehg-laplata.org.ar\/nueva\/wp-json\/wp\/v2\/tags?post=1486"}],"curies":[{"name":"wp","href":"https:\/\/api.w.org\/{rel}","templated":true}]}}