{"id":1483,"date":"2022-10-31T13:09:10","date_gmt":"2022-10-31T16:09:10","guid":{"rendered":"https:\/\/aehg-laplata.org.ar\/nueva\/?p=1483"},"modified":"2022-10-31T13:09:10","modified_gmt":"2022-10-31T16:09:10","slug":"ultima-jornada-de-las-capacitaciones-de-roles-esenciales-en-ituzaingo","status":"publish","type":"post","link":"https:\/\/aehg-laplata.org.ar\/nueva\/ultima-jornada-de-las-capacitaciones-de-roles-esenciales-en-ituzaingo\/","title":{"rendered":"\u00daltima jornada de las capacitaciones de Roles Esenciales en Ituzaing\u00f3"},"content":{"rendered":"<p>[vc_row][vc_column][vc_column_text]<\/p>\n<h3 class=\"entry-title\">\u00daltima jornada de las capacitaciones de Roles Esenciales en Ituzaing\u00f3<\/h3>\n<p>[\/vc_column_text][\/vc_column][\/vc_row][vc_row][vc_column][vc_single_image image=&#8221;1484&#8243; img_size=&#8221;full&#8221;][\/vc_column][\/vc_row][vc_row][vc_column css=&#8221;.vc_custom_1457772902902{margin-top: -10px !important;}&#8221;][vc_column_text]En el marco del programa de capacitaciones gratuitas organizadas por AEHG La Plata, el Ministerio de Turismo y Deportes de la Naci\u00f3n, FEHGRA y el municipio de Ituzaing\u00f3, se realiz\u00f3 la \u00faltima jornada con el curso para Mozos y Camareras Nivel B\u00e1sico.<\/p>\n<p>Los alumnos pudieron formarse como sujetos de conocimiento activo, incorporando nuevas herramientas y permiti\u00e9ndoles el ingreso, continuidad y permanencia en el sector gastron\u00f3mico.<\/p>\n<p>En esta ocasi\u00f3n, la capacitaci\u00f3n estuvo a cargo de Juan Federico Lombardi y dirigida a personas que buscaban capacitarse en temas relativos al sector, interesados en acceder a una salida laboral.<\/p>\n<p>Al finalizar el curso, los alumnos pudieron conocer t\u00e9cnicas para un servicio de sal\u00f3n profesional; adquirieron capacidad tanto conceptual como cognitiva para solucionar, definir y priorizar situaciones en el desarrollo operativo; y comprendieron e incorporaron las funciones del puesto laboral para lograr un manejo eficaz de las tareas a realizar dentro de la actividad tur\u00edstica, tanto nacional como internacional.[\/vc_column_text][\/vc_column][\/vc_row]<\/p>\n","protected":false},"excerpt":{"rendered":"<p>[vc_row][vc_column][vc_column_text] \u00daltima jornada de las capacitaciones de Roles Esenciales en Ituzaing\u00f3 [\/vc_column_text][\/vc_column][\/vc_row][vc_row][vc_column][vc_single_image image=&#8221;1484&#8243; img_size=&#8221;full&#8221;][\/vc_column][\/vc_row][vc_row][vc_column css=&#8221;.vc_custom_1457772902902{margin-top: -10px !important;}&#8221;][vc_column_text]En el marco del&#8230;<\/p>\n","protected":false},"author":1,"featured_media":1484,"comment_status":"closed","ping_status":"closed","sticky":false,"template":"","format":"standard","meta":[],"categories":[4],"tags":[],"yoast_head":"<!-- This site is optimized with the Yoast SEO plugin v17.2.1 - https:\/\/yoast.com\/wordpress\/plugins\/seo\/ -->\n<title>\u00daltima jornada de las capacitaciones de Roles Esenciales en Ituzaing\u00f3 - AEHG La Plata<\/title>\n<meta name=\"robots\" content=\"index, follow, max-snippet:-1, max-image-preview:large, max-video-preview:-1\" \/>\n<link rel=\"canonical\" href=\"https:\/\/aehg-laplata.org.ar\/nueva\/ultima-jornada-de-las-capacitaciones-de-roles-esenciales-en-ituzaingo\/\" \/>\n<meta property=\"og:locale\" content=\"es_ES\" \/>\n<meta property=\"og:type\" content=\"article\" \/>\n<meta property=\"og:title\" content=\"\u00daltima jornada de las capacitaciones de Roles Esenciales en Ituzaing\u00f3 - AEHG La Plata\" \/>\n<meta property=\"og:description\" content=\"[vc_row][vc_column][vc_column_text] \u00daltima jornada de las capacitaciones de Roles Esenciales en Ituzaing\u00f3 [\/vc_column_text][\/vc_column][\/vc_row][vc_row][vc_column][vc_single_image image=&#8221;1484&#8243; img_size=&#8221;full&#8221;][\/vc_column][\/vc_row][vc_row][vc_column css=&#8221;.vc_custom_1457772902902{margin-top: -10px !important;}&#8221;][vc_column_text]En el marco del...\" \/>\n<meta property=\"og:url\" content=\"https:\/\/aehg-laplata.org.ar\/nueva\/ultima-jornada-de-las-capacitaciones-de-roles-esenciales-en-ituzaingo\/\" \/>\n<meta property=\"og:site_name\" content=\"AEHG La Plata\" \/>\n<meta property=\"article:publisher\" content=\"https:\/\/www.facebook.com\/AehgLaPlataOK\/\" \/>\n<meta property=\"article:published_time\" content=\"2022-10-31T16:09:10+00:00\" \/>\n<meta property=\"og:image\" content=\"https:\/\/aehg-laplata.org.ar\/nueva\/wp-content\/uploads\/Ultima-jornada-de-las-capacitaciones-de-Roles-Esenciales-en-Ituzaingo.jpg\" \/>\n\t<meta property=\"og:image:width\" content=\"960\" \/>\n\t<meta property=\"og:image:height\" content=\"540\" \/>\n<meta name=\"twitter:card\" content=\"summary_large_image\" \/>\n<meta name=\"twitter:label1\" content=\"Escrito por\" \/>\n\t<meta name=\"twitter:data1\" content=\"ftosti\" \/>\n\t<meta name=\"twitter:label2\" content=\"Tiempo de lectura\" \/>\n\t<meta name=\"twitter:data2\" content=\"1 minuto\" \/>\n<script type=\"application\/ld+json\" class=\"yoast-schema-graph\">{\"@context\":\"https:\/\/schema.org\",\"@graph\":[{\"@type\":\"WebSite\",\"@id\":\"https:\/\/aehg-laplata.org.ar\/nueva\/#website\",\"url\":\"https:\/\/aehg-laplata.org.ar\/nueva\/\",\"name\":\"AEHG La Plata\",\"description\":\"\",\"potentialAction\":[{\"@type\":\"SearchAction\",\"target\":{\"@type\":\"EntryPoint\",\"urlTemplate\":\"https:\/\/aehg-laplata.org.ar\/nueva\/?s={search_term_string}\"},\"query-input\":\"required name=search_term_string\"}],\"inLanguage\":\"es-AR\"},{\"@type\":\"ImageObject\",\"@id\":\"https:\/\/aehg-laplata.org.ar\/nueva\/ultima-jornada-de-las-capacitaciones-de-roles-esenciales-en-ituzaingo\/#primaryimage\",\"inLanguage\":\"es-AR\",\"url\":\"https:\/\/aehg-laplata.org.ar\/nueva\/wp-content\/uploads\/Ultima-jornada-de-las-capacitaciones-de-Roles-Esenciales-en-Ituzaingo.jpg\",\"contentUrl\":\"https:\/\/aehg-laplata.org.ar\/nueva\/wp-content\/uploads\/Ultima-jornada-de-las-capacitaciones-de-Roles-Esenciales-en-Ituzaingo.jpg\",\"width\":960,\"height\":540},{\"@type\":\"WebPage\",\"@id\":\"https:\/\/aehg-laplata.org.ar\/nueva\/ultima-jornada-de-las-capacitaciones-de-roles-esenciales-en-ituzaingo\/#webpage\",\"url\":\"https:\/\/aehg-laplata.org.ar\/nueva\/ultima-jornada-de-las-capacitaciones-de-roles-esenciales-en-ituzaingo\/\",\"name\":\"\\u00daltima jornada de las capacitaciones de Roles Esenciales en Ituzaing\\u00f3 - AEHG La Plata\",\"isPartOf\":{\"@id\":\"https:\/\/aehg-laplata.org.ar\/nueva\/#website\"},\"primaryImageOfPage\":{\"@id\":\"https:\/\/aehg-laplata.org.ar\/nueva\/ultima-jornada-de-las-capacitaciones-de-roles-esenciales-en-ituzaingo\/#primaryimage\"},\"datePublished\":\"2022-10-31T16:09:10+00:00\",\"dateModified\":\"2022-10-31T16:09:10+00:00\",\"author\":{\"@id\":\"https:\/\/aehg-laplata.org.ar\/nueva\/#\/schema\/person\/7f7b2f53bda3353446a1e6bfb4837e14\"},\"breadcrumb\":{\"@id\":\"https:\/\/aehg-laplata.org.ar\/nueva\/ultima-jornada-de-las-capacitaciones-de-roles-esenciales-en-ituzaingo\/#breadcrumb\"},\"inLanguage\":\"es-AR\",\"potentialAction\":[{\"@type\":\"ReadAction\",\"target\":[\"https:\/\/aehg-laplata.org.ar\/nueva\/ultima-jornada-de-las-capacitaciones-de-roles-esenciales-en-ituzaingo\/\"]}]},{\"@type\":\"BreadcrumbList\",\"@id\":\"https:\/\/aehg-laplata.org.ar\/nueva\/ultima-jornada-de-las-capacitaciones-de-roles-esenciales-en-ituzaingo\/#breadcrumb\",\"itemListElement\":[{\"@type\":\"ListItem\",\"position\":1,\"name\":\"Inicio\",\"item\":\"https:\/\/aehg-laplata.org.ar\/nueva\/\"},{\"@type\":\"ListItem\",\"position\":2,\"name\":\"\\u00daltima jornada de las capacitaciones de Roles Esenciales en Ituzaing\\u00f3\"}]},{\"@type\":\"Person\",\"@id\":\"https:\/\/aehg-laplata.org.ar\/nueva\/#\/schema\/person\/7f7b2f53bda3353446a1e6bfb4837e14\",\"name\":\"ftosti\",\"image\":{\"@type\":\"ImageObject\",\"@id\":\"https:\/\/aehg-laplata.org.ar\/nueva\/#personlogo\",\"inLanguage\":\"es-AR\",\"url\":\"https:\/\/secure.gravatar.com\/avatar\/602f4beec51ba7ffdca86e4faf5d039c?s=96&d=mm&r=g\",\"contentUrl\":\"https:\/\/secure.gravatar.com\/avatar\/602f4beec51ba7ffdca86e4faf5d039c?s=96&d=mm&r=g\",\"caption\":\"ftosti\"},\"url\":\"https:\/\/aehg-laplata.org.ar\/nueva\/author\/ftosti\/\"}]}<\/script>\n<!-- \/ Yoast SEO plugin. -->","yoast_head_json":{"title":"\u00daltima jornada de las capacitaciones de Roles Esenciales en Ituzaing\u00f3 - AEHG La Plata","robots":{"index":"index","follow":"follow","max-snippet":"max-snippet:-1","max-image-preview":"max-image-preview:large","max-video-preview":"max-video-preview:-1"},"canonical":"https:\/\/aehg-laplata.org.ar\/nueva\/ultima-jornada-de-las-capacitaciones-de-roles-esenciales-en-ituzaingo\/","og_locale":"es_ES","og_type":"article","og_title":"\u00daltima jornada de las capacitaciones de Roles Esenciales en Ituzaing\u00f3 - AEHG La Plata","og_description":"[vc_row][vc_column][vc_column_text] \u00daltima jornada de las capacitaciones de Roles Esenciales en Ituzaing\u00f3 [\/vc_column_text][\/vc_column][\/vc_row][vc_row][vc_column][vc_single_image image=&#8221;1484&#8243; img_size=&#8221;full&#8221;][\/vc_column][\/vc_row][vc_row][vc_column css=&#8221;.vc_custom_1457772902902{margin-top: -10px !important;}&#8221;][vc_column_text]En el marco del...","og_url":"https:\/\/aehg-laplata.org.ar\/nueva\/ultima-jornada-de-las-capacitaciones-de-roles-esenciales-en-ituzaingo\/","og_site_name":"AEHG La Plata","article_publisher":"https:\/\/www.facebook.com\/AehgLaPlataOK\/","article_published_time":"2022-10-31T16:09:10+00:00","og_image":[{"width":960,"height":540,"url":"https:\/\/aehg-laplata.org.ar\/nueva\/wp-content\/uploads\/Ultima-jornada-de-las-capacitaciones-de-Roles-Esenciales-en-Ituzaingo.jpg","path":"\/home\/c1070183\/public_html\/nueva\/wp-content\/uploads\/Ultima-jornada-de-las-capacitaciones-de-Roles-Esenciales-en-Ituzaingo.jpg","size":"full","id":1484,"alt":"","pixels":518400,"type":"image\/jpeg"}],"twitter_card":"summary_large_image","twitter_misc":{"Escrito por":"ftosti","Tiempo de lectura":"1 minuto"},"schema":{"@context":"https:\/\/schema.org","@graph":[{"@type":"WebSite","@id":"https:\/\/aehg-laplata.org.ar\/nueva\/#website","url":"https:\/\/aehg-laplata.org.ar\/nueva\/","name":"AEHG La Plata","description":"","potentialAction":[{"@type":"SearchAction","target":{"@type":"EntryPoint","urlTemplate":"https:\/\/aehg-laplata.org.ar\/nueva\/?s={search_term_string}"},"query-input":"required name=search_term_string"}],"inLanguage":"es-AR"},{"@type":"ImageObject","@id":"https:\/\/aehg-laplata.org.ar\/nueva\/ultima-jornada-de-las-capacitaciones-de-roles-esenciales-en-ituzaingo\/#primaryimage","inLanguage":"es-AR","url":"https:\/\/aehg-laplata.org.ar\/nueva\/wp-content\/uploads\/Ultima-jornada-de-las-capacitaciones-de-Roles-Esenciales-en-Ituzaingo.jpg","contentUrl":"https:\/\/aehg-laplata.org.ar\/nueva\/wp-content\/uploads\/Ultima-jornada-de-las-capacitaciones-de-Roles-Esenciales-en-Ituzaingo.jpg","width":960,"height":540},{"@type":"WebPage","@id":"https:\/\/aehg-laplata.org.ar\/nueva\/ultima-jornada-de-las-capacitaciones-de-roles-esenciales-en-ituzaingo\/#webpage","url":"https:\/\/aehg-laplata.org.ar\/nueva\/ultima-jornada-de-las-capacitaciones-de-roles-esenciales-en-ituzaingo\/","name":"\u00daltima jornada de las capacitaciones de Roles Esenciales en Ituzaing\u00f3 - AEHG La Plata","isPartOf":{"@id":"https:\/\/aehg-laplata.org.ar\/nueva\/#website"},"primaryImageOfPage":{"@id":"https:\/\/aehg-laplata.org.ar\/nueva\/ultima-jornada-de-las-capacitaciones-de-roles-esenciales-en-ituzaingo\/#primaryimage"},"datePublished":"2022-10-31T16:09:10+00:00","dateModified":"2022-10-31T16:09:10+00:00","author":{"@id":"https:\/\/aehg-laplata.org.ar\/nueva\/#\/schema\/person\/7f7b2f53bda3353446a1e6bfb4837e14"},"breadcrumb":{"@id":"https:\/\/aehg-laplata.org.ar\/nueva\/ultima-jornada-de-las-capacitaciones-de-roles-esenciales-en-ituzaingo\/#breadcrumb"},"inLanguage":"es-AR","potentialAction":[{"@type":"ReadAction","target":["https:\/\/aehg-laplata.org.ar\/nueva\/ultima-jornada-de-las-capacitaciones-de-roles-esenciales-en-ituzaingo\/"]}]},{"@type":"BreadcrumbList","@id":"https:\/\/aehg-laplata.org.ar\/nueva\/ultima-jornada-de-las-capacitaciones-de-roles-esenciales-en-ituzaingo\/#breadcrumb","itemListElement":[{"@type":"ListItem","position":1,"name":"Inicio","item":"https:\/\/aehg-laplata.org.ar\/nueva\/"},{"@type":"ListItem","position":2,"name":"\u00daltima jornada de las capacitaciones de Roles Esenciales en Ituzaing\u00f3"}]},{"@type":"Person","@id":"https:\/\/aehg-laplata.org.ar\/nueva\/#\/schema\/person\/7f7b2f53bda3353446a1e6bfb4837e14","name":"ftosti","image":{"@type":"ImageObject","@id":"https:\/\/aehg-laplata.org.ar\/nueva\/#personlogo","inLanguage":"es-AR","url":"https:\/\/secure.gravatar.com\/avatar\/602f4beec51ba7ffdca86e4faf5d039c?s=96&d=mm&r=g","contentUrl":"https:\/\/secure.gravatar.com\/avatar\/602f4beec51ba7ffdca86e4faf5d039c?s=96&d=mm&r=g","caption":"ftosti"},"url":"https:\/\/aehg-laplata.org.ar\/nueva\/author\/ftosti\/"}]}},"_links":{"self":[{"href":"https:\/\/aehg-laplata.org.ar\/nueva\/wp-json\/wp\/v2\/posts\/1483"}],"collection":[{"href":"https:\/\/aehg-laplata.org.ar\/nueva\/wp-json\/wp\/v2\/posts"}],"about":[{"href":"https:\/\/aehg-laplata.org.ar\/nueva\/wp-json\/wp\/v2\/types\/post"}],"author":[{"embeddable":true,"href":"https:\/\/aehg-laplata.org.ar\/nueva\/wp-json\/wp\/v2\/users\/1"}],"replies":[{"embeddable":true,"href":"https:\/\/aehg-laplata.org.ar\/nueva\/wp-json\/wp\/v2\/comments?post=1483"}],"version-history":[{"count":1,"href":"https:\/\/aehg-laplata.org.ar\/nueva\/wp-json\/wp\/v2\/posts\/1483\/revisions"}],"predecessor-version":[{"id":1485,"href":"https:\/\/aehg-laplata.org.ar\/nueva\/wp-json\/wp\/v2\/posts\/1483\/revisions\/1485"}],"wp:featuredmedia":[{"embeddable":true,"href":"https:\/\/aehg-laplata.org.ar\/nueva\/wp-json\/wp\/v2\/media\/1484"}],"wp:attachment":[{"href":"https:\/\/aehg-laplata.org.ar\/nueva\/wp-json\/wp\/v2\/media?parent=1483"}],"wp:term":[{"taxonomy":"category","embeddable":true,"href":"https:\/\/aehg-laplata.org.ar\/nueva\/wp-json\/wp\/v2\/categories?post=1483"},{"taxonomy":"post_tag","embeddable":true,"href":"https:\/\/aehg-laplata.org.ar\/nueva\/wp-json\/wp\/v2\/tags?post=1483"}],"curies":[{"name":"wp","href":"https:\/\/api.w.org\/{rel}","templated":true}]}}