{"id":1476,"date":"2022-10-14T10:12:03","date_gmt":"2022-10-14T13:12:03","guid":{"rendered":"https:\/\/aehg-laplata.org.ar\/nueva\/?p=1476"},"modified":"2022-10-14T10:12:03","modified_gmt":"2022-10-14T13:12:03","slug":"capacitaciones-de-excelencia-para-empresarios-en-espana","status":"publish","type":"post","link":"https:\/\/aehg-laplata.org.ar\/nueva\/capacitaciones-de-excelencia-para-empresarios-en-espana\/","title":{"rendered":"Capacitaciones de excelencia para empresarios en Espa\u00f1a"},"content":{"rendered":"<p>[vc_row][vc_column][vc_column_text]<\/p>\n<h3 class=\"entry-title\">Capacitaciones de excelencia para empresarios en Espa\u00f1a<\/h3>\n<p>[\/vc_column_text][\/vc_column][\/vc_row][vc_row][vc_column][vc_single_image image=&#8221;1477&#8243; img_size=&#8221;full&#8221;][\/vc_column][\/vc_row][vc_row][vc_column css=&#8221;.vc_custom_1457772902902{margin-top: -10px !important;}&#8221;][vc_column_text]El presidente de AEHG La Plata, Claudio N. Aguilar, particip\u00f3 del 3 al 8 de octubre del Seminario impartido en Basque Culinary Center, en San Sebasti\u00e1n, Espa\u00f1a.<\/p>\n<p>La capacitaci\u00f3n internacional es una iniciativa de FEHGRA con el objetivo de ofrecer una formaci\u00f3n superior de alta excelencia acad\u00e9mica para socios.<\/p>\n<p>En esta edici\u00f3n se complet\u00f3 el cupo m\u00e1ximo de participantes. La delegaci\u00f3n estuvo integrada por 25 empresarios y dos integrantes del Comit\u00e9 Ejecutivo de la Federaci\u00f3n: Claudio Aguilar, vicepresidente; Gustavo Fern\u00e1ndez Capiet, secretario; Santiago Campasso y Celeste Rodr\u00edguez Sperat (Filial C\u00f3rdoba); Jos\u00e9 Boccabella, Juan Carlos De Acetis y Mart\u00edn Zanardi (Filial La Plata); Santiago Alsina, Mar\u00eda Florencia Barbera Miret, Mar\u00eda Francisca Costanzo, Sebastian Flores, Claudio Lucero Perotti, Adri\u00e1n Palma, Fernando Rodr\u00edguez Merino y Noelia Sahar (Filial Mendoza); Patricia Dur\u00e1n Vaca, Oscar Bordin, Jorge Chemes, Camila De La Cruz y Omar Sosa (Filial Puerto Iguaz\u00fa), Rub\u00e9n Miadosqui y Mar\u00eda Isabel Valverde (Filial San Juan); Marcelo Gralatto, Maximiliano Su\u00e1rez y Nicol\u00e1s Urquiza (Filial San Mart\u00edn de los Andes); Facundo Verde (Filial Santa Fe) y Federico Ribotta (Filial Tierra del Fuego).<\/p>\n<p>Basque Culinary Center es una instituci\u00f3n acad\u00e9mica de referencia mundial que tiene como fin la formaci\u00f3n superior, la investigaci\u00f3n, la innovaci\u00f3n y la promoci\u00f3n de gastronom\u00eda y la alimentaci\u00f3n.<\/p>\n<p>Orientado a gestores y propietarios de restaurantes y hoteles, el VI Seminario de Actualizaci\u00f3n para Propietarios, Gerentes y Chefs de Restaurantes es producto del s\u00f3lido v\u00ednculo entre FEHGRA y Basque Culinary Center.<\/p>\n<p>Claudio N. Aguilar encabez\u00f3 la delegaci\u00f3n integrada en total por 27 empresarios y destac\u00f3 el equipamiento y la tecnolog\u00eda puesta al servicio de la capacitaci\u00f3n. La sede del BCC posee 15.000 metros cuadrados y est\u00e1 situada en una zona elevada al sur de Donostia-San Sebasti\u00e1n, llamada Miram\u00f3n, dentro del Parque Tecnol\u00f3gico del mismo nombre.<\/p>\n<p>Donostia-San Sebasti\u00e1n es la cuna del movimiento de \u201cla nueva cocina vasca\u201d, meca de la vanguardia culinaria. Es la ciudad con m\u00e1s estrellas Michelin por habitante del mundo. La importancia de sus restaurantes y la calidad de sus materias primas la convierten en un referente gastron\u00f3mico a nivel mundial.<\/p>\n<p>Dise\u00f1ado por Basque Culinary Center especialmente para la entidad argentina, en el VI Seminario de Actualizaci\u00f3n para Propietarios, Gerentes y Chefs de Restaurantes se abordaron cuatro ejes tem\u00e1ticos, que estuvieron a cargo de prestigiosos especialistas: Gesti\u00f3n Estrat\u00e9gica Global, El Mundo de la Sumiller\u00eda y la Cocteler\u00eda, Gesti\u00f3n Econ\u00f3mico Financiera, y Marketing Digital y Tendencias. La experiencia se complet\u00f3 con Excursiones y Trabajo de Campo en lugares y establecimientos emblem\u00e1ticos de San Sebasti\u00e1n. Los participantes visitaron el evento gastron\u00f3mico \u201cSan Sebasti\u00e1n Gastronomika\u201d, con acceso a ponencias y ferias, que se desarroll\u00f3 del 2 al 5 de octubre.[\/vc_column_text][\/vc_column][\/vc_row]<\/p>\n","protected":false},"excerpt":{"rendered":"<p>[vc_row][vc_column][vc_column_text] Capacitaciones de excelencia para empresarios en Espa\u00f1a [\/vc_column_text][\/vc_column][\/vc_row][vc_row][vc_column][vc_single_image image=&#8221;1477&#8243; img_size=&#8221;full&#8221;][\/vc_column][\/vc_row][vc_row][vc_column css=&#8221;.vc_custom_1457772902902{margin-top: -10px !important;}&#8221;][vc_column_text]El presidente de AEHG La Plata, Claudio&#8230;<\/p>\n","protected":false},"author":1,"featured_media":1477,"comment_status":"closed","ping_status":"closed","sticky":false,"template":"","format":"standard","meta":[],"categories":[4],"tags":[],"yoast_head":"<!-- This site is optimized with the Yoast SEO plugin v17.2.1 - https:\/\/yoast.com\/wordpress\/plugins\/seo\/ -->\n<title>Capacitaciones de excelencia para empresarios en Espa\u00f1a - AEHG La Plata<\/title>\n<meta name=\"robots\" content=\"index, follow, max-snippet:-1, max-image-preview:large, max-video-preview:-1\" \/>\n<link rel=\"canonical\" href=\"https:\/\/aehg-laplata.org.ar\/nueva\/capacitaciones-de-excelencia-para-empresarios-en-espana\/\" \/>\n<meta property=\"og:locale\" content=\"es_ES\" \/>\n<meta property=\"og:type\" content=\"article\" \/>\n<meta property=\"og:title\" content=\"Capacitaciones de excelencia para empresarios en Espa\u00f1a - AEHG La Plata\" \/>\n<meta property=\"og:description\" content=\"[vc_row][vc_column][vc_column_text] Capacitaciones de excelencia para empresarios en Espa\u00f1a [\/vc_column_text][\/vc_column][\/vc_row][vc_row][vc_column][vc_single_image image=&#8221;1477&#8243; img_size=&#8221;full&#8221;][\/vc_column][\/vc_row][vc_row][vc_column css=&#8221;.vc_custom_1457772902902{margin-top: -10px !important;}&#8221;][vc_column_text]El presidente de AEHG La Plata, Claudio...\" \/>\n<meta property=\"og:url\" content=\"https:\/\/aehg-laplata.org.ar\/nueva\/capacitaciones-de-excelencia-para-empresarios-en-espana\/\" \/>\n<meta property=\"og:site_name\" content=\"AEHG La Plata\" \/>\n<meta property=\"article:publisher\" content=\"https:\/\/www.facebook.com\/AehgLaPlataOK\/\" \/>\n<meta property=\"article:published_time\" content=\"2022-10-14T13:12:03+00:00\" \/>\n<meta property=\"og:image\" content=\"http:\/\/aehg-laplata.org.ar\/nueva\/wp-content\/uploads\/Capacitaciones-de-excelencia-para-empresarios-en-Espana.jpg\" \/>\n\t<meta property=\"og:image:width\" content=\"800\" \/>\n\t<meta property=\"og:image:height\" content=\"452\" \/>\n<meta name=\"twitter:card\" content=\"summary_large_image\" \/>\n<meta name=\"twitter:label1\" content=\"Escrito por\" \/>\n\t<meta name=\"twitter:data1\" content=\"ftosti\" \/>\n\t<meta name=\"twitter:label2\" content=\"Tiempo de lectura\" \/>\n\t<meta name=\"twitter:data2\" content=\"2 minutos\" \/>\n<script type=\"application\/ld+json\" class=\"yoast-schema-graph\">{\"@context\":\"https:\/\/schema.org\",\"@graph\":[{\"@type\":\"WebSite\",\"@id\":\"https:\/\/aehg-laplata.org.ar\/nueva\/#website\",\"url\":\"https:\/\/aehg-laplata.org.ar\/nueva\/\",\"name\":\"AEHG La Plata\",\"description\":\"\",\"potentialAction\":[{\"@type\":\"SearchAction\",\"target\":{\"@type\":\"EntryPoint\",\"urlTemplate\":\"https:\/\/aehg-laplata.org.ar\/nueva\/?s={search_term_string}\"},\"query-input\":\"required name=search_term_string\"}],\"inLanguage\":\"es-AR\"},{\"@type\":\"ImageObject\",\"@id\":\"https:\/\/aehg-laplata.org.ar\/nueva\/capacitaciones-de-excelencia-para-empresarios-en-espana\/#primaryimage\",\"inLanguage\":\"es-AR\",\"url\":\"https:\/\/aehg-laplata.org.ar\/nueva\/wp-content\/uploads\/Capacitaciones-de-excelencia-para-empresarios-en-Espana.jpg\",\"contentUrl\":\"https:\/\/aehg-laplata.org.ar\/nueva\/wp-content\/uploads\/Capacitaciones-de-excelencia-para-empresarios-en-Espana.jpg\",\"width\":800,\"height\":452},{\"@type\":\"WebPage\",\"@id\":\"https:\/\/aehg-laplata.org.ar\/nueva\/capacitaciones-de-excelencia-para-empresarios-en-espana\/#webpage\",\"url\":\"https:\/\/aehg-laplata.org.ar\/nueva\/capacitaciones-de-excelencia-para-empresarios-en-espana\/\",\"name\":\"Capacitaciones de excelencia para empresarios en Espa\\u00f1a - AEHG La Plata\",\"isPartOf\":{\"@id\":\"https:\/\/aehg-laplata.org.ar\/nueva\/#website\"},\"primaryImageOfPage\":{\"@id\":\"https:\/\/aehg-laplata.org.ar\/nueva\/capacitaciones-de-excelencia-para-empresarios-en-espana\/#primaryimage\"},\"datePublished\":\"2022-10-14T13:12:03+00:00\",\"dateModified\":\"2022-10-14T13:12:03+00:00\",\"author\":{\"@id\":\"https:\/\/aehg-laplata.org.ar\/nueva\/#\/schema\/person\/7f7b2f53bda3353446a1e6bfb4837e14\"},\"breadcrumb\":{\"@id\":\"https:\/\/aehg-laplata.org.ar\/nueva\/capacitaciones-de-excelencia-para-empresarios-en-espana\/#breadcrumb\"},\"inLanguage\":\"es-AR\",\"potentialAction\":[{\"@type\":\"ReadAction\",\"target\":[\"https:\/\/aehg-laplata.org.ar\/nueva\/capacitaciones-de-excelencia-para-empresarios-en-espana\/\"]}]},{\"@type\":\"BreadcrumbList\",\"@id\":\"https:\/\/aehg-laplata.org.ar\/nueva\/capacitaciones-de-excelencia-para-empresarios-en-espana\/#breadcrumb\",\"itemListElement\":[{\"@type\":\"ListItem\",\"position\":1,\"name\":\"Inicio\",\"item\":\"https:\/\/aehg-laplata.org.ar\/nueva\/\"},{\"@type\":\"ListItem\",\"position\":2,\"name\":\"Capacitaciones de excelencia para empresarios en Espa\\u00f1a\"}]},{\"@type\":\"Person\",\"@id\":\"https:\/\/aehg-laplata.org.ar\/nueva\/#\/schema\/person\/7f7b2f53bda3353446a1e6bfb4837e14\",\"name\":\"ftosti\",\"image\":{\"@type\":\"ImageObject\",\"@id\":\"https:\/\/aehg-laplata.org.ar\/nueva\/#personlogo\",\"inLanguage\":\"es-AR\",\"url\":\"https:\/\/secure.gravatar.com\/avatar\/602f4beec51ba7ffdca86e4faf5d039c?s=96&d=mm&r=g\",\"contentUrl\":\"https:\/\/secure.gravatar.com\/avatar\/602f4beec51ba7ffdca86e4faf5d039c?s=96&d=mm&r=g\",\"caption\":\"ftosti\"},\"url\":\"https:\/\/aehg-laplata.org.ar\/nueva\/author\/ftosti\/\"}]}<\/script>\n<!-- \/ Yoast SEO plugin. -->","yoast_head_json":{"title":"Capacitaciones de excelencia para empresarios en Espa\u00f1a - AEHG La Plata","robots":{"index":"index","follow":"follow","max-snippet":"max-snippet:-1","max-image-preview":"max-image-preview:large","max-video-preview":"max-video-preview:-1"},"canonical":"https:\/\/aehg-laplata.org.ar\/nueva\/capacitaciones-de-excelencia-para-empresarios-en-espana\/","og_locale":"es_ES","og_type":"article","og_title":"Capacitaciones de excelencia para empresarios en Espa\u00f1a - AEHG La Plata","og_description":"[vc_row][vc_column][vc_column_text] Capacitaciones de excelencia para empresarios en Espa\u00f1a [\/vc_column_text][\/vc_column][\/vc_row][vc_row][vc_column][vc_single_image image=&#8221;1477&#8243; img_size=&#8221;full&#8221;][\/vc_column][\/vc_row][vc_row][vc_column css=&#8221;.vc_custom_1457772902902{margin-top: -10px !important;}&#8221;][vc_column_text]El presidente de AEHG La Plata, Claudio...","og_url":"https:\/\/aehg-laplata.org.ar\/nueva\/capacitaciones-de-excelencia-para-empresarios-en-espana\/","og_site_name":"AEHG La Plata","article_publisher":"https:\/\/www.facebook.com\/AehgLaPlataOK\/","article_published_time":"2022-10-14T13:12:03+00:00","og_image":[{"width":800,"height":452,"url":"http:\/\/aehg-laplata.org.ar\/nueva\/wp-content\/uploads\/Capacitaciones-de-excelencia-para-empresarios-en-Espana.jpg","path":"\/home\/c1070183\/public_html\/nueva\/wp-content\/uploads\/Capacitaciones-de-excelencia-para-empresarios-en-Espana.jpg","size":"full","id":1477,"alt":"","pixels":361600,"type":"image\/jpeg"}],"twitter_card":"summary_large_image","twitter_misc":{"Escrito por":"ftosti","Tiempo de lectura":"2 minutos"},"schema":{"@context":"https:\/\/schema.org","@graph":[{"@type":"WebSite","@id":"https:\/\/aehg-laplata.org.ar\/nueva\/#website","url":"https:\/\/aehg-laplata.org.ar\/nueva\/","name":"AEHG La Plata","description":"","potentialAction":[{"@type":"SearchAction","target":{"@type":"EntryPoint","urlTemplate":"https:\/\/aehg-laplata.org.ar\/nueva\/?s={search_term_string}"},"query-input":"required name=search_term_string"}],"inLanguage":"es-AR"},{"@type":"ImageObject","@id":"https:\/\/aehg-laplata.org.ar\/nueva\/capacitaciones-de-excelencia-para-empresarios-en-espana\/#primaryimage","inLanguage":"es-AR","url":"https:\/\/aehg-laplata.org.ar\/nueva\/wp-content\/uploads\/Capacitaciones-de-excelencia-para-empresarios-en-Espana.jpg","contentUrl":"https:\/\/aehg-laplata.org.ar\/nueva\/wp-content\/uploads\/Capacitaciones-de-excelencia-para-empresarios-en-Espana.jpg","width":800,"height":452},{"@type":"WebPage","@id":"https:\/\/aehg-laplata.org.ar\/nueva\/capacitaciones-de-excelencia-para-empresarios-en-espana\/#webpage","url":"https:\/\/aehg-laplata.org.ar\/nueva\/capacitaciones-de-excelencia-para-empresarios-en-espana\/","name":"Capacitaciones de excelencia para empresarios en Espa\u00f1a - AEHG La Plata","isPartOf":{"@id":"https:\/\/aehg-laplata.org.ar\/nueva\/#website"},"primaryImageOfPage":{"@id":"https:\/\/aehg-laplata.org.ar\/nueva\/capacitaciones-de-excelencia-para-empresarios-en-espana\/#primaryimage"},"datePublished":"2022-10-14T13:12:03+00:00","dateModified":"2022-10-14T13:12:03+00:00","author":{"@id":"https:\/\/aehg-laplata.org.ar\/nueva\/#\/schema\/person\/7f7b2f53bda3353446a1e6bfb4837e14"},"breadcrumb":{"@id":"https:\/\/aehg-laplata.org.ar\/nueva\/capacitaciones-de-excelencia-para-empresarios-en-espana\/#breadcrumb"},"inLanguage":"es-AR","potentialAction":[{"@type":"ReadAction","target":["https:\/\/aehg-laplata.org.ar\/nueva\/capacitaciones-de-excelencia-para-empresarios-en-espana\/"]}]},{"@type":"BreadcrumbList","@id":"https:\/\/aehg-laplata.org.ar\/nueva\/capacitaciones-de-excelencia-para-empresarios-en-espana\/#breadcrumb","itemListElement":[{"@type":"ListItem","position":1,"name":"Inicio","item":"https:\/\/aehg-laplata.org.ar\/nueva\/"},{"@type":"ListItem","position":2,"name":"Capacitaciones de excelencia para empresarios en Espa\u00f1a"}]},{"@type":"Person","@id":"https:\/\/aehg-laplata.org.ar\/nueva\/#\/schema\/person\/7f7b2f53bda3353446a1e6bfb4837e14","name":"ftosti","image":{"@type":"ImageObject","@id":"https:\/\/aehg-laplata.org.ar\/nueva\/#personlogo","inLanguage":"es-AR","url":"https:\/\/secure.gravatar.com\/avatar\/602f4beec51ba7ffdca86e4faf5d039c?s=96&d=mm&r=g","contentUrl":"https:\/\/secure.gravatar.com\/avatar\/602f4beec51ba7ffdca86e4faf5d039c?s=96&d=mm&r=g","caption":"ftosti"},"url":"https:\/\/aehg-laplata.org.ar\/nueva\/author\/ftosti\/"}]}},"_links":{"self":[{"href":"https:\/\/aehg-laplata.org.ar\/nueva\/wp-json\/wp\/v2\/posts\/1476"}],"collection":[{"href":"https:\/\/aehg-laplata.org.ar\/nueva\/wp-json\/wp\/v2\/posts"}],"about":[{"href":"https:\/\/aehg-laplata.org.ar\/nueva\/wp-json\/wp\/v2\/types\/post"}],"author":[{"embeddable":true,"href":"https:\/\/aehg-laplata.org.ar\/nueva\/wp-json\/wp\/v2\/users\/1"}],"replies":[{"embeddable":true,"href":"https:\/\/aehg-laplata.org.ar\/nueva\/wp-json\/wp\/v2\/comments?post=1476"}],"version-history":[{"count":1,"href":"https:\/\/aehg-laplata.org.ar\/nueva\/wp-json\/wp\/v2\/posts\/1476\/revisions"}],"predecessor-version":[{"id":1478,"href":"https:\/\/aehg-laplata.org.ar\/nueva\/wp-json\/wp\/v2\/posts\/1476\/revisions\/1478"}],"wp:featuredmedia":[{"embeddable":true,"href":"https:\/\/aehg-laplata.org.ar\/nueva\/wp-json\/wp\/v2\/media\/1477"}],"wp:attachment":[{"href":"https:\/\/aehg-laplata.org.ar\/nueva\/wp-json\/wp\/v2\/media?parent=1476"}],"wp:term":[{"taxonomy":"category","embeddable":true,"href":"https:\/\/aehg-laplata.org.ar\/nueva\/wp-json\/wp\/v2\/categories?post=1476"},{"taxonomy":"post_tag","embeddable":true,"href":"https:\/\/aehg-laplata.org.ar\/nueva\/wp-json\/wp\/v2\/tags?post=1476"}],"curies":[{"name":"wp","href":"https:\/\/api.w.org\/{rel}","templated":true}]}}