{"id":1470,"date":"2022-10-06T13:21:54","date_gmt":"2022-10-06T16:21:54","guid":{"rendered":"https:\/\/aehg-laplata.org.ar\/nueva\/?p=1470"},"modified":"2022-10-06T13:23:12","modified_gmt":"2022-10-06T16:23:12","slug":"aehg-la-plata-en-el-basque-capacitaciones-para-empresarios-en-espana","status":"publish","type":"post","link":"https:\/\/aehg-laplata.org.ar\/nueva\/aehg-la-plata-en-el-basque-capacitaciones-para-empresarios-en-espana\/","title":{"rendered":"AEHG La Plata en el Basque, Capacitaciones para Empresarios en Espa\u00f1a"},"content":{"rendered":"<p>[vc_row][vc_column][vc_column_text]<\/p>\n<h3 class=\"entry-title\">AEHG La Plata en el Basque, Capacitaciones para Empresarios en Espa\u00f1a<\/h3>\n<p>[\/vc_column_text][\/vc_column][\/vc_row][vc_row][vc_column][vc_single_image image=&#8221;1471&#8243; img_size=&#8221;full&#8221;][\/vc_column][\/vc_row][vc_row][vc_column css=&#8221;.vc_custom_1457772902902{margin-top: -10px !important;}&#8221;][vc_column_text]El d\u00eda 3 de octubre comenzaron las capacitaciones para empresarios en el Basque, llev\u00e1ndose adelante en la ciudad de San Sebasti\u00e1n, Espa\u00f1a. Participando de la misma nuestro presidente el Sr. Claudio N. Aguilar y vocal titular 3\u00b0 el Sr. Jos\u00e9 Augusto Boccabella.<\/p>\n<p>Basque Culinary Center conforma un ecosistema \u00fanico donde formaci\u00f3n, innovaci\u00f3n, investigaci\u00f3n y emprendimiento coexisten con el objetivo de desarrollar e impulsar la gastronom\u00eda, asumida esta como el conocimiento razonado sobre lo que comemos y c\u00f3mo lo hacemos. Situada desde 2011 en Donostia &#8211; San Sebasti\u00e1n, es una instituci\u00f3n pionera conformada por la Facultad de Ciencias Gastron\u00f3micas y por BCC Innovation, el Centro Tecnol\u00f3gico en Gastronom\u00eda.<\/p>\n<p>El patronato de Basque Culinary Center est\u00e1 formado por chefs, instituciones, empresas y conforma el \u00f3rgano de gesti\u00f3n de la entidad. Asimismo, en el Consejo Internacional de Basque Culinary Center, participan los y las chefs m\u00e1s relevantes a nivel internacional.<\/p>\n<p>Basque Culinary Center es una entidad responsable hacia los retos a los que se enfrenta la sociedad. Cuenta con un plan Estrat\u00e9gico de Desarrollo Sostenible que entronca con los retos marcados por las ODS, en dicho plan, se enmarca el plan de igualdad de la entidad.[\/vc_column_text][\/vc_column][\/vc_row]<\/p>\n","protected":false},"excerpt":{"rendered":"<p>[vc_row][vc_column][vc_column_text] AEHG La Plata en el Basque, Capacitaciones para Empresarios en Espa\u00f1a [\/vc_column_text][\/vc_column][\/vc_row][vc_row][vc_column][vc_single_image image=&#8221;1471&#8243; img_size=&#8221;full&#8221;][\/vc_column][\/vc_row][vc_row][vc_column css=&#8221;.vc_custom_1457772902902{margin-top: -10px !important;}&#8221;][vc_column_text]El d\u00eda 3&#8230;<\/p>\n","protected":false},"author":1,"featured_media":1471,"comment_status":"closed","ping_status":"closed","sticky":false,"template":"","format":"standard","meta":[],"categories":[4],"tags":[],"yoast_head":"<!-- This site is optimized with the Yoast SEO plugin v17.2.1 - https:\/\/yoast.com\/wordpress\/plugins\/seo\/ -->\n<title>AEHG La Plata en el Basque, Capacitaciones para Empresarios en Espa\u00f1a - AEHG La Plata<\/title>\n<meta name=\"robots\" content=\"index, follow, max-snippet:-1, max-image-preview:large, max-video-preview:-1\" \/>\n<link rel=\"canonical\" href=\"https:\/\/aehg-laplata.org.ar\/nueva\/aehg-la-plata-en-el-basque-capacitaciones-para-empresarios-en-espana\/\" \/>\n<meta property=\"og:locale\" content=\"es_ES\" \/>\n<meta property=\"og:type\" content=\"article\" \/>\n<meta property=\"og:title\" content=\"AEHG La Plata en el Basque, Capacitaciones para Empresarios en Espa\u00f1a - AEHG La Plata\" \/>\n<meta property=\"og:description\" content=\"[vc_row][vc_column][vc_column_text] AEHG La Plata en el Basque, Capacitaciones para Empresarios en Espa\u00f1a [\/vc_column_text][\/vc_column][\/vc_row][vc_row][vc_column][vc_single_image image=&#8221;1471&#8243; img_size=&#8221;full&#8221;][\/vc_column][\/vc_row][vc_row][vc_column css=&#8221;.vc_custom_1457772902902{margin-top: -10px !important;}&#8221;][vc_column_text]El d\u00eda 3...\" \/>\n<meta property=\"og:url\" content=\"https:\/\/aehg-laplata.org.ar\/nueva\/aehg-la-plata-en-el-basque-capacitaciones-para-empresarios-en-espana\/\" \/>\n<meta property=\"og:site_name\" content=\"AEHG La Plata\" \/>\n<meta property=\"article:publisher\" content=\"https:\/\/www.facebook.com\/AehgLaPlataOK\/\" \/>\n<meta property=\"article:published_time\" content=\"2022-10-06T16:21:54+00:00\" \/>\n<meta property=\"article:modified_time\" content=\"2022-10-06T16:23:12+00:00\" \/>\n<meta property=\"og:image\" content=\"http:\/\/aehg-laplata.org.ar\/nueva\/wp-content\/uploads\/AEHG-La-Plata-en-el-Basque.jpg\" \/>\n\t<meta property=\"og:image:width\" content=\"1280\" \/>\n\t<meta property=\"og:image:height\" content=\"720\" \/>\n<meta name=\"twitter:card\" content=\"summary_large_image\" \/>\n<meta name=\"twitter:label1\" content=\"Escrito por\" \/>\n\t<meta name=\"twitter:data1\" content=\"ftosti\" \/>\n\t<meta name=\"twitter:label2\" content=\"Tiempo de lectura\" \/>\n\t<meta name=\"twitter:data2\" content=\"1 minuto\" \/>\n<script type=\"application\/ld+json\" class=\"yoast-schema-graph\">{\"@context\":\"https:\/\/schema.org\",\"@graph\":[{\"@type\":\"WebSite\",\"@id\":\"https:\/\/aehg-laplata.org.ar\/nueva\/#website\",\"url\":\"https:\/\/aehg-laplata.org.ar\/nueva\/\",\"name\":\"AEHG La Plata\",\"description\":\"\",\"potentialAction\":[{\"@type\":\"SearchAction\",\"target\":{\"@type\":\"EntryPoint\",\"urlTemplate\":\"https:\/\/aehg-laplata.org.ar\/nueva\/?s={search_term_string}\"},\"query-input\":\"required name=search_term_string\"}],\"inLanguage\":\"es-AR\"},{\"@type\":\"ImageObject\",\"@id\":\"https:\/\/aehg-laplata.org.ar\/nueva\/aehg-la-plata-en-el-basque-capacitaciones-para-empresarios-en-espana\/#primaryimage\",\"inLanguage\":\"es-AR\",\"url\":\"https:\/\/aehg-laplata.org.ar\/nueva\/wp-content\/uploads\/AEHG-La-Plata-en-el-Basque.jpg\",\"contentUrl\":\"https:\/\/aehg-laplata.org.ar\/nueva\/wp-content\/uploads\/AEHG-La-Plata-en-el-Basque.jpg\",\"width\":1280,\"height\":720},{\"@type\":\"WebPage\",\"@id\":\"https:\/\/aehg-laplata.org.ar\/nueva\/aehg-la-plata-en-el-basque-capacitaciones-para-empresarios-en-espana\/#webpage\",\"url\":\"https:\/\/aehg-laplata.org.ar\/nueva\/aehg-la-plata-en-el-basque-capacitaciones-para-empresarios-en-espana\/\",\"name\":\"AEHG La Plata en el Basque, Capacitaciones para Empresarios en Espa\\u00f1a - AEHG La Plata\",\"isPartOf\":{\"@id\":\"https:\/\/aehg-laplata.org.ar\/nueva\/#website\"},\"primaryImageOfPage\":{\"@id\":\"https:\/\/aehg-laplata.org.ar\/nueva\/aehg-la-plata-en-el-basque-capacitaciones-para-empresarios-en-espana\/#primaryimage\"},\"datePublished\":\"2022-10-06T16:21:54+00:00\",\"dateModified\":\"2022-10-06T16:23:12+00:00\",\"author\":{\"@id\":\"https:\/\/aehg-laplata.org.ar\/nueva\/#\/schema\/person\/7f7b2f53bda3353446a1e6bfb4837e14\"},\"breadcrumb\":{\"@id\":\"https:\/\/aehg-laplata.org.ar\/nueva\/aehg-la-plata-en-el-basque-capacitaciones-para-empresarios-en-espana\/#breadcrumb\"},\"inLanguage\":\"es-AR\",\"potentialAction\":[{\"@type\":\"ReadAction\",\"target\":[\"https:\/\/aehg-laplata.org.ar\/nueva\/aehg-la-plata-en-el-basque-capacitaciones-para-empresarios-en-espana\/\"]}]},{\"@type\":\"BreadcrumbList\",\"@id\":\"https:\/\/aehg-laplata.org.ar\/nueva\/aehg-la-plata-en-el-basque-capacitaciones-para-empresarios-en-espana\/#breadcrumb\",\"itemListElement\":[{\"@type\":\"ListItem\",\"position\":1,\"name\":\"Inicio\",\"item\":\"https:\/\/aehg-laplata.org.ar\/nueva\/\"},{\"@type\":\"ListItem\",\"position\":2,\"name\":\"AEHG La Plata en el Basque, Capacitaciones para Empresarios en Espa\\u00f1a\"}]},{\"@type\":\"Person\",\"@id\":\"https:\/\/aehg-laplata.org.ar\/nueva\/#\/schema\/person\/7f7b2f53bda3353446a1e6bfb4837e14\",\"name\":\"ftosti\",\"image\":{\"@type\":\"ImageObject\",\"@id\":\"https:\/\/aehg-laplata.org.ar\/nueva\/#personlogo\",\"inLanguage\":\"es-AR\",\"url\":\"https:\/\/secure.gravatar.com\/avatar\/602f4beec51ba7ffdca86e4faf5d039c?s=96&d=mm&r=g\",\"contentUrl\":\"https:\/\/secure.gravatar.com\/avatar\/602f4beec51ba7ffdca86e4faf5d039c?s=96&d=mm&r=g\",\"caption\":\"ftosti\"},\"url\":\"https:\/\/aehg-laplata.org.ar\/nueva\/author\/ftosti\/\"}]}<\/script>\n<!-- \/ Yoast SEO plugin. -->","yoast_head_json":{"title":"AEHG La Plata en el Basque, Capacitaciones para Empresarios en Espa\u00f1a - AEHG La Plata","robots":{"index":"index","follow":"follow","max-snippet":"max-snippet:-1","max-image-preview":"max-image-preview:large","max-video-preview":"max-video-preview:-1"},"canonical":"https:\/\/aehg-laplata.org.ar\/nueva\/aehg-la-plata-en-el-basque-capacitaciones-para-empresarios-en-espana\/","og_locale":"es_ES","og_type":"article","og_title":"AEHG La Plata en el Basque, Capacitaciones para Empresarios en Espa\u00f1a - AEHG La Plata","og_description":"[vc_row][vc_column][vc_column_text] AEHG La Plata en el Basque, Capacitaciones para Empresarios en Espa\u00f1a [\/vc_column_text][\/vc_column][\/vc_row][vc_row][vc_column][vc_single_image image=&#8221;1471&#8243; img_size=&#8221;full&#8221;][\/vc_column][\/vc_row][vc_row][vc_column css=&#8221;.vc_custom_1457772902902{margin-top: -10px !important;}&#8221;][vc_column_text]El d\u00eda 3...","og_url":"https:\/\/aehg-laplata.org.ar\/nueva\/aehg-la-plata-en-el-basque-capacitaciones-para-empresarios-en-espana\/","og_site_name":"AEHG La Plata","article_publisher":"https:\/\/www.facebook.com\/AehgLaPlataOK\/","article_published_time":"2022-10-06T16:21:54+00:00","article_modified_time":"2022-10-06T16:23:12+00:00","og_image":[{"width":1280,"height":720,"url":"http:\/\/aehg-laplata.org.ar\/nueva\/wp-content\/uploads\/AEHG-La-Plata-en-el-Basque.jpg","path":"\/home\/c1070183\/public_html\/nueva\/wp-content\/uploads\/AEHG-La-Plata-en-el-Basque.jpg","size":"full","id":1471,"alt":"","pixels":921600,"type":"image\/jpeg"}],"twitter_card":"summary_large_image","twitter_misc":{"Escrito por":"ftosti","Tiempo de lectura":"1 minuto"},"schema":{"@context":"https:\/\/schema.org","@graph":[{"@type":"WebSite","@id":"https:\/\/aehg-laplata.org.ar\/nueva\/#website","url":"https:\/\/aehg-laplata.org.ar\/nueva\/","name":"AEHG La Plata","description":"","potentialAction":[{"@type":"SearchAction","target":{"@type":"EntryPoint","urlTemplate":"https:\/\/aehg-laplata.org.ar\/nueva\/?s={search_term_string}"},"query-input":"required name=search_term_string"}],"inLanguage":"es-AR"},{"@type":"ImageObject","@id":"https:\/\/aehg-laplata.org.ar\/nueva\/aehg-la-plata-en-el-basque-capacitaciones-para-empresarios-en-espana\/#primaryimage","inLanguage":"es-AR","url":"https:\/\/aehg-laplata.org.ar\/nueva\/wp-content\/uploads\/AEHG-La-Plata-en-el-Basque.jpg","contentUrl":"https:\/\/aehg-laplata.org.ar\/nueva\/wp-content\/uploads\/AEHG-La-Plata-en-el-Basque.jpg","width":1280,"height":720},{"@type":"WebPage","@id":"https:\/\/aehg-laplata.org.ar\/nueva\/aehg-la-plata-en-el-basque-capacitaciones-para-empresarios-en-espana\/#webpage","url":"https:\/\/aehg-laplata.org.ar\/nueva\/aehg-la-plata-en-el-basque-capacitaciones-para-empresarios-en-espana\/","name":"AEHG La Plata en el Basque, Capacitaciones para Empresarios en Espa\u00f1a - AEHG La Plata","isPartOf":{"@id":"https:\/\/aehg-laplata.org.ar\/nueva\/#website"},"primaryImageOfPage":{"@id":"https:\/\/aehg-laplata.org.ar\/nueva\/aehg-la-plata-en-el-basque-capacitaciones-para-empresarios-en-espana\/#primaryimage"},"datePublished":"2022-10-06T16:21:54+00:00","dateModified":"2022-10-06T16:23:12+00:00","author":{"@id":"https:\/\/aehg-laplata.org.ar\/nueva\/#\/schema\/person\/7f7b2f53bda3353446a1e6bfb4837e14"},"breadcrumb":{"@id":"https:\/\/aehg-laplata.org.ar\/nueva\/aehg-la-plata-en-el-basque-capacitaciones-para-empresarios-en-espana\/#breadcrumb"},"inLanguage":"es-AR","potentialAction":[{"@type":"ReadAction","target":["https:\/\/aehg-laplata.org.ar\/nueva\/aehg-la-plata-en-el-basque-capacitaciones-para-empresarios-en-espana\/"]}]},{"@type":"BreadcrumbList","@id":"https:\/\/aehg-laplata.org.ar\/nueva\/aehg-la-plata-en-el-basque-capacitaciones-para-empresarios-en-espana\/#breadcrumb","itemListElement":[{"@type":"ListItem","position":1,"name":"Inicio","item":"https:\/\/aehg-laplata.org.ar\/nueva\/"},{"@type":"ListItem","position":2,"name":"AEHG La Plata en el Basque, Capacitaciones para Empresarios en Espa\u00f1a"}]},{"@type":"Person","@id":"https:\/\/aehg-laplata.org.ar\/nueva\/#\/schema\/person\/7f7b2f53bda3353446a1e6bfb4837e14","name":"ftosti","image":{"@type":"ImageObject","@id":"https:\/\/aehg-laplata.org.ar\/nueva\/#personlogo","inLanguage":"es-AR","url":"https:\/\/secure.gravatar.com\/avatar\/602f4beec51ba7ffdca86e4faf5d039c?s=96&d=mm&r=g","contentUrl":"https:\/\/secure.gravatar.com\/avatar\/602f4beec51ba7ffdca86e4faf5d039c?s=96&d=mm&r=g","caption":"ftosti"},"url":"https:\/\/aehg-laplata.org.ar\/nueva\/author\/ftosti\/"}]}},"_links":{"self":[{"href":"https:\/\/aehg-laplata.org.ar\/nueva\/wp-json\/wp\/v2\/posts\/1470"}],"collection":[{"href":"https:\/\/aehg-laplata.org.ar\/nueva\/wp-json\/wp\/v2\/posts"}],"about":[{"href":"https:\/\/aehg-laplata.org.ar\/nueva\/wp-json\/wp\/v2\/types\/post"}],"author":[{"embeddable":true,"href":"https:\/\/aehg-laplata.org.ar\/nueva\/wp-json\/wp\/v2\/users\/1"}],"replies":[{"embeddable":true,"href":"https:\/\/aehg-laplata.org.ar\/nueva\/wp-json\/wp\/v2\/comments?post=1470"}],"version-history":[{"count":1,"href":"https:\/\/aehg-laplata.org.ar\/nueva\/wp-json\/wp\/v2\/posts\/1470\/revisions"}],"predecessor-version":[{"id":1472,"href":"https:\/\/aehg-laplata.org.ar\/nueva\/wp-json\/wp\/v2\/posts\/1470\/revisions\/1472"}],"wp:featuredmedia":[{"embeddable":true,"href":"https:\/\/aehg-laplata.org.ar\/nueva\/wp-json\/wp\/v2\/media\/1471"}],"wp:attachment":[{"href":"https:\/\/aehg-laplata.org.ar\/nueva\/wp-json\/wp\/v2\/media?parent=1470"}],"wp:term":[{"taxonomy":"category","embeddable":true,"href":"https:\/\/aehg-laplata.org.ar\/nueva\/wp-json\/wp\/v2\/categories?post=1470"},{"taxonomy":"post_tag","embeddable":true,"href":"https:\/\/aehg-laplata.org.ar\/nueva\/wp-json\/wp\/v2\/tags?post=1470"}],"curies":[{"name":"wp","href":"https:\/\/api.w.org\/{rel}","templated":true}]}}