{"id":1468,"date":"2022-10-06T13:19:23","date_gmt":"2022-10-06T16:19:23","guid":{"rendered":"https:\/\/aehg-laplata.org.ar\/nueva\/?p=1468"},"modified":"2022-10-06T13:19:23","modified_gmt":"2022-10-06T16:19:23","slug":"confirman-previaje-4-para-2023","status":"publish","type":"post","link":"https:\/\/aehg-laplata.org.ar\/nueva\/confirman-previaje-4-para-2023\/","title":{"rendered":"Confirman PreViaje 4 para 2023"},"content":{"rendered":"<p>[vc_row][vc_column][vc_column_text]<\/p>\n<h3 class=\"entry-title\">Confirman PreViaje 4 para 2023<\/h3>\n<p>[\/vc_column_text][\/vc_column][\/vc_row][vc_row][vc_column][vc_single_image image=&#8221;1397&#8243; img_size=&#8221;full&#8221;][\/vc_column][\/vc_row][vc_row][vc_column css=&#8221;.vc_custom_1457772902902{margin-top: -10px !important;}&#8221;][vc_column_text]El Ministerio de Turismo se\u00f1al\u00f3 que se realizar\u00e1 la 4\u00b0 edici\u00f3n del Programa PreViaje, en el marco de la presentaci\u00f3n del Presupuesto para el pr\u00f3ximo a\u00f1o y que contempla partidas destinadas a ese fin.<\/p>\n<p>La iniciativa se origin\u00f3 durante 2021 para incentivar los viajes de los argentinos y permitiendo reinvertir los gastos en vacaciones en pr\u00f3ximos destinos.<\/p>\n<p>Desde el Gobierno aseguraron que se ya se invirtieron $200 mil millones en este programa que consiste en el reintegro del 50% de los costos en turismo en los prestadores adheridos al plan a trav\u00e9s de una tarjeta.<\/p>\n<p>El Previaje 3 sirvi\u00f3 para incentivar los viajes en la temporada baja entre el 10 de octubre y el 5 de diciembre y cargaron sus comprobantes hasta el 15 de septiembre inclusive en previaje.gob.ar.<\/p>\n<p>En este sentido, desde el Ministerio de Turismo aseguraron que la pr\u00f3xima edici\u00f3n tendr\u00e1 &#8220;condiciones similares al Previaje 3&#8221; y que la idea es que funcione similar a esta edici\u00f3n: se tomar\u00e1n reservas que sean para la temporada baja y de esta forma incentivar las escapadas y viajes que no sean en los meses en los que los argentinos vacacionan.<\/p>\n<p>&#8220;Este programa ha resultado un \u00e9xito desde todo punto de vista. Est\u00e1 contenta la gente, que puede viajar; est\u00e1 contento el Estado nacional, que promueve la actividad y la formaliza; y est\u00e1 contento el sector tur\u00edstico porque representa casi 10 puntos del PBI y se ha visto muy fortalecido por PreViaje&#8221;, destac\u00f3 el titular de la cartera tur\u00edstica, Mat\u00edas Lammens.[\/vc_column_text][\/vc_column][\/vc_row]<\/p>\n","protected":false},"excerpt":{"rendered":"<p>[vc_row][vc_column][vc_column_text] Confirman PreViaje 4 para 2023 [\/vc_column_text][\/vc_column][\/vc_row][vc_row][vc_column][vc_single_image image=&#8221;1397&#8243; img_size=&#8221;full&#8221;][\/vc_column][\/vc_row][vc_row][vc_column css=&#8221;.vc_custom_1457772902902{margin-top: -10px !important;}&#8221;][vc_column_text]El Ministerio de Turismo se\u00f1al\u00f3 que se realizar\u00e1 la&#8230;<\/p>\n","protected":false},"author":1,"featured_media":1397,"comment_status":"closed","ping_status":"closed","sticky":false,"template":"","format":"standard","meta":[],"categories":[4],"tags":[],"yoast_head":"<!-- This site is optimized with the Yoast SEO plugin v17.2.1 - https:\/\/yoast.com\/wordpress\/plugins\/seo\/ -->\n<title>Confirman PreViaje 4 para 2023 - AEHG La Plata<\/title>\n<meta name=\"robots\" content=\"index, follow, max-snippet:-1, max-image-preview:large, max-video-preview:-1\" \/>\n<link rel=\"canonical\" href=\"https:\/\/aehg-laplata.org.ar\/nueva\/confirman-previaje-4-para-2023\/\" \/>\n<meta property=\"og:locale\" content=\"es_ES\" \/>\n<meta property=\"og:type\" content=\"article\" \/>\n<meta property=\"og:title\" content=\"Confirman PreViaje 4 para 2023 - AEHG La Plata\" \/>\n<meta property=\"og:description\" content=\"[vc_row][vc_column][vc_column_text] Confirman PreViaje 4 para 2023 [\/vc_column_text][\/vc_column][\/vc_row][vc_row][vc_column][vc_single_image image=&#8221;1397&#8243; img_size=&#8221;full&#8221;][\/vc_column][\/vc_row][vc_row][vc_column css=&#8221;.vc_custom_1457772902902{margin-top: -10px !important;}&#8221;][vc_column_text]El Ministerio de Turismo se\u00f1al\u00f3 que se realizar\u00e1 la...\" \/>\n<meta property=\"og:url\" content=\"https:\/\/aehg-laplata.org.ar\/nueva\/confirman-previaje-4-para-2023\/\" \/>\n<meta property=\"og:site_name\" content=\"AEHG La Plata\" \/>\n<meta property=\"article:publisher\" content=\"https:\/\/www.facebook.com\/AehgLaPlataOK\/\" \/>\n<meta property=\"article:published_time\" content=\"2022-10-06T16:19:23+00:00\" \/>\n<meta property=\"og:image\" content=\"http:\/\/aehg-laplata.org.ar\/nueva\/wp-content\/uploads\/previaje.jpeg\" \/>\n\t<meta property=\"og:image:width\" content=\"1280\" \/>\n\t<meta property=\"og:image:height\" content=\"720\" \/>\n<meta name=\"twitter:card\" content=\"summary_large_image\" \/>\n<meta name=\"twitter:label1\" content=\"Escrito por\" \/>\n\t<meta name=\"twitter:data1\" content=\"ftosti\" \/>\n\t<meta name=\"twitter:label2\" content=\"Tiempo de lectura\" \/>\n\t<meta name=\"twitter:data2\" content=\"2 minutos\" \/>\n<script type=\"application\/ld+json\" class=\"yoast-schema-graph\">{\"@context\":\"https:\/\/schema.org\",\"@graph\":[{\"@type\":\"WebSite\",\"@id\":\"https:\/\/aehg-laplata.org.ar\/nueva\/#website\",\"url\":\"https:\/\/aehg-laplata.org.ar\/nueva\/\",\"name\":\"AEHG La Plata\",\"description\":\"\",\"potentialAction\":[{\"@type\":\"SearchAction\",\"target\":{\"@type\":\"EntryPoint\",\"urlTemplate\":\"https:\/\/aehg-laplata.org.ar\/nueva\/?s={search_term_string}\"},\"query-input\":\"required name=search_term_string\"}],\"inLanguage\":\"es-AR\"},{\"@type\":\"ImageObject\",\"@id\":\"https:\/\/aehg-laplata.org.ar\/nueva\/confirman-previaje-4-para-2023\/#primaryimage\",\"inLanguage\":\"es-AR\",\"url\":\"https:\/\/aehg-laplata.org.ar\/nueva\/wp-content\/uploads\/previaje.jpeg\",\"contentUrl\":\"https:\/\/aehg-laplata.org.ar\/nueva\/wp-content\/uploads\/previaje.jpeg\",\"width\":1280,\"height\":720},{\"@type\":\"WebPage\",\"@id\":\"https:\/\/aehg-laplata.org.ar\/nueva\/confirman-previaje-4-para-2023\/#webpage\",\"url\":\"https:\/\/aehg-laplata.org.ar\/nueva\/confirman-previaje-4-para-2023\/\",\"name\":\"Confirman PreViaje 4 para 2023 - AEHG La Plata\",\"isPartOf\":{\"@id\":\"https:\/\/aehg-laplata.org.ar\/nueva\/#website\"},\"primaryImageOfPage\":{\"@id\":\"https:\/\/aehg-laplata.org.ar\/nueva\/confirman-previaje-4-para-2023\/#primaryimage\"},\"datePublished\":\"2022-10-06T16:19:23+00:00\",\"dateModified\":\"2022-10-06T16:19:23+00:00\",\"author\":{\"@id\":\"https:\/\/aehg-laplata.org.ar\/nueva\/#\/schema\/person\/7f7b2f53bda3353446a1e6bfb4837e14\"},\"breadcrumb\":{\"@id\":\"https:\/\/aehg-laplata.org.ar\/nueva\/confirman-previaje-4-para-2023\/#breadcrumb\"},\"inLanguage\":\"es-AR\",\"potentialAction\":[{\"@type\":\"ReadAction\",\"target\":[\"https:\/\/aehg-laplata.org.ar\/nueva\/confirman-previaje-4-para-2023\/\"]}]},{\"@type\":\"BreadcrumbList\",\"@id\":\"https:\/\/aehg-laplata.org.ar\/nueva\/confirman-previaje-4-para-2023\/#breadcrumb\",\"itemListElement\":[{\"@type\":\"ListItem\",\"position\":1,\"name\":\"Inicio\",\"item\":\"https:\/\/aehg-laplata.org.ar\/nueva\/\"},{\"@type\":\"ListItem\",\"position\":2,\"name\":\"Confirman PreViaje 4 para 2023\"}]},{\"@type\":\"Person\",\"@id\":\"https:\/\/aehg-laplata.org.ar\/nueva\/#\/schema\/person\/7f7b2f53bda3353446a1e6bfb4837e14\",\"name\":\"ftosti\",\"image\":{\"@type\":\"ImageObject\",\"@id\":\"https:\/\/aehg-laplata.org.ar\/nueva\/#personlogo\",\"inLanguage\":\"es-AR\",\"url\":\"https:\/\/secure.gravatar.com\/avatar\/602f4beec51ba7ffdca86e4faf5d039c?s=96&d=mm&r=g\",\"contentUrl\":\"https:\/\/secure.gravatar.com\/avatar\/602f4beec51ba7ffdca86e4faf5d039c?s=96&d=mm&r=g\",\"caption\":\"ftosti\"},\"url\":\"https:\/\/aehg-laplata.org.ar\/nueva\/author\/ftosti\/\"}]}<\/script>\n<!-- \/ Yoast SEO plugin. -->","yoast_head_json":{"title":"Confirman PreViaje 4 para 2023 - AEHG La Plata","robots":{"index":"index","follow":"follow","max-snippet":"max-snippet:-1","max-image-preview":"max-image-preview:large","max-video-preview":"max-video-preview:-1"},"canonical":"https:\/\/aehg-laplata.org.ar\/nueva\/confirman-previaje-4-para-2023\/","og_locale":"es_ES","og_type":"article","og_title":"Confirman PreViaje 4 para 2023 - AEHG La Plata","og_description":"[vc_row][vc_column][vc_column_text] Confirman PreViaje 4 para 2023 [\/vc_column_text][\/vc_column][\/vc_row][vc_row][vc_column][vc_single_image image=&#8221;1397&#8243; img_size=&#8221;full&#8221;][\/vc_column][\/vc_row][vc_row][vc_column css=&#8221;.vc_custom_1457772902902{margin-top: -10px !important;}&#8221;][vc_column_text]El Ministerio de Turismo se\u00f1al\u00f3 que se realizar\u00e1 la...","og_url":"https:\/\/aehg-laplata.org.ar\/nueva\/confirman-previaje-4-para-2023\/","og_site_name":"AEHG La Plata","article_publisher":"https:\/\/www.facebook.com\/AehgLaPlataOK\/","article_published_time":"2022-10-06T16:19:23+00:00","og_image":[{"width":1280,"height":720,"url":"http:\/\/aehg-laplata.org.ar\/nueva\/wp-content\/uploads\/previaje.jpeg","path":"\/home\/c1070183\/public_html\/nueva\/wp-content\/uploads\/previaje.jpeg","size":"full","id":1397,"alt":"","pixels":921600,"type":"image\/jpeg"}],"twitter_card":"summary_large_image","twitter_misc":{"Escrito por":"ftosti","Tiempo de lectura":"2 minutos"},"schema":{"@context":"https:\/\/schema.org","@graph":[{"@type":"WebSite","@id":"https:\/\/aehg-laplata.org.ar\/nueva\/#website","url":"https:\/\/aehg-laplata.org.ar\/nueva\/","name":"AEHG La Plata","description":"","potentialAction":[{"@type":"SearchAction","target":{"@type":"EntryPoint","urlTemplate":"https:\/\/aehg-laplata.org.ar\/nueva\/?s={search_term_string}"},"query-input":"required name=search_term_string"}],"inLanguage":"es-AR"},{"@type":"ImageObject","@id":"https:\/\/aehg-laplata.org.ar\/nueva\/confirman-previaje-4-para-2023\/#primaryimage","inLanguage":"es-AR","url":"https:\/\/aehg-laplata.org.ar\/nueva\/wp-content\/uploads\/previaje.jpeg","contentUrl":"https:\/\/aehg-laplata.org.ar\/nueva\/wp-content\/uploads\/previaje.jpeg","width":1280,"height":720},{"@type":"WebPage","@id":"https:\/\/aehg-laplata.org.ar\/nueva\/confirman-previaje-4-para-2023\/#webpage","url":"https:\/\/aehg-laplata.org.ar\/nueva\/confirman-previaje-4-para-2023\/","name":"Confirman PreViaje 4 para 2023 - AEHG La Plata","isPartOf":{"@id":"https:\/\/aehg-laplata.org.ar\/nueva\/#website"},"primaryImageOfPage":{"@id":"https:\/\/aehg-laplata.org.ar\/nueva\/confirman-previaje-4-para-2023\/#primaryimage"},"datePublished":"2022-10-06T16:19:23+00:00","dateModified":"2022-10-06T16:19:23+00:00","author":{"@id":"https:\/\/aehg-laplata.org.ar\/nueva\/#\/schema\/person\/7f7b2f53bda3353446a1e6bfb4837e14"},"breadcrumb":{"@id":"https:\/\/aehg-laplata.org.ar\/nueva\/confirman-previaje-4-para-2023\/#breadcrumb"},"inLanguage":"es-AR","potentialAction":[{"@type":"ReadAction","target":["https:\/\/aehg-laplata.org.ar\/nueva\/confirman-previaje-4-para-2023\/"]}]},{"@type":"BreadcrumbList","@id":"https:\/\/aehg-laplata.org.ar\/nueva\/confirman-previaje-4-para-2023\/#breadcrumb","itemListElement":[{"@type":"ListItem","position":1,"name":"Inicio","item":"https:\/\/aehg-laplata.org.ar\/nueva\/"},{"@type":"ListItem","position":2,"name":"Confirman PreViaje 4 para 2023"}]},{"@type":"Person","@id":"https:\/\/aehg-laplata.org.ar\/nueva\/#\/schema\/person\/7f7b2f53bda3353446a1e6bfb4837e14","name":"ftosti","image":{"@type":"ImageObject","@id":"https:\/\/aehg-laplata.org.ar\/nueva\/#personlogo","inLanguage":"es-AR","url":"https:\/\/secure.gravatar.com\/avatar\/602f4beec51ba7ffdca86e4faf5d039c?s=96&d=mm&r=g","contentUrl":"https:\/\/secure.gravatar.com\/avatar\/602f4beec51ba7ffdca86e4faf5d039c?s=96&d=mm&r=g","caption":"ftosti"},"url":"https:\/\/aehg-laplata.org.ar\/nueva\/author\/ftosti\/"}]}},"_links":{"self":[{"href":"https:\/\/aehg-laplata.org.ar\/nueva\/wp-json\/wp\/v2\/posts\/1468"}],"collection":[{"href":"https:\/\/aehg-laplata.org.ar\/nueva\/wp-json\/wp\/v2\/posts"}],"about":[{"href":"https:\/\/aehg-laplata.org.ar\/nueva\/wp-json\/wp\/v2\/types\/post"}],"author":[{"embeddable":true,"href":"https:\/\/aehg-laplata.org.ar\/nueva\/wp-json\/wp\/v2\/users\/1"}],"replies":[{"embeddable":true,"href":"https:\/\/aehg-laplata.org.ar\/nueva\/wp-json\/wp\/v2\/comments?post=1468"}],"version-history":[{"count":1,"href":"https:\/\/aehg-laplata.org.ar\/nueva\/wp-json\/wp\/v2\/posts\/1468\/revisions"}],"predecessor-version":[{"id":1469,"href":"https:\/\/aehg-laplata.org.ar\/nueva\/wp-json\/wp\/v2\/posts\/1468\/revisions\/1469"}],"wp:featuredmedia":[{"embeddable":true,"href":"https:\/\/aehg-laplata.org.ar\/nueva\/wp-json\/wp\/v2\/media\/1397"}],"wp:attachment":[{"href":"https:\/\/aehg-laplata.org.ar\/nueva\/wp-json\/wp\/v2\/media?parent=1468"}],"wp:term":[{"taxonomy":"category","embeddable":true,"href":"https:\/\/aehg-laplata.org.ar\/nueva\/wp-json\/wp\/v2\/categories?post=1468"},{"taxonomy":"post_tag","embeddable":true,"href":"https:\/\/aehg-laplata.org.ar\/nueva\/wp-json\/wp\/v2\/tags?post=1468"}],"curies":[{"name":"wp","href":"https:\/\/api.w.org\/{rel}","templated":true}]}}