{"id":1460,"date":"2022-09-30T10:47:21","date_gmt":"2022-09-30T13:47:21","guid":{"rendered":"https:\/\/aehg-laplata.org.ar\/nueva\/?p=1460"},"modified":"2022-09-30T10:47:21","modified_gmt":"2022-09-30T13:47:21","slug":"lanzamiento-del-portal-reservar-en-escobar","status":"publish","type":"post","link":"https:\/\/aehg-laplata.org.ar\/nueva\/lanzamiento-del-portal-reservar-en-escobar\/","title":{"rendered":"Lanzamiento del Portal ReservAr en Escobar"},"content":{"rendered":"<p>[vc_row][vc_column][vc_column_text]<\/p>\n<h3 class=\"entry-title\">Lanzamiento del Portal ReservAr en Escobar<\/h3>\n<p>[\/vc_column_text][\/vc_column][\/vc_row][vc_row][vc_column][vc_single_image image=&#8221;1461&#8243; img_size=&#8221;full&#8221;][\/vc_column][\/vc_row][vc_row][vc_column css=&#8221;.vc_custom_1457772902902{margin-top: -10px !important;}&#8221;][vc_column_text]El presidente de AEHG La Plata, Claudio N. Aguilar, particip\u00f3 del lanzamiento del Portal ReservAr en el hotel Howard Johnson de Escobar, organizado en conjunto con FEHGRA y la filial anfitriona ASEN.<\/p>\n<p>Durante la presentaci\u00f3n se dio a conocer toda la informaci\u00f3n de la iniciativa, dise\u00f1ada para mejorar la rentabilidad de la oferta y ayudar a resolver la comercializaci\u00f3n digital.<\/p>\n<p>Estuvieron presentes el presidente de Filial ASEN, Alejandro Pappasidero Rico; la subsecretaria de Turismo de la provincia de Buenos Aires, Soledad Mart\u00ednez; la directora de Turismo de Berisso, Mariana Pereyra; el director de Museo de Berisso, Luis Taube; la secretaria de Turismo de Dolores, Sara Angelinetti; el secretario de Planificaci\u00f3n y Turismo de Chascom\u00fas, Leandro Otondo; representantes de la C\u00e1mara de Turismo de la Provincia y referentes del sector hotelero bonaerense, entre otras entidades.<\/p>\n<p>El Portal ReservAr se destaca por ser solidario, ya que no tiene fines de lucro, por incluir a todos los empresarios hoteleros de Argentina y por estar avalado por FEHGRA.<\/p>\n<p>La iniciativa busca mejorar la competitividad del sector, con la propuesta de incrementar los ratios de participaci\u00f3n a trav\u00e9s de las ventas directas. Asimismo, es ideal para alojamientos que no utilizan herramientas digitales, y se adapta a los establecimientos que ya poseen sus canales de venta online.<\/p>\n<p>Tambi\u00e9n promueve solo la oferta formal, ya que el \u00fanico requisito para participar es que est\u00e9n habilitados; es f\u00e1cil de utilizar, con un sistema y herramientas din\u00e1micas, flexibles y amigables. En este sentido, FEHGRA ofrece capacitaciones y soporte para que cada empresario lo aproveche al m\u00e1ximo.[\/vc_column_text][\/vc_column][\/vc_row]<\/p>\n","protected":false},"excerpt":{"rendered":"<p>[vc_row][vc_column][vc_column_text] Lanzamiento del Portal ReservAr en Escobar [\/vc_column_text][\/vc_column][\/vc_row][vc_row][vc_column][vc_single_image image=&#8221;1461&#8243; img_size=&#8221;full&#8221;][\/vc_column][\/vc_row][vc_row][vc_column css=&#8221;.vc_custom_1457772902902{margin-top: -10px !important;}&#8221;][vc_column_text]El presidente de AEHG La Plata, Claudio N&#8230;.<\/p>\n","protected":false},"author":1,"featured_media":1461,"comment_status":"closed","ping_status":"closed","sticky":false,"template":"","format":"standard","meta":[],"categories":[4],"tags":[],"yoast_head":"<!-- This site is optimized with the Yoast SEO plugin v17.2.1 - https:\/\/yoast.com\/wordpress\/plugins\/seo\/ -->\n<title>Lanzamiento del Portal ReservAr en Escobar - AEHG La Plata<\/title>\n<meta name=\"robots\" content=\"index, follow, max-snippet:-1, max-image-preview:large, max-video-preview:-1\" \/>\n<link rel=\"canonical\" href=\"https:\/\/aehg-laplata.org.ar\/nueva\/lanzamiento-del-portal-reservar-en-escobar\/\" \/>\n<meta property=\"og:locale\" content=\"es_ES\" \/>\n<meta property=\"og:type\" content=\"article\" \/>\n<meta property=\"og:title\" content=\"Lanzamiento del Portal ReservAr en Escobar - AEHG La Plata\" \/>\n<meta property=\"og:description\" content=\"[vc_row][vc_column][vc_column_text] Lanzamiento del Portal ReservAr en Escobar [\/vc_column_text][\/vc_column][\/vc_row][vc_row][vc_column][vc_single_image image=&#8221;1461&#8243; img_size=&#8221;full&#8221;][\/vc_column][\/vc_row][vc_row][vc_column css=&#8221;.vc_custom_1457772902902{margin-top: -10px !important;}&#8221;][vc_column_text]El presidente de AEHG La Plata, Claudio N....\" \/>\n<meta property=\"og:url\" content=\"https:\/\/aehg-laplata.org.ar\/nueva\/lanzamiento-del-portal-reservar-en-escobar\/\" \/>\n<meta property=\"og:site_name\" content=\"AEHG La Plata\" \/>\n<meta property=\"article:publisher\" content=\"https:\/\/www.facebook.com\/AehgLaPlataOK\/\" \/>\n<meta property=\"article:published_time\" content=\"2022-09-30T13:47:21+00:00\" \/>\n<meta property=\"og:image\" content=\"http:\/\/aehg-laplata.org.ar\/nueva\/wp-content\/uploads\/Lanzamiento-del-Portal-ReservAr-en-Escobar.jpg\" \/>\n\t<meta property=\"og:image:width\" content=\"1067\" \/>\n\t<meta property=\"og:image:height\" content=\"800\" \/>\n<meta name=\"twitter:card\" content=\"summary_large_image\" \/>\n<meta name=\"twitter:label1\" content=\"Escrito por\" \/>\n\t<meta name=\"twitter:data1\" content=\"ftosti\" \/>\n\t<meta name=\"twitter:label2\" content=\"Tiempo de lectura\" \/>\n\t<meta name=\"twitter:data2\" content=\"2 minutos\" \/>\n<script type=\"application\/ld+json\" class=\"yoast-schema-graph\">{\"@context\":\"https:\/\/schema.org\",\"@graph\":[{\"@type\":\"WebSite\",\"@id\":\"https:\/\/aehg-laplata.org.ar\/nueva\/#website\",\"url\":\"https:\/\/aehg-laplata.org.ar\/nueva\/\",\"name\":\"AEHG La Plata\",\"description\":\"\",\"potentialAction\":[{\"@type\":\"SearchAction\",\"target\":{\"@type\":\"EntryPoint\",\"urlTemplate\":\"https:\/\/aehg-laplata.org.ar\/nueva\/?s={search_term_string}\"},\"query-input\":\"required name=search_term_string\"}],\"inLanguage\":\"es-AR\"},{\"@type\":\"ImageObject\",\"@id\":\"https:\/\/aehg-laplata.org.ar\/nueva\/lanzamiento-del-portal-reservar-en-escobar\/#primaryimage\",\"inLanguage\":\"es-AR\",\"url\":\"https:\/\/aehg-laplata.org.ar\/nueva\/wp-content\/uploads\/Lanzamiento-del-Portal-ReservAr-en-Escobar.jpg\",\"contentUrl\":\"https:\/\/aehg-laplata.org.ar\/nueva\/wp-content\/uploads\/Lanzamiento-del-Portal-ReservAr-en-Escobar.jpg\",\"width\":1067,\"height\":800},{\"@type\":\"WebPage\",\"@id\":\"https:\/\/aehg-laplata.org.ar\/nueva\/lanzamiento-del-portal-reservar-en-escobar\/#webpage\",\"url\":\"https:\/\/aehg-laplata.org.ar\/nueva\/lanzamiento-del-portal-reservar-en-escobar\/\",\"name\":\"Lanzamiento del Portal ReservAr en Escobar - AEHG La Plata\",\"isPartOf\":{\"@id\":\"https:\/\/aehg-laplata.org.ar\/nueva\/#website\"},\"primaryImageOfPage\":{\"@id\":\"https:\/\/aehg-laplata.org.ar\/nueva\/lanzamiento-del-portal-reservar-en-escobar\/#primaryimage\"},\"datePublished\":\"2022-09-30T13:47:21+00:00\",\"dateModified\":\"2022-09-30T13:47:21+00:00\",\"author\":{\"@id\":\"https:\/\/aehg-laplata.org.ar\/nueva\/#\/schema\/person\/7f7b2f53bda3353446a1e6bfb4837e14\"},\"breadcrumb\":{\"@id\":\"https:\/\/aehg-laplata.org.ar\/nueva\/lanzamiento-del-portal-reservar-en-escobar\/#breadcrumb\"},\"inLanguage\":\"es-AR\",\"potentialAction\":[{\"@type\":\"ReadAction\",\"target\":[\"https:\/\/aehg-laplata.org.ar\/nueva\/lanzamiento-del-portal-reservar-en-escobar\/\"]}]},{\"@type\":\"BreadcrumbList\",\"@id\":\"https:\/\/aehg-laplata.org.ar\/nueva\/lanzamiento-del-portal-reservar-en-escobar\/#breadcrumb\",\"itemListElement\":[{\"@type\":\"ListItem\",\"position\":1,\"name\":\"Inicio\",\"item\":\"https:\/\/aehg-laplata.org.ar\/nueva\/\"},{\"@type\":\"ListItem\",\"position\":2,\"name\":\"Lanzamiento del Portal ReservAr en Escobar\"}]},{\"@type\":\"Person\",\"@id\":\"https:\/\/aehg-laplata.org.ar\/nueva\/#\/schema\/person\/7f7b2f53bda3353446a1e6bfb4837e14\",\"name\":\"ftosti\",\"image\":{\"@type\":\"ImageObject\",\"@id\":\"https:\/\/aehg-laplata.org.ar\/nueva\/#personlogo\",\"inLanguage\":\"es-AR\",\"url\":\"https:\/\/secure.gravatar.com\/avatar\/602f4beec51ba7ffdca86e4faf5d039c?s=96&d=mm&r=g\",\"contentUrl\":\"https:\/\/secure.gravatar.com\/avatar\/602f4beec51ba7ffdca86e4faf5d039c?s=96&d=mm&r=g\",\"caption\":\"ftosti\"},\"url\":\"https:\/\/aehg-laplata.org.ar\/nueva\/author\/ftosti\/\"}]}<\/script>\n<!-- \/ Yoast SEO plugin. -->","yoast_head_json":{"title":"Lanzamiento del Portal ReservAr en Escobar - AEHG La Plata","robots":{"index":"index","follow":"follow","max-snippet":"max-snippet:-1","max-image-preview":"max-image-preview:large","max-video-preview":"max-video-preview:-1"},"canonical":"https:\/\/aehg-laplata.org.ar\/nueva\/lanzamiento-del-portal-reservar-en-escobar\/","og_locale":"es_ES","og_type":"article","og_title":"Lanzamiento del Portal ReservAr en Escobar - AEHG La Plata","og_description":"[vc_row][vc_column][vc_column_text] Lanzamiento del Portal ReservAr en Escobar [\/vc_column_text][\/vc_column][\/vc_row][vc_row][vc_column][vc_single_image image=&#8221;1461&#8243; img_size=&#8221;full&#8221;][\/vc_column][\/vc_row][vc_row][vc_column css=&#8221;.vc_custom_1457772902902{margin-top: -10px !important;}&#8221;][vc_column_text]El presidente de AEHG La Plata, Claudio N....","og_url":"https:\/\/aehg-laplata.org.ar\/nueva\/lanzamiento-del-portal-reservar-en-escobar\/","og_site_name":"AEHG La Plata","article_publisher":"https:\/\/www.facebook.com\/AehgLaPlataOK\/","article_published_time":"2022-09-30T13:47:21+00:00","og_image":[{"width":1067,"height":800,"url":"http:\/\/aehg-laplata.org.ar\/nueva\/wp-content\/uploads\/Lanzamiento-del-Portal-ReservAr-en-Escobar.jpg","path":"\/home\/c1070183\/public_html\/nueva\/wp-content\/uploads\/Lanzamiento-del-Portal-ReservAr-en-Escobar.jpg","size":"full","id":1461,"alt":"","pixels":853600,"type":"image\/jpeg"}],"twitter_card":"summary_large_image","twitter_misc":{"Escrito por":"ftosti","Tiempo de lectura":"2 minutos"},"schema":{"@context":"https:\/\/schema.org","@graph":[{"@type":"WebSite","@id":"https:\/\/aehg-laplata.org.ar\/nueva\/#website","url":"https:\/\/aehg-laplata.org.ar\/nueva\/","name":"AEHG La Plata","description":"","potentialAction":[{"@type":"SearchAction","target":{"@type":"EntryPoint","urlTemplate":"https:\/\/aehg-laplata.org.ar\/nueva\/?s={search_term_string}"},"query-input":"required name=search_term_string"}],"inLanguage":"es-AR"},{"@type":"ImageObject","@id":"https:\/\/aehg-laplata.org.ar\/nueva\/lanzamiento-del-portal-reservar-en-escobar\/#primaryimage","inLanguage":"es-AR","url":"https:\/\/aehg-laplata.org.ar\/nueva\/wp-content\/uploads\/Lanzamiento-del-Portal-ReservAr-en-Escobar.jpg","contentUrl":"https:\/\/aehg-laplata.org.ar\/nueva\/wp-content\/uploads\/Lanzamiento-del-Portal-ReservAr-en-Escobar.jpg","width":1067,"height":800},{"@type":"WebPage","@id":"https:\/\/aehg-laplata.org.ar\/nueva\/lanzamiento-del-portal-reservar-en-escobar\/#webpage","url":"https:\/\/aehg-laplata.org.ar\/nueva\/lanzamiento-del-portal-reservar-en-escobar\/","name":"Lanzamiento del Portal ReservAr en Escobar - AEHG La Plata","isPartOf":{"@id":"https:\/\/aehg-laplata.org.ar\/nueva\/#website"},"primaryImageOfPage":{"@id":"https:\/\/aehg-laplata.org.ar\/nueva\/lanzamiento-del-portal-reservar-en-escobar\/#primaryimage"},"datePublished":"2022-09-30T13:47:21+00:00","dateModified":"2022-09-30T13:47:21+00:00","author":{"@id":"https:\/\/aehg-laplata.org.ar\/nueva\/#\/schema\/person\/7f7b2f53bda3353446a1e6bfb4837e14"},"breadcrumb":{"@id":"https:\/\/aehg-laplata.org.ar\/nueva\/lanzamiento-del-portal-reservar-en-escobar\/#breadcrumb"},"inLanguage":"es-AR","potentialAction":[{"@type":"ReadAction","target":["https:\/\/aehg-laplata.org.ar\/nueva\/lanzamiento-del-portal-reservar-en-escobar\/"]}]},{"@type":"BreadcrumbList","@id":"https:\/\/aehg-laplata.org.ar\/nueva\/lanzamiento-del-portal-reservar-en-escobar\/#breadcrumb","itemListElement":[{"@type":"ListItem","position":1,"name":"Inicio","item":"https:\/\/aehg-laplata.org.ar\/nueva\/"},{"@type":"ListItem","position":2,"name":"Lanzamiento del Portal ReservAr en Escobar"}]},{"@type":"Person","@id":"https:\/\/aehg-laplata.org.ar\/nueva\/#\/schema\/person\/7f7b2f53bda3353446a1e6bfb4837e14","name":"ftosti","image":{"@type":"ImageObject","@id":"https:\/\/aehg-laplata.org.ar\/nueva\/#personlogo","inLanguage":"es-AR","url":"https:\/\/secure.gravatar.com\/avatar\/602f4beec51ba7ffdca86e4faf5d039c?s=96&d=mm&r=g","contentUrl":"https:\/\/secure.gravatar.com\/avatar\/602f4beec51ba7ffdca86e4faf5d039c?s=96&d=mm&r=g","caption":"ftosti"},"url":"https:\/\/aehg-laplata.org.ar\/nueva\/author\/ftosti\/"}]}},"_links":{"self":[{"href":"https:\/\/aehg-laplata.org.ar\/nueva\/wp-json\/wp\/v2\/posts\/1460"}],"collection":[{"href":"https:\/\/aehg-laplata.org.ar\/nueva\/wp-json\/wp\/v2\/posts"}],"about":[{"href":"https:\/\/aehg-laplata.org.ar\/nueva\/wp-json\/wp\/v2\/types\/post"}],"author":[{"embeddable":true,"href":"https:\/\/aehg-laplata.org.ar\/nueva\/wp-json\/wp\/v2\/users\/1"}],"replies":[{"embeddable":true,"href":"https:\/\/aehg-laplata.org.ar\/nueva\/wp-json\/wp\/v2\/comments?post=1460"}],"version-history":[{"count":1,"href":"https:\/\/aehg-laplata.org.ar\/nueva\/wp-json\/wp\/v2\/posts\/1460\/revisions"}],"predecessor-version":[{"id":1462,"href":"https:\/\/aehg-laplata.org.ar\/nueva\/wp-json\/wp\/v2\/posts\/1460\/revisions\/1462"}],"wp:featuredmedia":[{"embeddable":true,"href":"https:\/\/aehg-laplata.org.ar\/nueva\/wp-json\/wp\/v2\/media\/1461"}],"wp:attachment":[{"href":"https:\/\/aehg-laplata.org.ar\/nueva\/wp-json\/wp\/v2\/media?parent=1460"}],"wp:term":[{"taxonomy":"category","embeddable":true,"href":"https:\/\/aehg-laplata.org.ar\/nueva\/wp-json\/wp\/v2\/categories?post=1460"},{"taxonomy":"post_tag","embeddable":true,"href":"https:\/\/aehg-laplata.org.ar\/nueva\/wp-json\/wp\/v2\/tags?post=1460"}],"curies":[{"name":"wp","href":"https:\/\/api.w.org\/{rel}","templated":true}]}}