{"id":1441,"date":"2022-09-20T11:50:57","date_gmt":"2022-09-20T14:50:57","guid":{"rendered":"https:\/\/aehg-laplata.org.ar\/nueva\/?p=1441"},"modified":"2022-09-22T10:34:16","modified_gmt":"2022-09-22T13:34:16","slug":"amplia-convocatoria-en-jornada-de-capacitacion-en-roles-esenciales","status":"publish","type":"post","link":"https:\/\/aehg-laplata.org.ar\/nueva\/amplia-convocatoria-en-jornada-de-capacitacion-en-roles-esenciales\/","title":{"rendered":"Amplia convocatoria en jornada de capacitaci\u00f3n en Roles Esenciales"},"content":{"rendered":"<p>[vc_row][vc_column][vc_column_text]<\/p>\n<h3 class=\"entry-title\">Amplia convocatoria en jornada de capacitaci\u00f3n en Roles Esenciales<\/h3>\n<p>[\/vc_column_text][\/vc_column][\/vc_row][vc_row][vc_column][vc_single_image image=&#8221;1444&#8243; img_size=&#8221;full&#8221;][\/vc_column][\/vc_row][vc_row][vc_column css=&#8221;.vc_custom_1457772902902{margin-top: -10px !important;}&#8221;][vc_column_text]El presidente de AEHG La Plata, Claudio N. Aguilar, particip\u00f3 del acto inaugural del Programa de Capacitaci\u00f3n \u201cRoles Esenciales en Hoteler\u00eda y Gastronom\u00eda\u201d, impulsado por el Ministerio de Turismo y Deportes de la Naci\u00f3n, la Federaci\u00f3n Empresaria Hotelera Gastron\u00f3mica de la Rep\u00fablica Argentina (FEHGRA), AEHG La Plata y el municipio de Ituzaing\u00f3.<\/p>\n<p>La primera jornada de formaci\u00f3n fue sobre Atenci\u00f3n al Cliente y se realiz\u00f3 en el Polideportivo La Torcaza, de Ituzaing\u00f3.<\/p>\n<p>Cont\u00f3 con la presencia del intendente local, Alberto Descalzo; la subsecretaria de Calidad, Accesibilidad y Sustentabilidad del MINTUR, Mar\u00eda In\u00e9s Albergucci; el titular de la Unidad Ejecutora del Programa Nacional de inclusi\u00f3n local Potenciar Trabajo del Ministerio de Desarrollo Social de la Naci\u00f3n, Pablo Pais; la asesora del Ministerio de Desarrollo Social de la Naci\u00f3n, Jesica Di Battista; la directora general de Desarrollo Econ\u00f3mico local, Natalia Lazzeri; y la directora de Empleo y Capacitaci\u00f3n, Yamila Marzorati.<\/p>\n<p>La iniciativa nace para brindar herramientas profesionales a personas que no han trabajado a\u00fan en hoteler\u00eda o gastronom\u00eda, o que est\u00e1n en busca de su primer empleo. El objetivo es integrarlos al sector econ\u00f3mico formal y profesional.[\/vc_column_text][\/vc_column][\/vc_row]<\/p>\n","protected":false},"excerpt":{"rendered":"<p>[vc_row][vc_column][vc_column_text] Amplia convocatoria en jornada de capacitaci\u00f3n en Roles Esenciales [\/vc_column_text][\/vc_column][\/vc_row][vc_row][vc_column][vc_single_image image=&#8221;1444&#8243; img_size=&#8221;full&#8221;][\/vc_column][\/vc_row][vc_row][vc_column css=&#8221;.vc_custom_1457772902902{margin-top: -10px !important;}&#8221;][vc_column_text]El presidente de AEHG La&#8230;<\/p>\n","protected":false},"author":1,"featured_media":1444,"comment_status":"closed","ping_status":"closed","sticky":false,"template":"","format":"standard","meta":[],"categories":[4],"tags":[],"yoast_head":"<!-- This site is optimized with the Yoast SEO plugin v17.2.1 - https:\/\/yoast.com\/wordpress\/plugins\/seo\/ -->\n<title>Amplia convocatoria en jornada de capacitaci\u00f3n en Roles Esenciales - AEHG La Plata<\/title>\n<meta name=\"robots\" content=\"index, follow, max-snippet:-1, max-image-preview:large, max-video-preview:-1\" \/>\n<link rel=\"canonical\" href=\"https:\/\/aehg-laplata.org.ar\/nueva\/amplia-convocatoria-en-jornada-de-capacitacion-en-roles-esenciales\/\" \/>\n<meta property=\"og:locale\" content=\"es_ES\" \/>\n<meta property=\"og:type\" content=\"article\" \/>\n<meta property=\"og:title\" content=\"Amplia convocatoria en jornada de capacitaci\u00f3n en Roles Esenciales - AEHG La Plata\" \/>\n<meta property=\"og:description\" content=\"[vc_row][vc_column][vc_column_text] Amplia convocatoria en jornada de capacitaci\u00f3n en Roles Esenciales [\/vc_column_text][\/vc_column][\/vc_row][vc_row][vc_column][vc_single_image image=&#8221;1444&#8243; img_size=&#8221;full&#8221;][\/vc_column][\/vc_row][vc_row][vc_column css=&#8221;.vc_custom_1457772902902{margin-top: -10px !important;}&#8221;][vc_column_text]El presidente de AEHG La...\" \/>\n<meta property=\"og:url\" content=\"https:\/\/aehg-laplata.org.ar\/nueva\/amplia-convocatoria-en-jornada-de-capacitacion-en-roles-esenciales\/\" \/>\n<meta property=\"og:site_name\" content=\"AEHG La Plata\" \/>\n<meta property=\"article:publisher\" content=\"https:\/\/www.facebook.com\/AehgLaPlataOK\/\" \/>\n<meta property=\"article:published_time\" content=\"2022-09-20T14:50:57+00:00\" \/>\n<meta property=\"article:modified_time\" content=\"2022-09-22T13:34:16+00:00\" \/>\n<meta property=\"og:image\" content=\"http:\/\/aehg-laplata.org.ar\/nueva\/wp-content\/uploads\/1-5.jpeg\" \/>\n\t<meta property=\"og:image:width\" content=\"1040\" \/>\n\t<meta property=\"og:image:height\" content=\"492\" \/>\n<meta name=\"twitter:card\" content=\"summary_large_image\" \/>\n<meta name=\"twitter:label1\" content=\"Escrito por\" \/>\n\t<meta name=\"twitter:data1\" content=\"ftosti\" \/>\n\t<meta name=\"twitter:label2\" content=\"Tiempo de lectura\" \/>\n\t<meta name=\"twitter:data2\" content=\"1 minuto\" \/>\n<script type=\"application\/ld+json\" class=\"yoast-schema-graph\">{\"@context\":\"https:\/\/schema.org\",\"@graph\":[{\"@type\":\"WebSite\",\"@id\":\"https:\/\/aehg-laplata.org.ar\/nueva\/#website\",\"url\":\"https:\/\/aehg-laplata.org.ar\/nueva\/\",\"name\":\"AEHG La Plata\",\"description\":\"\",\"potentialAction\":[{\"@type\":\"SearchAction\",\"target\":{\"@type\":\"EntryPoint\",\"urlTemplate\":\"https:\/\/aehg-laplata.org.ar\/nueva\/?s={search_term_string}\"},\"query-input\":\"required name=search_term_string\"}],\"inLanguage\":\"es-AR\"},{\"@type\":\"ImageObject\",\"@id\":\"https:\/\/aehg-laplata.org.ar\/nueva\/amplia-convocatoria-en-jornada-de-capacitacion-en-roles-esenciales\/#primaryimage\",\"inLanguage\":\"es-AR\",\"url\":\"https:\/\/aehg-laplata.org.ar\/nueva\/wp-content\/uploads\/1-5.jpeg\",\"contentUrl\":\"https:\/\/aehg-laplata.org.ar\/nueva\/wp-content\/uploads\/1-5.jpeg\",\"width\":1040,\"height\":492},{\"@type\":\"WebPage\",\"@id\":\"https:\/\/aehg-laplata.org.ar\/nueva\/amplia-convocatoria-en-jornada-de-capacitacion-en-roles-esenciales\/#webpage\",\"url\":\"https:\/\/aehg-laplata.org.ar\/nueva\/amplia-convocatoria-en-jornada-de-capacitacion-en-roles-esenciales\/\",\"name\":\"Amplia convocatoria en jornada de capacitaci\\u00f3n en Roles Esenciales - AEHG La Plata\",\"isPartOf\":{\"@id\":\"https:\/\/aehg-laplata.org.ar\/nueva\/#website\"},\"primaryImageOfPage\":{\"@id\":\"https:\/\/aehg-laplata.org.ar\/nueva\/amplia-convocatoria-en-jornada-de-capacitacion-en-roles-esenciales\/#primaryimage\"},\"datePublished\":\"2022-09-20T14:50:57+00:00\",\"dateModified\":\"2022-09-22T13:34:16+00:00\",\"author\":{\"@id\":\"https:\/\/aehg-laplata.org.ar\/nueva\/#\/schema\/person\/7f7b2f53bda3353446a1e6bfb4837e14\"},\"breadcrumb\":{\"@id\":\"https:\/\/aehg-laplata.org.ar\/nueva\/amplia-convocatoria-en-jornada-de-capacitacion-en-roles-esenciales\/#breadcrumb\"},\"inLanguage\":\"es-AR\",\"potentialAction\":[{\"@type\":\"ReadAction\",\"target\":[\"https:\/\/aehg-laplata.org.ar\/nueva\/amplia-convocatoria-en-jornada-de-capacitacion-en-roles-esenciales\/\"]}]},{\"@type\":\"BreadcrumbList\",\"@id\":\"https:\/\/aehg-laplata.org.ar\/nueva\/amplia-convocatoria-en-jornada-de-capacitacion-en-roles-esenciales\/#breadcrumb\",\"itemListElement\":[{\"@type\":\"ListItem\",\"position\":1,\"name\":\"Inicio\",\"item\":\"https:\/\/aehg-laplata.org.ar\/nueva\/\"},{\"@type\":\"ListItem\",\"position\":2,\"name\":\"Amplia convocatoria en jornada de capacitaci\\u00f3n en Roles Esenciales\"}]},{\"@type\":\"Person\",\"@id\":\"https:\/\/aehg-laplata.org.ar\/nueva\/#\/schema\/person\/7f7b2f53bda3353446a1e6bfb4837e14\",\"name\":\"ftosti\",\"image\":{\"@type\":\"ImageObject\",\"@id\":\"https:\/\/aehg-laplata.org.ar\/nueva\/#personlogo\",\"inLanguage\":\"es-AR\",\"url\":\"https:\/\/secure.gravatar.com\/avatar\/602f4beec51ba7ffdca86e4faf5d039c?s=96&d=mm&r=g\",\"contentUrl\":\"https:\/\/secure.gravatar.com\/avatar\/602f4beec51ba7ffdca86e4faf5d039c?s=96&d=mm&r=g\",\"caption\":\"ftosti\"},\"url\":\"https:\/\/aehg-laplata.org.ar\/nueva\/author\/ftosti\/\"}]}<\/script>\n<!-- \/ Yoast SEO plugin. -->","yoast_head_json":{"title":"Amplia convocatoria en jornada de capacitaci\u00f3n en Roles Esenciales - AEHG La Plata","robots":{"index":"index","follow":"follow","max-snippet":"max-snippet:-1","max-image-preview":"max-image-preview:large","max-video-preview":"max-video-preview:-1"},"canonical":"https:\/\/aehg-laplata.org.ar\/nueva\/amplia-convocatoria-en-jornada-de-capacitacion-en-roles-esenciales\/","og_locale":"es_ES","og_type":"article","og_title":"Amplia convocatoria en jornada de capacitaci\u00f3n en Roles Esenciales - AEHG La Plata","og_description":"[vc_row][vc_column][vc_column_text] Amplia convocatoria en jornada de capacitaci\u00f3n en Roles Esenciales [\/vc_column_text][\/vc_column][\/vc_row][vc_row][vc_column][vc_single_image image=&#8221;1444&#8243; img_size=&#8221;full&#8221;][\/vc_column][\/vc_row][vc_row][vc_column css=&#8221;.vc_custom_1457772902902{margin-top: -10px !important;}&#8221;][vc_column_text]El presidente de AEHG La...","og_url":"https:\/\/aehg-laplata.org.ar\/nueva\/amplia-convocatoria-en-jornada-de-capacitacion-en-roles-esenciales\/","og_site_name":"AEHG La Plata","article_publisher":"https:\/\/www.facebook.com\/AehgLaPlataOK\/","article_published_time":"2022-09-20T14:50:57+00:00","article_modified_time":"2022-09-22T13:34:16+00:00","og_image":[{"width":1040,"height":492,"url":"http:\/\/aehg-laplata.org.ar\/nueva\/wp-content\/uploads\/1-5.jpeg","path":"\/home\/c1070183\/public_html\/nueva\/wp-content\/uploads\/1-5.jpeg","size":"full","id":1444,"alt":"","pixels":511680,"type":"image\/jpeg"}],"twitter_card":"summary_large_image","twitter_misc":{"Escrito por":"ftosti","Tiempo de lectura":"1 minuto"},"schema":{"@context":"https:\/\/schema.org","@graph":[{"@type":"WebSite","@id":"https:\/\/aehg-laplata.org.ar\/nueva\/#website","url":"https:\/\/aehg-laplata.org.ar\/nueva\/","name":"AEHG La Plata","description":"","potentialAction":[{"@type":"SearchAction","target":{"@type":"EntryPoint","urlTemplate":"https:\/\/aehg-laplata.org.ar\/nueva\/?s={search_term_string}"},"query-input":"required name=search_term_string"}],"inLanguage":"es-AR"},{"@type":"ImageObject","@id":"https:\/\/aehg-laplata.org.ar\/nueva\/amplia-convocatoria-en-jornada-de-capacitacion-en-roles-esenciales\/#primaryimage","inLanguage":"es-AR","url":"https:\/\/aehg-laplata.org.ar\/nueva\/wp-content\/uploads\/1-5.jpeg","contentUrl":"https:\/\/aehg-laplata.org.ar\/nueva\/wp-content\/uploads\/1-5.jpeg","width":1040,"height":492},{"@type":"WebPage","@id":"https:\/\/aehg-laplata.org.ar\/nueva\/amplia-convocatoria-en-jornada-de-capacitacion-en-roles-esenciales\/#webpage","url":"https:\/\/aehg-laplata.org.ar\/nueva\/amplia-convocatoria-en-jornada-de-capacitacion-en-roles-esenciales\/","name":"Amplia convocatoria en jornada de capacitaci\u00f3n en Roles Esenciales - AEHG La Plata","isPartOf":{"@id":"https:\/\/aehg-laplata.org.ar\/nueva\/#website"},"primaryImageOfPage":{"@id":"https:\/\/aehg-laplata.org.ar\/nueva\/amplia-convocatoria-en-jornada-de-capacitacion-en-roles-esenciales\/#primaryimage"},"datePublished":"2022-09-20T14:50:57+00:00","dateModified":"2022-09-22T13:34:16+00:00","author":{"@id":"https:\/\/aehg-laplata.org.ar\/nueva\/#\/schema\/person\/7f7b2f53bda3353446a1e6bfb4837e14"},"breadcrumb":{"@id":"https:\/\/aehg-laplata.org.ar\/nueva\/amplia-convocatoria-en-jornada-de-capacitacion-en-roles-esenciales\/#breadcrumb"},"inLanguage":"es-AR","potentialAction":[{"@type":"ReadAction","target":["https:\/\/aehg-laplata.org.ar\/nueva\/amplia-convocatoria-en-jornada-de-capacitacion-en-roles-esenciales\/"]}]},{"@type":"BreadcrumbList","@id":"https:\/\/aehg-laplata.org.ar\/nueva\/amplia-convocatoria-en-jornada-de-capacitacion-en-roles-esenciales\/#breadcrumb","itemListElement":[{"@type":"ListItem","position":1,"name":"Inicio","item":"https:\/\/aehg-laplata.org.ar\/nueva\/"},{"@type":"ListItem","position":2,"name":"Amplia convocatoria en jornada de capacitaci\u00f3n en Roles Esenciales"}]},{"@type":"Person","@id":"https:\/\/aehg-laplata.org.ar\/nueva\/#\/schema\/person\/7f7b2f53bda3353446a1e6bfb4837e14","name":"ftosti","image":{"@type":"ImageObject","@id":"https:\/\/aehg-laplata.org.ar\/nueva\/#personlogo","inLanguage":"es-AR","url":"https:\/\/secure.gravatar.com\/avatar\/602f4beec51ba7ffdca86e4faf5d039c?s=96&d=mm&r=g","contentUrl":"https:\/\/secure.gravatar.com\/avatar\/602f4beec51ba7ffdca86e4faf5d039c?s=96&d=mm&r=g","caption":"ftosti"},"url":"https:\/\/aehg-laplata.org.ar\/nueva\/author\/ftosti\/"}]}},"_links":{"self":[{"href":"https:\/\/aehg-laplata.org.ar\/nueva\/wp-json\/wp\/v2\/posts\/1441"}],"collection":[{"href":"https:\/\/aehg-laplata.org.ar\/nueva\/wp-json\/wp\/v2\/posts"}],"about":[{"href":"https:\/\/aehg-laplata.org.ar\/nueva\/wp-json\/wp\/v2\/types\/post"}],"author":[{"embeddable":true,"href":"https:\/\/aehg-laplata.org.ar\/nueva\/wp-json\/wp\/v2\/users\/1"}],"replies":[{"embeddable":true,"href":"https:\/\/aehg-laplata.org.ar\/nueva\/wp-json\/wp\/v2\/comments?post=1441"}],"version-history":[{"count":3,"href":"https:\/\/aehg-laplata.org.ar\/nueva\/wp-json\/wp\/v2\/posts\/1441\/revisions"}],"predecessor-version":[{"id":1446,"href":"https:\/\/aehg-laplata.org.ar\/nueva\/wp-json\/wp\/v2\/posts\/1441\/revisions\/1446"}],"wp:featuredmedia":[{"embeddable":true,"href":"https:\/\/aehg-laplata.org.ar\/nueva\/wp-json\/wp\/v2\/media\/1444"}],"wp:attachment":[{"href":"https:\/\/aehg-laplata.org.ar\/nueva\/wp-json\/wp\/v2\/media?parent=1441"}],"wp:term":[{"taxonomy":"category","embeddable":true,"href":"https:\/\/aehg-laplata.org.ar\/nueva\/wp-json\/wp\/v2\/categories?post=1441"},{"taxonomy":"post_tag","embeddable":true,"href":"https:\/\/aehg-laplata.org.ar\/nueva\/wp-json\/wp\/v2\/tags?post=1441"}],"curies":[{"name":"wp","href":"https:\/\/api.w.org\/{rel}","templated":true}]}}