{"id":1426,"date":"2022-08-31T15:40:37","date_gmt":"2022-08-31T18:40:37","guid":{"rendered":"https:\/\/aehg-laplata.org.ar\/nueva\/?p=1426"},"modified":"2022-08-31T15:40:37","modified_gmt":"2022-08-31T18:40:37","slug":"aehg-la-plata-asistio-a-la-inauguracion-de-la-18-edicion-de-hotelga","status":"publish","type":"post","link":"https:\/\/aehg-laplata.org.ar\/nueva\/aehg-la-plata-asistio-a-la-inauguracion-de-la-18-edicion-de-hotelga\/","title":{"rendered":"AEHG La Plata asisti\u00f3 a la inauguraci\u00f3n de la 18\u00b0 edici\u00f3n de HOTELGA"},"content":{"rendered":"<p>[vc_row][vc_column][vc_column_text]<\/p>\n<h3 class=\"entry-title\">AEHG La Plata asisti\u00f3 a la inauguraci\u00f3n de la 18\u00b0 edici\u00f3n de HOTELGA<\/h3>\n<p>[\/vc_column_text][\/vc_column][\/vc_row][vc_row][vc_column][vc_single_image image=&#8221;1427&#8243; img_size=&#8221;full&#8221;][\/vc_column][\/vc_row][vc_row][vc_column css=&#8221;.vc_custom_1457772902902{margin-top: -10px !important;}&#8221;][vc_column_text]El d\u00eda 30 de agosto se llev\u00f3 a cabo la inauguraci\u00f3n de la 18\u00b0 edici\u00f3n de la feria Nacional HOTELGA, encuentro anual de la Hoteler\u00eda y Gastronom\u00eda que convoca a las principales empresas, distribuidores, fabricantes y representantes del sector.<\/p>\n<p>La ceremonia de inauguraci\u00f3n estuvo encabezada por el ministro de Turismo y Deportes de la Naci\u00f3n, Mat\u00edas Lammens; los organizadores del evento Fernando Desbots (presidente de la Federaci\u00f3n Empresaria Hotelera Gastron\u00f3mica de la Rep\u00fablica Argentina-FEHGRA), Roberto Amengual (presidente de la Asociaci\u00f3n de Hoteles de Turismo de la Rep\u00fablica Argentina-AHT) y Enrique Pepino (presidente de Ferias Argentinas S.A); junto a la Secretaria de Promoci\u00f3n Tur\u00edstica de la Naci\u00f3n, Yanina Mart\u00ednez; el presidente de la C\u00e1mara Argentina de Turismo (CAT) Gustavo Hani; el presidente del Ente de Turismo de la Ciudad de Buenos Aires, Lucas Delfino y el presidente del Consejo Federal de Turismo (CFT), Sebasti\u00e1n Giobellina.<\/p>\n<p>En representaci\u00f3n de la AEHG La Plata estuvieron presentes, el presidente Claudio N. Aguilar, el vocal titular 1\u00b0 Juan Ignacio Contin, el revisor de cuentas suplente 1\u00b0 Jos\u00e9 Augusto Boccabella, el revisor de cuentas suplente 1\u00b0 Juan Ignacio Castoldi.<\/p>\n<p>Entre las novedades de este a\u00f1o, por primera vez, HOTELGA abrir\u00e1 sus puertas al visitante general para sectores espec\u00edficos en los que podr\u00e1n presenciar las finales de 15 equipos del Torneo Federal de Chefs; disfrutar de las presentaciones del Concurso de Hoteler\u00eda Sustentable de Argentina; participar de la Jornada Sustentable en el marco de los 10 a\u00f1os del programa Hoteles m\u00e1s Verdes e ingresar al sector de Vinos de Argentina, edici\u00f3n especial, con la presencia de m\u00e1s de 30 bodegas.[\/vc_column_text][\/vc_column][\/vc_row]<\/p>\n","protected":false},"excerpt":{"rendered":"<p>[vc_row][vc_column][vc_column_text] AEHG La Plata asisti\u00f3 a la inauguraci\u00f3n de la 18\u00b0 edici\u00f3n de HOTELGA [\/vc_column_text][\/vc_column][\/vc_row][vc_row][vc_column][vc_single_image image=&#8221;1427&#8243; img_size=&#8221;full&#8221;][\/vc_column][\/vc_row][vc_row][vc_column css=&#8221;.vc_custom_1457772902902{margin-top: -10px !important;}&#8221;][vc_column_text]El&#8230;<\/p>\n","protected":false},"author":1,"featured_media":1427,"comment_status":"closed","ping_status":"closed","sticky":false,"template":"","format":"standard","meta":[],"categories":[4],"tags":[],"yoast_head":"<!-- This site is optimized with the Yoast SEO plugin v17.2.1 - https:\/\/yoast.com\/wordpress\/plugins\/seo\/ -->\n<title>AEHG La Plata asisti\u00f3 a la inauguraci\u00f3n de la 18\u00b0 edici\u00f3n de HOTELGA - AEHG La Plata<\/title>\n<meta name=\"robots\" content=\"index, follow, max-snippet:-1, max-image-preview:large, max-video-preview:-1\" \/>\n<link rel=\"canonical\" href=\"https:\/\/aehg-laplata.org.ar\/nueva\/aehg-la-plata-asistio-a-la-inauguracion-de-la-18-edicion-de-hotelga\/\" \/>\n<meta property=\"og:locale\" content=\"es_ES\" \/>\n<meta property=\"og:type\" content=\"article\" \/>\n<meta property=\"og:title\" content=\"AEHG La Plata asisti\u00f3 a la inauguraci\u00f3n de la 18\u00b0 edici\u00f3n de HOTELGA - AEHG La Plata\" \/>\n<meta property=\"og:description\" content=\"[vc_row][vc_column][vc_column_text] AEHG La Plata asisti\u00f3 a la inauguraci\u00f3n de la 18\u00b0 edici\u00f3n de HOTELGA [\/vc_column_text][\/vc_column][\/vc_row][vc_row][vc_column][vc_single_image image=&#8221;1427&#8243; img_size=&#8221;full&#8221;][\/vc_column][\/vc_row][vc_row][vc_column css=&#8221;.vc_custom_1457772902902{margin-top: -10px !important;}&#8221;][vc_column_text]El...\" \/>\n<meta property=\"og:url\" content=\"https:\/\/aehg-laplata.org.ar\/nueva\/aehg-la-plata-asistio-a-la-inauguracion-de-la-18-edicion-de-hotelga\/\" \/>\n<meta property=\"og:site_name\" content=\"AEHG La Plata\" \/>\n<meta property=\"article:publisher\" content=\"https:\/\/www.facebook.com\/AehgLaPlataOK\/\" \/>\n<meta property=\"article:published_time\" content=\"2022-08-31T18:40:37+00:00\" \/>\n<meta property=\"og:image\" content=\"http:\/\/aehg-laplata.org.ar\/nueva\/wp-content\/uploads\/AEHG-La-Plata-asistio-a-la-inauguracion-de-la-18\u00b0-edicion-de-HOTELGA.jpg\" \/>\n\t<meta property=\"og:image:width\" content=\"1498\" \/>\n\t<meta property=\"og:image:height\" content=\"933\" \/>\n<meta name=\"twitter:card\" content=\"summary_large_image\" \/>\n<meta name=\"twitter:label1\" content=\"Escrito por\" \/>\n\t<meta name=\"twitter:data1\" content=\"ftosti\" \/>\n\t<meta name=\"twitter:label2\" content=\"Tiempo de lectura\" \/>\n\t<meta name=\"twitter:data2\" content=\"2 minutos\" \/>\n<script type=\"application\/ld+json\" class=\"yoast-schema-graph\">{\"@context\":\"https:\/\/schema.org\",\"@graph\":[{\"@type\":\"WebSite\",\"@id\":\"https:\/\/aehg-laplata.org.ar\/nueva\/#website\",\"url\":\"https:\/\/aehg-laplata.org.ar\/nueva\/\",\"name\":\"AEHG La Plata\",\"description\":\"\",\"potentialAction\":[{\"@type\":\"SearchAction\",\"target\":{\"@type\":\"EntryPoint\",\"urlTemplate\":\"https:\/\/aehg-laplata.org.ar\/nueva\/?s={search_term_string}\"},\"query-input\":\"required name=search_term_string\"}],\"inLanguage\":\"es-AR\"},{\"@type\":\"ImageObject\",\"@id\":\"https:\/\/aehg-laplata.org.ar\/nueva\/aehg-la-plata-asistio-a-la-inauguracion-de-la-18-edicion-de-hotelga\/#primaryimage\",\"inLanguage\":\"es-AR\",\"url\":\"https:\/\/aehg-laplata.org.ar\/nueva\/wp-content\/uploads\/AEHG-La-Plata-asistio-a-la-inauguracion-de-la-18\\u00b0-edicion-de-HOTELGA.jpg\",\"contentUrl\":\"https:\/\/aehg-laplata.org.ar\/nueva\/wp-content\/uploads\/AEHG-La-Plata-asistio-a-la-inauguracion-de-la-18\\u00b0-edicion-de-HOTELGA.jpg\",\"width\":1498,\"height\":933},{\"@type\":\"WebPage\",\"@id\":\"https:\/\/aehg-laplata.org.ar\/nueva\/aehg-la-plata-asistio-a-la-inauguracion-de-la-18-edicion-de-hotelga\/#webpage\",\"url\":\"https:\/\/aehg-laplata.org.ar\/nueva\/aehg-la-plata-asistio-a-la-inauguracion-de-la-18-edicion-de-hotelga\/\",\"name\":\"AEHG La Plata asisti\\u00f3 a la inauguraci\\u00f3n de la 18\\u00b0 edici\\u00f3n de HOTELGA - AEHG La Plata\",\"isPartOf\":{\"@id\":\"https:\/\/aehg-laplata.org.ar\/nueva\/#website\"},\"primaryImageOfPage\":{\"@id\":\"https:\/\/aehg-laplata.org.ar\/nueva\/aehg-la-plata-asistio-a-la-inauguracion-de-la-18-edicion-de-hotelga\/#primaryimage\"},\"datePublished\":\"2022-08-31T18:40:37+00:00\",\"dateModified\":\"2022-08-31T18:40:37+00:00\",\"author\":{\"@id\":\"https:\/\/aehg-laplata.org.ar\/nueva\/#\/schema\/person\/7f7b2f53bda3353446a1e6bfb4837e14\"},\"breadcrumb\":{\"@id\":\"https:\/\/aehg-laplata.org.ar\/nueva\/aehg-la-plata-asistio-a-la-inauguracion-de-la-18-edicion-de-hotelga\/#breadcrumb\"},\"inLanguage\":\"es-AR\",\"potentialAction\":[{\"@type\":\"ReadAction\",\"target\":[\"https:\/\/aehg-laplata.org.ar\/nueva\/aehg-la-plata-asistio-a-la-inauguracion-de-la-18-edicion-de-hotelga\/\"]}]},{\"@type\":\"BreadcrumbList\",\"@id\":\"https:\/\/aehg-laplata.org.ar\/nueva\/aehg-la-plata-asistio-a-la-inauguracion-de-la-18-edicion-de-hotelga\/#breadcrumb\",\"itemListElement\":[{\"@type\":\"ListItem\",\"position\":1,\"name\":\"Inicio\",\"item\":\"https:\/\/aehg-laplata.org.ar\/nueva\/\"},{\"@type\":\"ListItem\",\"position\":2,\"name\":\"AEHG La Plata asisti\\u00f3 a la inauguraci\\u00f3n de la 18\\u00b0 edici\\u00f3n de HOTELGA\"}]},{\"@type\":\"Person\",\"@id\":\"https:\/\/aehg-laplata.org.ar\/nueva\/#\/schema\/person\/7f7b2f53bda3353446a1e6bfb4837e14\",\"name\":\"ftosti\",\"image\":{\"@type\":\"ImageObject\",\"@id\":\"https:\/\/aehg-laplata.org.ar\/nueva\/#personlogo\",\"inLanguage\":\"es-AR\",\"url\":\"https:\/\/secure.gravatar.com\/avatar\/602f4beec51ba7ffdca86e4faf5d039c?s=96&d=mm&r=g\",\"contentUrl\":\"https:\/\/secure.gravatar.com\/avatar\/602f4beec51ba7ffdca86e4faf5d039c?s=96&d=mm&r=g\",\"caption\":\"ftosti\"},\"url\":\"https:\/\/aehg-laplata.org.ar\/nueva\/author\/ftosti\/\"}]}<\/script>\n<!-- \/ Yoast SEO plugin. -->","yoast_head_json":{"title":"AEHG La Plata asisti\u00f3 a la inauguraci\u00f3n de la 18\u00b0 edici\u00f3n de HOTELGA - AEHG La Plata","robots":{"index":"index","follow":"follow","max-snippet":"max-snippet:-1","max-image-preview":"max-image-preview:large","max-video-preview":"max-video-preview:-1"},"canonical":"https:\/\/aehg-laplata.org.ar\/nueva\/aehg-la-plata-asistio-a-la-inauguracion-de-la-18-edicion-de-hotelga\/","og_locale":"es_ES","og_type":"article","og_title":"AEHG La Plata asisti\u00f3 a la inauguraci\u00f3n de la 18\u00b0 edici\u00f3n de HOTELGA - AEHG La Plata","og_description":"[vc_row][vc_column][vc_column_text] AEHG La Plata asisti\u00f3 a la inauguraci\u00f3n de la 18\u00b0 edici\u00f3n de HOTELGA [\/vc_column_text][\/vc_column][\/vc_row][vc_row][vc_column][vc_single_image image=&#8221;1427&#8243; img_size=&#8221;full&#8221;][\/vc_column][\/vc_row][vc_row][vc_column css=&#8221;.vc_custom_1457772902902{margin-top: -10px !important;}&#8221;][vc_column_text]El...","og_url":"https:\/\/aehg-laplata.org.ar\/nueva\/aehg-la-plata-asistio-a-la-inauguracion-de-la-18-edicion-de-hotelga\/","og_site_name":"AEHG La Plata","article_publisher":"https:\/\/www.facebook.com\/AehgLaPlataOK\/","article_published_time":"2022-08-31T18:40:37+00:00","og_image":[{"width":1498,"height":933,"url":"http:\/\/aehg-laplata.org.ar\/nueva\/wp-content\/uploads\/AEHG-La-Plata-asistio-a-la-inauguracion-de-la-18\u00b0-edicion-de-HOTELGA.jpg","path":"\/home\/c1070183\/public_html\/nueva\/wp-content\/uploads\/AEHG-La-Plata-asistio-a-la-inauguracion-de-la-18\u00b0-edicion-de-HOTELGA.jpg","size":"full","id":1427,"alt":"","pixels":1397634,"type":"image\/jpeg"}],"twitter_card":"summary_large_image","twitter_misc":{"Escrito por":"ftosti","Tiempo de lectura":"2 minutos"},"schema":{"@context":"https:\/\/schema.org","@graph":[{"@type":"WebSite","@id":"https:\/\/aehg-laplata.org.ar\/nueva\/#website","url":"https:\/\/aehg-laplata.org.ar\/nueva\/","name":"AEHG La Plata","description":"","potentialAction":[{"@type":"SearchAction","target":{"@type":"EntryPoint","urlTemplate":"https:\/\/aehg-laplata.org.ar\/nueva\/?s={search_term_string}"},"query-input":"required name=search_term_string"}],"inLanguage":"es-AR"},{"@type":"ImageObject","@id":"https:\/\/aehg-laplata.org.ar\/nueva\/aehg-la-plata-asistio-a-la-inauguracion-de-la-18-edicion-de-hotelga\/#primaryimage","inLanguage":"es-AR","url":"https:\/\/aehg-laplata.org.ar\/nueva\/wp-content\/uploads\/AEHG-La-Plata-asistio-a-la-inauguracion-de-la-18\u00b0-edicion-de-HOTELGA.jpg","contentUrl":"https:\/\/aehg-laplata.org.ar\/nueva\/wp-content\/uploads\/AEHG-La-Plata-asistio-a-la-inauguracion-de-la-18\u00b0-edicion-de-HOTELGA.jpg","width":1498,"height":933},{"@type":"WebPage","@id":"https:\/\/aehg-laplata.org.ar\/nueva\/aehg-la-plata-asistio-a-la-inauguracion-de-la-18-edicion-de-hotelga\/#webpage","url":"https:\/\/aehg-laplata.org.ar\/nueva\/aehg-la-plata-asistio-a-la-inauguracion-de-la-18-edicion-de-hotelga\/","name":"AEHG La Plata asisti\u00f3 a la inauguraci\u00f3n de la 18\u00b0 edici\u00f3n de HOTELGA - AEHG La Plata","isPartOf":{"@id":"https:\/\/aehg-laplata.org.ar\/nueva\/#website"},"primaryImageOfPage":{"@id":"https:\/\/aehg-laplata.org.ar\/nueva\/aehg-la-plata-asistio-a-la-inauguracion-de-la-18-edicion-de-hotelga\/#primaryimage"},"datePublished":"2022-08-31T18:40:37+00:00","dateModified":"2022-08-31T18:40:37+00:00","author":{"@id":"https:\/\/aehg-laplata.org.ar\/nueva\/#\/schema\/person\/7f7b2f53bda3353446a1e6bfb4837e14"},"breadcrumb":{"@id":"https:\/\/aehg-laplata.org.ar\/nueva\/aehg-la-plata-asistio-a-la-inauguracion-de-la-18-edicion-de-hotelga\/#breadcrumb"},"inLanguage":"es-AR","potentialAction":[{"@type":"ReadAction","target":["https:\/\/aehg-laplata.org.ar\/nueva\/aehg-la-plata-asistio-a-la-inauguracion-de-la-18-edicion-de-hotelga\/"]}]},{"@type":"BreadcrumbList","@id":"https:\/\/aehg-laplata.org.ar\/nueva\/aehg-la-plata-asistio-a-la-inauguracion-de-la-18-edicion-de-hotelga\/#breadcrumb","itemListElement":[{"@type":"ListItem","position":1,"name":"Inicio","item":"https:\/\/aehg-laplata.org.ar\/nueva\/"},{"@type":"ListItem","position":2,"name":"AEHG La Plata asisti\u00f3 a la inauguraci\u00f3n de la 18\u00b0 edici\u00f3n de HOTELGA"}]},{"@type":"Person","@id":"https:\/\/aehg-laplata.org.ar\/nueva\/#\/schema\/person\/7f7b2f53bda3353446a1e6bfb4837e14","name":"ftosti","image":{"@type":"ImageObject","@id":"https:\/\/aehg-laplata.org.ar\/nueva\/#personlogo","inLanguage":"es-AR","url":"https:\/\/secure.gravatar.com\/avatar\/602f4beec51ba7ffdca86e4faf5d039c?s=96&d=mm&r=g","contentUrl":"https:\/\/secure.gravatar.com\/avatar\/602f4beec51ba7ffdca86e4faf5d039c?s=96&d=mm&r=g","caption":"ftosti"},"url":"https:\/\/aehg-laplata.org.ar\/nueva\/author\/ftosti\/"}]}},"_links":{"self":[{"href":"https:\/\/aehg-laplata.org.ar\/nueva\/wp-json\/wp\/v2\/posts\/1426"}],"collection":[{"href":"https:\/\/aehg-laplata.org.ar\/nueva\/wp-json\/wp\/v2\/posts"}],"about":[{"href":"https:\/\/aehg-laplata.org.ar\/nueva\/wp-json\/wp\/v2\/types\/post"}],"author":[{"embeddable":true,"href":"https:\/\/aehg-laplata.org.ar\/nueva\/wp-json\/wp\/v2\/users\/1"}],"replies":[{"embeddable":true,"href":"https:\/\/aehg-laplata.org.ar\/nueva\/wp-json\/wp\/v2\/comments?post=1426"}],"version-history":[{"count":2,"href":"https:\/\/aehg-laplata.org.ar\/nueva\/wp-json\/wp\/v2\/posts\/1426\/revisions"}],"predecessor-version":[{"id":1429,"href":"https:\/\/aehg-laplata.org.ar\/nueva\/wp-json\/wp\/v2\/posts\/1426\/revisions\/1429"}],"wp:featuredmedia":[{"embeddable":true,"href":"https:\/\/aehg-laplata.org.ar\/nueva\/wp-json\/wp\/v2\/media\/1427"}],"wp:attachment":[{"href":"https:\/\/aehg-laplata.org.ar\/nueva\/wp-json\/wp\/v2\/media?parent=1426"}],"wp:term":[{"taxonomy":"category","embeddable":true,"href":"https:\/\/aehg-laplata.org.ar\/nueva\/wp-json\/wp\/v2\/categories?post=1426"},{"taxonomy":"post_tag","embeddable":true,"href":"https:\/\/aehg-laplata.org.ar\/nueva\/wp-json\/wp\/v2\/tags?post=1426"}],"curies":[{"name":"wp","href":"https:\/\/api.w.org\/{rel}","templated":true}]}}