{"id":1411,"date":"2022-08-26T13:34:08","date_gmt":"2022-08-26T16:34:08","guid":{"rendered":"https:\/\/aehg-laplata.org.ar\/nueva\/?p=1411"},"modified":"2022-08-26T13:34:08","modified_gmt":"2022-08-26T16:34:08","slug":"carmen-de-areco-tradicion-y-mucho-verde","status":"publish","type":"post","link":"https:\/\/aehg-laplata.org.ar\/nueva\/carmen-de-areco-tradicion-y-mucho-verde\/","title":{"rendered":"Carmen de Areco: tradici\u00f3n y mucho verde"},"content":{"rendered":"<p>[vc_row][vc_column][vc_column_text]<\/p>\n<h3 class=\"entry-title\">Carmen de Areco: tradici\u00f3n y mucho verde<\/h3>\n<p>[\/vc_column_text][\/vc_column][\/vc_row][vc_row][vc_column][vc_single_image image=&#8221;1412&#8243; img_size=&#8221;full&#8221; alignment=&#8221;center&#8221;][\/vc_column][\/vc_row][vc_row][vc_column css=&#8221;.vc_custom_1457772902902{margin-top: -10px !important;}&#8221;][vc_column_text]Un antiguo pueblo de la pampa Argentina fundado en 1812 que conserva sus tradiciones y costumbres. Rodeado de hermosos espacios verdes, el encanto de sus casas antiguas llenas de historia, la cordialidad de su gente y sus actividades durante todo el a\u00f1o.<\/p>\n<p>Los encantos de Carmen de Areco incluyen pueblos rurales como Gouin y Tres Sargentos, adem\u00e1s de sus estaciones de ferrocarril, el r\u00edo Areco, monumentos, iglesias y capillas.<\/p>\n<p>Tambi\u00e9n cuenta con balneario y camping municipal, ubicado sobre la costa del r\u00edo, con 10 hect\u00e1reas de espacio natural rodeado de verde y c\u00f3modas instalaciones. Un lugar ideal para disfrutar en familia y con amigos.<\/p>\n<p>El balneario tiene parcelas y fogones para hacer camping, parrillas y parasoles para pasar el d\u00eda, proveedur\u00eda, restaurante y sanitarios con duchas.<\/p>\n<p>Ofrece un circuito de salud y recreaci\u00f3n con canchas deportivas para f\u00fatbol y voleibol, piletas con agua salada, juegos infantiles y gimnasio a cielo abierto.<\/p>\n<p>En el anfiteatro con vista al r\u00edo hay actividades recreativas y culturales. Est\u00e1 permitida la pesca y para eso cuenta con muelle.<\/p>\n<p>Por otra parte, el pueblo de Gouin est\u00e1 ubicado a 11 km de Carmen de Areco y fue declarado Pueblo Rural y Tur\u00edstico de la provincia de Buenos Aires.<\/p>\n<p>Son pocas manzanas junto al predio de la Estaci\u00f3n Ferroviaria, con casas centenarias, sus calles, plaza y capillas. El encanto natural de su entorno hace que sea una atracci\u00f3n rural de todo el a\u00f1o.<\/p>\n<p>Gouin es conocido por su emblem\u00e1tica Fiesta Nacional del Pastel, con toda una historia gastron\u00f3mica, con sus afamadas pasteleras y su propuesta de mesa que ha sabido conquistar a los visitantes que buscan reencontrarse con los sabores de la memoria en torno a un tranquilo y grato ambiente.<\/p>\n<p>El pueblo de Tres Sargentos, por su parte, se encuentra a la vera del Ferrocarril Belgrano, en el km 157 de la Ruta N7 y es reconocido como cuna grandes jugadores de f\u00fatbol. Entre sus principales atracciones se encuentran la Estaci\u00f3n de Ferrocarril, la Biblioteca de la Antigua Estaci\u00f3n, la Capilla de la Sagrada Familia, la Plazoleta de Los Tres Sargentos y el Polideportivo pileta, recreo y campo de deportes Ra\u00fal Cholo Cazaza.<\/p>\n<p>Asimismo, Carmen de Areco cuenta con una amplia oferta gastron\u00f3mica donde reencontrarse con los sabores de la identidad argentina, adem\u00e1s de alojamientos para desconectarse y descansar.[\/vc_column_text][\/vc_column][\/vc_row][vc_row][vc_column][vc_gallery type=&#8221;flexslider_slide&#8221; interval=&#8221;3&#8243; images=&#8221;1417,1416,1415,1414,1413,1412&#8243; img_size=&#8221;full&#8221;][\/vc_column][\/vc_row]<\/p>\n","protected":false},"excerpt":{"rendered":"<p>[vc_row][vc_column][vc_column_text] Carmen de Areco: tradici\u00f3n y mucho verde [\/vc_column_text][\/vc_column][\/vc_row][vc_row][vc_column][vc_single_image image=&#8221;1412&#8243; img_size=&#8221;full&#8221; alignment=&#8221;center&#8221;][\/vc_column][\/vc_row][vc_row][vc_column css=&#8221;.vc_custom_1457772902902{margin-top: -10px !important;}&#8221;][vc_column_text]Un antiguo pueblo de la pampa&#8230;<\/p>\n","protected":false},"author":1,"featured_media":1412,"comment_status":"closed","ping_status":"closed","sticky":false,"template":"","format":"standard","meta":[],"categories":[4],"tags":[],"yoast_head":"<!-- This site is optimized with the Yoast SEO plugin v17.2.1 - https:\/\/yoast.com\/wordpress\/plugins\/seo\/ -->\n<title>Carmen de Areco: tradici\u00f3n y mucho verde - AEHG La Plata<\/title>\n<meta name=\"robots\" content=\"index, follow, max-snippet:-1, max-image-preview:large, max-video-preview:-1\" \/>\n<link rel=\"canonical\" href=\"https:\/\/aehg-laplata.org.ar\/nueva\/carmen-de-areco-tradicion-y-mucho-verde\/\" \/>\n<meta property=\"og:locale\" content=\"es_ES\" \/>\n<meta property=\"og:type\" content=\"article\" \/>\n<meta property=\"og:title\" content=\"Carmen de Areco: tradici\u00f3n y mucho verde - AEHG La Plata\" \/>\n<meta property=\"og:description\" content=\"[vc_row][vc_column][vc_column_text] Carmen de Areco: tradici\u00f3n y mucho verde [\/vc_column_text][\/vc_column][\/vc_row][vc_row][vc_column][vc_single_image image=&#8221;1412&#8243; img_size=&#8221;full&#8221; alignment=&#8221;center&#8221;][\/vc_column][\/vc_row][vc_row][vc_column css=&#8221;.vc_custom_1457772902902{margin-top: -10px !important;}&#8221;][vc_column_text]Un antiguo pueblo de la pampa...\" \/>\n<meta property=\"og:url\" content=\"https:\/\/aehg-laplata.org.ar\/nueva\/carmen-de-areco-tradicion-y-mucho-verde\/\" \/>\n<meta property=\"og:site_name\" content=\"AEHG La Plata\" \/>\n<meta property=\"article:publisher\" content=\"https:\/\/www.facebook.com\/AehgLaPlataOK\/\" \/>\n<meta property=\"article:published_time\" content=\"2022-08-26T16:34:08+00:00\" \/>\n<meta property=\"og:image\" content=\"http:\/\/aehg-laplata.org.ar\/nueva\/wp-content\/uploads\/6-9.jpg\" \/>\n\t<meta property=\"og:image:width\" content=\"800\" \/>\n\t<meta property=\"og:image:height\" content=\"600\" \/>\n<meta name=\"twitter:card\" content=\"summary_large_image\" \/>\n<meta name=\"twitter:label1\" content=\"Escrito por\" \/>\n\t<meta name=\"twitter:data1\" content=\"ftosti\" \/>\n\t<meta name=\"twitter:label2\" content=\"Tiempo de lectura\" \/>\n\t<meta name=\"twitter:data2\" content=\"2 minutos\" \/>\n<script type=\"application\/ld+json\" class=\"yoast-schema-graph\">{\"@context\":\"https:\/\/schema.org\",\"@graph\":[{\"@type\":\"WebSite\",\"@id\":\"https:\/\/aehg-laplata.org.ar\/nueva\/#website\",\"url\":\"https:\/\/aehg-laplata.org.ar\/nueva\/\",\"name\":\"AEHG La Plata\",\"description\":\"\",\"potentialAction\":[{\"@type\":\"SearchAction\",\"target\":{\"@type\":\"EntryPoint\",\"urlTemplate\":\"https:\/\/aehg-laplata.org.ar\/nueva\/?s={search_term_string}\"},\"query-input\":\"required name=search_term_string\"}],\"inLanguage\":\"es-AR\"},{\"@type\":\"ImageObject\",\"@id\":\"https:\/\/aehg-laplata.org.ar\/nueva\/carmen-de-areco-tradicion-y-mucho-verde\/#primaryimage\",\"inLanguage\":\"es-AR\",\"url\":\"https:\/\/aehg-laplata.org.ar\/nueva\/wp-content\/uploads\/6-9.jpg\",\"contentUrl\":\"https:\/\/aehg-laplata.org.ar\/nueva\/wp-content\/uploads\/6-9.jpg\",\"width\":800,\"height\":600},{\"@type\":\"WebPage\",\"@id\":\"https:\/\/aehg-laplata.org.ar\/nueva\/carmen-de-areco-tradicion-y-mucho-verde\/#webpage\",\"url\":\"https:\/\/aehg-laplata.org.ar\/nueva\/carmen-de-areco-tradicion-y-mucho-verde\/\",\"name\":\"Carmen de Areco: tradici\\u00f3n y mucho verde - AEHG La Plata\",\"isPartOf\":{\"@id\":\"https:\/\/aehg-laplata.org.ar\/nueva\/#website\"},\"primaryImageOfPage\":{\"@id\":\"https:\/\/aehg-laplata.org.ar\/nueva\/carmen-de-areco-tradicion-y-mucho-verde\/#primaryimage\"},\"datePublished\":\"2022-08-26T16:34:08+00:00\",\"dateModified\":\"2022-08-26T16:34:08+00:00\",\"author\":{\"@id\":\"https:\/\/aehg-laplata.org.ar\/nueva\/#\/schema\/person\/7f7b2f53bda3353446a1e6bfb4837e14\"},\"breadcrumb\":{\"@id\":\"https:\/\/aehg-laplata.org.ar\/nueva\/carmen-de-areco-tradicion-y-mucho-verde\/#breadcrumb\"},\"inLanguage\":\"es-AR\",\"potentialAction\":[{\"@type\":\"ReadAction\",\"target\":[\"https:\/\/aehg-laplata.org.ar\/nueva\/carmen-de-areco-tradicion-y-mucho-verde\/\"]}]},{\"@type\":\"BreadcrumbList\",\"@id\":\"https:\/\/aehg-laplata.org.ar\/nueva\/carmen-de-areco-tradicion-y-mucho-verde\/#breadcrumb\",\"itemListElement\":[{\"@type\":\"ListItem\",\"position\":1,\"name\":\"Inicio\",\"item\":\"https:\/\/aehg-laplata.org.ar\/nueva\/\"},{\"@type\":\"ListItem\",\"position\":2,\"name\":\"Carmen de Areco: tradici\\u00f3n y mucho verde\"}]},{\"@type\":\"Person\",\"@id\":\"https:\/\/aehg-laplata.org.ar\/nueva\/#\/schema\/person\/7f7b2f53bda3353446a1e6bfb4837e14\",\"name\":\"ftosti\",\"image\":{\"@type\":\"ImageObject\",\"@id\":\"https:\/\/aehg-laplata.org.ar\/nueva\/#personlogo\",\"inLanguage\":\"es-AR\",\"url\":\"https:\/\/secure.gravatar.com\/avatar\/602f4beec51ba7ffdca86e4faf5d039c?s=96&d=mm&r=g\",\"contentUrl\":\"https:\/\/secure.gravatar.com\/avatar\/602f4beec51ba7ffdca86e4faf5d039c?s=96&d=mm&r=g\",\"caption\":\"ftosti\"},\"url\":\"https:\/\/aehg-laplata.org.ar\/nueva\/author\/ftosti\/\"}]}<\/script>\n<!-- \/ Yoast SEO plugin. -->","yoast_head_json":{"title":"Carmen de Areco: tradici\u00f3n y mucho verde - AEHG La Plata","robots":{"index":"index","follow":"follow","max-snippet":"max-snippet:-1","max-image-preview":"max-image-preview:large","max-video-preview":"max-video-preview:-1"},"canonical":"https:\/\/aehg-laplata.org.ar\/nueva\/carmen-de-areco-tradicion-y-mucho-verde\/","og_locale":"es_ES","og_type":"article","og_title":"Carmen de Areco: tradici\u00f3n y mucho verde - AEHG La Plata","og_description":"[vc_row][vc_column][vc_column_text] Carmen de Areco: tradici\u00f3n y mucho verde [\/vc_column_text][\/vc_column][\/vc_row][vc_row][vc_column][vc_single_image image=&#8221;1412&#8243; img_size=&#8221;full&#8221; alignment=&#8221;center&#8221;][\/vc_column][\/vc_row][vc_row][vc_column css=&#8221;.vc_custom_1457772902902{margin-top: -10px !important;}&#8221;][vc_column_text]Un antiguo pueblo de la pampa...","og_url":"https:\/\/aehg-laplata.org.ar\/nueva\/carmen-de-areco-tradicion-y-mucho-verde\/","og_site_name":"AEHG La Plata","article_publisher":"https:\/\/www.facebook.com\/AehgLaPlataOK\/","article_published_time":"2022-08-26T16:34:08+00:00","og_image":[{"width":800,"height":600,"url":"http:\/\/aehg-laplata.org.ar\/nueva\/wp-content\/uploads\/6-9.jpg","path":"\/home\/c1070183\/public_html\/nueva\/wp-content\/uploads\/6-9.jpg","size":"full","id":1412,"alt":"","pixels":480000,"type":"image\/jpeg"}],"twitter_card":"summary_large_image","twitter_misc":{"Escrito por":"ftosti","Tiempo de lectura":"2 minutos"},"schema":{"@context":"https:\/\/schema.org","@graph":[{"@type":"WebSite","@id":"https:\/\/aehg-laplata.org.ar\/nueva\/#website","url":"https:\/\/aehg-laplata.org.ar\/nueva\/","name":"AEHG La Plata","description":"","potentialAction":[{"@type":"SearchAction","target":{"@type":"EntryPoint","urlTemplate":"https:\/\/aehg-laplata.org.ar\/nueva\/?s={search_term_string}"},"query-input":"required name=search_term_string"}],"inLanguage":"es-AR"},{"@type":"ImageObject","@id":"https:\/\/aehg-laplata.org.ar\/nueva\/carmen-de-areco-tradicion-y-mucho-verde\/#primaryimage","inLanguage":"es-AR","url":"https:\/\/aehg-laplata.org.ar\/nueva\/wp-content\/uploads\/6-9.jpg","contentUrl":"https:\/\/aehg-laplata.org.ar\/nueva\/wp-content\/uploads\/6-9.jpg","width":800,"height":600},{"@type":"WebPage","@id":"https:\/\/aehg-laplata.org.ar\/nueva\/carmen-de-areco-tradicion-y-mucho-verde\/#webpage","url":"https:\/\/aehg-laplata.org.ar\/nueva\/carmen-de-areco-tradicion-y-mucho-verde\/","name":"Carmen de Areco: tradici\u00f3n y mucho verde - AEHG La Plata","isPartOf":{"@id":"https:\/\/aehg-laplata.org.ar\/nueva\/#website"},"primaryImageOfPage":{"@id":"https:\/\/aehg-laplata.org.ar\/nueva\/carmen-de-areco-tradicion-y-mucho-verde\/#primaryimage"},"datePublished":"2022-08-26T16:34:08+00:00","dateModified":"2022-08-26T16:34:08+00:00","author":{"@id":"https:\/\/aehg-laplata.org.ar\/nueva\/#\/schema\/person\/7f7b2f53bda3353446a1e6bfb4837e14"},"breadcrumb":{"@id":"https:\/\/aehg-laplata.org.ar\/nueva\/carmen-de-areco-tradicion-y-mucho-verde\/#breadcrumb"},"inLanguage":"es-AR","potentialAction":[{"@type":"ReadAction","target":["https:\/\/aehg-laplata.org.ar\/nueva\/carmen-de-areco-tradicion-y-mucho-verde\/"]}]},{"@type":"BreadcrumbList","@id":"https:\/\/aehg-laplata.org.ar\/nueva\/carmen-de-areco-tradicion-y-mucho-verde\/#breadcrumb","itemListElement":[{"@type":"ListItem","position":1,"name":"Inicio","item":"https:\/\/aehg-laplata.org.ar\/nueva\/"},{"@type":"ListItem","position":2,"name":"Carmen de Areco: tradici\u00f3n y mucho verde"}]},{"@type":"Person","@id":"https:\/\/aehg-laplata.org.ar\/nueva\/#\/schema\/person\/7f7b2f53bda3353446a1e6bfb4837e14","name":"ftosti","image":{"@type":"ImageObject","@id":"https:\/\/aehg-laplata.org.ar\/nueva\/#personlogo","inLanguage":"es-AR","url":"https:\/\/secure.gravatar.com\/avatar\/602f4beec51ba7ffdca86e4faf5d039c?s=96&d=mm&r=g","contentUrl":"https:\/\/secure.gravatar.com\/avatar\/602f4beec51ba7ffdca86e4faf5d039c?s=96&d=mm&r=g","caption":"ftosti"},"url":"https:\/\/aehg-laplata.org.ar\/nueva\/author\/ftosti\/"}]}},"_links":{"self":[{"href":"https:\/\/aehg-laplata.org.ar\/nueva\/wp-json\/wp\/v2\/posts\/1411"}],"collection":[{"href":"https:\/\/aehg-laplata.org.ar\/nueva\/wp-json\/wp\/v2\/posts"}],"about":[{"href":"https:\/\/aehg-laplata.org.ar\/nueva\/wp-json\/wp\/v2\/types\/post"}],"author":[{"embeddable":true,"href":"https:\/\/aehg-laplata.org.ar\/nueva\/wp-json\/wp\/v2\/users\/1"}],"replies":[{"embeddable":true,"href":"https:\/\/aehg-laplata.org.ar\/nueva\/wp-json\/wp\/v2\/comments?post=1411"}],"version-history":[{"count":1,"href":"https:\/\/aehg-laplata.org.ar\/nueva\/wp-json\/wp\/v2\/posts\/1411\/revisions"}],"predecessor-version":[{"id":1418,"href":"https:\/\/aehg-laplata.org.ar\/nueva\/wp-json\/wp\/v2\/posts\/1411\/revisions\/1418"}],"wp:featuredmedia":[{"embeddable":true,"href":"https:\/\/aehg-laplata.org.ar\/nueva\/wp-json\/wp\/v2\/media\/1412"}],"wp:attachment":[{"href":"https:\/\/aehg-laplata.org.ar\/nueva\/wp-json\/wp\/v2\/media?parent=1411"}],"wp:term":[{"taxonomy":"category","embeddable":true,"href":"https:\/\/aehg-laplata.org.ar\/nueva\/wp-json\/wp\/v2\/categories?post=1411"},{"taxonomy":"post_tag","embeddable":true,"href":"https:\/\/aehg-laplata.org.ar\/nueva\/wp-json\/wp\/v2\/tags?post=1411"}],"curies":[{"name":"wp","href":"https:\/\/api.w.org\/{rel}","templated":true}]}}