{"id":1408,"date":"2022-08-24T11:44:27","date_gmt":"2022-08-24T14:44:27","guid":{"rendered":"https:\/\/aehg-laplata.org.ar\/nueva\/?p=1408"},"modified":"2022-08-24T11:44:27","modified_gmt":"2022-08-24T14:44:27","slug":"presentacion-del-portal-reservar-alojamiento-en-catamarca","status":"publish","type":"post","link":"https:\/\/aehg-laplata.org.ar\/nueva\/presentacion-del-portal-reservar-alojamiento-en-catamarca\/","title":{"rendered":"Presentaci\u00f3n del Portal \u201cReservAR Alojamiento\u201d en Catamarca"},"content":{"rendered":"<p>[vc_row][vc_column][vc_column_text]<\/p>\n<h3 class=\"entry-title\">Presentaci\u00f3n del Portal \u201cReservAR Alojamiento\u201d en Catamarca<\/h3>\n<p>[\/vc_column_text][\/vc_column][\/vc_row][vc_row][vc_column][vc_single_image image=&#8221;1409&#8243; img_size=&#8221;full&#8221;][\/vc_column][\/vc_row][vc_row][vc_column css=&#8221;.vc_custom_1457772902902{margin-top: -10px !important;}&#8221;][vc_column_text]El vicepresidente de FEHGRA, Claudio N. Aguilar, encabez\u00f3 el acto de presentaci\u00f3n del portal en Catamarca, con la presencia del ministro de Cultura, Turismo y Deporte local, Roberto Brunello; la secretaria de Turismo y Desarrollo Econ\u00f3mico del Municipio, In\u00e9s Gal\u00edndez; y el presidente de la Asociaci\u00f3n de Hoteles, Bares, Confiter\u00edas, Restaurantes y Afines de Catamarca, Sebasti\u00e1n C\u00f3rdoba.<\/p>\n<p>Brunello anunci\u00f3 que el portal fue declarado de Inter\u00e9s Cultural y Tur\u00edstico y destac\u00f3 su misi\u00f3n central de mejorar la competitividad del sector, impulsar la oferta formal y ayudar a resolver la comercializaci\u00f3n digital de los establecimientos que no suelen usar las herramientas digitales.<\/p>\n<p>Claudio N. Aguilar, por su parte, explic\u00f3 que el procedimiento de inscripci\u00f3n por parte de los hoteleros es simple y gratuito. Tambi\u00e9n subray\u00f3 que la Federaci\u00f3n ofrece apoyo con webinars de capacitaci\u00f3n para que cada empresario pueda aprovechar al m\u00e1ximo la tecnolog\u00eda disponible. Por otra parte, el Portal da respuestas a un hu\u00e9sped digital, quien ya incorpor\u00f3 la realizaci\u00f3n de sus compras a trav\u00e9s de la computadora o el celular.<\/p>\n<p>Tambi\u00e9n estuvieron presentes el secretario de Gesti\u00f3n Tur\u00edstica de la Provincia, Iv\u00e1n Mooney, junto a su equipo de trabajo; el presidente de la Federaci\u00f3n Econ\u00f3mica local, Alejandro Segli; e integrantes de todas las entidades privadas ligadas al sector, como Julieta D\u00edaz, presidenta del Bureau Catamarca; Marcelo Coll, presidente de la Asociaci\u00f3n de Agencias de Viajes de Catamarca; entre otros referentes.[\/vc_column_text][\/vc_column][\/vc_row]<\/p>\n","protected":false},"excerpt":{"rendered":"<p>[vc_row][vc_column][vc_column_text] Presentaci\u00f3n del Portal \u201cReservAR Alojamiento\u201d en Catamarca [\/vc_column_text][\/vc_column][\/vc_row][vc_row][vc_column][vc_single_image image=&#8221;1409&#8243; img_size=&#8221;full&#8221;][\/vc_column][\/vc_row][vc_row][vc_column css=&#8221;.vc_custom_1457772902902{margin-top: -10px !important;}&#8221;][vc_column_text]El vicepresidente de FEHGRA, Claudio N. Aguilar,&#8230;<\/p>\n","protected":false},"author":1,"featured_media":1409,"comment_status":"closed","ping_status":"closed","sticky":false,"template":"","format":"standard","meta":[],"categories":[4],"tags":[],"yoast_head":"<!-- This site is optimized with the Yoast SEO plugin v17.2.1 - https:\/\/yoast.com\/wordpress\/plugins\/seo\/ -->\n<title>Presentaci\u00f3n del Portal \u201cReservAR Alojamiento\u201d en Catamarca - AEHG La Plata<\/title>\n<meta name=\"robots\" content=\"index, follow, max-snippet:-1, max-image-preview:large, max-video-preview:-1\" \/>\n<link rel=\"canonical\" href=\"https:\/\/aehg-laplata.org.ar\/nueva\/presentacion-del-portal-reservar-alojamiento-en-catamarca\/\" \/>\n<meta property=\"og:locale\" content=\"es_ES\" \/>\n<meta property=\"og:type\" content=\"article\" \/>\n<meta property=\"og:title\" content=\"Presentaci\u00f3n del Portal \u201cReservAR Alojamiento\u201d en Catamarca - AEHG La Plata\" \/>\n<meta property=\"og:description\" content=\"[vc_row][vc_column][vc_column_text] Presentaci\u00f3n del Portal \u201cReservAR Alojamiento\u201d en Catamarca [\/vc_column_text][\/vc_column][\/vc_row][vc_row][vc_column][vc_single_image image=&#8221;1409&#8243; img_size=&#8221;full&#8221;][\/vc_column][\/vc_row][vc_row][vc_column css=&#8221;.vc_custom_1457772902902{margin-top: -10px !important;}&#8221;][vc_column_text]El vicepresidente de FEHGRA, Claudio N. Aguilar,...\" \/>\n<meta property=\"og:url\" content=\"https:\/\/aehg-laplata.org.ar\/nueva\/presentacion-del-portal-reservar-alojamiento-en-catamarca\/\" \/>\n<meta property=\"og:site_name\" content=\"AEHG La Plata\" \/>\n<meta property=\"article:publisher\" content=\"https:\/\/www.facebook.com\/AehgLaPlataOK\/\" \/>\n<meta property=\"article:published_time\" content=\"2022-08-24T14:44:27+00:00\" \/>\n<meta property=\"og:image\" content=\"http:\/\/aehg-laplata.org.ar\/nueva\/wp-content\/uploads\/Presentacion-del-Portal-ReservAR-Alojamiento-en-Catamarca.jpg\" \/>\n\t<meta property=\"og:image:width\" content=\"803\" \/>\n\t<meta property=\"og:image:height\" content=\"588\" \/>\n<meta name=\"twitter:card\" content=\"summary_large_image\" \/>\n<meta name=\"twitter:label1\" content=\"Escrito por\" \/>\n\t<meta name=\"twitter:data1\" content=\"ftosti\" \/>\n\t<meta name=\"twitter:label2\" content=\"Tiempo de lectura\" \/>\n\t<meta name=\"twitter:data2\" content=\"2 minutos\" \/>\n<script type=\"application\/ld+json\" class=\"yoast-schema-graph\">{\"@context\":\"https:\/\/schema.org\",\"@graph\":[{\"@type\":\"WebSite\",\"@id\":\"https:\/\/aehg-laplata.org.ar\/nueva\/#website\",\"url\":\"https:\/\/aehg-laplata.org.ar\/nueva\/\",\"name\":\"AEHG La Plata\",\"description\":\"\",\"potentialAction\":[{\"@type\":\"SearchAction\",\"target\":{\"@type\":\"EntryPoint\",\"urlTemplate\":\"https:\/\/aehg-laplata.org.ar\/nueva\/?s={search_term_string}\"},\"query-input\":\"required name=search_term_string\"}],\"inLanguage\":\"es-AR\"},{\"@type\":\"ImageObject\",\"@id\":\"https:\/\/aehg-laplata.org.ar\/nueva\/presentacion-del-portal-reservar-alojamiento-en-catamarca\/#primaryimage\",\"inLanguage\":\"es-AR\",\"url\":\"https:\/\/aehg-laplata.org.ar\/nueva\/wp-content\/uploads\/Presentacion-del-Portal-ReservAR-Alojamiento-en-Catamarca.jpg\",\"contentUrl\":\"https:\/\/aehg-laplata.org.ar\/nueva\/wp-content\/uploads\/Presentacion-del-Portal-ReservAR-Alojamiento-en-Catamarca.jpg\",\"width\":803,\"height\":588},{\"@type\":\"WebPage\",\"@id\":\"https:\/\/aehg-laplata.org.ar\/nueva\/presentacion-del-portal-reservar-alojamiento-en-catamarca\/#webpage\",\"url\":\"https:\/\/aehg-laplata.org.ar\/nueva\/presentacion-del-portal-reservar-alojamiento-en-catamarca\/\",\"name\":\"Presentaci\\u00f3n del Portal \\u201cReservAR Alojamiento\\u201d en Catamarca - AEHG La Plata\",\"isPartOf\":{\"@id\":\"https:\/\/aehg-laplata.org.ar\/nueva\/#website\"},\"primaryImageOfPage\":{\"@id\":\"https:\/\/aehg-laplata.org.ar\/nueva\/presentacion-del-portal-reservar-alojamiento-en-catamarca\/#primaryimage\"},\"datePublished\":\"2022-08-24T14:44:27+00:00\",\"dateModified\":\"2022-08-24T14:44:27+00:00\",\"author\":{\"@id\":\"https:\/\/aehg-laplata.org.ar\/nueva\/#\/schema\/person\/7f7b2f53bda3353446a1e6bfb4837e14\"},\"breadcrumb\":{\"@id\":\"https:\/\/aehg-laplata.org.ar\/nueva\/presentacion-del-portal-reservar-alojamiento-en-catamarca\/#breadcrumb\"},\"inLanguage\":\"es-AR\",\"potentialAction\":[{\"@type\":\"ReadAction\",\"target\":[\"https:\/\/aehg-laplata.org.ar\/nueva\/presentacion-del-portal-reservar-alojamiento-en-catamarca\/\"]}]},{\"@type\":\"BreadcrumbList\",\"@id\":\"https:\/\/aehg-laplata.org.ar\/nueva\/presentacion-del-portal-reservar-alojamiento-en-catamarca\/#breadcrumb\",\"itemListElement\":[{\"@type\":\"ListItem\",\"position\":1,\"name\":\"Inicio\",\"item\":\"https:\/\/aehg-laplata.org.ar\/nueva\/\"},{\"@type\":\"ListItem\",\"position\":2,\"name\":\"Presentaci\\u00f3n del Portal \\u201cReservAR Alojamiento\\u201d en Catamarca\"}]},{\"@type\":\"Person\",\"@id\":\"https:\/\/aehg-laplata.org.ar\/nueva\/#\/schema\/person\/7f7b2f53bda3353446a1e6bfb4837e14\",\"name\":\"ftosti\",\"image\":{\"@type\":\"ImageObject\",\"@id\":\"https:\/\/aehg-laplata.org.ar\/nueva\/#personlogo\",\"inLanguage\":\"es-AR\",\"url\":\"https:\/\/secure.gravatar.com\/avatar\/602f4beec51ba7ffdca86e4faf5d039c?s=96&d=mm&r=g\",\"contentUrl\":\"https:\/\/secure.gravatar.com\/avatar\/602f4beec51ba7ffdca86e4faf5d039c?s=96&d=mm&r=g\",\"caption\":\"ftosti\"},\"url\":\"https:\/\/aehg-laplata.org.ar\/nueva\/author\/ftosti\/\"}]}<\/script>\n<!-- \/ Yoast SEO plugin. -->","yoast_head_json":{"title":"Presentaci\u00f3n del Portal \u201cReservAR Alojamiento\u201d en Catamarca - AEHG La Plata","robots":{"index":"index","follow":"follow","max-snippet":"max-snippet:-1","max-image-preview":"max-image-preview:large","max-video-preview":"max-video-preview:-1"},"canonical":"https:\/\/aehg-laplata.org.ar\/nueva\/presentacion-del-portal-reservar-alojamiento-en-catamarca\/","og_locale":"es_ES","og_type":"article","og_title":"Presentaci\u00f3n del Portal \u201cReservAR Alojamiento\u201d en Catamarca - AEHG La Plata","og_description":"[vc_row][vc_column][vc_column_text] Presentaci\u00f3n del Portal \u201cReservAR Alojamiento\u201d en Catamarca [\/vc_column_text][\/vc_column][\/vc_row][vc_row][vc_column][vc_single_image image=&#8221;1409&#8243; img_size=&#8221;full&#8221;][\/vc_column][\/vc_row][vc_row][vc_column css=&#8221;.vc_custom_1457772902902{margin-top: -10px !important;}&#8221;][vc_column_text]El vicepresidente de FEHGRA, Claudio N. Aguilar,...","og_url":"https:\/\/aehg-laplata.org.ar\/nueva\/presentacion-del-portal-reservar-alojamiento-en-catamarca\/","og_site_name":"AEHG La Plata","article_publisher":"https:\/\/www.facebook.com\/AehgLaPlataOK\/","article_published_time":"2022-08-24T14:44:27+00:00","og_image":[{"width":803,"height":588,"url":"http:\/\/aehg-laplata.org.ar\/nueva\/wp-content\/uploads\/Presentacion-del-Portal-ReservAR-Alojamiento-en-Catamarca.jpg","path":"\/home\/c1070183\/public_html\/nueva\/wp-content\/uploads\/Presentacion-del-Portal-ReservAR-Alojamiento-en-Catamarca.jpg","size":"full","id":1409,"alt":"","pixels":472164,"type":"image\/jpeg"}],"twitter_card":"summary_large_image","twitter_misc":{"Escrito por":"ftosti","Tiempo de lectura":"2 minutos"},"schema":{"@context":"https:\/\/schema.org","@graph":[{"@type":"WebSite","@id":"https:\/\/aehg-laplata.org.ar\/nueva\/#website","url":"https:\/\/aehg-laplata.org.ar\/nueva\/","name":"AEHG La Plata","description":"","potentialAction":[{"@type":"SearchAction","target":{"@type":"EntryPoint","urlTemplate":"https:\/\/aehg-laplata.org.ar\/nueva\/?s={search_term_string}"},"query-input":"required name=search_term_string"}],"inLanguage":"es-AR"},{"@type":"ImageObject","@id":"https:\/\/aehg-laplata.org.ar\/nueva\/presentacion-del-portal-reservar-alojamiento-en-catamarca\/#primaryimage","inLanguage":"es-AR","url":"https:\/\/aehg-laplata.org.ar\/nueva\/wp-content\/uploads\/Presentacion-del-Portal-ReservAR-Alojamiento-en-Catamarca.jpg","contentUrl":"https:\/\/aehg-laplata.org.ar\/nueva\/wp-content\/uploads\/Presentacion-del-Portal-ReservAR-Alojamiento-en-Catamarca.jpg","width":803,"height":588},{"@type":"WebPage","@id":"https:\/\/aehg-laplata.org.ar\/nueva\/presentacion-del-portal-reservar-alojamiento-en-catamarca\/#webpage","url":"https:\/\/aehg-laplata.org.ar\/nueva\/presentacion-del-portal-reservar-alojamiento-en-catamarca\/","name":"Presentaci\u00f3n del Portal \u201cReservAR Alojamiento\u201d en Catamarca - AEHG La Plata","isPartOf":{"@id":"https:\/\/aehg-laplata.org.ar\/nueva\/#website"},"primaryImageOfPage":{"@id":"https:\/\/aehg-laplata.org.ar\/nueva\/presentacion-del-portal-reservar-alojamiento-en-catamarca\/#primaryimage"},"datePublished":"2022-08-24T14:44:27+00:00","dateModified":"2022-08-24T14:44:27+00:00","author":{"@id":"https:\/\/aehg-laplata.org.ar\/nueva\/#\/schema\/person\/7f7b2f53bda3353446a1e6bfb4837e14"},"breadcrumb":{"@id":"https:\/\/aehg-laplata.org.ar\/nueva\/presentacion-del-portal-reservar-alojamiento-en-catamarca\/#breadcrumb"},"inLanguage":"es-AR","potentialAction":[{"@type":"ReadAction","target":["https:\/\/aehg-laplata.org.ar\/nueva\/presentacion-del-portal-reservar-alojamiento-en-catamarca\/"]}]},{"@type":"BreadcrumbList","@id":"https:\/\/aehg-laplata.org.ar\/nueva\/presentacion-del-portal-reservar-alojamiento-en-catamarca\/#breadcrumb","itemListElement":[{"@type":"ListItem","position":1,"name":"Inicio","item":"https:\/\/aehg-laplata.org.ar\/nueva\/"},{"@type":"ListItem","position":2,"name":"Presentaci\u00f3n del Portal \u201cReservAR Alojamiento\u201d en Catamarca"}]},{"@type":"Person","@id":"https:\/\/aehg-laplata.org.ar\/nueva\/#\/schema\/person\/7f7b2f53bda3353446a1e6bfb4837e14","name":"ftosti","image":{"@type":"ImageObject","@id":"https:\/\/aehg-laplata.org.ar\/nueva\/#personlogo","inLanguage":"es-AR","url":"https:\/\/secure.gravatar.com\/avatar\/602f4beec51ba7ffdca86e4faf5d039c?s=96&d=mm&r=g","contentUrl":"https:\/\/secure.gravatar.com\/avatar\/602f4beec51ba7ffdca86e4faf5d039c?s=96&d=mm&r=g","caption":"ftosti"},"url":"https:\/\/aehg-laplata.org.ar\/nueva\/author\/ftosti\/"}]}},"_links":{"self":[{"href":"https:\/\/aehg-laplata.org.ar\/nueva\/wp-json\/wp\/v2\/posts\/1408"}],"collection":[{"href":"https:\/\/aehg-laplata.org.ar\/nueva\/wp-json\/wp\/v2\/posts"}],"about":[{"href":"https:\/\/aehg-laplata.org.ar\/nueva\/wp-json\/wp\/v2\/types\/post"}],"author":[{"embeddable":true,"href":"https:\/\/aehg-laplata.org.ar\/nueva\/wp-json\/wp\/v2\/users\/1"}],"replies":[{"embeddable":true,"href":"https:\/\/aehg-laplata.org.ar\/nueva\/wp-json\/wp\/v2\/comments?post=1408"}],"version-history":[{"count":1,"href":"https:\/\/aehg-laplata.org.ar\/nueva\/wp-json\/wp\/v2\/posts\/1408\/revisions"}],"predecessor-version":[{"id":1410,"href":"https:\/\/aehg-laplata.org.ar\/nueva\/wp-json\/wp\/v2\/posts\/1408\/revisions\/1410"}],"wp:featuredmedia":[{"embeddable":true,"href":"https:\/\/aehg-laplata.org.ar\/nueva\/wp-json\/wp\/v2\/media\/1409"}],"wp:attachment":[{"href":"https:\/\/aehg-laplata.org.ar\/nueva\/wp-json\/wp\/v2\/media?parent=1408"}],"wp:term":[{"taxonomy":"category","embeddable":true,"href":"https:\/\/aehg-laplata.org.ar\/nueva\/wp-json\/wp\/v2\/categories?post=1408"},{"taxonomy":"post_tag","embeddable":true,"href":"https:\/\/aehg-laplata.org.ar\/nueva\/wp-json\/wp\/v2\/tags?post=1408"}],"curies":[{"name":"wp","href":"https:\/\/api.w.org\/{rel}","templated":true}]}}