{"id":1400,"date":"2022-08-18T10:57:45","date_gmt":"2022-08-18T13:57:45","guid":{"rendered":"https:\/\/aehg-laplata.org.ar\/nueva\/?p=1400"},"modified":"2022-08-18T10:59:07","modified_gmt":"2022-08-18T13:59:07","slug":"aehg-la-plata-asistio-al-1-encuentro-empresarial-para-la-inversion-y-el-desarrollo-productivo-platense","status":"publish","type":"post","link":"https:\/\/aehg-laplata.org.ar\/nueva\/aehg-la-plata-asistio-al-1-encuentro-empresarial-para-la-inversion-y-el-desarrollo-productivo-platense\/","title":{"rendered":"AEHG La Plata asisti\u00f3 al 1\u00b0 Encuentro Empresarial para la Inversi\u00f3n y el Desarrollo Productivo Platense"},"content":{"rendered":"<p>[vc_row][vc_column][vc_column_text]<\/p>\n<h3 class=\"entry-title\">AEHG La Plata asisti\u00f3 al 1\u00b0 Encuentro Empresarial para la Inversi\u00f3n y el Desarrollo Productivo Platense<\/h3>\n<p>[\/vc_column_text][\/vc_column][\/vc_row][vc_row][vc_column][vc_single_image image=&#8221;1401&#8243; img_size=&#8221;full&#8221;][\/vc_column][\/vc_row][vc_row][vc_column css=&#8221;.vc_custom_1457772902902{margin-top: -10px !important;}&#8221;][vc_column_text]El 10 de agosto se llev\u00f3 a cabo el 1\u00b0 Encuentro Empresarial para la Inversi\u00f3n y el Desarrollo Productivo Platense, donde asistieron el presidente de AEHG La Plata, Claudio N. Aguilar; el secretario Vicente Morguillo; y el vocal titular 3\u00b0 Jos\u00e9 Augusto Boccabella. Tambi\u00e9n estuvo el intendente de La Plata, Julio Garro, y el empresario \/ emprendedor Mart\u00edn Cabrales.<\/p>\n<p>Claudio N. Aguilar estuvo en contacto con el gerente del Banco Naci\u00f3n, sucursal La Plata, para realizar un acuerdo en el cual se vean beneficiados los socios de la Asociaci\u00f3n con cr\u00e9ditos y atenci\u00f3n preferencial, entre otros.[\/vc_column_text][\/vc_column][\/vc_row]<\/p>\n","protected":false},"excerpt":{"rendered":"<p>[vc_row][vc_column][vc_column_text] AEHG La Plata asisti\u00f3 al 1\u00b0 Encuentro Empresarial para la Inversi\u00f3n y el Desarrollo Productivo Platense [\/vc_column_text][\/vc_column][\/vc_row][vc_row][vc_column][vc_single_image image=&#8221;1401&#8243; img_size=&#8221;full&#8221;][\/vc_column][\/vc_row][vc_row][vc_column&#8230;<\/p>\n","protected":false},"author":1,"featured_media":1401,"comment_status":"closed","ping_status":"closed","sticky":false,"template":"","format":"standard","meta":[],"categories":[4],"tags":[],"yoast_head":"<!-- This site is optimized with the Yoast SEO plugin v17.2.1 - https:\/\/yoast.com\/wordpress\/plugins\/seo\/ -->\n<title>AEHG La Plata asisti\u00f3 al 1\u00b0 Encuentro Empresarial para la Inversi\u00f3n y el Desarrollo Productivo Platense - AEHG La Plata<\/title>\n<meta name=\"robots\" content=\"index, follow, max-snippet:-1, max-image-preview:large, max-video-preview:-1\" \/>\n<link rel=\"canonical\" href=\"https:\/\/aehg-laplata.org.ar\/nueva\/aehg-la-plata-asistio-al-1-encuentro-empresarial-para-la-inversion-y-el-desarrollo-productivo-platense\/\" \/>\n<meta property=\"og:locale\" content=\"es_ES\" \/>\n<meta property=\"og:type\" content=\"article\" \/>\n<meta property=\"og:title\" content=\"AEHG La Plata asisti\u00f3 al 1\u00b0 Encuentro Empresarial para la Inversi\u00f3n y el Desarrollo Productivo Platense - AEHG La Plata\" \/>\n<meta property=\"og:description\" content=\"[vc_row][vc_column][vc_column_text] AEHG La Plata asisti\u00f3 al 1\u00b0 Encuentro Empresarial para la Inversi\u00f3n y el Desarrollo Productivo Platense [\/vc_column_text][\/vc_column][\/vc_row][vc_row][vc_column][vc_single_image image=&#8221;1401&#8243; img_size=&#8221;full&#8221;][\/vc_column][\/vc_row][vc_row][vc_column...\" \/>\n<meta property=\"og:url\" content=\"https:\/\/aehg-laplata.org.ar\/nueva\/aehg-la-plata-asistio-al-1-encuentro-empresarial-para-la-inversion-y-el-desarrollo-productivo-platense\/\" \/>\n<meta property=\"og:site_name\" content=\"AEHG La Plata\" \/>\n<meta property=\"article:publisher\" content=\"https:\/\/www.facebook.com\/AehgLaPlataOK\/\" \/>\n<meta property=\"article:published_time\" content=\"2022-08-18T13:57:45+00:00\" \/>\n<meta property=\"article:modified_time\" content=\"2022-08-18T13:59:07+00:00\" \/>\n<meta property=\"og:image\" content=\"http:\/\/aehg-laplata.org.ar\/nueva\/wp-content\/uploads\/AEHG-La-Plata-asistio-al-1\u00b0-Encuentro-Empresarial-para-la-Inversion-y-el-Desarrollo-Productivo-Platense.jpg\" \/>\n\t<meta property=\"og:image:width\" content=\"802\" \/>\n\t<meta property=\"og:image:height\" content=\"762\" \/>\n<meta name=\"twitter:card\" content=\"summary_large_image\" \/>\n<meta name=\"twitter:label1\" content=\"Escrito por\" \/>\n\t<meta name=\"twitter:data1\" content=\"ftosti\" \/>\n\t<meta name=\"twitter:label2\" content=\"Tiempo de lectura\" \/>\n\t<meta name=\"twitter:data2\" content=\"1 minuto\" \/>\n<script type=\"application\/ld+json\" class=\"yoast-schema-graph\">{\"@context\":\"https:\/\/schema.org\",\"@graph\":[{\"@type\":\"WebSite\",\"@id\":\"https:\/\/aehg-laplata.org.ar\/nueva\/#website\",\"url\":\"https:\/\/aehg-laplata.org.ar\/nueva\/\",\"name\":\"AEHG La Plata\",\"description\":\"\",\"potentialAction\":[{\"@type\":\"SearchAction\",\"target\":{\"@type\":\"EntryPoint\",\"urlTemplate\":\"https:\/\/aehg-laplata.org.ar\/nueva\/?s={search_term_string}\"},\"query-input\":\"required name=search_term_string\"}],\"inLanguage\":\"es-AR\"},{\"@type\":\"ImageObject\",\"@id\":\"https:\/\/aehg-laplata.org.ar\/nueva\/aehg-la-plata-asistio-al-1-encuentro-empresarial-para-la-inversion-y-el-desarrollo-productivo-platense\/#primaryimage\",\"inLanguage\":\"es-AR\",\"url\":\"https:\/\/aehg-laplata.org.ar\/nueva\/wp-content\/uploads\/AEHG-La-Plata-asistio-al-1\\u00b0-Encuentro-Empresarial-para-la-Inversion-y-el-Desarrollo-Productivo-Platense.jpg\",\"contentUrl\":\"https:\/\/aehg-laplata.org.ar\/nueva\/wp-content\/uploads\/AEHG-La-Plata-asistio-al-1\\u00b0-Encuentro-Empresarial-para-la-Inversion-y-el-Desarrollo-Productivo-Platense.jpg\",\"width\":802,\"height\":762},{\"@type\":\"WebPage\",\"@id\":\"https:\/\/aehg-laplata.org.ar\/nueva\/aehg-la-plata-asistio-al-1-encuentro-empresarial-para-la-inversion-y-el-desarrollo-productivo-platense\/#webpage\",\"url\":\"https:\/\/aehg-laplata.org.ar\/nueva\/aehg-la-plata-asistio-al-1-encuentro-empresarial-para-la-inversion-y-el-desarrollo-productivo-platense\/\",\"name\":\"AEHG La Plata asisti\\u00f3 al 1\\u00b0 Encuentro Empresarial para la Inversi\\u00f3n y el Desarrollo Productivo Platense - AEHG La Plata\",\"isPartOf\":{\"@id\":\"https:\/\/aehg-laplata.org.ar\/nueva\/#website\"},\"primaryImageOfPage\":{\"@id\":\"https:\/\/aehg-laplata.org.ar\/nueva\/aehg-la-plata-asistio-al-1-encuentro-empresarial-para-la-inversion-y-el-desarrollo-productivo-platense\/#primaryimage\"},\"datePublished\":\"2022-08-18T13:57:45+00:00\",\"dateModified\":\"2022-08-18T13:59:07+00:00\",\"author\":{\"@id\":\"https:\/\/aehg-laplata.org.ar\/nueva\/#\/schema\/person\/7f7b2f53bda3353446a1e6bfb4837e14\"},\"breadcrumb\":{\"@id\":\"https:\/\/aehg-laplata.org.ar\/nueva\/aehg-la-plata-asistio-al-1-encuentro-empresarial-para-la-inversion-y-el-desarrollo-productivo-platense\/#breadcrumb\"},\"inLanguage\":\"es-AR\",\"potentialAction\":[{\"@type\":\"ReadAction\",\"target\":[\"https:\/\/aehg-laplata.org.ar\/nueva\/aehg-la-plata-asistio-al-1-encuentro-empresarial-para-la-inversion-y-el-desarrollo-productivo-platense\/\"]}]},{\"@type\":\"BreadcrumbList\",\"@id\":\"https:\/\/aehg-laplata.org.ar\/nueva\/aehg-la-plata-asistio-al-1-encuentro-empresarial-para-la-inversion-y-el-desarrollo-productivo-platense\/#breadcrumb\",\"itemListElement\":[{\"@type\":\"ListItem\",\"position\":1,\"name\":\"Inicio\",\"item\":\"https:\/\/aehg-laplata.org.ar\/nueva\/\"},{\"@type\":\"ListItem\",\"position\":2,\"name\":\"AEHG La Plata asisti\\u00f3 al 1\\u00b0 Encuentro Empresarial para la Inversi\\u00f3n y el Desarrollo Productivo Platense\"}]},{\"@type\":\"Person\",\"@id\":\"https:\/\/aehg-laplata.org.ar\/nueva\/#\/schema\/person\/7f7b2f53bda3353446a1e6bfb4837e14\",\"name\":\"ftosti\",\"image\":{\"@type\":\"ImageObject\",\"@id\":\"https:\/\/aehg-laplata.org.ar\/nueva\/#personlogo\",\"inLanguage\":\"es-AR\",\"url\":\"https:\/\/secure.gravatar.com\/avatar\/602f4beec51ba7ffdca86e4faf5d039c?s=96&d=mm&r=g\",\"contentUrl\":\"https:\/\/secure.gravatar.com\/avatar\/602f4beec51ba7ffdca86e4faf5d039c?s=96&d=mm&r=g\",\"caption\":\"ftosti\"},\"url\":\"https:\/\/aehg-laplata.org.ar\/nueva\/author\/ftosti\/\"}]}<\/script>\n<!-- \/ Yoast SEO plugin. -->","yoast_head_json":{"title":"AEHG La Plata asisti\u00f3 al 1\u00b0 Encuentro Empresarial para la Inversi\u00f3n y el Desarrollo Productivo Platense - AEHG La Plata","robots":{"index":"index","follow":"follow","max-snippet":"max-snippet:-1","max-image-preview":"max-image-preview:large","max-video-preview":"max-video-preview:-1"},"canonical":"https:\/\/aehg-laplata.org.ar\/nueva\/aehg-la-plata-asistio-al-1-encuentro-empresarial-para-la-inversion-y-el-desarrollo-productivo-platense\/","og_locale":"es_ES","og_type":"article","og_title":"AEHG La Plata asisti\u00f3 al 1\u00b0 Encuentro Empresarial para la Inversi\u00f3n y el Desarrollo Productivo Platense - AEHG La Plata","og_description":"[vc_row][vc_column][vc_column_text] AEHG La Plata asisti\u00f3 al 1\u00b0 Encuentro Empresarial para la Inversi\u00f3n y el Desarrollo Productivo Platense [\/vc_column_text][\/vc_column][\/vc_row][vc_row][vc_column][vc_single_image image=&#8221;1401&#8243; img_size=&#8221;full&#8221;][\/vc_column][\/vc_row][vc_row][vc_column...","og_url":"https:\/\/aehg-laplata.org.ar\/nueva\/aehg-la-plata-asistio-al-1-encuentro-empresarial-para-la-inversion-y-el-desarrollo-productivo-platense\/","og_site_name":"AEHG La Plata","article_publisher":"https:\/\/www.facebook.com\/AehgLaPlataOK\/","article_published_time":"2022-08-18T13:57:45+00:00","article_modified_time":"2022-08-18T13:59:07+00:00","og_image":[{"width":802,"height":762,"url":"http:\/\/aehg-laplata.org.ar\/nueva\/wp-content\/uploads\/AEHG-La-Plata-asistio-al-1\u00b0-Encuentro-Empresarial-para-la-Inversion-y-el-Desarrollo-Productivo-Platense.jpg","path":"\/home\/c1070183\/public_html\/nueva\/wp-content\/uploads\/AEHG-La-Plata-asistio-al-1\u00b0-Encuentro-Empresarial-para-la-Inversion-y-el-Desarrollo-Productivo-Platense.jpg","size":"full","id":1401,"alt":"","pixels":611124,"type":"image\/jpeg"}],"twitter_card":"summary_large_image","twitter_misc":{"Escrito por":"ftosti","Tiempo de lectura":"1 minuto"},"schema":{"@context":"https:\/\/schema.org","@graph":[{"@type":"WebSite","@id":"https:\/\/aehg-laplata.org.ar\/nueva\/#website","url":"https:\/\/aehg-laplata.org.ar\/nueva\/","name":"AEHG La Plata","description":"","potentialAction":[{"@type":"SearchAction","target":{"@type":"EntryPoint","urlTemplate":"https:\/\/aehg-laplata.org.ar\/nueva\/?s={search_term_string}"},"query-input":"required name=search_term_string"}],"inLanguage":"es-AR"},{"@type":"ImageObject","@id":"https:\/\/aehg-laplata.org.ar\/nueva\/aehg-la-plata-asistio-al-1-encuentro-empresarial-para-la-inversion-y-el-desarrollo-productivo-platense\/#primaryimage","inLanguage":"es-AR","url":"https:\/\/aehg-laplata.org.ar\/nueva\/wp-content\/uploads\/AEHG-La-Plata-asistio-al-1\u00b0-Encuentro-Empresarial-para-la-Inversion-y-el-Desarrollo-Productivo-Platense.jpg","contentUrl":"https:\/\/aehg-laplata.org.ar\/nueva\/wp-content\/uploads\/AEHG-La-Plata-asistio-al-1\u00b0-Encuentro-Empresarial-para-la-Inversion-y-el-Desarrollo-Productivo-Platense.jpg","width":802,"height":762},{"@type":"WebPage","@id":"https:\/\/aehg-laplata.org.ar\/nueva\/aehg-la-plata-asistio-al-1-encuentro-empresarial-para-la-inversion-y-el-desarrollo-productivo-platense\/#webpage","url":"https:\/\/aehg-laplata.org.ar\/nueva\/aehg-la-plata-asistio-al-1-encuentro-empresarial-para-la-inversion-y-el-desarrollo-productivo-platense\/","name":"AEHG La Plata asisti\u00f3 al 1\u00b0 Encuentro Empresarial para la Inversi\u00f3n y el Desarrollo Productivo Platense - AEHG La Plata","isPartOf":{"@id":"https:\/\/aehg-laplata.org.ar\/nueva\/#website"},"primaryImageOfPage":{"@id":"https:\/\/aehg-laplata.org.ar\/nueva\/aehg-la-plata-asistio-al-1-encuentro-empresarial-para-la-inversion-y-el-desarrollo-productivo-platense\/#primaryimage"},"datePublished":"2022-08-18T13:57:45+00:00","dateModified":"2022-08-18T13:59:07+00:00","author":{"@id":"https:\/\/aehg-laplata.org.ar\/nueva\/#\/schema\/person\/7f7b2f53bda3353446a1e6bfb4837e14"},"breadcrumb":{"@id":"https:\/\/aehg-laplata.org.ar\/nueva\/aehg-la-plata-asistio-al-1-encuentro-empresarial-para-la-inversion-y-el-desarrollo-productivo-platense\/#breadcrumb"},"inLanguage":"es-AR","potentialAction":[{"@type":"ReadAction","target":["https:\/\/aehg-laplata.org.ar\/nueva\/aehg-la-plata-asistio-al-1-encuentro-empresarial-para-la-inversion-y-el-desarrollo-productivo-platense\/"]}]},{"@type":"BreadcrumbList","@id":"https:\/\/aehg-laplata.org.ar\/nueva\/aehg-la-plata-asistio-al-1-encuentro-empresarial-para-la-inversion-y-el-desarrollo-productivo-platense\/#breadcrumb","itemListElement":[{"@type":"ListItem","position":1,"name":"Inicio","item":"https:\/\/aehg-laplata.org.ar\/nueva\/"},{"@type":"ListItem","position":2,"name":"AEHG La Plata asisti\u00f3 al 1\u00b0 Encuentro Empresarial para la Inversi\u00f3n y el Desarrollo Productivo Platense"}]},{"@type":"Person","@id":"https:\/\/aehg-laplata.org.ar\/nueva\/#\/schema\/person\/7f7b2f53bda3353446a1e6bfb4837e14","name":"ftosti","image":{"@type":"ImageObject","@id":"https:\/\/aehg-laplata.org.ar\/nueva\/#personlogo","inLanguage":"es-AR","url":"https:\/\/secure.gravatar.com\/avatar\/602f4beec51ba7ffdca86e4faf5d039c?s=96&d=mm&r=g","contentUrl":"https:\/\/secure.gravatar.com\/avatar\/602f4beec51ba7ffdca86e4faf5d039c?s=96&d=mm&r=g","caption":"ftosti"},"url":"https:\/\/aehg-laplata.org.ar\/nueva\/author\/ftosti\/"}]}},"_links":{"self":[{"href":"https:\/\/aehg-laplata.org.ar\/nueva\/wp-json\/wp\/v2\/posts\/1400"}],"collection":[{"href":"https:\/\/aehg-laplata.org.ar\/nueva\/wp-json\/wp\/v2\/posts"}],"about":[{"href":"https:\/\/aehg-laplata.org.ar\/nueva\/wp-json\/wp\/v2\/types\/post"}],"author":[{"embeddable":true,"href":"https:\/\/aehg-laplata.org.ar\/nueva\/wp-json\/wp\/v2\/users\/1"}],"replies":[{"embeddable":true,"href":"https:\/\/aehg-laplata.org.ar\/nueva\/wp-json\/wp\/v2\/comments?post=1400"}],"version-history":[{"count":2,"href":"https:\/\/aehg-laplata.org.ar\/nueva\/wp-json\/wp\/v2\/posts\/1400\/revisions"}],"predecessor-version":[{"id":1403,"href":"https:\/\/aehg-laplata.org.ar\/nueva\/wp-json\/wp\/v2\/posts\/1400\/revisions\/1403"}],"wp:featuredmedia":[{"embeddable":true,"href":"https:\/\/aehg-laplata.org.ar\/nueva\/wp-json\/wp\/v2\/media\/1401"}],"wp:attachment":[{"href":"https:\/\/aehg-laplata.org.ar\/nueva\/wp-json\/wp\/v2\/media?parent=1400"}],"wp:term":[{"taxonomy":"category","embeddable":true,"href":"https:\/\/aehg-laplata.org.ar\/nueva\/wp-json\/wp\/v2\/categories?post=1400"},{"taxonomy":"post_tag","embeddable":true,"href":"https:\/\/aehg-laplata.org.ar\/nueva\/wp-json\/wp\/v2\/tags?post=1400"}],"curies":[{"name":"wp","href":"https:\/\/api.w.org\/{rel}","templated":true}]}}