{"id":1396,"date":"2022-08-11T14:09:42","date_gmt":"2022-08-11T17:09:42","guid":{"rendered":"https:\/\/aehg-laplata.org.ar\/nueva\/?p=1396"},"modified":"2022-08-11T14:09:42","modified_gmt":"2022-08-11T17:09:42","slug":"confirman-la-3o-edicion-del-previaje","status":"publish","type":"post","link":"https:\/\/aehg-laplata.org.ar\/nueva\/confirman-la-3o-edicion-del-previaje\/","title":{"rendered":"Confirman la 3\u00ba edici\u00f3n del PreViaje"},"content":{"rendered":"<p>[vc_row][vc_column][vc_column_text]<\/p>\n<h3 class=\"entry-title\">Confirman la 3\u00ba edici\u00f3n del PreViaje<\/h3>\n<p>[\/vc_column_text][\/vc_column][\/vc_row][vc_row][vc_column][vc_single_image image=&#8221;1397&#8243; img_size=&#8221;full&#8221;][\/vc_column][\/vc_row][vc_row][vc_column css=&#8221;.vc_custom_1457772902902{margin-top: -10px !important;}&#8221;][vc_column_text]El ministro de Turismo y Deportes de la Naci\u00f3n, Mat\u00edas Lammens, confirm\u00f3 que habr\u00e1 Previaje 3 y adelant\u00f3 algunas caracter\u00edsticas de la iniciativa.<\/p>\n<p>Lammens anticip\u00f3 que el plan aplicar\u00e1 para viajes entre el 1\u00ba de octubre y el 30 de noviembre de 2022, y que las compras y reservas anticipadas se podr\u00e1n realizar desde finales de agosto y hasta mediados de septiembre.<\/p>\n<p>Esta nueva edici\u00f3n del Previaje, como las fechas lo demuestran, est\u00e1 dirigido a potenciar el turismo interno durante la temporada media y baja de primavera. A diferencia de sus versiones anteriores, que buscaron erigir al turismo luego de una de sus peores crisis, este nuevo lanzamiento apunta a fortalecer a las econom\u00edas regionales en una \u00e9poca del a\u00f1o donde suele haber baja densidad tur\u00edstica.<\/p>\n<p>M\u00e1s all\u00e1 de que a\u00fan falta el anuncio oficial, fuentes oficiales adelantaron que el programa funcionar\u00e1 del mismo modo que sus versiones anteriores:<\/p>\n<p>Se trata de un programa gubernamental a trav\u00e9s del cual se incentiva a los argentinos a reservar y comprar sus vacaciones de forma anticipada, a trav\u00e9s de la devoluci\u00f3n del 50% de lo gastado (70 por ciento en caso de ser jubilado de PAMI) en forma de cr\u00e9dito, que podr\u00e1 ser utilizado, desde la fecha de inicio del viaje, en m\u00e1s productos y servicios de toda la cadena tur\u00edstica.<\/p>\n<p>El tope de gasto por cada adulto argentino mayor de 18 a\u00f1os es de 100.000 pesos, es decir que el cr\u00e9dito m\u00e1ximo por persona que puede obtenerse es de $50.000, este dinero podr\u00e1 emplearse en todos los productos y servicios de la cadena tur\u00edstica desde la fecha de inicio del viaje y hasta finales de 2023.[\/vc_column_text][\/vc_column][\/vc_row]<\/p>\n","protected":false},"excerpt":{"rendered":"<p>[vc_row][vc_column][vc_column_text] Confirman la 3\u00ba edici\u00f3n del PreViaje [\/vc_column_text][\/vc_column][\/vc_row][vc_row][vc_column][vc_single_image image=&#8221;1397&#8243; img_size=&#8221;full&#8221;][\/vc_column][\/vc_row][vc_row][vc_column css=&#8221;.vc_custom_1457772902902{margin-top: -10px !important;}&#8221;][vc_column_text]El ministro de Turismo y Deportes de la&#8230;<\/p>\n","protected":false},"author":1,"featured_media":1397,"comment_status":"closed","ping_status":"closed","sticky":false,"template":"","format":"standard","meta":[],"categories":[4],"tags":[],"yoast_head":"<!-- This site is optimized with the Yoast SEO plugin v17.2.1 - https:\/\/yoast.com\/wordpress\/plugins\/seo\/ -->\n<title>Confirman la 3\u00ba edici\u00f3n del PreViaje - AEHG La Plata<\/title>\n<meta name=\"robots\" content=\"index, follow, max-snippet:-1, max-image-preview:large, max-video-preview:-1\" \/>\n<link rel=\"canonical\" href=\"https:\/\/aehg-laplata.org.ar\/nueva\/confirman-la-3o-edicion-del-previaje\/\" \/>\n<meta property=\"og:locale\" content=\"es_ES\" \/>\n<meta property=\"og:type\" content=\"article\" \/>\n<meta property=\"og:title\" content=\"Confirman la 3\u00ba edici\u00f3n del PreViaje - AEHG La Plata\" \/>\n<meta property=\"og:description\" content=\"[vc_row][vc_column][vc_column_text] Confirman la 3\u00ba edici\u00f3n del PreViaje [\/vc_column_text][\/vc_column][\/vc_row][vc_row][vc_column][vc_single_image image=&#8221;1397&#8243; img_size=&#8221;full&#8221;][\/vc_column][\/vc_row][vc_row][vc_column css=&#8221;.vc_custom_1457772902902{margin-top: -10px !important;}&#8221;][vc_column_text]El ministro de Turismo y Deportes de la...\" \/>\n<meta property=\"og:url\" content=\"https:\/\/aehg-laplata.org.ar\/nueva\/confirman-la-3o-edicion-del-previaje\/\" \/>\n<meta property=\"og:site_name\" content=\"AEHG La Plata\" \/>\n<meta property=\"article:publisher\" content=\"https:\/\/www.facebook.com\/AehgLaPlataOK\/\" \/>\n<meta property=\"article:published_time\" content=\"2022-08-11T17:09:42+00:00\" \/>\n<meta property=\"og:image\" content=\"http:\/\/aehg-laplata.org.ar\/nueva\/wp-content\/uploads\/previaje.jpeg\" \/>\n\t<meta property=\"og:image:width\" content=\"1280\" \/>\n\t<meta property=\"og:image:height\" content=\"720\" \/>\n<meta name=\"twitter:card\" content=\"summary_large_image\" \/>\n<meta name=\"twitter:label1\" content=\"Escrito por\" \/>\n\t<meta name=\"twitter:data1\" content=\"ftosti\" \/>\n\t<meta name=\"twitter:label2\" content=\"Tiempo de lectura\" \/>\n\t<meta name=\"twitter:data2\" content=\"2 minutos\" \/>\n<script type=\"application\/ld+json\" class=\"yoast-schema-graph\">{\"@context\":\"https:\/\/schema.org\",\"@graph\":[{\"@type\":\"WebSite\",\"@id\":\"https:\/\/aehg-laplata.org.ar\/nueva\/#website\",\"url\":\"https:\/\/aehg-laplata.org.ar\/nueva\/\",\"name\":\"AEHG La Plata\",\"description\":\"\",\"potentialAction\":[{\"@type\":\"SearchAction\",\"target\":{\"@type\":\"EntryPoint\",\"urlTemplate\":\"https:\/\/aehg-laplata.org.ar\/nueva\/?s={search_term_string}\"},\"query-input\":\"required name=search_term_string\"}],\"inLanguage\":\"es-AR\"},{\"@type\":\"ImageObject\",\"@id\":\"https:\/\/aehg-laplata.org.ar\/nueva\/confirman-la-3o-edicion-del-previaje\/#primaryimage\",\"inLanguage\":\"es-AR\",\"url\":\"https:\/\/aehg-laplata.org.ar\/nueva\/wp-content\/uploads\/previaje.jpeg\",\"contentUrl\":\"https:\/\/aehg-laplata.org.ar\/nueva\/wp-content\/uploads\/previaje.jpeg\",\"width\":1280,\"height\":720},{\"@type\":\"WebPage\",\"@id\":\"https:\/\/aehg-laplata.org.ar\/nueva\/confirman-la-3o-edicion-del-previaje\/#webpage\",\"url\":\"https:\/\/aehg-laplata.org.ar\/nueva\/confirman-la-3o-edicion-del-previaje\/\",\"name\":\"Confirman la 3\\u00ba edici\\u00f3n del PreViaje - AEHG La Plata\",\"isPartOf\":{\"@id\":\"https:\/\/aehg-laplata.org.ar\/nueva\/#website\"},\"primaryImageOfPage\":{\"@id\":\"https:\/\/aehg-laplata.org.ar\/nueva\/confirman-la-3o-edicion-del-previaje\/#primaryimage\"},\"datePublished\":\"2022-08-11T17:09:42+00:00\",\"dateModified\":\"2022-08-11T17:09:42+00:00\",\"author\":{\"@id\":\"https:\/\/aehg-laplata.org.ar\/nueva\/#\/schema\/person\/7f7b2f53bda3353446a1e6bfb4837e14\"},\"breadcrumb\":{\"@id\":\"https:\/\/aehg-laplata.org.ar\/nueva\/confirman-la-3o-edicion-del-previaje\/#breadcrumb\"},\"inLanguage\":\"es-AR\",\"potentialAction\":[{\"@type\":\"ReadAction\",\"target\":[\"https:\/\/aehg-laplata.org.ar\/nueva\/confirman-la-3o-edicion-del-previaje\/\"]}]},{\"@type\":\"BreadcrumbList\",\"@id\":\"https:\/\/aehg-laplata.org.ar\/nueva\/confirman-la-3o-edicion-del-previaje\/#breadcrumb\",\"itemListElement\":[{\"@type\":\"ListItem\",\"position\":1,\"name\":\"Inicio\",\"item\":\"https:\/\/aehg-laplata.org.ar\/nueva\/\"},{\"@type\":\"ListItem\",\"position\":2,\"name\":\"Confirman la 3\\u00ba edici\\u00f3n del PreViaje\"}]},{\"@type\":\"Person\",\"@id\":\"https:\/\/aehg-laplata.org.ar\/nueva\/#\/schema\/person\/7f7b2f53bda3353446a1e6bfb4837e14\",\"name\":\"ftosti\",\"image\":{\"@type\":\"ImageObject\",\"@id\":\"https:\/\/aehg-laplata.org.ar\/nueva\/#personlogo\",\"inLanguage\":\"es-AR\",\"url\":\"https:\/\/secure.gravatar.com\/avatar\/602f4beec51ba7ffdca86e4faf5d039c?s=96&d=mm&r=g\",\"contentUrl\":\"https:\/\/secure.gravatar.com\/avatar\/602f4beec51ba7ffdca86e4faf5d039c?s=96&d=mm&r=g\",\"caption\":\"ftosti\"},\"url\":\"https:\/\/aehg-laplata.org.ar\/nueva\/author\/ftosti\/\"}]}<\/script>\n<!-- \/ Yoast SEO plugin. -->","yoast_head_json":{"title":"Confirman la 3\u00ba edici\u00f3n del PreViaje - AEHG La Plata","robots":{"index":"index","follow":"follow","max-snippet":"max-snippet:-1","max-image-preview":"max-image-preview:large","max-video-preview":"max-video-preview:-1"},"canonical":"https:\/\/aehg-laplata.org.ar\/nueva\/confirman-la-3o-edicion-del-previaje\/","og_locale":"es_ES","og_type":"article","og_title":"Confirman la 3\u00ba edici\u00f3n del PreViaje - AEHG La Plata","og_description":"[vc_row][vc_column][vc_column_text] Confirman la 3\u00ba edici\u00f3n del PreViaje [\/vc_column_text][\/vc_column][\/vc_row][vc_row][vc_column][vc_single_image image=&#8221;1397&#8243; img_size=&#8221;full&#8221;][\/vc_column][\/vc_row][vc_row][vc_column css=&#8221;.vc_custom_1457772902902{margin-top: -10px !important;}&#8221;][vc_column_text]El ministro de Turismo y Deportes de la...","og_url":"https:\/\/aehg-laplata.org.ar\/nueva\/confirman-la-3o-edicion-del-previaje\/","og_site_name":"AEHG La Plata","article_publisher":"https:\/\/www.facebook.com\/AehgLaPlataOK\/","article_published_time":"2022-08-11T17:09:42+00:00","og_image":[{"width":1280,"height":720,"url":"http:\/\/aehg-laplata.org.ar\/nueva\/wp-content\/uploads\/previaje.jpeg","path":"\/home\/c1070183\/public_html\/nueva\/wp-content\/uploads\/previaje.jpeg","size":"full","id":1397,"alt":"","pixels":921600,"type":"image\/jpeg"}],"twitter_card":"summary_large_image","twitter_misc":{"Escrito por":"ftosti","Tiempo de lectura":"2 minutos"},"schema":{"@context":"https:\/\/schema.org","@graph":[{"@type":"WebSite","@id":"https:\/\/aehg-laplata.org.ar\/nueva\/#website","url":"https:\/\/aehg-laplata.org.ar\/nueva\/","name":"AEHG La Plata","description":"","potentialAction":[{"@type":"SearchAction","target":{"@type":"EntryPoint","urlTemplate":"https:\/\/aehg-laplata.org.ar\/nueva\/?s={search_term_string}"},"query-input":"required name=search_term_string"}],"inLanguage":"es-AR"},{"@type":"ImageObject","@id":"https:\/\/aehg-laplata.org.ar\/nueva\/confirman-la-3o-edicion-del-previaje\/#primaryimage","inLanguage":"es-AR","url":"https:\/\/aehg-laplata.org.ar\/nueva\/wp-content\/uploads\/previaje.jpeg","contentUrl":"https:\/\/aehg-laplata.org.ar\/nueva\/wp-content\/uploads\/previaje.jpeg","width":1280,"height":720},{"@type":"WebPage","@id":"https:\/\/aehg-laplata.org.ar\/nueva\/confirman-la-3o-edicion-del-previaje\/#webpage","url":"https:\/\/aehg-laplata.org.ar\/nueva\/confirman-la-3o-edicion-del-previaje\/","name":"Confirman la 3\u00ba edici\u00f3n del PreViaje - AEHG La Plata","isPartOf":{"@id":"https:\/\/aehg-laplata.org.ar\/nueva\/#website"},"primaryImageOfPage":{"@id":"https:\/\/aehg-laplata.org.ar\/nueva\/confirman-la-3o-edicion-del-previaje\/#primaryimage"},"datePublished":"2022-08-11T17:09:42+00:00","dateModified":"2022-08-11T17:09:42+00:00","author":{"@id":"https:\/\/aehg-laplata.org.ar\/nueva\/#\/schema\/person\/7f7b2f53bda3353446a1e6bfb4837e14"},"breadcrumb":{"@id":"https:\/\/aehg-laplata.org.ar\/nueva\/confirman-la-3o-edicion-del-previaje\/#breadcrumb"},"inLanguage":"es-AR","potentialAction":[{"@type":"ReadAction","target":["https:\/\/aehg-laplata.org.ar\/nueva\/confirman-la-3o-edicion-del-previaje\/"]}]},{"@type":"BreadcrumbList","@id":"https:\/\/aehg-laplata.org.ar\/nueva\/confirman-la-3o-edicion-del-previaje\/#breadcrumb","itemListElement":[{"@type":"ListItem","position":1,"name":"Inicio","item":"https:\/\/aehg-laplata.org.ar\/nueva\/"},{"@type":"ListItem","position":2,"name":"Confirman la 3\u00ba edici\u00f3n del PreViaje"}]},{"@type":"Person","@id":"https:\/\/aehg-laplata.org.ar\/nueva\/#\/schema\/person\/7f7b2f53bda3353446a1e6bfb4837e14","name":"ftosti","image":{"@type":"ImageObject","@id":"https:\/\/aehg-laplata.org.ar\/nueva\/#personlogo","inLanguage":"es-AR","url":"https:\/\/secure.gravatar.com\/avatar\/602f4beec51ba7ffdca86e4faf5d039c?s=96&d=mm&r=g","contentUrl":"https:\/\/secure.gravatar.com\/avatar\/602f4beec51ba7ffdca86e4faf5d039c?s=96&d=mm&r=g","caption":"ftosti"},"url":"https:\/\/aehg-laplata.org.ar\/nueva\/author\/ftosti\/"}]}},"_links":{"self":[{"href":"https:\/\/aehg-laplata.org.ar\/nueva\/wp-json\/wp\/v2\/posts\/1396"}],"collection":[{"href":"https:\/\/aehg-laplata.org.ar\/nueva\/wp-json\/wp\/v2\/posts"}],"about":[{"href":"https:\/\/aehg-laplata.org.ar\/nueva\/wp-json\/wp\/v2\/types\/post"}],"author":[{"embeddable":true,"href":"https:\/\/aehg-laplata.org.ar\/nueva\/wp-json\/wp\/v2\/users\/1"}],"replies":[{"embeddable":true,"href":"https:\/\/aehg-laplata.org.ar\/nueva\/wp-json\/wp\/v2\/comments?post=1396"}],"version-history":[{"count":2,"href":"https:\/\/aehg-laplata.org.ar\/nueva\/wp-json\/wp\/v2\/posts\/1396\/revisions"}],"predecessor-version":[{"id":1399,"href":"https:\/\/aehg-laplata.org.ar\/nueva\/wp-json\/wp\/v2\/posts\/1396\/revisions\/1399"}],"wp:featuredmedia":[{"embeddable":true,"href":"https:\/\/aehg-laplata.org.ar\/nueva\/wp-json\/wp\/v2\/media\/1397"}],"wp:attachment":[{"href":"https:\/\/aehg-laplata.org.ar\/nueva\/wp-json\/wp\/v2\/media?parent=1396"}],"wp:term":[{"taxonomy":"category","embeddable":true,"href":"https:\/\/aehg-laplata.org.ar\/nueva\/wp-json\/wp\/v2\/categories?post=1396"},{"taxonomy":"post_tag","embeddable":true,"href":"https:\/\/aehg-laplata.org.ar\/nueva\/wp-json\/wp\/v2\/tags?post=1396"}],"curies":[{"name":"wp","href":"https:\/\/api.w.org\/{rel}","templated":true}]}}